{"id":133503,"date":"2025-12-01T18:25:00","date_gmt":"2025-12-01T21:25:00","guid":{"rendered":"https:\/\/www.em.com.br\/emfoco\/?p=133503"},"modified":"2025-11-29T01:29:55","modified_gmt":"2025-11-29T04:29:55","slug":"aprenda-a-fazer-o-pao-sem-gluten-que-mata-a-fome-sem-pesar-na-dieta","status":"publish","type":"post","link":"https:\/\/www.em.com.br\/emfoco\/2025\/12\/01\/aprenda-a-fazer-o-pao-sem-gluten-que-mata-a-fome-sem-pesar-na-dieta\/","title":{"rendered":"Aprenda a fazer o p\u00e3o sem gl\u00faten que mata a fome sem pesar na dieta"},"content":{"rendered":"\n<p>O <strong>p\u00e3o caseiro de tapioca rico em prote\u00ednas<\/strong> virou a escolha certeira de quem quer uma receita leve, simples e nutritiva. Sem farinha de trigo, ele fica macio, saboroso e ainda ajuda a aumentar a saciedade com ingredientes acess\u00edveis e funcionais.<\/p>\n\n\n\n<h2 class=\"wp-block-heading\">Por que esse p\u00e3o \u00e9 t\u00e3o leve e nutritivo ao mesmo tempo?<\/h2>\n\n\n\n<p>A base da receita combina <strong>tapioca granulada hidratada com fontes proteicas naturais<\/strong>, como ovos e queijo. O resultado \u00e9 uma massa leve, mas com boa consist\u00eancia, ideal para quem quer reduzir carboidratos sem abrir m\u00e3o de sabor.<\/p>\n\n\n\n<p>Al\u00e9m disso, como a <strong><a href=\"https:\/\/blog.nutrify.com.br\/vantagens-e-desvantagens-da-tapioca\" target=\"_blank\" rel=\"noreferrer noopener\">tapioca n\u00e3o cont\u00e9m gl\u00faten<\/a><\/strong>, ela precisa ser hidratada em leite quente para adquirir estrutura. J\u00e1 os ovos s\u00e3o respons\u00e1veis por dar liga e turbinar o valor nutricional, criando um equil\u00edbrio perfeito entre textura e benef\u00edcios.<\/p>\n\n\n\n<figure class=\"wp-block-image size-large\"><img loading=\"lazy\" decoding=\"async\" width=\"1024\" height=\"576\" src=\"https:\/\/www.em.com.br\/emfoco\/wp-content\/uploads\/2025\/11\/Pao-caseiro-tapioca_1764390522450-1024x576.jpg\" alt=\"Aprenda a fazer o p\u00e3o sem gl\u00faten que mata a fome sem pesar na dieta\" class=\"wp-image-133512\" srcset=\"https:\/\/www.em.com.br\/emfoco\/wp-content\/uploads\/2025\/11\/Pao-caseiro-tapioca_1764390522450-1024x576.jpg 1024w, https:\/\/www.em.com.br\/emfoco\/wp-content\/uploads\/2025\/11\/Pao-caseiro-tapioca_1764390522450-300x169.jpg 300w, https:\/\/www.em.com.br\/emfoco\/wp-content\/uploads\/2025\/11\/Pao-caseiro-tapioca_1764390522450-768x432.jpg 768w, https:\/\/www.em.com.br\/emfoco\/wp-content\/uploads\/2025\/11\/Pao-caseiro-tapioca_1764390522450-750x422.jpg 750w, https:\/\/www.em.com.br\/emfoco\/wp-content\/uploads\/2025\/11\/Pao-caseiro-tapioca_1764390522450-1140x641.jpg 1140w, https:\/\/www.em.com.br\/emfoco\/wp-content\/uploads\/2025\/11\/Pao-caseiro-tapioca_1764390522450.jpg 1280w\" sizes=\"auto, (max-width: 1024px) 100vw, 1024px\" \/><figcaption class=\"wp-element-caption\">A tapioca hidratada d\u00e1 estrutura sem precisar de farinha tradicional &#8211; Cr\u00e9ditos: depositphotos.com \/ jrp_studio<\/figcaption><\/figure>\n\n\n\n<h2 class=\"wp-block-heading\">Como fazer o p\u00e3o caseiro de tapioca passo a passo?<\/h2>\n\n\n\n<p>Depois de reunir os ingredientes, o preparo exige apenas aten\u00e7\u00e3o \u00e0 ordem e ao ponto da massa. Abaixo, veja o passo a passo completo para acertar na receita:<\/p>\n\n\n\n<ul class=\"wp-block-list\">\n<li>Aque\u00e7a 1 x\u00edcara de <strong>leite integral<\/strong> at\u00e9 ficar bem quente, sem ferver.<\/li>\n\n\n\n<li>Despeje o leite quente sobre 1 x\u00edcara de <strong>tapioca granulada<\/strong> em uma tigela e misture bem. Deixe hidratar por 15 minutos.<\/li>\n\n\n\n<li>Adicione 2 <strong>ovos<\/strong>, 1\/2 x\u00edcara de <strong>queijo cottage ou ricota amassada<\/strong>, 2 colheres de sopa de <strong>azeite<\/strong> e uma pitada de sal. Misture at\u00e9 formar uma massa cremosa e uniforme.<\/li>\n\n\n\n<li>Incorpore 1 colher de sopa de <strong>queijo parmes\u00e3o ralado<\/strong> e 1 colher de ch\u00e1 de <strong>fermento qu\u00edmico<\/strong>. Mexa delicadamente.<\/li>\n\n\n\n<li>Unte uma forma pequena (de bolo ingl\u00eas ou ramequins) com azeite e despeje a massa.<\/li>\n\n\n\n<li>Leve ao forno pr\u00e9-aquecido a 180\u202f\u00b0C por cerca de 25 a 30 minutos ou at\u00e9 dourar levemente no topo.<\/li>\n\n\n\n<li>Retire do forno, espere amornar e desenforme. Sirva ainda morno ou em temperatura ambiente.<\/li>\n<\/ul>\n\n\n\n<p><em>Leia mais: <strong><a href=\"https:\/\/www.em.com.br\/emfoco\/2025\/10\/29\/esta-sobremesa-de-banana-split-e-uma-das-receitas-perfeitas-para-saborear-depois-do-jantar-nesta-primavera\/\" target=\"_blank\" rel=\"noreferrer noopener\">Esta sobremesa de banana split \u00e9 uma das receitas perfeitas para saborear depois do jantar nesta primavera<\/a><\/strong><\/em><\/p>\n\n\n\n<h2 class=\"wp-block-heading\">Quais cuidados garantem um p\u00e3o macio e saboroso?<\/h2>\n\n\n\n<p>Para que o p\u00e3o fique realmente macio, \u00e9 fundamental <strong>respeitar o tempo de hidrata\u00e7\u00e3o da tapioca<\/strong>. Esse \u00e9 o passo que permite que os gr\u00e3os inchem e deem corpo \u00e0 massa mesmo sem farinha comum.<\/p>\n\n\n\n<p>Outro ponto importante \u00e9 n\u00e3o bater demais a mistura ap\u00f3s colocar o fermento. <strong>Mexer suavemente preserva o ar incorporado<\/strong>, fazendo o p\u00e3o crescer e ficar mais leve na hora de assar. Um forno bem pr\u00e9-aquecido tamb\u00e9m ajuda no crescimento.<\/p>\n\n\n\n<p>A seguir confira outra receita de p\u00e3o sem gl\u00faten feito com tapioca, compartilhado pelo canal do TikTok <strong>@casalnacozinhablog:<\/strong><\/p>\n\n\n\n<blockquote class=\"tiktok-embed\" cite=\"https:\/\/www.tiktok.com\/@casalnacozinhablog\/video\/7457565475619360006\" data-video-id=\"7457565475619360006\" style=\"max-width: 605px;min-width: 325px;\" > <section> <a target=\"_blank\" title=\"@casalnacozinhablog\" href=\"https:\/\/www.tiktok.com\/@casalnacozinhablog?refer=embed\">@casalnacozinhablog<\/a> <p>P\u00e3o de tapioca sem gl\u00faten  \ud83c\udf5e Ingredientes  2 ovos 1 x\u00edcara de amido de milho  1 x\u00edcara de tapioca (hidratada) 100ml de leite  30ml de \u00f3leo  1 colher de caf\u00e9 de sal Mu\u00e7arela e salsinha a gosto 1 colher de sopa de fermento em p\u00f3 qu\u00edmico  \ud83c\udf5eModo de preparo  Em uma tigela bata os ovos, acrescente a tapioca , o leite , o amido o \u00f3leo, misturando sempre, coloque o sal o queijo e a salsinha, finalize com o fermento em p\u00f3  Em uma forma untada com desmoldante ou margarina despeje a massa e por cima acrescente queijo e salsinha a gosto Leve para assar em forno pr\u00e9 aquecido a 180\u00b0C por 35-40 minutos, ou at\u00e9 dourar. <\/p> <a target=\"_blank\" title=\"\u266c som original - casalnacozinhablog\" href=\"https:\/\/www.tiktok.com\/music\/som-original-7457565593790286597?refer=embed\">\u266c som original &#8211; casalnacozinhablog<\/a> <\/section> <\/blockquote> <script async src=\"https:\/\/www.tiktok.com\/embed.js\"><\/script>\n\n\n\n<h2 class=\"wp-block-heading\">Qual o melhor momento para consumir essa receita funcional?<\/h2>\n\n\n\n<p>Por ser rico em prote\u00ednas e leve em carboidratos simples, esse p\u00e3o se encaixa perfeitamente em diferentes hor\u00e1rios do dia. Ele pode substituir o p\u00e3o tradicional ou servir como um refor\u00e7o ap\u00f3s atividades f\u00edsicas.<\/p>\n\n\n\n<p>Veja quando ele se encaixa melhor na sua rotina e aproveite seus benef\u00edcios:<\/p>\n\n\n\n<ul class=\"wp-block-list\">\n<li><strong>Caf\u00e9 da manh\u00e3 nutritivo<\/strong>: combina com ovos, pasta de atum ou fatias de abacate.<\/li>\n\n\n\n<li><strong>Lanche p\u00f3s-treino<\/strong>: entrega prote\u00edna e energia leve para recupera\u00e7\u00e3o muscular.<\/li>\n\n\n\n<li><strong>Snacks saud\u00e1veis<\/strong>: \u00f3timo para matar a fome com praticidade e equil\u00edbrio.<\/li>\n<\/ul>\n\n\n\n<p>Esse <strong>p\u00e3o de tapioca com prote\u00edna<\/strong> prova que d\u00e1 para unir sabor, leveza e nutri\u00e7\u00e3o em uma \u00fanica receita. F\u00e1cil de preparar, com textura \u00famida e sem gl\u00faten, ele transforma o lanche comum em uma escolha funcional e deliciosa, ideal para quem busca sa\u00fade sem abrir m\u00e3o do prazer de comer bem.<\/p>\n","protected":false},"excerpt":{"rendered":"<p>O p\u00e3o caseiro de tapioca rico em prote\u00ednas virou a escolha certeira de quem quer uma receita leve, simples e nutritiva. Sem farinha de trigo, ele fica macio, saboroso e ainda ajuda a aumentar a saciedade com ingredientes acess\u00edveis e funcionais. Por que esse p\u00e3o \u00e9 t\u00e3o leve e nutritivo ao mesmo tempo? A base [&hellip;]<\/p>\n","protected":false},"author":13,"featured_media":133511,"comment_status":"open","ping_status":"open","sticky":false,"template":"","format":"standard","meta":{"jnews-multi-image_gallery":[],"jnews_single_post":{"format":"standard"},"jnews_primary_category":[],"jnews_social_meta":[],"jnews_override_counter":[],"footnotes":""},"categories":[8819],"tags":[4769,19498,5613,2872],"class_list":["post-133503","post","type-post","status-publish","format-standard","has-post-thumbnail","hentry","category-curiosidades","tag-pao-caseiro","tag-pao-de-tapioca","tag-pao-saudavel","tag-receitas"],"yoast_head":"<!-- This site is optimized with the Yoast SEO plugin v23.8 - https:\/\/yoast.com\/wordpress\/plugins\/seo\/ -->\n<title>Aprenda a fazer o p\u00e3o sem gl\u00faten que mata a fome sem pesar na dieta - Estado de Minas - Em foco<\/title>\n<meta name=\"description\" content=\"Receita de p\u00e3o de tapioca rico em prote\u00ednas, leve e sem trigo, ideal para quem quer sabor, saciedade e nutri\u00e7\u00e3o em qualquer refei\u00e7\u00e3o.\" \/>\n<meta name=\"robots\" content=\"index, follow, max-snippet:-1, max-image-preview:large, max-video-preview:-1\" \/>\n<link rel=\"canonical\" href=\"https:\/\/www.em.com.br\/emfoco\/2025\/12\/01\/aprenda-a-fazer-o-pao-sem-gluten-que-mata-a-fome-sem-pesar-na-dieta\/\" \/>\n<meta property=\"og:locale\" content=\"pt_BR\" \/>\n<meta property=\"og:type\" content=\"article\" \/>\n<meta property=\"og:title\" content=\"Aprenda a fazer o p\u00e3o sem gl\u00faten que mata a fome sem pesar na dieta - Estado de Minas - Em foco\" \/>\n<meta property=\"og:description\" content=\"Receita de p\u00e3o de tapioca rico em prote\u00ednas, leve e sem trigo, ideal para quem quer sabor, saciedade e nutri\u00e7\u00e3o em qualquer refei\u00e7\u00e3o.\" \/>\n<meta property=\"og:url\" content=\"https:\/\/www.em.com.br\/emfoco\/2025\/12\/01\/aprenda-a-fazer-o-pao-sem-gluten-que-mata-a-fome-sem-pesar-na-dieta\/\" \/>\n<meta property=\"og:site_name\" content=\"Estado de Minas - Em foco\" \/>\n<meta property=\"article:published_time\" content=\"2025-12-01T21:25:00+00:00\" \/>\n<meta property=\"article:modified_time\" content=\"2025-11-29T04:29:55+00:00\" \/>\n<meta property=\"og:image\" content=\"https:\/\/www.em.com.br\/emfoco\/wp-content\/uploads\/2025\/11\/Pao-caseiro-tapioca_1764390489928.jpg\" \/>\n\t<meta property=\"og:image:width\" content=\"1280\" \/>\n\t<meta property=\"og:image:height\" content=\"720\" \/>\n\t<meta property=\"og:image:type\" content=\"image\/jpeg\" \/>\n<meta name=\"author\" content=\"Gabriel Martins\" \/>\n<meta name=\"twitter:card\" content=\"summary_large_image\" \/>\n<meta name=\"twitter:label1\" content=\"Escrito por\" \/>\n\t<meta name=\"twitter:data1\" content=\"Gabriel Martins\" \/>\n\t<meta name=\"twitter:label2\" content=\"Est. tempo de leitura\" \/>\n\t<meta name=\"twitter:data2\" content=\"4 minutos\" \/>\n<!-- \/ Yoast SEO plugin. -->","yoast_head_json":{"title":"Aprenda a fazer o p\u00e3o sem gl\u00faten que mata a fome sem pesar na dieta - Estado de Minas - Em foco","description":"Receita de p\u00e3o de tapioca rico em prote\u00ednas, leve e sem trigo, ideal para quem quer sabor, saciedade e nutri\u00e7\u00e3o em qualquer refei\u00e7\u00e3o.","robots":{"index":"index","follow":"follow","max-snippet":"max-snippet:-1","max-image-preview":"max-image-preview:large","max-video-preview":"max-video-preview:-1"},"canonical":"https:\/\/www.em.com.br\/emfoco\/2025\/12\/01\/aprenda-a-fazer-o-pao-sem-gluten-que-mata-a-fome-sem-pesar-na-dieta\/","og_locale":"pt_BR","og_type":"article","og_title":"Aprenda a fazer o p\u00e3o sem gl\u00faten que mata a fome sem pesar na dieta - Estado de Minas - Em foco","og_description":"Receita de p\u00e3o de tapioca rico em prote\u00ednas, leve e sem trigo, ideal para quem quer sabor, saciedade e nutri\u00e7\u00e3o em qualquer refei\u00e7\u00e3o.","og_url":"https:\/\/www.em.com.br\/emfoco\/2025\/12\/01\/aprenda-a-fazer-o-pao-sem-gluten-que-mata-a-fome-sem-pesar-na-dieta\/","og_site_name":"Estado de Minas - Em foco","article_published_time":"2025-12-01T21:25:00+00:00","article_modified_time":"2025-11-29T04:29:55+00:00","og_image":[{"width":1280,"height":720,"url":"https:\/\/www.em.com.br\/emfoco\/wp-content\/uploads\/2025\/11\/Pao-caseiro-tapioca_1764390489928.jpg","type":"image\/jpeg"}],"author":"Gabriel Martins","twitter_card":"summary_large_image","twitter_misc":{"Escrito por":"Gabriel Martins","Est. tempo de leitura":"4 minutos"},"schema":{"@context":"https:\/\/schema.org","@graph":[{"@type":"WebPage","@id":"https:\/\/www.em.com.br\/emfoco\/2025\/12\/01\/aprenda-a-fazer-o-pao-sem-gluten-que-mata-a-fome-sem-pesar-na-dieta\/","url":"https:\/\/www.em.com.br\/emfoco\/2025\/12\/01\/aprenda-a-fazer-o-pao-sem-gluten-que-mata-a-fome-sem-pesar-na-dieta\/","name":"Aprenda a fazer o p\u00e3o sem gl\u00faten que mata a fome sem pesar na dieta - Estado de Minas - Em foco","isPartOf":{"@id":"https:\/\/www.em.com.br\/emfoco\/#website"},"primaryImageOfPage":{"@id":"https:\/\/www.em.com.br\/emfoco\/2025\/12\/01\/aprenda-a-fazer-o-pao-sem-gluten-que-mata-a-fome-sem-pesar-na-dieta\/#primaryimage"},"image":{"@id":"https:\/\/www.em.com.br\/emfoco\/2025\/12\/01\/aprenda-a-fazer-o-pao-sem-gluten-que-mata-a-fome-sem-pesar-na-dieta\/#primaryimage"},"thumbnailUrl":"https:\/\/www.em.com.br\/emfoco\/wp-content\/uploads\/2025\/11\/Pao-caseiro-tapioca_1764390489928.jpg","datePublished":"2025-12-01T21:25:00+00:00","dateModified":"2025-11-29T04:29:55+00:00","author":{"@id":"https:\/\/www.em.com.br\/emfoco\/#\/schema\/person\/1c9ddeab18b98abeffef834667bcf08a"},"description":"Receita de p\u00e3o de tapioca rico em prote\u00ednas, leve e sem trigo, ideal para quem quer sabor, saciedade e nutri\u00e7\u00e3o em qualquer refei\u00e7\u00e3o.","breadcrumb":{"@id":"https:\/\/www.em.com.br\/emfoco\/2025\/12\/01\/aprenda-a-fazer-o-pao-sem-gluten-que-mata-a-fome-sem-pesar-na-dieta\/#breadcrumb"},"inLanguage":"pt-BR","potentialAction":[{"@type":"ReadAction","target":["https:\/\/www.em.com.br\/emfoco\/2025\/12\/01\/aprenda-a-fazer-o-pao-sem-gluten-que-mata-a-fome-sem-pesar-na-dieta\/"]}]},{"@type":"ImageObject","inLanguage":"pt-BR","@id":"https:\/\/www.em.com.br\/emfoco\/2025\/12\/01\/aprenda-a-fazer-o-pao-sem-gluten-que-mata-a-fome-sem-pesar-na-dieta\/#primaryimage","url":"https:\/\/www.em.com.br\/emfoco\/wp-content\/uploads\/2025\/11\/Pao-caseiro-tapioca_1764390489928.jpg","contentUrl":"https:\/\/www.em.com.br\/emfoco\/wp-content\/uploads\/2025\/11\/Pao-caseiro-tapioca_1764390489928.jpg","width":1280,"height":720,"caption":"O p\u00e3o caseiro de tapioca entrega leveza, prote\u00ednas e muita saciedade - Cr\u00e9ditos: depositphotos.com \/ IMelnyk"},{"@type":"BreadcrumbList","@id":"https:\/\/www.em.com.br\/emfoco\/2025\/12\/01\/aprenda-a-fazer-o-pao-sem-gluten-que-mata-a-fome-sem-pesar-na-dieta\/#breadcrumb","itemListElement":[{"@type":"ListItem","position":1,"name":"In\u00edcio","item":"https:\/\/www.em.com.br\/emfoco\/"},{"@type":"ListItem","position":2,"name":"Aprenda a fazer o p\u00e3o sem gl\u00faten que mata a fome sem pesar na dieta"}]},{"@type":"WebSite","@id":"https:\/\/www.em.com.br\/emfoco\/#website","url":"https:\/\/www.em.com.br\/emfoco\/","name":"Estado de Minas - Em foco","description":"Acompanhe as \u00faltimas not\u00edcias e fique bem informado sobre tudo o que acontece em Minas Gerais, Brasil e no mundo.","potentialAction":[{"@type":"SearchAction","target":{"@type":"EntryPoint","urlTemplate":"https:\/\/www.em.com.br\/emfoco\/?s={search_term_string}"},"query-input":{"@type":"PropertyValueSpecification","valueRequired":true,"valueName":"search_term_string"}}],"inLanguage":"pt-BR"},{"@type":"Person","@id":"https:\/\/www.em.com.br\/emfoco\/#\/schema\/person\/1c9ddeab18b98abeffef834667bcf08a","name":"Gabriel Martins","image":{"@type":"ImageObject","inLanguage":"pt-BR","@id":"https:\/\/www.em.com.br\/emfoco\/#\/schema\/person\/image\/","url":"https:\/\/secure.gravatar.com\/avatar\/f0f1e2efdfd88f1ad2cb08c5c2731e50?s=96&d=mm&r=g","contentUrl":"https:\/\/secure.gravatar.com\/avatar\/f0f1e2efdfd88f1ad2cb08c5c2731e50?s=96&d=mm&r=g","caption":"Gabriel Martins"},"sameAs":["https:\/\/www.em.com.br\/emfoco\/"],"url":"https:\/\/www.em.com.br\/emfoco\/author\/gabrielmartinsmyth\/"}]}},"_links":{"self":[{"href":"https:\/\/www.em.com.br\/emfoco\/wp-json\/wp\/v2\/posts\/133503","targetHints":{"allow":["GET"]}}],"collection":[{"href":"https:\/\/www.em.com.br\/emfoco\/wp-json\/wp\/v2\/posts"}],"about":[{"href":"https:\/\/www.em.com.br\/emfoco\/wp-json\/wp\/v2\/types\/post"}],"author":[{"embeddable":true,"href":"https:\/\/www.em.com.br\/emfoco\/wp-json\/wp\/v2\/users\/13"}],"replies":[{"embeddable":true,"href":"https:\/\/www.em.com.br\/emfoco\/wp-json\/wp\/v2\/comments?post=133503"}],"version-history":[{"count":1,"href":"https:\/\/www.em.com.br\/emfoco\/wp-json\/wp\/v2\/posts\/133503\/revisions"}],"predecessor-version":[{"id":133513,"href":"https:\/\/www.em.com.br\/emfoco\/wp-json\/wp\/v2\/posts\/133503\/revisions\/133513"}],"wp:featuredmedia":[{"embeddable":true,"href":"https:\/\/www.em.com.br\/emfoco\/wp-json\/wp\/v2\/media\/133511"}],"wp:attachment":[{"href":"https:\/\/www.em.com.br\/emfoco\/wp-json\/wp\/v2\/media?parent=133503"}],"wp:term":[{"taxonomy":"category","embeddable":true,"href":"https:\/\/www.em.com.br\/emfoco\/wp-json\/wp\/v2\/categories?post=133503"},{"taxonomy":"post_tag","embeddable":true,"href":"https:\/\/www.em.com.br\/emfoco\/wp-json\/wp\/v2\/tags?post=133503"}],"curies":[{"name":"wp","href":"https:\/\/api.w.org\/{rel}","templated":true}]}}