{"id":133492,"date":"2025-12-01T20:55:00","date_gmt":"2025-12-01T23:55:00","guid":{"rendered":"https:\/\/www.em.com.br\/emfoco\/?p=133492"},"modified":"2025-11-29T01:11:09","modified_gmt":"2025-11-29T04:11:09","slug":"tres-signos-que-guardam-segredos-como-se-fossem-cofres-emocionais","status":"publish","type":"post","link":"https:\/\/www.em.com.br\/emfoco\/2025\/12\/01\/tres-signos-que-guardam-segredos-como-se-fossem-cofres-emocionais\/","title":{"rendered":"Tr\u00eas signos que guardam segredos como se fossem cofres emocionais"},"content":{"rendered":"\n<p>Alguns <strong>signos que escondem segredos<\/strong> possuem uma habilidade natural de guardar informa\u00e7\u00f5es importantes. Enquanto muitas pessoas deixam escapar detalhes sem perceber, eles mant\u00eam tudo protegido em sil\u00eancio, despertando a curiosidade sobre quem s\u00e3o e o que os torna t\u00e3o confi\u00e1veis.<\/p>\n\n\n\n<h2 class=\"wp-block-heading\">Por que alguns signos guardam informa\u00e7\u00f5es t\u00e3o bem?<\/h2>\n\n\n\n<p>Para certos nativos do zod\u00edaco, manter <strong>confidencialidade<\/strong> \u00e9 quase instintivo. Eles avaliam com cuidado o que deve ser revelado e o que deve permanecer oculto, agindo com estrat\u00e9gia emocional para preservar sua intimidade e a de quem confia neles.<\/p>\n\n\n\n<p>Essa habilidade est\u00e1 ligada a caracter\u00edsticas como <strong><a href=\"https:\/\/facine.edu.br\/novidade\/blog-como-desenvolver-e-utilizar-melhor-a-sua-intuicao\/\" target=\"_blank\" rel=\"noreferrer noopener\">intui\u00e7\u00e3o<\/a><\/strong>, foco e empatia, que fazem com que segredos sejam tratados com respeito. Por isso, pessoas pr\u00f3ximas se sentem seguras ao compartilhar quest\u00f5es delicadas com esses signos.<\/p>\n\n\n\n<figure class=\"wp-block-image size-large\"><img loading=\"lazy\" decoding=\"async\" width=\"1024\" height=\"576\" src=\"https:\/\/www.em.com.br\/emfoco\/wp-content\/uploads\/2025\/11\/Guardando-segredo_1764389409324-1024x576.jpg\" alt=\"Tr\u00eas signos que guardam segredos como se fossem cofres emocionais\" class=\"wp-image-133499\" srcset=\"https:\/\/www.em.com.br\/emfoco\/wp-content\/uploads\/2025\/11\/Guardando-segredo_1764389409324-1024x576.jpg 1024w, https:\/\/www.em.com.br\/emfoco\/wp-content\/uploads\/2025\/11\/Guardando-segredo_1764389409324-300x169.jpg 300w, https:\/\/www.em.com.br\/emfoco\/wp-content\/uploads\/2025\/11\/Guardando-segredo_1764389409324-768x432.jpg 768w, https:\/\/www.em.com.br\/emfoco\/wp-content\/uploads\/2025\/11\/Guardando-segredo_1764389409324-750x422.jpg 750w, https:\/\/www.em.com.br\/emfoco\/wp-content\/uploads\/2025\/11\/Guardando-segredo_1764389409324-1140x641.jpg 1140w, https:\/\/www.em.com.br\/emfoco\/wp-content\/uploads\/2025\/11\/Guardando-segredo_1764389409324.jpg 1280w\" sizes=\"auto, (max-width: 1024px) 100vw, 1024px\" \/><figcaption class=\"wp-element-caption\">Escorpi\u00e3o protege informa\u00e7\u00f5es pela intensidade emocional que carrega internamente &#8211; Cr\u00e9ditos: depositphotos.com \/ AsierRomeroCarballo<\/figcaption><\/figure>\n\n\n\n<h2 class=\"wp-block-heading\">Quais s\u00e3o os signos que mais sabem guardar segredos?<\/h2>\n\n\n\n<p>Os especialistas em sigilo do zod\u00edaco t\u00eam diferentes raz\u00f5es para manter o que sabem guardado. Conhe\u00e7a a lista e os motivos que tornam esses nativos discretos ao extremo.<\/p>\n\n\n\n<ul class=\"wp-block-list\">\n<li><strong>Escorpi\u00e3o<\/strong>: profundo e estrat\u00e9gico, guarda segredos para se proteger emocionalmente.<\/li>\n\n\n\n<li><strong>Capric\u00f3rnio<\/strong>: reservado e racional, compartilha apenas o necess\u00e1rio para manter controle.<\/li>\n\n\n\n<li><strong>Peixes<\/strong>: emp\u00e1tico e sens\u00edvel, oculta detalhes para proteger quem ama.<\/li>\n<\/ul>\n\n\n\n<p><em>Leia mais: <strong><a href=\"https:\/\/www.em.com.br\/emfoco\/2025\/11\/27\/pode-jogar-na-mega-da-virada-estes-sao-os-numeros-dos-signos-que-vao-ficar-ricos-neste-fim-de-ano\/\" target=\"_blank\" rel=\"noreferrer noopener\">Pode jogar na mega da virada! Estes s\u00e3o os n\u00fameros dos signos que v\u00e3o ficar ricos neste fim de ano<\/a><\/strong><\/em><\/p>\n\n\n\n<h2 class=\"wp-block-heading\">O que torna Escorpi\u00e3o, Capric\u00f3rnio e Peixes t\u00e3o discretos?<\/h2>\n\n\n\n<p><strong>Escorpi\u00e3o<\/strong> \u00e9 movido por intensidade e profundidade emocional. Ele sabe que informa\u00e7\u00f5es podem ser armas e, por isso, revela pouco. Sua percep\u00e7\u00e3o agu\u00e7ada ajuda a identificar quem merece confian\u00e7a e quem n\u00e3o merece ter acesso \u00e0 sua vida.<\/p>\n\n\n\n<p>J\u00e1 <strong>Capric\u00f3rnio<\/strong> separa a vida pessoal da p\u00fablica com disciplina. N\u00e3o gosta de exposi\u00e7\u00e3o e mant\u00e9m tudo organizado em sua mente. Para ele, segredos s\u00e3o compromissos s\u00e9rios, imposs\u00edveis de quebrar sem motivo justo.<\/p>\n\n\n\n<figure class=\"wp-block-image size-large\"><img loading=\"lazy\" decoding=\"async\" width=\"1024\" height=\"576\" src=\"https:\/\/www.em.com.br\/emfoco\/wp-content\/uploads\/2025\/11\/Astrologia-segredo_1764389443491-1024x576.jpg\" alt=\"Tr\u00eas signos que guardam segredos como se fossem cofres emocionais\" class=\"wp-image-133500\" srcset=\"https:\/\/www.em.com.br\/emfoco\/wp-content\/uploads\/2025\/11\/Astrologia-segredo_1764389443491-1024x576.jpg 1024w, https:\/\/www.em.com.br\/emfoco\/wp-content\/uploads\/2025\/11\/Astrologia-segredo_1764389443491-300x169.jpg 300w, https:\/\/www.em.com.br\/emfoco\/wp-content\/uploads\/2025\/11\/Astrologia-segredo_1764389443491-768x432.jpg 768w, https:\/\/www.em.com.br\/emfoco\/wp-content\/uploads\/2025\/11\/Astrologia-segredo_1764389443491-750x422.jpg 750w, https:\/\/www.em.com.br\/emfoco\/wp-content\/uploads\/2025\/11\/Astrologia-segredo_1764389443491-1140x641.jpg 1140w, https:\/\/www.em.com.br\/emfoco\/wp-content\/uploads\/2025\/11\/Astrologia-segredo_1764389443491.jpg 1280w\" sizes=\"auto, (max-width: 1024px) 100vw, 1024px\" \/><figcaption class=\"wp-element-caption\">A combina\u00e7\u00e3o de intui\u00e7\u00e3o e empatia fortalece o sigilo desses signos &#8211; Cr\u00e9ditos: depositphotos.com \/ eva058929@gmail.com<\/figcaption><\/figure>\n\n\n\n<h2 class=\"wp-block-heading\">Existe algo em comum entre esses grandes guardi\u00f5es de segredos?<\/h2>\n\n\n\n<p>Apesar das diferen\u00e7as, todos possuem forte <strong>lealdade<\/strong> e cuidado com quem confia neles. Eles tornam a conviv\u00eancia segura, pois entendem o peso das palavras e a import\u00e2ncia de proteger intimidades alheias.<\/p>\n\n\n\n<ul class=\"wp-block-list\">\n<li><strong>Prote\u00e7\u00e3o emocional<\/strong>: mant\u00eam sigilo para evitar danos a si e aos outros.<\/li>\n\n\n\n<li><strong>Controle<\/strong>: escolhem o momento certo para falar, se isso realmente for necess\u00e1rio.<\/li>\n\n\n\n<li><strong>Consci\u00eancia emocional<\/strong>: sabem que segredos revelam vulnerabilidades importantes.<\/li>\n<\/ul>\n","protected":false},"excerpt":{"rendered":"<p>Alguns signos que escondem segredos possuem uma habilidade natural de guardar informa\u00e7\u00f5es importantes. Enquanto muitas pessoas deixam escapar detalhes sem perceber, eles mant\u00eam tudo protegido em sil\u00eancio, despertando a curiosidade sobre quem s\u00e3o e o que os torna t\u00e3o confi\u00e1veis. Por que alguns signos guardam informa\u00e7\u00f5es t\u00e3o bem? Para certos nativos do zod\u00edaco, manter confidencialidade [&hellip;]<\/p>\n","protected":false},"author":13,"featured_media":133498,"comment_status":"open","ping_status":"open","sticky":false,"template":"","format":"standard","meta":{"jnews-multi-image_gallery":[],"jnews_single_post":{"format":"standard"},"jnews_primary_category":[],"jnews_social_meta":[],"jnews_override_counter":[],"footnotes":""},"categories":[25],"tags":[297,4441,19494],"class_list":["post-133492","post","type-post","status-publish","format-standard","has-post-thumbnail","hentry","category-signos","tag-astrologia","tag-segredos","tag-signos-misteriosos"],"yoast_head":"<!-- This site is optimized with the Yoast SEO plugin v23.8 - https:\/\/yoast.com\/wordpress\/plugins\/seo\/ -->\n<title>Tr\u00eas signos que guardam segredos como se fossem cofres emocionais - Estado de Minas - Em foco<\/title>\n<meta name=\"description\" content=\"Esses signos t\u00eam o dom de guardar segredos como ningu\u00e9m porque sabem que confian\u00e7a \u00e9 constru\u00edda no sil\u00eancio e n\u00e3o na exposi\u00e7\u00e3o.\" \/>\n<meta name=\"robots\" content=\"index, follow, max-snippet:-1, max-image-preview:large, max-video-preview:-1\" \/>\n<link rel=\"canonical\" href=\"https:\/\/www.em.com.br\/emfoco\/2025\/12\/01\/tres-signos-que-guardam-segredos-como-se-fossem-cofres-emocionais\/\" \/>\n<meta property=\"og:locale\" content=\"pt_BR\" \/>\n<meta property=\"og:type\" content=\"article\" \/>\n<meta property=\"og:title\" content=\"Tr\u00eas signos que guardam segredos como se fossem cofres emocionais - Estado de Minas - Em foco\" \/>\n<meta property=\"og:description\" content=\"Esses signos t\u00eam o dom de guardar segredos como ningu\u00e9m porque sabem que confian\u00e7a \u00e9 constru\u00edda no sil\u00eancio e n\u00e3o na exposi\u00e7\u00e3o.\" \/>\n<meta property=\"og:url\" content=\"https:\/\/www.em.com.br\/emfoco\/2025\/12\/01\/tres-signos-que-guardam-segredos-como-se-fossem-cofres-emocionais\/\" \/>\n<meta property=\"og:site_name\" content=\"Estado de Minas - Em foco\" \/>\n<meta property=\"article:published_time\" content=\"2025-12-01T23:55:00+00:00\" \/>\n<meta property=\"article:modified_time\" content=\"2025-11-29T04:11:09+00:00\" \/>\n<meta property=\"og:image\" content=\"https:\/\/www.em.com.br\/emfoco\/wp-content\/uploads\/2025\/11\/IA-IMG-1-54.jpg\" \/>\n\t<meta property=\"og:image:width\" content=\"1280\" \/>\n\t<meta property=\"og:image:height\" content=\"720\" \/>\n\t<meta property=\"og:image:type\" content=\"image\/jpeg\" \/>\n<meta name=\"author\" content=\"Gabriel Martins\" \/>\n<meta name=\"twitter:card\" content=\"summary_large_image\" \/>\n<meta name=\"twitter:label1\" content=\"Escrito por\" \/>\n\t<meta name=\"twitter:data1\" content=\"Gabriel Martins\" \/>\n\t<meta name=\"twitter:label2\" content=\"Est. tempo de leitura\" \/>\n\t<meta name=\"twitter:data2\" content=\"3 minutos\" \/>\n<!-- \/ Yoast SEO plugin. -->","yoast_head_json":{"title":"Tr\u00eas signos que guardam segredos como se fossem cofres emocionais - Estado de Minas - Em foco","description":"Esses signos t\u00eam o dom de guardar segredos como ningu\u00e9m porque sabem que confian\u00e7a \u00e9 constru\u00edda no sil\u00eancio e n\u00e3o na exposi\u00e7\u00e3o.","robots":{"index":"index","follow":"follow","max-snippet":"max-snippet:-1","max-image-preview":"max-image-preview:large","max-video-preview":"max-video-preview:-1"},"canonical":"https:\/\/www.em.com.br\/emfoco\/2025\/12\/01\/tres-signos-que-guardam-segredos-como-se-fossem-cofres-emocionais\/","og_locale":"pt_BR","og_type":"article","og_title":"Tr\u00eas signos que guardam segredos como se fossem cofres emocionais - Estado de Minas - Em foco","og_description":"Esses signos t\u00eam o dom de guardar segredos como ningu\u00e9m porque sabem que confian\u00e7a \u00e9 constru\u00edda no sil\u00eancio e n\u00e3o na exposi\u00e7\u00e3o.","og_url":"https:\/\/www.em.com.br\/emfoco\/2025\/12\/01\/tres-signos-que-guardam-segredos-como-se-fossem-cofres-emocionais\/","og_site_name":"Estado de Minas - Em foco","article_published_time":"2025-12-01T23:55:00+00:00","article_modified_time":"2025-11-29T04:11:09+00:00","og_image":[{"width":1280,"height":720,"url":"https:\/\/www.em.com.br\/emfoco\/wp-content\/uploads\/2025\/11\/IA-IMG-1-54.jpg","type":"image\/jpeg"}],"author":"Gabriel Martins","twitter_card":"summary_large_image","twitter_misc":{"Escrito por":"Gabriel Martins","Est. tempo de leitura":"3 minutos"},"schema":{"@context":"https:\/\/schema.org","@graph":[{"@type":"WebPage","@id":"https:\/\/www.em.com.br\/emfoco\/2025\/12\/01\/tres-signos-que-guardam-segredos-como-se-fossem-cofres-emocionais\/","url":"https:\/\/www.em.com.br\/emfoco\/2025\/12\/01\/tres-signos-que-guardam-segredos-como-se-fossem-cofres-emocionais\/","name":"Tr\u00eas signos que guardam segredos como se fossem cofres emocionais - Estado de Minas - Em foco","isPartOf":{"@id":"https:\/\/www.em.com.br\/emfoco\/#website"},"primaryImageOfPage":{"@id":"https:\/\/www.em.com.br\/emfoco\/2025\/12\/01\/tres-signos-que-guardam-segredos-como-se-fossem-cofres-emocionais\/#primaryimage"},"image":{"@id":"https:\/\/www.em.com.br\/emfoco\/2025\/12\/01\/tres-signos-que-guardam-segredos-como-se-fossem-cofres-emocionais\/#primaryimage"},"thumbnailUrl":"https:\/\/www.em.com.br\/emfoco\/wp-content\/uploads\/2025\/11\/IA-IMG-1-54.jpg","datePublished":"2025-12-01T23:55:00+00:00","dateModified":"2025-11-29T04:11:09+00:00","author":{"@id":"https:\/\/www.em.com.br\/emfoco\/#\/schema\/person\/1c9ddeab18b98abeffef834667bcf08a"},"description":"Esses signos t\u00eam o dom de guardar segredos como ningu\u00e9m porque sabem que confian\u00e7a \u00e9 constru\u00edda no sil\u00eancio e n\u00e3o na exposi\u00e7\u00e3o.","breadcrumb":{"@id":"https:\/\/www.em.com.br\/emfoco\/2025\/12\/01\/tres-signos-que-guardam-segredos-como-se-fossem-cofres-emocionais\/#breadcrumb"},"inLanguage":"pt-BR","potentialAction":[{"@type":"ReadAction","target":["https:\/\/www.em.com.br\/emfoco\/2025\/12\/01\/tres-signos-que-guardam-segredos-como-se-fossem-cofres-emocionais\/"]}]},{"@type":"ImageObject","inLanguage":"pt-BR","@id":"https:\/\/www.em.com.br\/emfoco\/2025\/12\/01\/tres-signos-que-guardam-segredos-como-se-fossem-cofres-emocionais\/#primaryimage","url":"https:\/\/www.em.com.br\/emfoco\/wp-content\/uploads\/2025\/11\/IA-IMG-1-54.jpg","contentUrl":"https:\/\/www.em.com.br\/emfoco\/wp-content\/uploads\/2025\/11\/IA-IMG-1-54.jpg","width":1280,"height":720,"caption":"Alguns signos guardam segredos naturalmente e inspiram confian\u00e7a imediata"},{"@type":"BreadcrumbList","@id":"https:\/\/www.em.com.br\/emfoco\/2025\/12\/01\/tres-signos-que-guardam-segredos-como-se-fossem-cofres-emocionais\/#breadcrumb","itemListElement":[{"@type":"ListItem","position":1,"name":"In\u00edcio","item":"https:\/\/www.em.com.br\/emfoco\/"},{"@type":"ListItem","position":2,"name":"Tr\u00eas signos que guardam segredos como se fossem cofres emocionais"}]},{"@type":"WebSite","@id":"https:\/\/www.em.com.br\/emfoco\/#website","url":"https:\/\/www.em.com.br\/emfoco\/","name":"Estado de Minas - Em foco","description":"Acompanhe as \u00faltimas not\u00edcias e fique bem informado sobre tudo o que acontece em Minas Gerais, Brasil e no mundo.","potentialAction":[{"@type":"SearchAction","target":{"@type":"EntryPoint","urlTemplate":"https:\/\/www.em.com.br\/emfoco\/?s={search_term_string}"},"query-input":{"@type":"PropertyValueSpecification","valueRequired":true,"valueName":"search_term_string"}}],"inLanguage":"pt-BR"},{"@type":"Person","@id":"https:\/\/www.em.com.br\/emfoco\/#\/schema\/person\/1c9ddeab18b98abeffef834667bcf08a","name":"Gabriel Martins","image":{"@type":"ImageObject","inLanguage":"pt-BR","@id":"https:\/\/www.em.com.br\/emfoco\/#\/schema\/person\/image\/","url":"https:\/\/secure.gravatar.com\/avatar\/f0f1e2efdfd88f1ad2cb08c5c2731e50?s=96&d=mm&r=g","contentUrl":"https:\/\/secure.gravatar.com\/avatar\/f0f1e2efdfd88f1ad2cb08c5c2731e50?s=96&d=mm&r=g","caption":"Gabriel Martins"},"sameAs":["https:\/\/www.em.com.br\/emfoco\/"],"url":"https:\/\/www.em.com.br\/emfoco\/author\/gabrielmartinsmyth\/"}]}},"_links":{"self":[{"href":"https:\/\/www.em.com.br\/emfoco\/wp-json\/wp\/v2\/posts\/133492","targetHints":{"allow":["GET"]}}],"collection":[{"href":"https:\/\/www.em.com.br\/emfoco\/wp-json\/wp\/v2\/posts"}],"about":[{"href":"https:\/\/www.em.com.br\/emfoco\/wp-json\/wp\/v2\/types\/post"}],"author":[{"embeddable":true,"href":"https:\/\/www.em.com.br\/emfoco\/wp-json\/wp\/v2\/users\/13"}],"replies":[{"embeddable":true,"href":"https:\/\/www.em.com.br\/emfoco\/wp-json\/wp\/v2\/comments?post=133492"}],"version-history":[{"count":1,"href":"https:\/\/www.em.com.br\/emfoco\/wp-json\/wp\/v2\/posts\/133492\/revisions"}],"predecessor-version":[{"id":133501,"href":"https:\/\/www.em.com.br\/emfoco\/wp-json\/wp\/v2\/posts\/133492\/revisions\/133501"}],"wp:featuredmedia":[{"embeddable":true,"href":"https:\/\/www.em.com.br\/emfoco\/wp-json\/wp\/v2\/media\/133498"}],"wp:attachment":[{"href":"https:\/\/www.em.com.br\/emfoco\/wp-json\/wp\/v2\/media?parent=133492"}],"wp:term":[{"taxonomy":"category","embeddable":true,"href":"https:\/\/www.em.com.br\/emfoco\/wp-json\/wp\/v2\/categories?post=133492"},{"taxonomy":"post_tag","embeddable":true,"href":"https:\/\/www.em.com.br\/emfoco\/wp-json\/wp\/v2\/tags?post=133492"}],"curies":[{"name":"wp","href":"https:\/\/api.w.org\/{rel}","templated":true}]}}