{"id":133470,"date":"2025-11-29T09:05:00","date_gmt":"2025-11-29T12:05:00","guid":{"rendered":"https:\/\/www.em.com.br\/emfoco\/?p=133470"},"modified":"2025-11-28T21:07:10","modified_gmt":"2025-11-29T00:07:10","slug":"como-a-meditacao-melhora-sua-saude-e-trabalho","status":"publish","type":"post","link":"https:\/\/www.em.com.br\/emfoco\/2025\/11\/29\/como-a-meditacao-melhora-sua-saude-e-trabalho\/","title":{"rendered":"Como a medita\u00e7\u00e3o melhora sua sa\u00fade e trabalho"},"content":{"rendered":"\n<p>A <strong>Medita\u00e7\u00e3o <\/strong>tem emergido como uma pr\u00e1tica abrangente e acess\u00edvel, proporcionando uma s\u00e9rie de benef\u00edcios para a sa\u00fade mental e f\u00edsica. Com suas ra\u00edzes em antigas tradi\u00e7\u00f5es orientais, a Medita\u00e7\u00e3o adapta-se a diferentes estilos de vida modernos, podendo ser praticada em qualquer lugar e momento sem a necessidade de equipamentos especiais. Entre as modalidades mais populares est\u00e3o o ioga, o tai chi, a medita\u00e7\u00e3o transcendental e o\u00a0<em>mindfulness<\/em>, cada uma oferecendo uma abordagem \u00fanica para alcan\u00e7ar o estado de tranquilidade e autoconsci\u00eancia. Para aqueles que buscam orienta\u00e7\u00e3o, h\u00e1 uma variedade de recursos dispon\u00edveis, incluindo profissionais treinados, aplicativos e tutoriais em v\u00eddeo.<\/p>\n\n\n\n<p>A pr\u00e1tica da Medita\u00e7\u00e3o \u00e9 celebrada por sua efic\u00e1cia em reduzir o estresse e a ansiedade, problemas prevalentes em um mundo cada vez mais acelerado. O\u00a0<strong>mindfulness<\/strong>, ou aten\u00e7\u00e3o plena, \u00e9 particularmente eficaz nesse aspecto, ajudando os praticantes a centrarem-se no presente e afastarem-se de preocupa\u00e7\u00f5es futuras ou ansiedades passadas. Pesquisas t\u00eam demonstrado que tanto o\u00a0<strong>mindfulness<\/strong>\u00a0quanto a ioga podem aliviar n\u00e3o apenas a ansiedade geral, mas tamb\u00e9m outras condi\u00e7\u00f5es relacionadas, como fobias e preocupa\u00e7\u00f5es sociais.<\/p>\n\n\n\n<h2 class=\"wp-block-heading\">Como a Medita\u00e7\u00e3o pode melhorar o sono?<\/h2>\n\n\n\n<p>Al\u00e9m de aliviar o estresse, a Medita\u00e7\u00e3o pode melhorar significativamente a qualidade do sono. Ao promover um estado de relaxamento, a pr\u00e1tica ajuda a acalmar a mente e a preparar o corpo para o descanso noturno, tornando mais f\u00e1cil o adormecimento e reduzindo a presen\u00e7a de pensamentos intrusivos. Adicionalmente, ao cultivar uma mentalidade mais tranquila e centrada, os indiv\u00edduos frequentemente experimentam uma sensa\u00e7\u00e3o de plenitude e satisfa\u00e7\u00e3o que se estende al\u00e9m do per\u00edodo de Medita\u00e7\u00e3o, influenciando positivamente seu bem-estar geral.<\/p>\n\n\n\n<h2 class=\"wp-block-heading\">De que maneira a Medita\u00e7\u00e3o pode aumentar a conscientiza\u00e7\u00e3o e o autoconhecimento?<\/h2>\n\n\n\n<p>A Medita\u00e7\u00e3o tamb\u00e9m desempenha um papel vital no aumento do autoconhecimento e na valoriza\u00e7\u00e3o de momentos cotidianos. Ao dedicar tempo para se concentrar internamente, as pessoas podem explorar seus pr\u00f3prios pensamentos e atitudes, questionando suas rea\u00e7\u00f5es automatizadas e promovendo uma compreens\u00e3o mais profunda de si mesmas. Esse processo de introspec\u00e7\u00e3o pode conduzir a um estilo de vida mais consciente e deliberado, permitindo que notem e apreciem os pequenos aspectos da vida di\u00e1ria.<\/p>\n\n\n<div class=\"wp-block-image\">\n<figure class=\"aligncenter size-large\"><img loading=\"lazy\" decoding=\"async\" width=\"1024\" height=\"576\" src=\"https:\/\/www.em.com.br\/emfoco\/wp-content\/uploads\/2025\/08\/Meditacao-_1755028783126-1024x576.jpg\" alt=\"\" class=\"wp-image-90501\" srcset=\"https:\/\/www.em.com.br\/emfoco\/wp-content\/uploads\/2025\/08\/Meditacao-_1755028783126-1024x576.jpg 1024w, https:\/\/www.em.com.br\/emfoco\/wp-content\/uploads\/2025\/08\/Meditacao-_1755028783126-300x169.jpg 300w, https:\/\/www.em.com.br\/emfoco\/wp-content\/uploads\/2025\/08\/Meditacao-_1755028783126-768x432.jpg 768w, https:\/\/www.em.com.br\/emfoco\/wp-content\/uploads\/2025\/08\/Meditacao-_1755028783126-750x422.jpg 750w, https:\/\/www.em.com.br\/emfoco\/wp-content\/uploads\/2025\/08\/Meditacao-_1755028783126-1140x641.jpg 1140w, https:\/\/www.em.com.br\/emfoco\/wp-content\/uploads\/2025\/08\/Meditacao-_1755028783126.jpg 1280w\" sizes=\"auto, (max-width: 1024px) 100vw, 1024px\" \/><figcaption class=\"wp-element-caption\">Medita\u00e7\u00e3o &#8211; Cr\u00e9ditos: depositphotos.com \/ VitalikRadko<\/figcaption><\/figure><\/div>\n\n\n<h2 class=\"wp-block-heading\">Quais s\u00e3o os impactos da Medita\u00e7\u00e3o na produtividade laboral?<\/h2>\n\n\n\n<p>Na esfera profissional, a Medita\u00e7\u00e3o \u00e9 cada vez mais reconhecida como uma poderosa ferramenta para aumentar a produtividade e promover o bem-estar no trabalho. A pr\u00e1tica melhora a capacidade de concentra\u00e7\u00e3o e ajuda os indiv\u00edduos a lidarem melhor com o estresse e os conflitos no ambiente profissional. Ao facilitar a conviv\u00eancia harmoniosa entre colegas de trabalho e ao ajudar na administra\u00e7\u00e3o de press\u00f5es di\u00e1rias, a Medita\u00e7\u00e3o contribui diretamente para a melhoria da qualidade de vida no ambiente de trabalho. Paralelamente, a pr\u00e1tica regular tamb\u00e9m tem mostrado ser ben\u00e9fica na regula\u00e7\u00e3o da press\u00e3o arterial, tornando-se uma aliada valiosa para a <a href=\"https:\/\/www.correiobraziliense.com.br\/cbradar\/medico-explica-como-o-emagrecimento-muda-sua-vida-sexual\/\" target=\"_blank\" rel=\"noreferrer noopener\">sa\u00fade <\/a>cardiovascular a longo prazo.<\/p>\n\n\n\n<p>Para iniciantes, recomenda-se come\u00e7ar a Medita\u00e7\u00e3o com sess\u00f5es curtas, aumentando gradualmente o tempo \u00e0 medida que a mente se adapta ao estado de concentra\u00e7\u00e3o. Manter os olhos relaxados, sem focar em est\u00edmulos espec\u00edficos, e procurar ambientes livres de distra\u00e7\u00f5es visuais pode ajudar a estabelecer uma pr\u00e1tica eficaz. Alternativas como a participa\u00e7\u00e3o em grupos de Medita\u00e7\u00e3o ou o uso de v\u00eddeos de Medita\u00e7\u00e3o guiada tamb\u00e9m s\u00e3o recursos \u00fateis para desenvolver a t\u00e9cnica.<\/p>\n\n\n<a href=\"https:\/\/www.instagram.com\/dra.annaluisabf\/\" target=\"_blank\" style=\"text-decoration: none; color: inherit;\">\n  <span style=\"display:inline-block; border:1px solid #ccc; border-radius:10px; padding:15px; max-width:550px; font-family:sans-serif; box-shadow:0 2px 5px rgba(0,0,0,0.1);\">\n    <span style=\"margin:0 0 15px 0; font-weight:bold; color:#2c3e50; text-align: center;\">Entre em contato:<\/span>\n\n    <span style=\"display:flex; align-items:center;\">\n      <img decoding=\"async\" src=\"https:\/\/www.correiobraziliense.com.br\/cbradar\/wp-content\/uploads\/2025\/08\/dra_anna_luisa.jpeg\" alt=\"Dra Anna Lu\u00edsa\" style=\"border-radius:50%; width:80px; height:80px; margin-right:15px;\">\n      <span style=\"flex:1;\">\n        <h3 style=\"margin:0 0 5px 0;\">Dra. Anna Lu\u00edsa Barbosa Fernandes<\/h3>\n        <p style=\"margin:0 0 10px 0;\">CRM-GO 33.271<\/p>\n        <span style=\"display:flex; gap:10px;\">\n          <img decoding=\"async\" src=\"https:\/\/cdn-icons-png.flaticon.com\/24\/1384\/1384063.png\" alt=\"Instagram\">\n        <\/span>\n      <\/span>\n    <\/span>\n  <\/span>\n<\/a>","protected":false},"excerpt":{"rendered":"<p>A Medita\u00e7\u00e3o tem emergido como uma pr\u00e1tica abrangente e acess\u00edvel, proporcionando uma s\u00e9rie de benef\u00edcios para a sa\u00fade mental e f\u00edsica. Com suas ra\u00edzes em antigas tradi\u00e7\u00f5es orientais, a Medita\u00e7\u00e3o adapta-se a diferentes estilos de vida modernos, podendo ser praticada em qualquer lugar e momento sem a necessidade de equipamentos especiais. Entre as modalidades mais [&hellip;]<\/p>\n","protected":false},"author":25,"featured_media":90499,"comment_status":"open","ping_status":"open","sticky":false,"template":"","format":"standard","meta":{"jnews-multi-image_gallery":[],"jnews_single_post":{"format":"standard"},"jnews_primary_category":[],"jnews_social_meta":[],"jnews_override_counter":[],"footnotes":""},"categories":[9053],"tags":[711,327,415],"class_list":["post-133470","post","type-post","status-publish","format-standard","has-post-thumbnail","hentry","category-saude","tag-bem-estar","tag-qualidade-de-vida","tag-saude"],"yoast_head":"<!-- This site is optimized with the Yoast SEO plugin v23.8 - https:\/\/yoast.com\/wordpress\/plugins\/seo\/ -->\n<title>Como a medita\u00e7\u00e3o melhora sua sa\u00fade e trabalho - Estado de Minas - Em foco<\/title>\n<meta name=\"description\" content=\"Veja como a medita\u00e7\u00e3o ajuda a reduzir estresse, melhorar o sono e aumentar o foco no trabalho. Comece com sess\u00f5es curtas e simples.\" \/>\n<meta name=\"robots\" content=\"index, follow, max-snippet:-1, max-image-preview:large, max-video-preview:-1\" \/>\n<link rel=\"canonical\" href=\"https:\/\/www.em.com.br\/emfoco\/2025\/11\/29\/como-a-meditacao-melhora-sua-saude-e-trabalho\/\" \/>\n<meta property=\"og:locale\" content=\"pt_BR\" \/>\n<meta property=\"og:type\" content=\"article\" \/>\n<meta property=\"og:title\" content=\"Como a medita\u00e7\u00e3o melhora sua sa\u00fade e trabalho - Estado de Minas - Em foco\" \/>\n<meta property=\"og:description\" content=\"Veja como a medita\u00e7\u00e3o ajuda a reduzir estresse, melhorar o sono e aumentar o foco no trabalho. Comece com sess\u00f5es curtas e simples.\" \/>\n<meta property=\"og:url\" content=\"https:\/\/www.em.com.br\/emfoco\/2025\/11\/29\/como-a-meditacao-melhora-sua-saude-e-trabalho\/\" \/>\n<meta property=\"og:site_name\" content=\"Estado de Minas - Em foco\" \/>\n<meta property=\"article:published_time\" content=\"2025-11-29T12:05:00+00:00\" \/>\n<meta property=\"article:modified_time\" content=\"2025-11-29T00:07:10+00:00\" \/>\n<meta property=\"og:image\" content=\"https:\/\/www.em.com.br\/emfoco\/wp-content\/uploads\/2025\/08\/Meditacao-_1755028744448.jpg\" \/>\n\t<meta property=\"og:image:width\" content=\"1280\" \/>\n\t<meta property=\"og:image:height\" content=\"720\" \/>\n\t<meta property=\"og:image:type\" content=\"image\/jpeg\" \/>\n<meta name=\"author\" content=\"Guilherme Lopes\" \/>\n<meta name=\"twitter:card\" content=\"summary_large_image\" \/>\n<meta name=\"twitter:label1\" content=\"Escrito por\" \/>\n\t<meta name=\"twitter:data1\" content=\"Guilherme Lopes\" \/>\n\t<meta name=\"twitter:label2\" content=\"Est. tempo de leitura\" \/>\n\t<meta name=\"twitter:data2\" content=\"4 minutos\" \/>\n<!-- \/ Yoast SEO plugin. -->","yoast_head_json":{"title":"Como a medita\u00e7\u00e3o melhora sua sa\u00fade e trabalho - Estado de Minas - Em foco","description":"Veja como a medita\u00e7\u00e3o ajuda a reduzir estresse, melhorar o sono e aumentar o foco no trabalho. Comece com sess\u00f5es curtas e simples.","robots":{"index":"index","follow":"follow","max-snippet":"max-snippet:-1","max-image-preview":"max-image-preview:large","max-video-preview":"max-video-preview:-1"},"canonical":"https:\/\/www.em.com.br\/emfoco\/2025\/11\/29\/como-a-meditacao-melhora-sua-saude-e-trabalho\/","og_locale":"pt_BR","og_type":"article","og_title":"Como a medita\u00e7\u00e3o melhora sua sa\u00fade e trabalho - Estado de Minas - Em foco","og_description":"Veja como a medita\u00e7\u00e3o ajuda a reduzir estresse, melhorar o sono e aumentar o foco no trabalho. Comece com sess\u00f5es curtas e simples.","og_url":"https:\/\/www.em.com.br\/emfoco\/2025\/11\/29\/como-a-meditacao-melhora-sua-saude-e-trabalho\/","og_site_name":"Estado de Minas - Em foco","article_published_time":"2025-11-29T12:05:00+00:00","article_modified_time":"2025-11-29T00:07:10+00:00","og_image":[{"width":1280,"height":720,"url":"https:\/\/www.em.com.br\/emfoco\/wp-content\/uploads\/2025\/08\/Meditacao-_1755028744448.jpg","type":"image\/jpeg"}],"author":"Guilherme Lopes","twitter_card":"summary_large_image","twitter_misc":{"Escrito por":"Guilherme Lopes","Est. tempo de leitura":"4 minutos"},"schema":{"@context":"https:\/\/schema.org","@graph":[{"@type":"WebPage","@id":"https:\/\/www.em.com.br\/emfoco\/2025\/11\/29\/como-a-meditacao-melhora-sua-saude-e-trabalho\/","url":"https:\/\/www.em.com.br\/emfoco\/2025\/11\/29\/como-a-meditacao-melhora-sua-saude-e-trabalho\/","name":"Como a medita\u00e7\u00e3o melhora sua sa\u00fade e trabalho - Estado de Minas - Em foco","isPartOf":{"@id":"https:\/\/www.em.com.br\/emfoco\/#website"},"primaryImageOfPage":{"@id":"https:\/\/www.em.com.br\/emfoco\/2025\/11\/29\/como-a-meditacao-melhora-sua-saude-e-trabalho\/#primaryimage"},"image":{"@id":"https:\/\/www.em.com.br\/emfoco\/2025\/11\/29\/como-a-meditacao-melhora-sua-saude-e-trabalho\/#primaryimage"},"thumbnailUrl":"https:\/\/www.em.com.br\/emfoco\/wp-content\/uploads\/2025\/08\/Meditacao-_1755028744448.jpg","datePublished":"2025-11-29T12:05:00+00:00","dateModified":"2025-11-29T00:07:10+00:00","author":{"@id":"https:\/\/www.em.com.br\/emfoco\/#\/schema\/person\/f6eade2e287023da170a1b2b329f68e5"},"description":"Veja como a medita\u00e7\u00e3o ajuda a reduzir estresse, melhorar o sono e aumentar o foco no trabalho. Comece com sess\u00f5es curtas e simples.","breadcrumb":{"@id":"https:\/\/www.em.com.br\/emfoco\/2025\/11\/29\/como-a-meditacao-melhora-sua-saude-e-trabalho\/#breadcrumb"},"inLanguage":"pt-BR","potentialAction":[{"@type":"ReadAction","target":["https:\/\/www.em.com.br\/emfoco\/2025\/11\/29\/como-a-meditacao-melhora-sua-saude-e-trabalho\/"]}]},{"@type":"ImageObject","inLanguage":"pt-BR","@id":"https:\/\/www.em.com.br\/emfoco\/2025\/11\/29\/como-a-meditacao-melhora-sua-saude-e-trabalho\/#primaryimage","url":"https:\/\/www.em.com.br\/emfoco\/wp-content\/uploads\/2025\/08\/Meditacao-_1755028744448.jpg","contentUrl":"https:\/\/www.em.com.br\/emfoco\/wp-content\/uploads\/2025\/08\/Meditacao-_1755028744448.jpg","width":1280,"height":720,"caption":"Medita\u00e7\u00e3o - Cr\u00e9ditos: depositphotos.com \/ evgenyataman"},{"@type":"BreadcrumbList","@id":"https:\/\/www.em.com.br\/emfoco\/2025\/11\/29\/como-a-meditacao-melhora-sua-saude-e-trabalho\/#breadcrumb","itemListElement":[{"@type":"ListItem","position":1,"name":"In\u00edcio","item":"https:\/\/www.em.com.br\/emfoco\/"},{"@type":"ListItem","position":2,"name":"Como a medita\u00e7\u00e3o melhora sua sa\u00fade e trabalho"}]},{"@type":"WebSite","@id":"https:\/\/www.em.com.br\/emfoco\/#website","url":"https:\/\/www.em.com.br\/emfoco\/","name":"Estado de Minas - Em foco","description":"Acompanhe as \u00faltimas not\u00edcias e fique bem informado sobre tudo o que acontece em Minas Gerais, Brasil e no mundo.","potentialAction":[{"@type":"SearchAction","target":{"@type":"EntryPoint","urlTemplate":"https:\/\/www.em.com.br\/emfoco\/?s={search_term_string}"},"query-input":{"@type":"PropertyValueSpecification","valueRequired":true,"valueName":"search_term_string"}}],"inLanguage":"pt-BR"},{"@type":"Person","@id":"https:\/\/www.em.com.br\/emfoco\/#\/schema\/person\/f6eade2e287023da170a1b2b329f68e5","name":"Guilherme Lopes","image":{"@type":"ImageObject","inLanguage":"pt-BR","@id":"https:\/\/www.em.com.br\/emfoco\/#\/schema\/person\/image\/","url":"https:\/\/secure.gravatar.com\/avatar\/df9adfb835d344bc0af109d41756253f?s=96&d=mm&r=g","contentUrl":"https:\/\/secure.gravatar.com\/avatar\/df9adfb835d344bc0af109d41756253f?s=96&d=mm&r=g","caption":"Guilherme Lopes"},"url":"https:\/\/www.em.com.br\/emfoco\/author\/guilherme_saude\/"}]}},"_links":{"self":[{"href":"https:\/\/www.em.com.br\/emfoco\/wp-json\/wp\/v2\/posts\/133470","targetHints":{"allow":["GET"]}}],"collection":[{"href":"https:\/\/www.em.com.br\/emfoco\/wp-json\/wp\/v2\/posts"}],"about":[{"href":"https:\/\/www.em.com.br\/emfoco\/wp-json\/wp\/v2\/types\/post"}],"author":[{"embeddable":true,"href":"https:\/\/www.em.com.br\/emfoco\/wp-json\/wp\/v2\/users\/25"}],"replies":[{"embeddable":true,"href":"https:\/\/www.em.com.br\/emfoco\/wp-json\/wp\/v2\/comments?post=133470"}],"version-history":[{"count":1,"href":"https:\/\/www.em.com.br\/emfoco\/wp-json\/wp\/v2\/posts\/133470\/revisions"}],"predecessor-version":[{"id":133473,"href":"https:\/\/www.em.com.br\/emfoco\/wp-json\/wp\/v2\/posts\/133470\/revisions\/133473"}],"wp:featuredmedia":[{"embeddable":true,"href":"https:\/\/www.em.com.br\/emfoco\/wp-json\/wp\/v2\/media\/90499"}],"wp:attachment":[{"href":"https:\/\/www.em.com.br\/emfoco\/wp-json\/wp\/v2\/media?parent=133470"}],"wp:term":[{"taxonomy":"category","embeddable":true,"href":"https:\/\/www.em.com.br\/emfoco\/wp-json\/wp\/v2\/categories?post=133470"},{"taxonomy":"post_tag","embeddable":true,"href":"https:\/\/www.em.com.br\/emfoco\/wp-json\/wp\/v2\/tags?post=133470"}],"curies":[{"name":"wp","href":"https:\/\/api.w.org\/{rel}","templated":true}]}}