{"id":133435,"date":"2025-12-01T16:05:00","date_gmt":"2025-12-01T19:05:00","guid":{"rendered":"https:\/\/www.em.com.br\/emfoco\/?p=133435"},"modified":"2025-11-28T21:08:20","modified_gmt":"2025-11-29T00:08:20","slug":"por-que-checar-o-celular-toda-hora-esta-afetando-sua-memoria-sem-voce-notar","status":"publish","type":"post","link":"https:\/\/www.em.com.br\/emfoco\/2025\/12\/01\/por-que-checar-o-celular-toda-hora-esta-afetando-sua-memoria-sem-voce-notar\/","title":{"rendered":"Por que checar o celular toda hora est\u00e1 afetando sua mem\u00f3ria sem voc\u00ea notar"},"content":{"rendered":"\n<p>Checar o <strong>celular v\u00e1rias vezes ao dia<\/strong> pode parecer inofensivo, mas estudos mostram que esse h\u00e1bito afeta a mem\u00f3ria, a concentra\u00e7\u00e3o e at\u00e9 o bem-estar emocional.<\/p>\n\n\n\n<h2 class=\"wp-block-heading\">Por que desbloquear o celular tantas vezes prejudica a mente?<\/h2>\n\n\n\n<p>Pesquisas apontam que a <strong>frequ\u00eancia de uso<\/strong> do celular tem mais impacto na mem\u00f3ria do que o tempo total de tela. Cada desbloqueio exige que o c\u00e9rebro mude de foco, causando lapsos de aten\u00e7\u00e3o e dificuldade de reten\u00e7\u00e3o.<\/p>\n\n\n\n<p>Segundo estudo da <strong><a href=\"https:\/\/www.smu.edu.sg\/\" target=\"_blank\" rel=\"noreferrer noopener\">Universidade de Gest\u00e3o de Singapura<\/a><\/strong>, <strong>interrup\u00e7\u00f5es frequentes<\/strong> reduzem a capacidade de manter o foco em uma tarefa. Isso compromete a produtividade e aumenta a sensa\u00e7\u00e3o de cansa\u00e7o mental no fim do dia.<\/p>\n\n\n\n<figure class=\"wp-block-image size-large\"><img loading=\"lazy\" decoding=\"async\" width=\"1024\" height=\"576\" src=\"https:\/\/www.em.com.br\/emfoco\/wp-content\/uploads\/2025\/11\/Problema-de-memoria_1764374803098-1024x576.jpg\" alt=\"Por que checar o celular toda hora est\u00e1 afetando sua mem\u00f3ria sem voc\u00ea notar\" class=\"wp-image-133472\" srcset=\"https:\/\/www.em.com.br\/emfoco\/wp-content\/uploads\/2025\/11\/Problema-de-memoria_1764374803098-1024x576.jpg 1024w, https:\/\/www.em.com.br\/emfoco\/wp-content\/uploads\/2025\/11\/Problema-de-memoria_1764374803098-300x169.jpg 300w, https:\/\/www.em.com.br\/emfoco\/wp-content\/uploads\/2025\/11\/Problema-de-memoria_1764374803098-768x432.jpg 768w, https:\/\/www.em.com.br\/emfoco\/wp-content\/uploads\/2025\/11\/Problema-de-memoria_1764374803098-750x422.jpg 750w, https:\/\/www.em.com.br\/emfoco\/wp-content\/uploads\/2025\/11\/Problema-de-memoria_1764374803098-1140x641.jpg 1140w, https:\/\/www.em.com.br\/emfoco\/wp-content\/uploads\/2025\/11\/Problema-de-memoria_1764374803098.jpg 1280w\" sizes=\"auto, (max-width: 1024px) 100vw, 1024px\" \/><figcaption class=\"wp-element-caption\">Interrup\u00e7\u00f5es frequentes fragmentam a aten\u00e7\u00e3o e reduzem a reten\u00e7\u00e3o de informa\u00e7\u00f5es &#8211; Cr\u00e9ditos: depositphotos.com \/ 1StunningArt<\/figcaption><\/figure>\n\n\n\n<h2 class=\"wp-block-heading\">Quais s\u00e3o os principais sinais de uso excessivo do celular?<\/h2>\n\n\n\n<p>Mesmo sem perceber, muitas pessoas consultam o celular dezenas de vezes ao longo do dia. A repeti\u00e7\u00e3o autom\u00e1tica desse gesto \u00e9 um dos primeiros ind\u00edcios de um uso compulsivo que pode interferir na sa\u00fade mental e cognitiva.<\/p>\n\n\n\n<p>Estudos citados pelo <strong>Washington Post<\/strong> e dados de universidades como Heidelberg e do Reino Unido ajudaram a identificar os principais sinais de alerta:<\/p>\n\n\n\n<ul class=\"wp-block-list\">\n<li>Desbloquear o celular mais de 100 vezes por dia, sem necessidade real.<\/li>\n\n\n\n<li>Interromper tarefas simples ou conversas para checar notifica\u00e7\u00f5es.<\/li>\n\n\n\n<li>Ter dificuldade de passar horas seguidas longe do aparelho.<\/li>\n<\/ul>\n\n\n\n<p><em>Leia mais: <strong><a href=\"https:\/\/www.em.com.br\/emfoco\/2025\/09\/11\/cardiologista-alerta-que-ate-alcool-ocasional-eleva-os-riscos-cardicos\/\" target=\"_blank\" rel=\"noreferrer noopener\">Cardiologista alerta que at\u00e9 \u00e1lcool ocasional eleva os riscos c\u00e1rdicos<\/a><\/strong><\/em><\/p>\n\n\n\n<h2 class=\"wp-block-heading\">O que acontece no c\u00e9rebro com esse h\u00e1bito constante?<\/h2>\n\n\n\n<p>Especialistas como a psiquiatra <strong>Anna Lembke<\/strong> explicam que a depend\u00eancia digital ativa os mesmos circuitos cerebrais de v\u00edcios como drogas ou \u00e1lcool. A libera\u00e7\u00e3o de dopamina refor\u00e7a o comportamento, criando um ciclo dif\u00edcil de quebrar.<\/p>\n\n\n\n<p>Al\u00e9m disso, o psic\u00f3logo <strong>Larry Rosen<\/strong> observou que o uso frequente aumenta a produ\u00e7\u00e3o de <strong>cortisol<\/strong>, horm\u00f4nio do estresse. Isso intensifica a ansiedade e a necessidade de checar o celular ainda mais, mesmo em situa\u00e7\u00f5es sociais ou de trabalho.<\/p>\n\n\n\n<figure class=\"wp-block-image size-large\"><img loading=\"lazy\" decoding=\"async\" width=\"1024\" height=\"576\" src=\"https:\/\/www.em.com.br\/emfoco\/wp-content\/uploads\/2025\/11\/Checando-celular_1764374850528-1024x576.jpg\" alt=\"Por que checar o celular toda hora est\u00e1 afetando sua mem\u00f3ria sem voc\u00ea notar\" class=\"wp-image-133474\" srcset=\"https:\/\/www.em.com.br\/emfoco\/wp-content\/uploads\/2025\/11\/Checando-celular_1764374850528-1024x576.jpg 1024w, https:\/\/www.em.com.br\/emfoco\/wp-content\/uploads\/2025\/11\/Checando-celular_1764374850528-300x169.jpg 300w, https:\/\/www.em.com.br\/emfoco\/wp-content\/uploads\/2025\/11\/Checando-celular_1764374850528-768x432.jpg 768w, https:\/\/www.em.com.br\/emfoco\/wp-content\/uploads\/2025\/11\/Checando-celular_1764374850528-750x422.jpg 750w, https:\/\/www.em.com.br\/emfoco\/wp-content\/uploads\/2025\/11\/Checando-celular_1764374850528-1140x641.jpg 1140w, https:\/\/www.em.com.br\/emfoco\/wp-content\/uploads\/2025\/11\/Checando-celular_1764374850528.jpg 1280w\" sizes=\"auto, (max-width: 1024px) 100vw, 1024px\" \/><figcaption class=\"wp-element-caption\">Dopamina e cortisol criam um ciclo de ansiedade e depend\u00eancia digital &#8211; Cr\u00e9ditos: depositphotos.com \/ HayDmitriy<\/figcaption><\/figure>\n\n\n\n<h2 class=\"wp-block-heading\">Como reduzir o impacto do celular na concentra\u00e7\u00e3o e mem\u00f3ria?<\/h2>\n\n\n\n<p>Reduzir a compuls\u00e3o por desbloquear o celular n\u00e3o exige grandes mudan\u00e7as, mas sim pequenas escolhas conscientes no dia a dia. A seguir, veja recomenda\u00e7\u00f5es pr\u00e1ticas indicadas por especialistas que ajudam a retomar o foco e preservar a sa\u00fade mental:<\/p>\n\n\n\n<ul class=\"wp-block-list\">\n<li>Desative notifica\u00e7\u00f5es para diminuir est\u00edmulos visuais e sonoros que incentivam o desbloqueio autom\u00e1tico.<\/li>\n\n\n\n<li>Altere a tela para escala de cinza, reduzindo o apelo visual que estimula o uso cont\u00ednuo.<\/li>\n\n\n\n<li>Reserve momentos do dia para deixar o celular em outro c\u00f4modo ou at\u00e9 desligado, criando pausas conscientes.<\/li>\n<\/ul>\n","protected":false},"excerpt":{"rendered":"<p>Checar o celular v\u00e1rias vezes ao dia pode parecer inofensivo, mas estudos mostram que esse h\u00e1bito afeta a mem\u00f3ria, a concentra\u00e7\u00e3o e at\u00e9 o bem-estar emocional. Por que desbloquear o celular tantas vezes prejudica a mente? Pesquisas apontam que a frequ\u00eancia de uso do celular tem mais impacto na mem\u00f3ria do que o tempo total [&hellip;]<\/p>\n","protected":false},"author":13,"featured_media":133471,"comment_status":"open","ping_status":"open","sticky":false,"template":"","format":"standard","meta":{"jnews-multi-image_gallery":[],"jnews_single_post":{"format":"standard"},"jnews_primary_category":[],"jnews_social_meta":[],"jnews_override_counter":[],"footnotes":""},"categories":[9053],"tags":[4985,2580,19487,19486],"class_list":["post-133435","post","type-post","status-publish","format-standard","has-post-thumbnail","hentry","category-saude","tag-bem-estar-emocional","tag-celular","tag-problemas-de-memoria","tag-verificar-o-celular"],"yoast_head":"<!-- This site is optimized with the Yoast SEO plugin v23.8 - https:\/\/yoast.com\/wordpress\/plugins\/seo\/ -->\n<title>Por que checar o celular toda hora est\u00e1 afetando sua mem\u00f3ria sem voc\u00ea notar - Estado de Minas - Em foco<\/title>\n<meta name=\"description\" content=\"Desbloquear o celular v\u00e1rias vezes ao dia afeta sua concentra\u00e7\u00e3o e mem\u00f3ria. Entenda o impacto silencioso que esse h\u00e1bito causa no c\u00e9rebro.\" \/>\n<meta name=\"robots\" content=\"index, follow, max-snippet:-1, max-image-preview:large, max-video-preview:-1\" \/>\n<link rel=\"canonical\" href=\"https:\/\/www.em.com.br\/emfoco\/2025\/12\/01\/por-que-checar-o-celular-toda-hora-esta-afetando-sua-memoria-sem-voce-notar\/\" \/>\n<meta property=\"og:locale\" content=\"pt_BR\" \/>\n<meta property=\"og:type\" content=\"article\" \/>\n<meta property=\"og:title\" content=\"Por que checar o celular toda hora est\u00e1 afetando sua mem\u00f3ria sem voc\u00ea notar - Estado de Minas - Em foco\" \/>\n<meta property=\"og:description\" content=\"Desbloquear o celular v\u00e1rias vezes ao dia afeta sua concentra\u00e7\u00e3o e mem\u00f3ria. Entenda o impacto silencioso que esse h\u00e1bito causa no c\u00e9rebro.\" \/>\n<meta property=\"og:url\" content=\"https:\/\/www.em.com.br\/emfoco\/2025\/12\/01\/por-que-checar-o-celular-toda-hora-esta-afetando-sua-memoria-sem-voce-notar\/\" \/>\n<meta property=\"og:site_name\" content=\"Estado de Minas - Em foco\" \/>\n<meta property=\"article:published_time\" content=\"2025-12-01T19:05:00+00:00\" \/>\n<meta property=\"article:modified_time\" content=\"2025-11-29T00:08:20+00:00\" \/>\n<meta property=\"og:image\" content=\"https:\/\/www.em.com.br\/emfoco\/wp-content\/uploads\/2025\/11\/Checando-o-celular_1764374769349.jpg\" \/>\n\t<meta property=\"og:image:width\" content=\"1280\" \/>\n\t<meta property=\"og:image:height\" content=\"720\" \/>\n\t<meta property=\"og:image:type\" content=\"image\/jpeg\" \/>\n<meta name=\"author\" content=\"Gabriel Martins\" \/>\n<meta name=\"twitter:card\" content=\"summary_large_image\" \/>\n<meta name=\"twitter:label1\" content=\"Escrito por\" \/>\n\t<meta name=\"twitter:data1\" content=\"Gabriel Martins\" \/>\n\t<meta name=\"twitter:label2\" content=\"Est. tempo de leitura\" \/>\n\t<meta name=\"twitter:data2\" content=\"3 minutos\" \/>\n<!-- \/ Yoast SEO plugin. -->","yoast_head_json":{"title":"Por que checar o celular toda hora est\u00e1 afetando sua mem\u00f3ria sem voc\u00ea notar - Estado de Minas - Em foco","description":"Desbloquear o celular v\u00e1rias vezes ao dia afeta sua concentra\u00e7\u00e3o e mem\u00f3ria. Entenda o impacto silencioso que esse h\u00e1bito causa no c\u00e9rebro.","robots":{"index":"index","follow":"follow","max-snippet":"max-snippet:-1","max-image-preview":"max-image-preview:large","max-video-preview":"max-video-preview:-1"},"canonical":"https:\/\/www.em.com.br\/emfoco\/2025\/12\/01\/por-que-checar-o-celular-toda-hora-esta-afetando-sua-memoria-sem-voce-notar\/","og_locale":"pt_BR","og_type":"article","og_title":"Por que checar o celular toda hora est\u00e1 afetando sua mem\u00f3ria sem voc\u00ea notar - Estado de Minas - Em foco","og_description":"Desbloquear o celular v\u00e1rias vezes ao dia afeta sua concentra\u00e7\u00e3o e mem\u00f3ria. Entenda o impacto silencioso que esse h\u00e1bito causa no c\u00e9rebro.","og_url":"https:\/\/www.em.com.br\/emfoco\/2025\/12\/01\/por-que-checar-o-celular-toda-hora-esta-afetando-sua-memoria-sem-voce-notar\/","og_site_name":"Estado de Minas - Em foco","article_published_time":"2025-12-01T19:05:00+00:00","article_modified_time":"2025-11-29T00:08:20+00:00","og_image":[{"width":1280,"height":720,"url":"https:\/\/www.em.com.br\/emfoco\/wp-content\/uploads\/2025\/11\/Checando-o-celular_1764374769349.jpg","type":"image\/jpeg"}],"author":"Gabriel Martins","twitter_card":"summary_large_image","twitter_misc":{"Escrito por":"Gabriel Martins","Est. tempo de leitura":"3 minutos"},"schema":{"@context":"https:\/\/schema.org","@graph":[{"@type":"WebPage","@id":"https:\/\/www.em.com.br\/emfoco\/2025\/12\/01\/por-que-checar-o-celular-toda-hora-esta-afetando-sua-memoria-sem-voce-notar\/","url":"https:\/\/www.em.com.br\/emfoco\/2025\/12\/01\/por-que-checar-o-celular-toda-hora-esta-afetando-sua-memoria-sem-voce-notar\/","name":"Por que checar o celular toda hora est\u00e1 afetando sua mem\u00f3ria sem voc\u00ea notar - Estado de Minas - Em foco","isPartOf":{"@id":"https:\/\/www.em.com.br\/emfoco\/#website"},"primaryImageOfPage":{"@id":"https:\/\/www.em.com.br\/emfoco\/2025\/12\/01\/por-que-checar-o-celular-toda-hora-esta-afetando-sua-memoria-sem-voce-notar\/#primaryimage"},"image":{"@id":"https:\/\/www.em.com.br\/emfoco\/2025\/12\/01\/por-que-checar-o-celular-toda-hora-esta-afetando-sua-memoria-sem-voce-notar\/#primaryimage"},"thumbnailUrl":"https:\/\/www.em.com.br\/emfoco\/wp-content\/uploads\/2025\/11\/Checando-o-celular_1764374769349.jpg","datePublished":"2025-12-01T19:05:00+00:00","dateModified":"2025-11-29T00:08:20+00:00","author":{"@id":"https:\/\/www.em.com.br\/emfoco\/#\/schema\/person\/1c9ddeab18b98abeffef834667bcf08a"},"description":"Desbloquear o celular v\u00e1rias vezes ao dia afeta sua concentra\u00e7\u00e3o e mem\u00f3ria. Entenda o impacto silencioso que esse h\u00e1bito causa no c\u00e9rebro.","breadcrumb":{"@id":"https:\/\/www.em.com.br\/emfoco\/2025\/12\/01\/por-que-checar-o-celular-toda-hora-esta-afetando-sua-memoria-sem-voce-notar\/#breadcrumb"},"inLanguage":"pt-BR","potentialAction":[{"@type":"ReadAction","target":["https:\/\/www.em.com.br\/emfoco\/2025\/12\/01\/por-que-checar-o-celular-toda-hora-esta-afetando-sua-memoria-sem-voce-notar\/"]}]},{"@type":"ImageObject","inLanguage":"pt-BR","@id":"https:\/\/www.em.com.br\/emfoco\/2025\/12\/01\/por-que-checar-o-celular-toda-hora-esta-afetando-sua-memoria-sem-voce-notar\/#primaryimage","url":"https:\/\/www.em.com.br\/emfoco\/wp-content\/uploads\/2025\/11\/Checando-o-celular_1764374769349.jpg","contentUrl":"https:\/\/www.em.com.br\/emfoco\/wp-content\/uploads\/2025\/11\/Checando-o-celular_1764374769349.jpg","width":1280,"height":720,"caption":"Desbloquear o celular repetidamente prejudica foco, mem\u00f3ria e bem-estar emocional - Cr\u00e9ditos: depositphotos.com \/ HayDmitriy"},{"@type":"BreadcrumbList","@id":"https:\/\/www.em.com.br\/emfoco\/2025\/12\/01\/por-que-checar-o-celular-toda-hora-esta-afetando-sua-memoria-sem-voce-notar\/#breadcrumb","itemListElement":[{"@type":"ListItem","position":1,"name":"In\u00edcio","item":"https:\/\/www.em.com.br\/emfoco\/"},{"@type":"ListItem","position":2,"name":"Por que checar o celular toda hora est\u00e1 afetando sua mem\u00f3ria sem voc\u00ea notar"}]},{"@type":"WebSite","@id":"https:\/\/www.em.com.br\/emfoco\/#website","url":"https:\/\/www.em.com.br\/emfoco\/","name":"Estado de Minas - Em foco","description":"Acompanhe as \u00faltimas not\u00edcias e fique bem informado sobre tudo o que acontece em Minas Gerais, Brasil e no mundo.","potentialAction":[{"@type":"SearchAction","target":{"@type":"EntryPoint","urlTemplate":"https:\/\/www.em.com.br\/emfoco\/?s={search_term_string}"},"query-input":{"@type":"PropertyValueSpecification","valueRequired":true,"valueName":"search_term_string"}}],"inLanguage":"pt-BR"},{"@type":"Person","@id":"https:\/\/www.em.com.br\/emfoco\/#\/schema\/person\/1c9ddeab18b98abeffef834667bcf08a","name":"Gabriel Martins","image":{"@type":"ImageObject","inLanguage":"pt-BR","@id":"https:\/\/www.em.com.br\/emfoco\/#\/schema\/person\/image\/","url":"https:\/\/secure.gravatar.com\/avatar\/f0f1e2efdfd88f1ad2cb08c5c2731e50?s=96&d=mm&r=g","contentUrl":"https:\/\/secure.gravatar.com\/avatar\/f0f1e2efdfd88f1ad2cb08c5c2731e50?s=96&d=mm&r=g","caption":"Gabriel Martins"},"sameAs":["https:\/\/www.em.com.br\/emfoco\/"],"url":"https:\/\/www.em.com.br\/emfoco\/author\/gabrielmartinsmyth\/"}]}},"_links":{"self":[{"href":"https:\/\/www.em.com.br\/emfoco\/wp-json\/wp\/v2\/posts\/133435","targetHints":{"allow":["GET"]}}],"collection":[{"href":"https:\/\/www.em.com.br\/emfoco\/wp-json\/wp\/v2\/posts"}],"about":[{"href":"https:\/\/www.em.com.br\/emfoco\/wp-json\/wp\/v2\/types\/post"}],"author":[{"embeddable":true,"href":"https:\/\/www.em.com.br\/emfoco\/wp-json\/wp\/v2\/users\/13"}],"replies":[{"embeddable":true,"href":"https:\/\/www.em.com.br\/emfoco\/wp-json\/wp\/v2\/comments?post=133435"}],"version-history":[{"count":1,"href":"https:\/\/www.em.com.br\/emfoco\/wp-json\/wp\/v2\/posts\/133435\/revisions"}],"predecessor-version":[{"id":133475,"href":"https:\/\/www.em.com.br\/emfoco\/wp-json\/wp\/v2\/posts\/133435\/revisions\/133475"}],"wp:featuredmedia":[{"embeddable":true,"href":"https:\/\/www.em.com.br\/emfoco\/wp-json\/wp\/v2\/media\/133471"}],"wp:attachment":[{"href":"https:\/\/www.em.com.br\/emfoco\/wp-json\/wp\/v2\/media?parent=133435"}],"wp:term":[{"taxonomy":"category","embeddable":true,"href":"https:\/\/www.em.com.br\/emfoco\/wp-json\/wp\/v2\/categories?post=133435"},{"taxonomy":"post_tag","embeddable":true,"href":"https:\/\/www.em.com.br\/emfoco\/wp-json\/wp\/v2\/tags?post=133435"}],"curies":[{"name":"wp","href":"https:\/\/api.w.org\/{rel}","templated":true}]}}