{"id":133434,"date":"2025-12-01T12:45:00","date_gmt":"2025-12-01T15:45:00","guid":{"rendered":"https:\/\/www.em.com.br\/emfoco\/?p=133434"},"modified":"2025-11-30T15:10:57","modified_gmt":"2025-11-30T18:10:57","slug":"neurologista-alerta-sobre-o-consumo-de-alcool-em-pessoas-com-mais-de-65-anos","status":"publish","type":"post","link":"https:\/\/www.em.com.br\/emfoco\/2025\/12\/01\/neurologista-alerta-sobre-o-consumo-de-alcool-em-pessoas-com-mais-de-65-anos\/","title":{"rendered":"Neurologista alerta sobre o consumo de \u00e1lcool em pessoas com mais de 65 anos"},"content":{"rendered":"\n<p>O <strong>consumo de \u00e1lcool<\/strong> pode causar danos mais r\u00e1pidos e intensos ao c\u00e9rebro ap\u00f3s os 65 anos, segundo especialistas. Mesmo pequenas quantidades afetam mem\u00f3ria, equil\u00edbrio e cogni\u00e7\u00e3o, aumentando riscos silenciosos para a sa\u00fade na terceira idade.<\/p>\n\n\n\n<h2 class=\"wp-block-heading\">Por que o c\u00e9rebro fica mais vulner\u00e1vel ao \u00e1lcool depois dos 65 anos?<\/h2>\n\n\n\n<p>O neurologista <strong>Richard Restak<\/strong> explica que o corpo perde neur\u00f4nios naturalmente com o envelhecimento, e o \u00e1lcool acelera essa morte celular. Essa perda afeta fun\u00e7\u00f5es como mem\u00f3ria, racioc\u00ednio e aten\u00e7\u00e3o, tornando o c\u00e9rebro mais fr\u00e1gil ao impacto t\u00f3xico da bebida.<\/p>\n\n\n\n<p>Com o metabolismo mais lento, os efeitos do <strong>etanol<\/strong> surgem mais r\u00e1pido e permanecem por mais tempo no organismo. <strong><a href=\"https:\/\/www.neurology.org\/doi\/10.1212\/WNL.0000000000000063\" target=\"_blank\" rel=\"noreferrer noopener\">Estudos citados por Restak<\/a><\/strong> e publicados no <strong>Neurology Journal<\/strong> mostram que at\u00e9 o consumo moderado pode antecipar um decl\u00ednio cognitivo intenso.<\/p>\n\n\n\n<figure class=\"wp-block-image size-large\"><img loading=\"lazy\" decoding=\"async\" width=\"1024\" height=\"576\" src=\"https:\/\/www.em.com.br\/emfoco\/wp-content\/uploads\/2025\/11\/Idoso-alcool_1764374628184-1024x576.jpg\" alt=\"Neurologista alerta sobre o consumo de \u00e1lcool em pessoas com mais de 65 anos\" class=\"wp-image-133463\" srcset=\"https:\/\/www.em.com.br\/emfoco\/wp-content\/uploads\/2025\/11\/Idoso-alcool_1764374628184-1024x576.jpg 1024w, https:\/\/www.em.com.br\/emfoco\/wp-content\/uploads\/2025\/11\/Idoso-alcool_1764374628184-300x169.jpg 300w, https:\/\/www.em.com.br\/emfoco\/wp-content\/uploads\/2025\/11\/Idoso-alcool_1764374628184-768x432.jpg 768w, https:\/\/www.em.com.br\/emfoco\/wp-content\/uploads\/2025\/11\/Idoso-alcool_1764374628184-750x422.jpg 750w, https:\/\/www.em.com.br\/emfoco\/wp-content\/uploads\/2025\/11\/Idoso-alcool_1764374628184-1140x641.jpg 1140w, https:\/\/www.em.com.br\/emfoco\/wp-content\/uploads\/2025\/11\/Idoso-alcool_1764374628184.jpg 1280w\" sizes=\"auto, (max-width: 1024px) 100vw, 1024px\" \/><figcaption class=\"wp-element-caption\">A perda natural de neur\u00f4nios torna o c\u00e9rebro mais sens\u00edvel ao \u00e1lcool &#8211; Cr\u00e9ditos: depositphotos.com \/ svershinsky<\/figcaption><\/figure>\n\n\n\n<h2 class=\"wp-block-heading\">Quais riscos o \u00e1lcool traz para quem est\u00e1 na terceira idade?<\/h2>\n\n\n\n<p>Os impactos da bebida nessa fase v\u00e3o muito al\u00e9m da perda de mem\u00f3ria. Veja como o \u00e1lcool pode prejudicar a <strong>qualidade de vida<\/strong> dos idosos mesmo em doses consideradas baixas:<\/p>\n\n\n\n<ul class=\"wp-block-list\">\n<li><strong>Maior risco de Alzheimer<\/strong>: pesquisas relacionam consumo cont\u00ednuo ao desenvolvimento de doen\u00e7as neurodegenerativas.<\/li>\n\n\n\n<li><strong>Quedas e fraturas<\/strong>: \u00e1lcool reduz reflexos e equil\u00edbrio, aumentando acidentes graves.<\/li>\n\n\n\n<li><strong>Desorienta\u00e7\u00e3o e confus\u00e3o<\/strong>: efeitos ps\u00edquicos s\u00e3o amplificados com o envelhecimento do c\u00e9rebro.<\/li>\n<\/ul>\n\n\n\n<p><em>Leia mais: <a href=\"https:\/\/www.em.com.br\/emfoco\/2025\/11\/25\/como-fazer-o-perfume-durar-mais-tempo-no-verao-sem-irritar-a-pele-pelo-alcool\/\"><strong><\/strong><\/a><strong><a href=\"https:\/\/www.em.com.br\/emfoco\/2025\/09\/11\/cardiologista-alerta-que-ate-alcool-ocasional-eleva-os-riscos-cardicos\/\">Cardiologista alerta que at\u00e9 \u00e1lcool ocasional eleva os riscos c\u00e1rdico<\/a><\/strong><a href=\"https:\/\/www.em.com.br\/emfoco\/2025\/11\/25\/como-fazer-o-perfume-durar-mais-tempo-no-verao-sem-irritar-a-pele-pelo-alcool\/\" target=\"_blank\" rel=\"noreferrer noopener\"><strong>s<\/strong><\/a><\/em><\/p>\n\n\n\n<h2 class=\"wp-block-heading\">O impacto da cerveja \u00e9 o mesmo que o de outras bebidas alco\u00f3licas?<\/h2>\n\n\n\n<p>Embora vista como leve, a <strong>cerveja<\/strong> tamb\u00e9m cont\u00e9m subst\u00e2ncias que prejudicam o funcionamento cerebral. Restak refor\u00e7a que qualquer bebida alco\u00f3lica atua como neurotoxina, gerando inflama\u00e7\u00f5es e danos progressivos nos neur\u00f4nios com o consumo cont\u00ednuo.<\/p>\n\n\n\n<p>O efeito \u00e9 cumulativo: com os anos, o corpo elimina toxinas com menor efici\u00eancia, e a <strong>agilidade mental<\/strong> diminui mais r\u00e1pido. Esse ciclo pode tornar irrevers\u00edveis algumas dificuldades cognitivas, afetando autonomia e bem-estar.<\/p>\n\n\n\n<figure class=\"wp-block-image size-large\"><img loading=\"lazy\" decoding=\"async\" width=\"1024\" height=\"576\" src=\"https:\/\/www.em.com.br\/emfoco\/wp-content\/uploads\/2025\/11\/Idoso-alcool_1764374656147-1024x576.jpg\" alt=\"Neurologista alerta sobre o consumo de \u00e1lcool em pessoas com mais de 65 anos\" class=\"wp-image-133465\" srcset=\"https:\/\/www.em.com.br\/emfoco\/wp-content\/uploads\/2025\/11\/Idoso-alcool_1764374656147-1024x576.jpg 1024w, https:\/\/www.em.com.br\/emfoco\/wp-content\/uploads\/2025\/11\/Idoso-alcool_1764374656147-300x169.jpg 300w, https:\/\/www.em.com.br\/emfoco\/wp-content\/uploads\/2025\/11\/Idoso-alcool_1764374656147-768x432.jpg 768w, https:\/\/www.em.com.br\/emfoco\/wp-content\/uploads\/2025\/11\/Idoso-alcool_1764374656147-750x422.jpg 750w, https:\/\/www.em.com.br\/emfoco\/wp-content\/uploads\/2025\/11\/Idoso-alcool_1764374656147-1140x641.jpg 1140w, https:\/\/www.em.com.br\/emfoco\/wp-content\/uploads\/2025\/11\/Idoso-alcool_1764374656147.jpg 1280w\" sizes=\"auto, (max-width: 1024px) 100vw, 1024px\" \/><figcaption class=\"wp-element-caption\">Mesmo bebida leve atua como neurotoxina e acelera danos cerebrais &#8211; Cr\u00e9ditos: depositphotos.com \/ SeventyFour<\/figcaption><\/figure>\n\n\n\n<h2 class=\"wp-block-heading\">Existe uma recomenda\u00e7\u00e3o segura para quem tem mais de 65 anos?<\/h2>\n\n\n\n<p>Diante dos riscos crescentes, o especialista defende medidas de prote\u00e7\u00e3o da <strong>sa\u00fade cerebral<\/strong>. Segundo Restak, a melhor estrat\u00e9gia \u00e9 evitar o consumo de \u00e1lcool para manter fun\u00e7\u00f5es mentais preservadas por mais tempo:<\/p>\n\n\n\n<ul class=\"wp-block-list\">\n<li><strong>Abstin\u00eancia total<\/strong>: recomendada por Restak ap\u00f3s os 65 anos para prevenir deteriora\u00e7\u00e3o cognitiva.<\/li>\n\n\n\n<li><strong>Est\u00edmulo mental<\/strong>: leitura, conversas e exerc\u00edcios ajudam a fortalecer o c\u00e9rebro.<\/li>\n\n\n\n<li><strong>Acompanhamento m\u00e9dico<\/strong>: essencial para avaliar equil\u00edbrio, mem\u00f3ria e poss\u00edveis impactos do \u00e1lcool.<\/li>\n<\/ul>\n","protected":false},"excerpt":{"rendered":"<p>O consumo de \u00e1lcool pode causar danos mais r\u00e1pidos e intensos ao c\u00e9rebro ap\u00f3s os 65 anos, segundo especialistas. Mesmo pequenas quantidades afetam mem\u00f3ria, equil\u00edbrio e cogni\u00e7\u00e3o, aumentando riscos silenciosos para a sa\u00fade na terceira idade. Por que o c\u00e9rebro fica mais vulner\u00e1vel ao \u00e1lcool depois dos 65 anos? O neurologista Richard Restak explica que [&hellip;]<\/p>\n","protected":false},"author":13,"featured_media":133461,"comment_status":"open","ping_status":"open","sticky":false,"template":"","format":"standard","meta":{"jnews-multi-image_gallery":[],"jnews_single_post":{"format":"standard"},"jnews_primary_category":[],"jnews_social_meta":[],"jnews_override_counter":[],"footnotes":""},"categories":[9053],"tags":[14845,19484,19485],"class_list":["post-133434","post","type-post","status-publish","format-standard","has-post-thumbnail","hentry","category-saude","tag-alcool-2","tag-bebidas-alcoolicas-2","tag-danos-ao-cerebro"],"yoast_head":"<!-- This site is optimized with the Yoast SEO plugin v23.8 - https:\/\/yoast.com\/wordpress\/plugins\/seo\/ -->\n<title>Neurologista alerta sobre o consumo de \u00e1lcool em pessoas com mais de 65 anos - Estado de Minas - Em foco<\/title>\n<meta name=\"description\" content=\"Mesmo em pequenas doses o \u00e1lcool afeta mem\u00f3ria e equil\u00edbrio ap\u00f3s os 65. Saiba por que especialistas recomendam evitar totalmente nessa fase.\" \/>\n<meta name=\"robots\" content=\"index, follow, max-snippet:-1, max-image-preview:large, max-video-preview:-1\" \/>\n<link rel=\"canonical\" href=\"https:\/\/www.em.com.br\/emfoco\/2025\/12\/01\/neurologista-alerta-sobre-o-consumo-de-alcool-em-pessoas-com-mais-de-65-anos\/\" \/>\n<meta property=\"og:locale\" content=\"pt_BR\" \/>\n<meta property=\"og:type\" content=\"article\" \/>\n<meta property=\"og:title\" content=\"Neurologista alerta sobre o consumo de \u00e1lcool em pessoas com mais de 65 anos - Estado de Minas - Em foco\" \/>\n<meta property=\"og:description\" content=\"Mesmo em pequenas doses o \u00e1lcool afeta mem\u00f3ria e equil\u00edbrio ap\u00f3s os 65. Saiba por que especialistas recomendam evitar totalmente nessa fase.\" \/>\n<meta property=\"og:url\" content=\"https:\/\/www.em.com.br\/emfoco\/2025\/12\/01\/neurologista-alerta-sobre-o-consumo-de-alcool-em-pessoas-com-mais-de-65-anos\/\" \/>\n<meta property=\"og:site_name\" content=\"Estado de Minas - Em foco\" \/>\n<meta property=\"article:published_time\" content=\"2025-12-01T15:45:00+00:00\" \/>\n<meta property=\"article:modified_time\" content=\"2025-11-30T18:10:57+00:00\" \/>\n<meta property=\"og:image\" content=\"https:\/\/www.em.com.br\/emfoco\/wp-content\/uploads\/2025\/11\/Idoso-alcool_1764374605778.jpg\" \/>\n\t<meta property=\"og:image:width\" content=\"1280\" \/>\n\t<meta property=\"og:image:height\" content=\"720\" \/>\n\t<meta property=\"og:image:type\" content=\"image\/jpeg\" \/>\n<meta name=\"author\" content=\"Gabriel Martins\" \/>\n<meta name=\"twitter:card\" content=\"summary_large_image\" \/>\n<meta name=\"twitter:label1\" content=\"Escrito por\" \/>\n\t<meta name=\"twitter:data1\" content=\"Gabriel Martins\" \/>\n\t<meta name=\"twitter:label2\" content=\"Est. tempo de leitura\" \/>\n\t<meta name=\"twitter:data2\" content=\"3 minutos\" \/>\n<!-- \/ Yoast SEO plugin. -->","yoast_head_json":{"title":"Neurologista alerta sobre o consumo de \u00e1lcool em pessoas com mais de 65 anos - Estado de Minas - Em foco","description":"Mesmo em pequenas doses o \u00e1lcool afeta mem\u00f3ria e equil\u00edbrio ap\u00f3s os 65. Saiba por que especialistas recomendam evitar totalmente nessa fase.","robots":{"index":"index","follow":"follow","max-snippet":"max-snippet:-1","max-image-preview":"max-image-preview:large","max-video-preview":"max-video-preview:-1"},"canonical":"https:\/\/www.em.com.br\/emfoco\/2025\/12\/01\/neurologista-alerta-sobre-o-consumo-de-alcool-em-pessoas-com-mais-de-65-anos\/","og_locale":"pt_BR","og_type":"article","og_title":"Neurologista alerta sobre o consumo de \u00e1lcool em pessoas com mais de 65 anos - Estado de Minas - Em foco","og_description":"Mesmo em pequenas doses o \u00e1lcool afeta mem\u00f3ria e equil\u00edbrio ap\u00f3s os 65. Saiba por que especialistas recomendam evitar totalmente nessa fase.","og_url":"https:\/\/www.em.com.br\/emfoco\/2025\/12\/01\/neurologista-alerta-sobre-o-consumo-de-alcool-em-pessoas-com-mais-de-65-anos\/","og_site_name":"Estado de Minas - Em foco","article_published_time":"2025-12-01T15:45:00+00:00","article_modified_time":"2025-11-30T18:10:57+00:00","og_image":[{"width":1280,"height":720,"url":"https:\/\/www.em.com.br\/emfoco\/wp-content\/uploads\/2025\/11\/Idoso-alcool_1764374605778.jpg","type":"image\/jpeg"}],"author":"Gabriel Martins","twitter_card":"summary_large_image","twitter_misc":{"Escrito por":"Gabriel Martins","Est. tempo de leitura":"3 minutos"},"schema":{"@context":"https:\/\/schema.org","@graph":[{"@type":"WebPage","@id":"https:\/\/www.em.com.br\/emfoco\/2025\/12\/01\/neurologista-alerta-sobre-o-consumo-de-alcool-em-pessoas-com-mais-de-65-anos\/","url":"https:\/\/www.em.com.br\/emfoco\/2025\/12\/01\/neurologista-alerta-sobre-o-consumo-de-alcool-em-pessoas-com-mais-de-65-anos\/","name":"Neurologista alerta sobre o consumo de \u00e1lcool em pessoas com mais de 65 anos - Estado de Minas - Em foco","isPartOf":{"@id":"https:\/\/www.em.com.br\/emfoco\/#website"},"primaryImageOfPage":{"@id":"https:\/\/www.em.com.br\/emfoco\/2025\/12\/01\/neurologista-alerta-sobre-o-consumo-de-alcool-em-pessoas-com-mais-de-65-anos\/#primaryimage"},"image":{"@id":"https:\/\/www.em.com.br\/emfoco\/2025\/12\/01\/neurologista-alerta-sobre-o-consumo-de-alcool-em-pessoas-com-mais-de-65-anos\/#primaryimage"},"thumbnailUrl":"https:\/\/www.em.com.br\/emfoco\/wp-content\/uploads\/2025\/11\/Idoso-alcool_1764374605778.jpg","datePublished":"2025-12-01T15:45:00+00:00","dateModified":"2025-11-30T18:10:57+00:00","author":{"@id":"https:\/\/www.em.com.br\/emfoco\/#\/schema\/person\/1c9ddeab18b98abeffef834667bcf08a"},"description":"Mesmo em pequenas doses o \u00e1lcool afeta mem\u00f3ria e equil\u00edbrio ap\u00f3s os 65. Saiba por que especialistas recomendam evitar totalmente nessa fase.","breadcrumb":{"@id":"https:\/\/www.em.com.br\/emfoco\/2025\/12\/01\/neurologista-alerta-sobre-o-consumo-de-alcool-em-pessoas-com-mais-de-65-anos\/#breadcrumb"},"inLanguage":"pt-BR","potentialAction":[{"@type":"ReadAction","target":["https:\/\/www.em.com.br\/emfoco\/2025\/12\/01\/neurologista-alerta-sobre-o-consumo-de-alcool-em-pessoas-com-mais-de-65-anos\/"]}]},{"@type":"ImageObject","inLanguage":"pt-BR","@id":"https:\/\/www.em.com.br\/emfoco\/2025\/12\/01\/neurologista-alerta-sobre-o-consumo-de-alcool-em-pessoas-com-mais-de-65-anos\/#primaryimage","url":"https:\/\/www.em.com.br\/emfoco\/wp-content\/uploads\/2025\/11\/Idoso-alcool_1764374605778.jpg","contentUrl":"https:\/\/www.em.com.br\/emfoco\/wp-content\/uploads\/2025\/11\/Idoso-alcool_1764374605778.jpg","width":1280,"height":720,"caption":"O \u00e1lcool acelera o decl\u00ednio cognitivo e prejudica o c\u00e9rebro idoso - Cr\u00e9ditos: depositphotos.com \/ serezniy"},{"@type":"BreadcrumbList","@id":"https:\/\/www.em.com.br\/emfoco\/2025\/12\/01\/neurologista-alerta-sobre-o-consumo-de-alcool-em-pessoas-com-mais-de-65-anos\/#breadcrumb","itemListElement":[{"@type":"ListItem","position":1,"name":"In\u00edcio","item":"https:\/\/www.em.com.br\/emfoco\/"},{"@type":"ListItem","position":2,"name":"Neurologista alerta sobre o consumo de \u00e1lcool em pessoas com mais de 65 anos"}]},{"@type":"WebSite","@id":"https:\/\/www.em.com.br\/emfoco\/#website","url":"https:\/\/www.em.com.br\/emfoco\/","name":"Estado de Minas - Em foco","description":"Acompanhe as \u00faltimas not\u00edcias e fique bem informado sobre tudo o que acontece em Minas Gerais, Brasil e no mundo.","potentialAction":[{"@type":"SearchAction","target":{"@type":"EntryPoint","urlTemplate":"https:\/\/www.em.com.br\/emfoco\/?s={search_term_string}"},"query-input":{"@type":"PropertyValueSpecification","valueRequired":true,"valueName":"search_term_string"}}],"inLanguage":"pt-BR"},{"@type":"Person","@id":"https:\/\/www.em.com.br\/emfoco\/#\/schema\/person\/1c9ddeab18b98abeffef834667bcf08a","name":"Gabriel Martins","image":{"@type":"ImageObject","inLanguage":"pt-BR","@id":"https:\/\/www.em.com.br\/emfoco\/#\/schema\/person\/image\/","url":"https:\/\/secure.gravatar.com\/avatar\/f0f1e2efdfd88f1ad2cb08c5c2731e50?s=96&d=mm&r=g","contentUrl":"https:\/\/secure.gravatar.com\/avatar\/f0f1e2efdfd88f1ad2cb08c5c2731e50?s=96&d=mm&r=g","caption":"Gabriel Martins"},"sameAs":["https:\/\/www.em.com.br\/emfoco\/"],"url":"https:\/\/www.em.com.br\/emfoco\/author\/gabrielmartinsmyth\/"}]}},"_links":{"self":[{"href":"https:\/\/www.em.com.br\/emfoco\/wp-json\/wp\/v2\/posts\/133434","targetHints":{"allow":["GET"]}}],"collection":[{"href":"https:\/\/www.em.com.br\/emfoco\/wp-json\/wp\/v2\/posts"}],"about":[{"href":"https:\/\/www.em.com.br\/emfoco\/wp-json\/wp\/v2\/types\/post"}],"author":[{"embeddable":true,"href":"https:\/\/www.em.com.br\/emfoco\/wp-json\/wp\/v2\/users\/13"}],"replies":[{"embeddable":true,"href":"https:\/\/www.em.com.br\/emfoco\/wp-json\/wp\/v2\/comments?post=133434"}],"version-history":[{"count":2,"href":"https:\/\/www.em.com.br\/emfoco\/wp-json\/wp\/v2\/posts\/133434\/revisions"}],"predecessor-version":[{"id":133838,"href":"https:\/\/www.em.com.br\/emfoco\/wp-json\/wp\/v2\/posts\/133434\/revisions\/133838"}],"wp:featuredmedia":[{"embeddable":true,"href":"https:\/\/www.em.com.br\/emfoco\/wp-json\/wp\/v2\/media\/133461"}],"wp:attachment":[{"href":"https:\/\/www.em.com.br\/emfoco\/wp-json\/wp\/v2\/media?parent=133434"}],"wp:term":[{"taxonomy":"category","embeddable":true,"href":"https:\/\/www.em.com.br\/emfoco\/wp-json\/wp\/v2\/categories?post=133434"},{"taxonomy":"post_tag","embeddable":true,"href":"https:\/\/www.em.com.br\/emfoco\/wp-json\/wp\/v2\/tags?post=133434"}],"curies":[{"name":"wp","href":"https:\/\/api.w.org\/{rel}","templated":true}]}}