{"id":133433,"date":"2025-12-01T10:25:00","date_gmt":"2025-12-01T13:25:00","guid":{"rendered":"https:\/\/www.em.com.br\/emfoco\/?p=133433"},"modified":"2025-11-28T21:03:00","modified_gmt":"2025-11-29T00:03:00","slug":"veja-como-usar-o-limao-do-jeito-certo-para-fortalecer-seu-corpo-de-dentro-para-fora","status":"publish","type":"post","link":"https:\/\/www.em.com.br\/emfoco\/2025\/12\/01\/veja-como-usar-o-limao-do-jeito-certo-para-fortalecer-seu-corpo-de-dentro-para-fora\/","title":{"rendered":"Veja como usar o lim\u00e3o do jeito certo para fortalecer seu corpo de dentro para fora"},"content":{"rendered":"\n<p>O consumo regular de <strong>lim\u00e3o<\/strong> pode melhorar a imunidade, proteger a sa\u00fade intestinal e enriquecer a alimenta\u00e7\u00e3o com antioxidantes naturais. Simples e vers\u00e1til, ele \u00e9 aliado poderoso de quem busca bem-estar acess\u00edvel.<\/p>\n\n\n\n<h2 class=\"wp-block-heading\">Como o lim\u00e3o atua no fortalecimento do sistema imunol\u00f3gico?<\/h2>\n\n\n\n<p>Rico em <strong><a href=\"https:\/\/www.benegrip.com.br\/saude\/vitaminas\/beneficios-da-vitamina-c\" target=\"_blank\" rel=\"noreferrer noopener\">vitamina C<\/a><\/strong>, o lim\u00e3o ajuda o corpo a produzir col\u00e1geno e protege as c\u00e9lulas contra os radicais livres. Esse efeito antioxidante \u00e9 essencial para refor\u00e7ar a imunidade e prevenir gripes, resfriados e infec\u00e7\u00f5es leves.<\/p>\n\n\n\n<p>Segundo a <strong>Cleveland Clinic<\/strong>, o lim\u00e3o tamb\u00e9m estimula a <strong>absor\u00e7\u00e3o de ferro vegetal<\/strong>, um mineral fundamental para prevenir anemia. Quando consumido com vegetais folhosos, potencializa a nutri\u00e7\u00e3o e melhora a energia di\u00e1ria.<\/p>\n\n\n\n<figure class=\"wp-block-image size-large\"><img loading=\"lazy\" decoding=\"async\" width=\"1024\" height=\"576\" src=\"https:\/\/www.em.com.br\/emfoco\/wp-content\/uploads\/2025\/11\/limao_1764374504026-1024x576.jpg\" alt=\"Veja como usar o lim\u00e3o do jeito certo para fortalecer seu corpo de dentro para fora\" class=\"wp-image-133458\" srcset=\"https:\/\/www.em.com.br\/emfoco\/wp-content\/uploads\/2025\/11\/limao_1764374504026-1024x576.jpg 1024w, https:\/\/www.em.com.br\/emfoco\/wp-content\/uploads\/2025\/11\/limao_1764374504026-300x169.jpg 300w, https:\/\/www.em.com.br\/emfoco\/wp-content\/uploads\/2025\/11\/limao_1764374504026-768x432.jpg 768w, https:\/\/www.em.com.br\/emfoco\/wp-content\/uploads\/2025\/11\/limao_1764374504026-750x422.jpg 750w, https:\/\/www.em.com.br\/emfoco\/wp-content\/uploads\/2025\/11\/limao_1764374504026-1140x641.jpg 1140w, https:\/\/www.em.com.br\/emfoco\/wp-content\/uploads\/2025\/11\/limao_1764374504026.jpg 1280w\" sizes=\"auto, (max-width: 1024px) 100vw, 1024px\" \/><figcaption class=\"wp-element-caption\">A vitamina C estimula col\u00e1geno e refor\u00e7a defesas contra infec\u00e7\u00f5es leves &#8211; Cr\u00e9ditos: depositphotos.com \/ AntonMatyukha<\/figcaption><\/figure>\n\n\n\n<h2 class=\"wp-block-heading\">Por que usar todas as partes do lim\u00e3o amplia seus benef\u00edcios?<\/h2>\n\n\n\n<p>Para aproveitar ao m\u00e1ximo os efeitos dessa fruta, o ideal \u00e9 incluir o <strong>suco, a polpa e at\u00e9 parte da casca<\/strong> na alimenta\u00e7\u00e3o. Esses elementos concentram fibras, compostos antioxidantes e agentes naturais com a\u00e7\u00e3o antibacteriana.<\/p>\n\n\n\n<p>A seguir, veja formas pr\u00e1ticas de usar todas as partes do lim\u00e3o no dia a dia e enriquecer a dieta com mais sabor e nutrientes:<\/p>\n\n\n\n<ul class=\"wp-block-list\">\n<li>Adicione raspas da casca em sobremesas, molhos e infus\u00f5es, refor\u00e7ando o aroma e os antioxidantes naturais.<\/li>\n\n\n\n<li>Use o suco fresco em saladas, ch\u00e1s e \u00e1guas saborizadas para melhorar a digest\u00e3o e real\u00e7ar o sabor dos alimentos.<\/li>\n\n\n\n<li>Incorpore a polpa em receitas caseiras como mousses, marinadas ou molhos, garantindo fibras e saciedade.<\/li>\n<\/ul>\n\n\n\n<p><em>Leia mais: <strong><a href=\"https:\/\/www.em.com.br\/emfoco\/2025\/11\/15\/aprenda-a-plantar-limao-mesmo-em-espacos-muito-pequenos\/\" target=\"_blank\" rel=\"noreferrer noopener\">Aprenda a plantar lim\u00e3o mesmo em espa\u00e7os muito pequenos<\/a><\/strong><\/em><\/p>\n\n\n\n<h2 class=\"wp-block-heading\">Quais nutrientes essenciais o lim\u00e3o oferece ao organismo?<\/h2>\n\n\n\n<p>Al\u00e9m da vitamina C, o lim\u00e3o cont\u00e9m <strong>pot\u00e1ssio<\/strong>, que regula a press\u00e3o arterial e apoia o funcionamento muscular. \u00c9 um recurso natural para manter o sistema cardiovascular em equil\u00edbrio com uma simples adi\u00e7\u00e3o \u00e0 rotina.<\/p>\n\n\n\n<p>Outro ponto positivo est\u00e1 nas <strong>fibras da polpa e da casca<\/strong>, que promovem saciedade, controlam a glicemia e contribuem para um intestino saud\u00e1vel. Elas ajudam a evitar picos de a\u00e7\u00facar no sangue e reduzem o apetite excessivo.<\/p>\n\n\n\n<figure class=\"wp-block-image size-large\"><img loading=\"lazy\" decoding=\"async\" width=\"1024\" height=\"576\" src=\"https:\/\/www.em.com.br\/emfoco\/wp-content\/uploads\/2025\/11\/Limao-na-comida_1764374552271-1024x576.jpg\" alt=\"Veja como usar o lim\u00e3o do jeito certo para fortalecer seu corpo de dentro para fora\" class=\"wp-image-133459\" srcset=\"https:\/\/www.em.com.br\/emfoco\/wp-content\/uploads\/2025\/11\/Limao-na-comida_1764374552271-1024x576.jpg 1024w, https:\/\/www.em.com.br\/emfoco\/wp-content\/uploads\/2025\/11\/Limao-na-comida_1764374552271-300x169.jpg 300w, https:\/\/www.em.com.br\/emfoco\/wp-content\/uploads\/2025\/11\/Limao-na-comida_1764374552271-768x432.jpg 768w, https:\/\/www.em.com.br\/emfoco\/wp-content\/uploads\/2025\/11\/Limao-na-comida_1764374552271-750x422.jpg 750w, https:\/\/www.em.com.br\/emfoco\/wp-content\/uploads\/2025\/11\/Limao-na-comida_1764374552271-1140x641.jpg 1140w, https:\/\/www.em.com.br\/emfoco\/wp-content\/uploads\/2025\/11\/Limao-na-comida_1764374552271.jpg 1280w\" sizes=\"auto, (max-width: 1024px) 100vw, 1024px\" \/><figcaption class=\"wp-element-caption\">Lim\u00e3o fornece pot\u00e1ssio e fibras que equilibram press\u00e3o e digest\u00e3o &#8211; Cr\u00e9ditos: depositphotos.com \/ VadimVasenin<\/figcaption><\/figure>\n\n\n\n<h2 class=\"wp-block-heading\">Como incluir o lim\u00e3o na alimenta\u00e7\u00e3o di\u00e1ria com praticidade?<\/h2>\n\n\n\n<p>Incorporar o lim\u00e3o \u00e0 dieta \u00e9 simples e eficaz, seja para real\u00e7ar sabores ou beneficiar a sa\u00fade. Do caf\u00e9 da manh\u00e3 ao jantar, suas possibilidades v\u00e3o muito al\u00e9m de temperar a salada.<\/p>\n\n\n\n<ul class=\"wp-block-list\">\n<li>Esprema algumas gotas sobre vegetais, peixes ou carnes para equilibrar o sabor e refor\u00e7ar os efeitos antibacterianos.<\/li>\n\n\n\n<li>Adicione fatias ou raspas no ch\u00e1, mate ou \u00e1gua com gelo, criando uma bebida refrescante e funcional.<\/li>\n\n\n\n<li>Experimente usar o lim\u00e3o em sobremesas, como mousse, bolo ou torta, unindo sabor e propriedades antioxidantes.<\/li>\n<\/ul>\n","protected":false},"excerpt":{"rendered":"<p>O consumo regular de lim\u00e3o pode melhorar a imunidade, proteger a sa\u00fade intestinal e enriquecer a alimenta\u00e7\u00e3o com antioxidantes naturais. Simples e vers\u00e1til, ele \u00e9 aliado poderoso de quem busca bem-estar acess\u00edvel. Como o lim\u00e3o atua no fortalecimento do sistema imunol\u00f3gico? Rico em vitamina C, o lim\u00e3o ajuda o corpo a produzir col\u00e1geno e protege [&hellip;]<\/p>\n","protected":false},"author":13,"featured_media":133457,"comment_status":"open","ping_status":"open","sticky":false,"template":"","format":"standard","meta":{"jnews-multi-image_gallery":[],"jnews_single_post":{"format":"standard"},"jnews_primary_category":[],"jnews_social_meta":[],"jnews_override_counter":[],"footnotes":""},"categories":[9053],"tags":[3110,3108,19483],"class_list":["post-133433","post","type-post","status-publish","format-standard","has-post-thumbnail","hentry","category-saude","tag-beneficios-do-limao","tag-limao","tag-melhorar-a-digestao"],"yoast_head":"<!-- This site is optimized with the Yoast SEO plugin v23.8 - https:\/\/yoast.com\/wordpress\/plugins\/seo\/ -->\n<title>Veja como usar o lim\u00e3o do jeito certo para fortalecer seu corpo de dentro para fora - Estado de Minas - Em foco<\/title>\n<meta name=\"description\" content=\"O lim\u00e3o fortalece a imunidade, protege o intestino e fornece antioxidantes. Saiba como usar todas as partes e ampliar seus efeitos.\" \/>\n<meta name=\"robots\" content=\"index, follow, max-snippet:-1, max-image-preview:large, max-video-preview:-1\" \/>\n<link rel=\"canonical\" href=\"https:\/\/www.em.com.br\/emfoco\/2025\/12\/01\/veja-como-usar-o-limao-do-jeito-certo-para-fortalecer-seu-corpo-de-dentro-para-fora\/\" \/>\n<meta property=\"og:locale\" content=\"pt_BR\" \/>\n<meta property=\"og:type\" content=\"article\" \/>\n<meta property=\"og:title\" content=\"Veja como usar o lim\u00e3o do jeito certo para fortalecer seu corpo de dentro para fora - Estado de Minas - Em foco\" \/>\n<meta property=\"og:description\" content=\"O lim\u00e3o fortalece a imunidade, protege o intestino e fornece antioxidantes. Saiba como usar todas as partes e ampliar seus efeitos.\" \/>\n<meta property=\"og:url\" content=\"https:\/\/www.em.com.br\/emfoco\/2025\/12\/01\/veja-como-usar-o-limao-do-jeito-certo-para-fortalecer-seu-corpo-de-dentro-para-fora\/\" \/>\n<meta property=\"og:site_name\" content=\"Estado de Minas - Em foco\" \/>\n<meta property=\"article:published_time\" content=\"2025-12-01T13:25:00+00:00\" \/>\n<meta property=\"article:modified_time\" content=\"2025-11-29T00:03:00+00:00\" \/>\n<meta property=\"og:image\" content=\"https:\/\/www.em.com.br\/emfoco\/wp-content\/uploads\/2025\/11\/limao_1764374474347.jpg\" \/>\n\t<meta property=\"og:image:width\" content=\"1280\" \/>\n\t<meta property=\"og:image:height\" content=\"720\" \/>\n\t<meta property=\"og:image:type\" content=\"image\/jpeg\" \/>\n<meta name=\"author\" content=\"Gabriel Martins\" \/>\n<meta name=\"twitter:card\" content=\"summary_large_image\" \/>\n<meta name=\"twitter:label1\" content=\"Escrito por\" \/>\n\t<meta name=\"twitter:data1\" content=\"Gabriel Martins\" \/>\n\t<meta name=\"twitter:label2\" content=\"Est. tempo de leitura\" \/>\n\t<meta name=\"twitter:data2\" content=\"4 minutos\" \/>\n<!-- \/ Yoast SEO plugin. -->","yoast_head_json":{"title":"Veja como usar o lim\u00e3o do jeito certo para fortalecer seu corpo de dentro para fora - Estado de Minas - Em foco","description":"O lim\u00e3o fortalece a imunidade, protege o intestino e fornece antioxidantes. Saiba como usar todas as partes e ampliar seus efeitos.","robots":{"index":"index","follow":"follow","max-snippet":"max-snippet:-1","max-image-preview":"max-image-preview:large","max-video-preview":"max-video-preview:-1"},"canonical":"https:\/\/www.em.com.br\/emfoco\/2025\/12\/01\/veja-como-usar-o-limao-do-jeito-certo-para-fortalecer-seu-corpo-de-dentro-para-fora\/","og_locale":"pt_BR","og_type":"article","og_title":"Veja como usar o lim\u00e3o do jeito certo para fortalecer seu corpo de dentro para fora - Estado de Minas - Em foco","og_description":"O lim\u00e3o fortalece a imunidade, protege o intestino e fornece antioxidantes. Saiba como usar todas as partes e ampliar seus efeitos.","og_url":"https:\/\/www.em.com.br\/emfoco\/2025\/12\/01\/veja-como-usar-o-limao-do-jeito-certo-para-fortalecer-seu-corpo-de-dentro-para-fora\/","og_site_name":"Estado de Minas - Em foco","article_published_time":"2025-12-01T13:25:00+00:00","article_modified_time":"2025-11-29T00:03:00+00:00","og_image":[{"width":1280,"height":720,"url":"https:\/\/www.em.com.br\/emfoco\/wp-content\/uploads\/2025\/11\/limao_1764374474347.jpg","type":"image\/jpeg"}],"author":"Gabriel Martins","twitter_card":"summary_large_image","twitter_misc":{"Escrito por":"Gabriel Martins","Est. tempo de leitura":"4 minutos"},"schema":{"@context":"https:\/\/schema.org","@graph":[{"@type":"WebPage","@id":"https:\/\/www.em.com.br\/emfoco\/2025\/12\/01\/veja-como-usar-o-limao-do-jeito-certo-para-fortalecer-seu-corpo-de-dentro-para-fora\/","url":"https:\/\/www.em.com.br\/emfoco\/2025\/12\/01\/veja-como-usar-o-limao-do-jeito-certo-para-fortalecer-seu-corpo-de-dentro-para-fora\/","name":"Veja como usar o lim\u00e3o do jeito certo para fortalecer seu corpo de dentro para fora - Estado de Minas - Em foco","isPartOf":{"@id":"https:\/\/www.em.com.br\/emfoco\/#website"},"primaryImageOfPage":{"@id":"https:\/\/www.em.com.br\/emfoco\/2025\/12\/01\/veja-como-usar-o-limao-do-jeito-certo-para-fortalecer-seu-corpo-de-dentro-para-fora\/#primaryimage"},"image":{"@id":"https:\/\/www.em.com.br\/emfoco\/2025\/12\/01\/veja-como-usar-o-limao-do-jeito-certo-para-fortalecer-seu-corpo-de-dentro-para-fora\/#primaryimage"},"thumbnailUrl":"https:\/\/www.em.com.br\/emfoco\/wp-content\/uploads\/2025\/11\/limao_1764374474347.jpg","datePublished":"2025-12-01T13:25:00+00:00","dateModified":"2025-11-29T00:03:00+00:00","author":{"@id":"https:\/\/www.em.com.br\/emfoco\/#\/schema\/person\/1c9ddeab18b98abeffef834667bcf08a"},"description":"O lim\u00e3o fortalece a imunidade, protege o intestino e fornece antioxidantes. Saiba como usar todas as partes e ampliar seus efeitos.","breadcrumb":{"@id":"https:\/\/www.em.com.br\/emfoco\/2025\/12\/01\/veja-como-usar-o-limao-do-jeito-certo-para-fortalecer-seu-corpo-de-dentro-para-fora\/#breadcrumb"},"inLanguage":"pt-BR","potentialAction":[{"@type":"ReadAction","target":["https:\/\/www.em.com.br\/emfoco\/2025\/12\/01\/veja-como-usar-o-limao-do-jeito-certo-para-fortalecer-seu-corpo-de-dentro-para-fora\/"]}]},{"@type":"ImageObject","inLanguage":"pt-BR","@id":"https:\/\/www.em.com.br\/emfoco\/2025\/12\/01\/veja-como-usar-o-limao-do-jeito-certo-para-fortalecer-seu-corpo-de-dentro-para-fora\/#primaryimage","url":"https:\/\/www.em.com.br\/emfoco\/wp-content\/uploads\/2025\/11\/limao_1764374474347.jpg","contentUrl":"https:\/\/www.em.com.br\/emfoco\/wp-content\/uploads\/2025\/11\/limao_1764374474347.jpg","width":1280,"height":720,"caption":"O lim\u00e3o fortalece a imunidade e melhora a sa\u00fade intestinal naturalmente - Cr\u00e9ditos: depositphotos.com \/ SergPoznanskiy"},{"@type":"BreadcrumbList","@id":"https:\/\/www.em.com.br\/emfoco\/2025\/12\/01\/veja-como-usar-o-limao-do-jeito-certo-para-fortalecer-seu-corpo-de-dentro-para-fora\/#breadcrumb","itemListElement":[{"@type":"ListItem","position":1,"name":"In\u00edcio","item":"https:\/\/www.em.com.br\/emfoco\/"},{"@type":"ListItem","position":2,"name":"Veja como usar o lim\u00e3o do jeito certo para fortalecer seu corpo de dentro para fora"}]},{"@type":"WebSite","@id":"https:\/\/www.em.com.br\/emfoco\/#website","url":"https:\/\/www.em.com.br\/emfoco\/","name":"Estado de Minas - Em foco","description":"Acompanhe as \u00faltimas not\u00edcias e fique bem informado sobre tudo o que acontece em Minas Gerais, Brasil e no mundo.","potentialAction":[{"@type":"SearchAction","target":{"@type":"EntryPoint","urlTemplate":"https:\/\/www.em.com.br\/emfoco\/?s={search_term_string}"},"query-input":{"@type":"PropertyValueSpecification","valueRequired":true,"valueName":"search_term_string"}}],"inLanguage":"pt-BR"},{"@type":"Person","@id":"https:\/\/www.em.com.br\/emfoco\/#\/schema\/person\/1c9ddeab18b98abeffef834667bcf08a","name":"Gabriel Martins","image":{"@type":"ImageObject","inLanguage":"pt-BR","@id":"https:\/\/www.em.com.br\/emfoco\/#\/schema\/person\/image\/","url":"https:\/\/secure.gravatar.com\/avatar\/f0f1e2efdfd88f1ad2cb08c5c2731e50?s=96&d=mm&r=g","contentUrl":"https:\/\/secure.gravatar.com\/avatar\/f0f1e2efdfd88f1ad2cb08c5c2731e50?s=96&d=mm&r=g","caption":"Gabriel Martins"},"sameAs":["https:\/\/www.em.com.br\/emfoco\/"],"url":"https:\/\/www.em.com.br\/emfoco\/author\/gabrielmartinsmyth\/"}]}},"_links":{"self":[{"href":"https:\/\/www.em.com.br\/emfoco\/wp-json\/wp\/v2\/posts\/133433","targetHints":{"allow":["GET"]}}],"collection":[{"href":"https:\/\/www.em.com.br\/emfoco\/wp-json\/wp\/v2\/posts"}],"about":[{"href":"https:\/\/www.em.com.br\/emfoco\/wp-json\/wp\/v2\/types\/post"}],"author":[{"embeddable":true,"href":"https:\/\/www.em.com.br\/emfoco\/wp-json\/wp\/v2\/users\/13"}],"replies":[{"embeddable":true,"href":"https:\/\/www.em.com.br\/emfoco\/wp-json\/wp\/v2\/comments?post=133433"}],"version-history":[{"count":1,"href":"https:\/\/www.em.com.br\/emfoco\/wp-json\/wp\/v2\/posts\/133433\/revisions"}],"predecessor-version":[{"id":133460,"href":"https:\/\/www.em.com.br\/emfoco\/wp-json\/wp\/v2\/posts\/133433\/revisions\/133460"}],"wp:featuredmedia":[{"embeddable":true,"href":"https:\/\/www.em.com.br\/emfoco\/wp-json\/wp\/v2\/media\/133457"}],"wp:attachment":[{"href":"https:\/\/www.em.com.br\/emfoco\/wp-json\/wp\/v2\/media?parent=133433"}],"wp:term":[{"taxonomy":"category","embeddable":true,"href":"https:\/\/www.em.com.br\/emfoco\/wp-json\/wp\/v2\/categories?post=133433"},{"taxonomy":"post_tag","embeddable":true,"href":"https:\/\/www.em.com.br\/emfoco\/wp-json\/wp\/v2\/tags?post=133433"}],"curies":[{"name":"wp","href":"https:\/\/api.w.org\/{rel}","templated":true}]}}