{"id":133381,"date":"2025-12-05T16:05:00","date_gmt":"2025-12-05T19:05:00","guid":{"rendered":"https:\/\/www.em.com.br\/emfoco\/?p=133381"},"modified":"2025-12-04T14:02:33","modified_gmt":"2025-12-04T17:02:33","slug":"sua-camera-pode-estar-ativa-sem-voce-saber-o-aviso-que-faz-muita-gente-colar-fita-adesiva-no-celular","status":"publish","type":"post","link":"https:\/\/www.em.com.br\/emfoco\/2025\/12\/05\/sua-camera-pode-estar-ativa-sem-voce-saber-o-aviso-que-faz-muita-gente-colar-fita-adesiva-no-celular\/","title":{"rendered":"Sua c\u00e2mera pode estar ativa sem voc\u00ea saber: o aviso que faz muita gente colar fita adesiva no celular"},"content":{"rendered":"\n<p>A seguran\u00e7a digital tornou-se um tema crucial na era tecnol\u00f3gica atual, em que o crescimento de dispositivos conectados aumenta tamb\u00e9m as amea\u00e7as cibern\u00e9ticas. Os crimes inform\u00e1ticos v\u00e3o al\u00e9m do roubo de dados, alcan\u00e7ando o acesso n\u00e3o autorizado a dispositivos pessoais, especialmente aparelhos com c\u00e2meras, como celulares e computadores.<\/p>\n\n\n\n<h2 class=\"wp-block-heading\">Como o software malicioso amea\u00e7a a privacidade digital<\/h2>\n\n\n\n<p>O uso de\u00a0<strong>software malicioso<\/strong>, conhecido como malware, \u00e9 uma das principais maneiras de cibercriminosos controlarem dispositivos de terceiros. Esse <a href=\"https:\/\/www.ibm.com\/br-pt\/think\/topics\/malware\" target=\"_blank\" rel=\"noreferrer noopener\">malware <\/a>pode ser instalado ao baixar arquivos infectados, visitar sites perigosos ou instalar aplicativos de fontes desconhecidas.<\/p>\n\n\n\n<p>Entre os riscos est\u00e1 o acesso n\u00e3o autorizado \u00e0 c\u00e2mera frontal dos celulares, que pode comprometer a privacidade do usu\u00e1rio ao permitir a captura de imagens e v\u00eddeos sem consentimento.<\/p>\n\n\n\n<figure class=\"wp-block-image size-large\"><img loading=\"lazy\" decoding=\"async\" width=\"1024\" height=\"576\" src=\"https:\/\/www.em.com.br\/emfoco\/wp-content\/uploads\/2025\/12\/Gemini_Generated_Image_hf4cl8hf4cl8hf4c-1-1024x576.png\" alt=\"\" class=\"wp-image-135611\" srcset=\"https:\/\/www.em.com.br\/emfoco\/wp-content\/uploads\/2025\/12\/Gemini_Generated_Image_hf4cl8hf4cl8hf4c-1-1024x576.png 1024w, https:\/\/www.em.com.br\/emfoco\/wp-content\/uploads\/2025\/12\/Gemini_Generated_Image_hf4cl8hf4cl8hf4c-1-300x169.png 300w, https:\/\/www.em.com.br\/emfoco\/wp-content\/uploads\/2025\/12\/Gemini_Generated_Image_hf4cl8hf4cl8hf4c-1-768x432.png 768w, https:\/\/www.em.com.br\/emfoco\/wp-content\/uploads\/2025\/12\/Gemini_Generated_Image_hf4cl8hf4cl8hf4c-1-750x422.png 750w, https:\/\/www.em.com.br\/emfoco\/wp-content\/uploads\/2025\/12\/Gemini_Generated_Image_hf4cl8hf4cl8hf4c-1-1140x641.png 1140w, https:\/\/www.em.com.br\/emfoco\/wp-content\/uploads\/2025\/12\/Gemini_Generated_Image_hf4cl8hf4cl8hf4c-1.png 1280w\" sizes=\"auto, (max-width: 1024px) 100vw, 1024px\" \/><\/figure>\n\n\n\n<h2 class=\"wp-block-heading\">\u00c9 importante cobrir a c\u00e2mera do celular?<\/h2>\n\n\n\n<p>Cobrir a c\u00e2mera frontal do celular \u00e9 uma pr\u00e1tica simples e eficaz para evitar acessos indesejados. Esse m\u00e9todo de ciberseguran\u00e7a pode impedir que o malware ative a c\u00e2mera, protegendo a privacidade do usu\u00e1rio.<\/p>\n\n\n\n<p>O cuidado tamb\u00e9m se estende aos&nbsp;<strong>computadores pessoais<\/strong>, cujas webcams s\u00e3o frequentemente cobertas com fita adesiva, conforme recomenda\u00e7\u00e3o de especialistas em seguran\u00e7a.<\/p>\n\n\n\n<h2 class=\"wp-block-heading\">Como ocorre o golpe da videochamada e o impacto na seguran\u00e7a<\/h2>\n\n\n\n<p>Um exemplo de vulnerabilidade \u00e9 o <a href=\"https:\/\/www.em.com.br\/emfoco\/2025\/11\/29\/pais-atencao-novos-golpes-miram-criancas-no-whatsapp-veja-como-ativar-protecoes-essenciais\/\" target=\"_blank\" rel=\"noreferrer noopener\">golpe <\/a>da videochamada. Cibercriminosos que obt\u00eam acesso \u00e0 conta do\u00a0<strong>WhatsApp<\/strong>\u00a0podem se passar por conhecidos da v\u00edtima e enganar outros contatos.<\/p>\n\n\n\n<p>Durante a chamada, eles pedem o compartilhamento de tela sob o pretexto de resolver problemas t\u00e9cnicos no aplicativo, colocando a v\u00edtima em risco.<\/p>\n\n\n\n<h2 class=\"wp-block-heading\">Quais s\u00e3o os riscos para o usu\u00e1rio durante o golpe?<\/h2>\n\n\n\n<p>Ao compartilhar a tela, a v\u00edtima possibilita o acesso dos golpistas ao c\u00f3digo de verifica\u00e7\u00e3o do&nbsp;<strong>WhatsApp<\/strong>, permitindo a execu\u00e7\u00e3o de a\u00e7\u00f5es maliciosas. Isso pode resultar em bloqueio de contas ou na extra\u00e7\u00e3o de dados pessoais.<\/p>\n\n\n\n<figure class=\"wp-block-image\"><img decoding=\"async\" src=\"https:\/\/www.em.com.br\/emfoco\/wp-content\/uploads\/2025\/12\/Gemini_Generated_Image_9s6up99s6up99s6u-1-1024x576.png\" alt=\"\"\/><figcaption class=\"wp-element-caption\">Especialistas recomendam cobrir a c\u00e2mera do celular<\/figcaption><\/figure>\n\n\n\n<p>Para evitar esse tipo de ataque, esteja atento \u00e0s seguintes orienta\u00e7\u00f5es de seguran\u00e7a no uso de aplicativos de mensagens:<\/p>\n\n\n\n<ul class=\"wp-block-list\">\n<li>Desconfie de solicita\u00e7\u00f5es incomuns, mesmo de contatos conhecidos.<\/li>\n\n\n\n<li>Nunca compartilhe informa\u00e7\u00f5es sens\u00edveis durante videochamadas.<\/li>\n\n\n\n<li>Mantenha seu&nbsp;<strong>WhatsApp<\/strong>&nbsp;e outros aplicativos sempre atualizados.<\/li>\n<\/ul>\n\n\n\n<h2 class=\"wp-block-heading\">Quais atitudes fortalecem a seguran\u00e7a pessoal digital?<\/h2>\n\n\n\n<p>Com o avan\u00e7o das tecnologias, as amea\u00e7as cibern\u00e9ticas tornam-se mais sofisticadas. Por isso, a prote\u00e7\u00e3o depende tanto das empresas desenvolvedoras quanto dos pr\u00f3prios usu\u00e1rios.<\/p>\n\n\n\n<p>Adotar a\u00e7\u00f5es simples, como cobrir a c\u00e2mera do celular, atualizar dispositivos regularmente e desconfiar de comunica\u00e7\u00f5es suspeitas, s\u00e3o passos fundamentais para fortalecer a seguran\u00e7a digital no dia a dia.<\/p>\n\n\n\n<p><\/p>\n","protected":false},"excerpt":{"rendered":"<p>A seguran\u00e7a digital tornou-se um tema crucial na era tecnol\u00f3gica atual, em que o crescimento de dispositivos conectados aumenta tamb\u00e9m as amea\u00e7as cibern\u00e9ticas. Os crimes inform\u00e1ticos v\u00e3o al\u00e9m do roubo de dados, alcan\u00e7ando o acesso n\u00e3o autorizado a dispositivos pessoais, especialmente aparelhos com c\u00e2meras, como celulares e computadores. Como o software malicioso amea\u00e7a a privacidade [&hellip;]<\/p>\n","protected":false},"author":11,"featured_media":135620,"comment_status":"open","ping_status":"open","sticky":false,"template":"","format":"standard","meta":{"jnews-multi-image_gallery":[],"jnews_single_post":{"format":"standard"},"jnews_primary_category":[],"jnews_social_meta":[],"jnews_override_counter":[],"footnotes":""},"categories":[1,4204],"tags":[2580,19786,749,850,182],"class_list":["post-133381","post","type-post","status-publish","format-standard","has-post-thumbnail","hentry","category-noticias","category-tecnologia","tag-celular","tag-cobrir-a-camera-do-celular","tag-golpe","tag-privacidade","tag-seguranca"],"yoast_head":"<!-- This site is optimized with the Yoast SEO plugin v23.8 - https:\/\/yoast.com\/wordpress\/plugins\/seo\/ -->\n<title>Sua c\u00e2mera pode estar ativa sem voc\u00ea saber: o aviso que faz muita gente colar fita adesiva no celular - Estado de Minas - Em foco<\/title>\n<meta name=\"description\" content=\"Com o avan\u00e7o de malware e golpes por videochamada, cobrir a c\u00e2mera do celular se torna h\u00e1bito necess\u00e1rio para proteger dados pessoais.\" \/>\n<meta name=\"robots\" content=\"index, follow, max-snippet:-1, max-image-preview:large, max-video-preview:-1\" \/>\n<link rel=\"canonical\" href=\"https:\/\/www.em.com.br\/emfoco\/2025\/12\/05\/sua-camera-pode-estar-ativa-sem-voce-saber-o-aviso-que-faz-muita-gente-colar-fita-adesiva-no-celular\/\" \/>\n<meta property=\"og:locale\" content=\"pt_BR\" \/>\n<meta property=\"og:type\" content=\"article\" \/>\n<meta property=\"og:title\" content=\"Sua c\u00e2mera pode estar ativa sem voc\u00ea saber: o aviso que faz muita gente colar fita adesiva no celular - Estado de Minas - Em foco\" \/>\n<meta property=\"og:description\" content=\"Com o avan\u00e7o de malware e golpes por videochamada, cobrir a c\u00e2mera do celular se torna h\u00e1bito necess\u00e1rio para proteger dados pessoais.\" \/>\n<meta property=\"og:url\" content=\"https:\/\/www.em.com.br\/emfoco\/2025\/12\/05\/sua-camera-pode-estar-ativa-sem-voce-saber-o-aviso-que-faz-muita-gente-colar-fita-adesiva-no-celular\/\" \/>\n<meta property=\"og:site_name\" content=\"Estado de Minas - Em foco\" \/>\n<meta property=\"article:published_time\" content=\"2025-12-05T19:05:00+00:00\" \/>\n<meta property=\"article:modified_time\" content=\"2025-12-04T17:02:33+00:00\" \/>\n<meta property=\"og:image\" content=\"https:\/\/www.em.com.br\/emfoco\/wp-content\/uploads\/2025\/12\/Gemini_Generated_Image_wauewcwauewcwaue-1.png\" \/>\n\t<meta property=\"og:image:width\" content=\"1280\" \/>\n\t<meta property=\"og:image:height\" content=\"720\" \/>\n\t<meta property=\"og:image:type\" content=\"image\/png\" \/>\n<meta name=\"author\" content=\"Andre\u0301 Rangel\u00a0\" \/>\n<meta name=\"twitter:card\" content=\"summary_large_image\" \/>\n<meta name=\"twitter:label1\" content=\"Escrito por\" \/>\n\t<meta name=\"twitter:data1\" content=\"Andre\u0301 Rangel\u00a0\" \/>\n\t<meta name=\"twitter:label2\" content=\"Est. tempo de leitura\" \/>\n\t<meta name=\"twitter:data2\" content=\"3 minutos\" \/>\n<!-- \/ Yoast SEO plugin. -->","yoast_head_json":{"title":"Sua c\u00e2mera pode estar ativa sem voc\u00ea saber: o aviso que faz muita gente colar fita adesiva no celular - Estado de Minas - Em foco","description":"Com o avan\u00e7o de malware e golpes por videochamada, cobrir a c\u00e2mera do celular se torna h\u00e1bito necess\u00e1rio para proteger dados pessoais.","robots":{"index":"index","follow":"follow","max-snippet":"max-snippet:-1","max-image-preview":"max-image-preview:large","max-video-preview":"max-video-preview:-1"},"canonical":"https:\/\/www.em.com.br\/emfoco\/2025\/12\/05\/sua-camera-pode-estar-ativa-sem-voce-saber-o-aviso-que-faz-muita-gente-colar-fita-adesiva-no-celular\/","og_locale":"pt_BR","og_type":"article","og_title":"Sua c\u00e2mera pode estar ativa sem voc\u00ea saber: o aviso que faz muita gente colar fita adesiva no celular - Estado de Minas - Em foco","og_description":"Com o avan\u00e7o de malware e golpes por videochamada, cobrir a c\u00e2mera do celular se torna h\u00e1bito necess\u00e1rio para proteger dados pessoais.","og_url":"https:\/\/www.em.com.br\/emfoco\/2025\/12\/05\/sua-camera-pode-estar-ativa-sem-voce-saber-o-aviso-que-faz-muita-gente-colar-fita-adesiva-no-celular\/","og_site_name":"Estado de Minas - Em foco","article_published_time":"2025-12-05T19:05:00+00:00","article_modified_time":"2025-12-04T17:02:33+00:00","og_image":[{"width":1280,"height":720,"url":"https:\/\/www.em.com.br\/emfoco\/wp-content\/uploads\/2025\/12\/Gemini_Generated_Image_wauewcwauewcwaue-1.png","type":"image\/png"}],"author":"Andre\u0301 Rangel\u00a0","twitter_card":"summary_large_image","twitter_misc":{"Escrito por":"Andre\u0301 Rangel\u00a0","Est. tempo de leitura":"3 minutos"},"schema":{"@context":"https:\/\/schema.org","@graph":[{"@type":"WebPage","@id":"https:\/\/www.em.com.br\/emfoco\/2025\/12\/05\/sua-camera-pode-estar-ativa-sem-voce-saber-o-aviso-que-faz-muita-gente-colar-fita-adesiva-no-celular\/","url":"https:\/\/www.em.com.br\/emfoco\/2025\/12\/05\/sua-camera-pode-estar-ativa-sem-voce-saber-o-aviso-que-faz-muita-gente-colar-fita-adesiva-no-celular\/","name":"Sua c\u00e2mera pode estar ativa sem voc\u00ea saber: o aviso que faz muita gente colar fita adesiva no celular - Estado de Minas - Em foco","isPartOf":{"@id":"https:\/\/www.em.com.br\/emfoco\/#website"},"primaryImageOfPage":{"@id":"https:\/\/www.em.com.br\/emfoco\/2025\/12\/05\/sua-camera-pode-estar-ativa-sem-voce-saber-o-aviso-que-faz-muita-gente-colar-fita-adesiva-no-celular\/#primaryimage"},"image":{"@id":"https:\/\/www.em.com.br\/emfoco\/2025\/12\/05\/sua-camera-pode-estar-ativa-sem-voce-saber-o-aviso-que-faz-muita-gente-colar-fita-adesiva-no-celular\/#primaryimage"},"thumbnailUrl":"https:\/\/www.em.com.br\/emfoco\/wp-content\/uploads\/2025\/12\/Gemini_Generated_Image_wauewcwauewcwaue-1.png","datePublished":"2025-12-05T19:05:00+00:00","dateModified":"2025-12-04T17:02:33+00:00","author":{"@id":"https:\/\/www.em.com.br\/emfoco\/#\/schema\/person\/60eda09c1fedf0d6891f4cef4b60b8b8"},"description":"Com o avan\u00e7o de malware e golpes por videochamada, cobrir a c\u00e2mera do celular se torna h\u00e1bito necess\u00e1rio para proteger dados pessoais.","breadcrumb":{"@id":"https:\/\/www.em.com.br\/emfoco\/2025\/12\/05\/sua-camera-pode-estar-ativa-sem-voce-saber-o-aviso-que-faz-muita-gente-colar-fita-adesiva-no-celular\/#breadcrumb"},"inLanguage":"pt-BR","potentialAction":[{"@type":"ReadAction","target":["https:\/\/www.em.com.br\/emfoco\/2025\/12\/05\/sua-camera-pode-estar-ativa-sem-voce-saber-o-aviso-que-faz-muita-gente-colar-fita-adesiva-no-celular\/"]}]},{"@type":"ImageObject","inLanguage":"pt-BR","@id":"https:\/\/www.em.com.br\/emfoco\/2025\/12\/05\/sua-camera-pode-estar-ativa-sem-voce-saber-o-aviso-que-faz-muita-gente-colar-fita-adesiva-no-celular\/#primaryimage","url":"https:\/\/www.em.com.br\/emfoco\/wp-content\/uploads\/2025\/12\/Gemini_Generated_Image_wauewcwauewcwaue-1.png","contentUrl":"https:\/\/www.em.com.br\/emfoco\/wp-content\/uploads\/2025\/12\/Gemini_Generated_Image_wauewcwauewcwaue-1.png","width":1280,"height":720,"caption":"Ciberataques motivam pr\u00e1tica de cobrir a c\u00e2mera"},{"@type":"BreadcrumbList","@id":"https:\/\/www.em.com.br\/emfoco\/2025\/12\/05\/sua-camera-pode-estar-ativa-sem-voce-saber-o-aviso-que-faz-muita-gente-colar-fita-adesiva-no-celular\/#breadcrumb","itemListElement":[{"@type":"ListItem","position":1,"name":"In\u00edcio","item":"https:\/\/www.em.com.br\/emfoco\/"},{"@type":"ListItem","position":2,"name":"Sua c\u00e2mera pode estar ativa sem voc\u00ea saber: o aviso que faz muita gente colar fita adesiva no celular"}]},{"@type":"WebSite","@id":"https:\/\/www.em.com.br\/emfoco\/#website","url":"https:\/\/www.em.com.br\/emfoco\/","name":"Estado de Minas - Em foco","description":"Acompanhe as \u00faltimas not\u00edcias e fique bem informado sobre tudo o que acontece em Minas Gerais, Brasil e no mundo.","potentialAction":[{"@type":"SearchAction","target":{"@type":"EntryPoint","urlTemplate":"https:\/\/www.em.com.br\/emfoco\/?s={search_term_string}"},"query-input":{"@type":"PropertyValueSpecification","valueRequired":true,"valueName":"search_term_string"}}],"inLanguage":"pt-BR"},{"@type":"Person","@id":"https:\/\/www.em.com.br\/emfoco\/#\/schema\/person\/60eda09c1fedf0d6891f4cef4b60b8b8","name":"Andre\u0301 Rangel\u00a0","image":{"@type":"ImageObject","inLanguage":"pt-BR","@id":"https:\/\/www.em.com.br\/emfoco\/#\/schema\/person\/image\/","url":"https:\/\/secure.gravatar.com\/avatar\/6234dc814c77c8ef6d8bba622c787efc?s=96&d=mm&r=g","contentUrl":"https:\/\/secure.gravatar.com\/avatar\/6234dc814c77c8ef6d8bba622c787efc?s=96&d=mm&r=g","caption":"Andre\u0301 Rangel\u00a0"},"url":"https:\/\/www.em.com.br\/emfoco\/author\/luizmyth\/"}]}},"_links":{"self":[{"href":"https:\/\/www.em.com.br\/emfoco\/wp-json\/wp\/v2\/posts\/133381","targetHints":{"allow":["GET"]}}],"collection":[{"href":"https:\/\/www.em.com.br\/emfoco\/wp-json\/wp\/v2\/posts"}],"about":[{"href":"https:\/\/www.em.com.br\/emfoco\/wp-json\/wp\/v2\/types\/post"}],"author":[{"embeddable":true,"href":"https:\/\/www.em.com.br\/emfoco\/wp-json\/wp\/v2\/users\/11"}],"replies":[{"embeddable":true,"href":"https:\/\/www.em.com.br\/emfoco\/wp-json\/wp\/v2\/comments?post=133381"}],"version-history":[{"count":4,"href":"https:\/\/www.em.com.br\/emfoco\/wp-json\/wp\/v2\/posts\/133381\/revisions"}],"predecessor-version":[{"id":135621,"href":"https:\/\/www.em.com.br\/emfoco\/wp-json\/wp\/v2\/posts\/133381\/revisions\/135621"}],"wp:featuredmedia":[{"embeddable":true,"href":"https:\/\/www.em.com.br\/emfoco\/wp-json\/wp\/v2\/media\/135620"}],"wp:attachment":[{"href":"https:\/\/www.em.com.br\/emfoco\/wp-json\/wp\/v2\/media?parent=133381"}],"wp:term":[{"taxonomy":"category","embeddable":true,"href":"https:\/\/www.em.com.br\/emfoco\/wp-json\/wp\/v2\/categories?post=133381"},{"taxonomy":"post_tag","embeddable":true,"href":"https:\/\/www.em.com.br\/emfoco\/wp-json\/wp\/v2\/tags?post=133381"}],"curies":[{"name":"wp","href":"https:\/\/api.w.org\/{rel}","templated":true}]}}