{"id":133374,"date":"2025-12-05T07:55:00","date_gmt":"2025-12-05T10:55:00","guid":{"rendered":"https:\/\/www.em.com.br\/emfoco\/?p=133374"},"modified":"2025-12-04T14:01:16","modified_gmt":"2025-12-04T17:01:16","slug":"o-que-significa-segundo-a-psicologia-a-necessidade-de-ter-tudo-organizado-o-tempo-todo","status":"publish","type":"post","link":"https:\/\/www.em.com.br\/emfoco\/2025\/12\/05\/o-que-significa-segundo-a-psicologia-a-necessidade-de-ter-tudo-organizado-o-tempo-todo\/","title":{"rendered":"O que significa, segundo a psicologia, a necessidade de ter tudo organizado o tempo todo"},"content":{"rendered":"\n<p>A necessidade constante de manter tudo organizado pode parecer algo positivo ou inofensivo, mas a psicologia aponta que essa tend\u00eancia pode estar relacionada \u00e0 forma como lidamos com ansiedade, controle e sobrecarga de est\u00edmulos, funcionando como estrat\u00e9gia para regular emo\u00e7\u00f5es dif\u00edceis e trazendo sensa\u00e7\u00e3o de estabilidade diante de incertezas internas.<\/p>\n\n\n\n<h2 class=\"wp-block-heading\">O que leva algumas pessoas a buscar organiza\u00e7\u00e3o constante<\/h2>\n\n\n\n<p>O desejo de manter o ambiente sempre em ordem pode ter v\u00e1rias origens. Muitas vezes, esse impulso est\u00e1 associado ao perfeccionismo, quando a pessoa estabelece padr\u00f5es elevados e teme cometer falhas.<\/p>\n\n\n\n<p>Segundo especialistas, o <a href=\"https:\/\/contipsicologia.com.br\/perfeccionismo-e-autoexigencia-quando-a-busca-pela-excelencia-se-torna-um-fardo\/\" target=\"_blank\" rel=\"noreferrer noopener\">perfeccionismo e a autoexig\u00eancia <\/a>contribuem para a busca por ordem como maneira de evitar sentimentos negativos, tornando a organiza\u00e7\u00e3o uma resposta comum \u00e0 ansiedade.<\/p>\n\n\n\n<h2 class=\"wp-block-heading\">A busca por organiza\u00e7\u00e3o est\u00e1 ligada apenas ao controle emocional?<\/h2>\n\n\n\n<p>A necessidade de organizar n\u00e3o se resume ao desejo de controlar. Pode tamb\u00e9m funcionar como constru\u00e7\u00e3o de um ref\u00fagio psicol\u00f3gico diante de situa\u00e7\u00f5es incertas. Estudos da&nbsp;<strong>Universidade de Connecticut<\/strong>&nbsp;destacam que esse desejo \u00e9 maior quando h\u00e1 sensa\u00e7\u00e3o de descontrole em outras \u00e1reas da vida.<\/p>\n\n\n\n<figure class=\"wp-block-image size-large\"><img loading=\"lazy\" decoding=\"async\" width=\"1024\" height=\"576\" src=\"https:\/\/www.em.com.br\/emfoco\/wp-content\/uploads\/2025\/12\/Gemini_Generated_Image_bsaz1ebsaz1ebsaz-1-1024x576.png\" alt=\"O que significa, segundo a psicologia, a necessidade de ter tudo organizado o tempo todo\" class=\"wp-image-135648\" srcset=\"https:\/\/www.em.com.br\/emfoco\/wp-content\/uploads\/2025\/12\/Gemini_Generated_Image_bsaz1ebsaz1ebsaz-1-1024x576.png 1024w, https:\/\/www.em.com.br\/emfoco\/wp-content\/uploads\/2025\/12\/Gemini_Generated_Image_bsaz1ebsaz1ebsaz-1-300x169.png 300w, https:\/\/www.em.com.br\/emfoco\/wp-content\/uploads\/2025\/12\/Gemini_Generated_Image_bsaz1ebsaz1ebsaz-1-768x432.png 768w, https:\/\/www.em.com.br\/emfoco\/wp-content\/uploads\/2025\/12\/Gemini_Generated_Image_bsaz1ebsaz1ebsaz-1-750x422.png 750w, https:\/\/www.em.com.br\/emfoco\/wp-content\/uploads\/2025\/12\/Gemini_Generated_Image_bsaz1ebsaz1ebsaz-1-1140x641.png 1140w, https:\/\/www.em.com.br\/emfoco\/wp-content\/uploads\/2025\/12\/Gemini_Generated_Image_bsaz1ebsaz1ebsaz-1.png 1280w\" sizes=\"auto, (max-width: 1024px) 100vw, 1024px\" \/><figcaption class=\"wp-element-caption\">Quando organiza\u00e7\u00e3o vira busca por controle<\/figcaption><\/figure>\n\n\n\n<p>Existem contextos e fatores que aumentam ainda mais o impulso organizacional, como diferentes situa\u00e7\u00f5es do cotidiano que propiciam essa necessidade. Entre os principais motivos est\u00e3o:<\/p>\n\n\n\n<ul class=\"wp-block-list\">\n<li>Caos externo ou ambientes desordenados gerando desconforto<\/li>\n\n\n\n<li>Sobrecarga sensorial que desperta a necessidade de simplifica\u00e7\u00e3o visual<\/li>\n\n\n\n<li>Momentos marcados por estresse ou mudan\u00e7as pessoais significativas<\/li>\n<\/ul>\n\n\n\n<h2 class=\"wp-block-heading\">Experi\u00eancias passadas podem influenciar a busca por organiza\u00e7\u00e3o?<\/h2>\n\n\n\n<p>Pessoas que cresceram em ambientes inst\u00e1veis ou sem estrutura por vezes manifestam grande busca por ordem na vida adulta. Isso ocorre como forma de compensar a aus\u00eancia de previsibilidade emocional vivenciada anteriormente.<\/p>\n\n\n\n<p>\u00c9 importante identificar quando organizar deixa de ser saud\u00e1vel e passa a gerar mais <a href=\"https:\/\/www.em.com.br\/emfoco\/2025\/12\/01\/respiracao-de-30-segundos-para-acalmar-o-estresse-rapidamente\/\" target=\"_blank\" rel=\"noreferrer noopener\">estresse <\/a>ou culpa, analisando se esse padr\u00e3o ajuda ou prejudica o cotidiano e o bem-estar.<\/p>\n\n\n\n<h2 class=\"wp-block-heading\">Como saber quando a busca por organiza\u00e7\u00e3o se torna um problema<\/h2>\n\n\n\n<p>Apesar de organizar ser ben\u00e9fico, \u00e9 importante perceber quando essa necessidade come\u00e7a a prejudicar outros aspectos da vida. Se a organiza\u00e7\u00e3o passa a causar sofrimento, ansiedade exagerada ou impedir atividades prazerosas, pode sinalizar um transtorno obsessivo-compulsivo ou padr\u00e3o obsessivo.<\/p>\n\n\n\n<p>Buscar apoio psicol\u00f3gico, identificar gatilhos emocionais e praticar t\u00e9cnicas de autocompaix\u00e3o s\u00e3o estrat\u00e9gias \u00fateis. A terapia cognitivo-comportamental auxilia na mudan\u00e7a de pensamentos desfuncionais, e pequenos exerc\u00edcios de toler\u00e2ncia \u00e0 desordem podem contribuir para mais bem-estar.<\/p>\n\n\n\n<p><\/p>\n","protected":false},"excerpt":{"rendered":"<p>A necessidade constante de manter tudo organizado pode parecer algo positivo ou inofensivo, mas a psicologia aponta que essa tend\u00eancia pode estar relacionada \u00e0 forma como lidamos com ansiedade, controle e sobrecarga de est\u00edmulos, funcionando como estrat\u00e9gia para regular emo\u00e7\u00f5es dif\u00edceis e trazendo sensa\u00e7\u00e3o de estabilidade diante de incertezas internas. O que leva algumas pessoas [&hellip;]<\/p>\n","protected":false},"author":11,"featured_media":135647,"comment_status":"open","ping_status":"open","sticky":false,"template":"","format":"standard","meta":{"jnews-multi-image_gallery":[],"jnews_single_post":{"format":"standard"},"jnews_primary_category":[],"jnews_social_meta":[],"jnews_override_counter":[],"footnotes":""},"categories":[8819,1],"tags":[4947,19775,410,9022],"class_list":["post-133374","post","type-post","status-publish","format-standard","has-post-thumbnail","hentry","category-curiosidades","category-noticias","tag-ansiedade","tag-organizacao-constante","tag-saude-mental","tag-toc"],"yoast_head":"<!-- This site is optimized with the Yoast SEO plugin v23.8 - https:\/\/yoast.com\/wordpress\/plugins\/seo\/ -->\n<title>O que significa, segundo a psicologia, a necessidade de ter tudo organizado o tempo todo - Estado de Minas - Em foco<\/title>\n<meta name=\"description\" content=\"Manter tudo sempre em ordem pode ser estrat\u00e9gia psicol\u00f3gica para reduzir ansiedade; saiba quando isso se torna um problema.\" \/>\n<meta name=\"robots\" content=\"index, follow, max-snippet:-1, max-image-preview:large, max-video-preview:-1\" \/>\n<link rel=\"canonical\" href=\"https:\/\/www.em.com.br\/emfoco\/2025\/12\/05\/o-que-significa-segundo-a-psicologia-a-necessidade-de-ter-tudo-organizado-o-tempo-todo\/\" \/>\n<meta property=\"og:locale\" content=\"pt_BR\" \/>\n<meta property=\"og:type\" content=\"article\" \/>\n<meta property=\"og:title\" content=\"O que significa, segundo a psicologia, a necessidade de ter tudo organizado o tempo todo - Estado de Minas - Em foco\" \/>\n<meta property=\"og:description\" content=\"Manter tudo sempre em ordem pode ser estrat\u00e9gia psicol\u00f3gica para reduzir ansiedade; saiba quando isso se torna um problema.\" \/>\n<meta property=\"og:url\" content=\"https:\/\/www.em.com.br\/emfoco\/2025\/12\/05\/o-que-significa-segundo-a-psicologia-a-necessidade-de-ter-tudo-organizado-o-tempo-todo\/\" \/>\n<meta property=\"og:site_name\" content=\"Estado de Minas - Em foco\" \/>\n<meta property=\"article:published_time\" content=\"2025-12-05T10:55:00+00:00\" \/>\n<meta property=\"article:modified_time\" content=\"2025-12-04T17:01:16+00:00\" \/>\n<meta property=\"og:image\" content=\"https:\/\/www.em.com.br\/emfoco\/wp-content\/uploads\/2025\/12\/Transtorno-Obsessivo-Compulsivo-_1764870562981.jpg\" \/>\n\t<meta property=\"og:image:width\" content=\"1280\" \/>\n\t<meta property=\"og:image:height\" content=\"720\" \/>\n\t<meta property=\"og:image:type\" content=\"image\/jpeg\" \/>\n<meta name=\"author\" content=\"Andre\u0301 Rangel\u00a0\" \/>\n<meta name=\"twitter:card\" content=\"summary_large_image\" \/>\n<meta name=\"twitter:label1\" content=\"Escrito por\" \/>\n\t<meta name=\"twitter:data1\" content=\"Andre\u0301 Rangel\u00a0\" \/>\n\t<meta name=\"twitter:label2\" content=\"Est. tempo de leitura\" \/>\n\t<meta name=\"twitter:data2\" content=\"3 minutos\" \/>\n<!-- \/ Yoast SEO plugin. -->","yoast_head_json":{"title":"O que significa, segundo a psicologia, a necessidade de ter tudo organizado o tempo todo - Estado de Minas - Em foco","description":"Manter tudo sempre em ordem pode ser estrat\u00e9gia psicol\u00f3gica para reduzir ansiedade; saiba quando isso se torna um problema.","robots":{"index":"index","follow":"follow","max-snippet":"max-snippet:-1","max-image-preview":"max-image-preview:large","max-video-preview":"max-video-preview:-1"},"canonical":"https:\/\/www.em.com.br\/emfoco\/2025\/12\/05\/o-que-significa-segundo-a-psicologia-a-necessidade-de-ter-tudo-organizado-o-tempo-todo\/","og_locale":"pt_BR","og_type":"article","og_title":"O que significa, segundo a psicologia, a necessidade de ter tudo organizado o tempo todo - Estado de Minas - Em foco","og_description":"Manter tudo sempre em ordem pode ser estrat\u00e9gia psicol\u00f3gica para reduzir ansiedade; saiba quando isso se torna um problema.","og_url":"https:\/\/www.em.com.br\/emfoco\/2025\/12\/05\/o-que-significa-segundo-a-psicologia-a-necessidade-de-ter-tudo-organizado-o-tempo-todo\/","og_site_name":"Estado de Minas - Em foco","article_published_time":"2025-12-05T10:55:00+00:00","article_modified_time":"2025-12-04T17:01:16+00:00","og_image":[{"width":1280,"height":720,"url":"https:\/\/www.em.com.br\/emfoco\/wp-content\/uploads\/2025\/12\/Transtorno-Obsessivo-Compulsivo-_1764870562981.jpg","type":"image\/jpeg"}],"author":"Andre\u0301 Rangel\u00a0","twitter_card":"summary_large_image","twitter_misc":{"Escrito por":"Andre\u0301 Rangel\u00a0","Est. tempo de leitura":"3 minutos"},"schema":{"@context":"https:\/\/schema.org","@graph":[{"@type":"WebPage","@id":"https:\/\/www.em.com.br\/emfoco\/2025\/12\/05\/o-que-significa-segundo-a-psicologia-a-necessidade-de-ter-tudo-organizado-o-tempo-todo\/","url":"https:\/\/www.em.com.br\/emfoco\/2025\/12\/05\/o-que-significa-segundo-a-psicologia-a-necessidade-de-ter-tudo-organizado-o-tempo-todo\/","name":"O que significa, segundo a psicologia, a necessidade de ter tudo organizado o tempo todo - Estado de Minas - Em foco","isPartOf":{"@id":"https:\/\/www.em.com.br\/emfoco\/#website"},"primaryImageOfPage":{"@id":"https:\/\/www.em.com.br\/emfoco\/2025\/12\/05\/o-que-significa-segundo-a-psicologia-a-necessidade-de-ter-tudo-organizado-o-tempo-todo\/#primaryimage"},"image":{"@id":"https:\/\/www.em.com.br\/emfoco\/2025\/12\/05\/o-que-significa-segundo-a-psicologia-a-necessidade-de-ter-tudo-organizado-o-tempo-todo\/#primaryimage"},"thumbnailUrl":"https:\/\/www.em.com.br\/emfoco\/wp-content\/uploads\/2025\/12\/Transtorno-Obsessivo-Compulsivo-_1764870562981.jpg","datePublished":"2025-12-05T10:55:00+00:00","dateModified":"2025-12-04T17:01:16+00:00","author":{"@id":"https:\/\/www.em.com.br\/emfoco\/#\/schema\/person\/60eda09c1fedf0d6891f4cef4b60b8b8"},"description":"Manter tudo sempre em ordem pode ser estrat\u00e9gia psicol\u00f3gica para reduzir ansiedade; saiba quando isso se torna um problema.","breadcrumb":{"@id":"https:\/\/www.em.com.br\/emfoco\/2025\/12\/05\/o-que-significa-segundo-a-psicologia-a-necessidade-de-ter-tudo-organizado-o-tempo-todo\/#breadcrumb"},"inLanguage":"pt-BR","potentialAction":[{"@type":"ReadAction","target":["https:\/\/www.em.com.br\/emfoco\/2025\/12\/05\/o-que-significa-segundo-a-psicologia-a-necessidade-de-ter-tudo-organizado-o-tempo-todo\/"]}]},{"@type":"ImageObject","inLanguage":"pt-BR","@id":"https:\/\/www.em.com.br\/emfoco\/2025\/12\/05\/o-que-significa-segundo-a-psicologia-a-necessidade-de-ter-tudo-organizado-o-tempo-todo\/#primaryimage","url":"https:\/\/www.em.com.br\/emfoco\/wp-content\/uploads\/2025\/12\/Transtorno-Obsessivo-Compulsivo-_1764870562981.jpg","contentUrl":"https:\/\/www.em.com.br\/emfoco\/wp-content\/uploads\/2025\/12\/Transtorno-Obsessivo-Compulsivo-_1764870562981.jpg","width":1280,"height":720,"caption":"Organiza\u00e7\u00e3o excessiva pode sinalizar ansiedade - Cr\u00e9ditos: depositphotos.com \/ imagepointfr"},{"@type":"BreadcrumbList","@id":"https:\/\/www.em.com.br\/emfoco\/2025\/12\/05\/o-que-significa-segundo-a-psicologia-a-necessidade-de-ter-tudo-organizado-o-tempo-todo\/#breadcrumb","itemListElement":[{"@type":"ListItem","position":1,"name":"In\u00edcio","item":"https:\/\/www.em.com.br\/emfoco\/"},{"@type":"ListItem","position":2,"name":"O que significa, segundo a psicologia, a necessidade de ter tudo organizado o tempo todo"}]},{"@type":"WebSite","@id":"https:\/\/www.em.com.br\/emfoco\/#website","url":"https:\/\/www.em.com.br\/emfoco\/","name":"Estado de Minas - Em foco","description":"Acompanhe as \u00faltimas not\u00edcias e fique bem informado sobre tudo o que acontece em Minas Gerais, Brasil e no mundo.","potentialAction":[{"@type":"SearchAction","target":{"@type":"EntryPoint","urlTemplate":"https:\/\/www.em.com.br\/emfoco\/?s={search_term_string}"},"query-input":{"@type":"PropertyValueSpecification","valueRequired":true,"valueName":"search_term_string"}}],"inLanguage":"pt-BR"},{"@type":"Person","@id":"https:\/\/www.em.com.br\/emfoco\/#\/schema\/person\/60eda09c1fedf0d6891f4cef4b60b8b8","name":"Andre\u0301 Rangel\u00a0","image":{"@type":"ImageObject","inLanguage":"pt-BR","@id":"https:\/\/www.em.com.br\/emfoco\/#\/schema\/person\/image\/","url":"https:\/\/secure.gravatar.com\/avatar\/6234dc814c77c8ef6d8bba622c787efc?s=96&d=mm&r=g","contentUrl":"https:\/\/secure.gravatar.com\/avatar\/6234dc814c77c8ef6d8bba622c787efc?s=96&d=mm&r=g","caption":"Andre\u0301 Rangel\u00a0"},"url":"https:\/\/www.em.com.br\/emfoco\/author\/luizmyth\/"}]}},"_links":{"self":[{"href":"https:\/\/www.em.com.br\/emfoco\/wp-json\/wp\/v2\/posts\/133374","targetHints":{"allow":["GET"]}}],"collection":[{"href":"https:\/\/www.em.com.br\/emfoco\/wp-json\/wp\/v2\/posts"}],"about":[{"href":"https:\/\/www.em.com.br\/emfoco\/wp-json\/wp\/v2\/types\/post"}],"author":[{"embeddable":true,"href":"https:\/\/www.em.com.br\/emfoco\/wp-json\/wp\/v2\/users\/11"}],"replies":[{"embeddable":true,"href":"https:\/\/www.em.com.br\/emfoco\/wp-json\/wp\/v2\/comments?post=133374"}],"version-history":[{"count":5,"href":"https:\/\/www.em.com.br\/emfoco\/wp-json\/wp\/v2\/posts\/133374\/revisions"}],"predecessor-version":[{"id":135661,"href":"https:\/\/www.em.com.br\/emfoco\/wp-json\/wp\/v2\/posts\/133374\/revisions\/135661"}],"wp:featuredmedia":[{"embeddable":true,"href":"https:\/\/www.em.com.br\/emfoco\/wp-json\/wp\/v2\/media\/135647"}],"wp:attachment":[{"href":"https:\/\/www.em.com.br\/emfoco\/wp-json\/wp\/v2\/media?parent=133374"}],"wp:term":[{"taxonomy":"category","embeddable":true,"href":"https:\/\/www.em.com.br\/emfoco\/wp-json\/wp\/v2\/categories?post=133374"},{"taxonomy":"post_tag","embeddable":true,"href":"https:\/\/www.em.com.br\/emfoco\/wp-json\/wp\/v2\/tags?post=133374"}],"curies":[{"name":"wp","href":"https:\/\/api.w.org\/{rel}","templated":true}]}}