{"id":133337,"date":"2025-12-01T19:35:00","date_gmt":"2025-12-01T22:35:00","guid":{"rendered":"https:\/\/www.em.com.br\/emfoco\/?p=133337"},"modified":"2025-11-28T19:32:13","modified_gmt":"2025-11-28T22:32:13","slug":"quer-parecer-mais-radiante-no-verao-vista-tons-que-iluminam-o-seu-rosto","status":"publish","type":"post","link":"https:\/\/www.em.com.br\/emfoco\/2025\/12\/01\/quer-parecer-mais-radiante-no-verao-vista-tons-que-iluminam-o-seu-rosto\/","title":{"rendered":"Quer parecer mais radiante no ver\u00e3o? Vista tons que iluminam o seu rosto"},"content":{"rendered":"\n<p>Algumas <strong>cores de roupa<\/strong> t\u00eam o poder de real\u00e7ar a pele no ver\u00e3o sem depender de maquiagem ou bronzeado, apenas refletindo a luz natural de forma estrat\u00e9gica.<\/p>\n\n\n\n<h2 class=\"wp-block-heading\">Por que certas cores destacam tanto o brilho da pele?<\/h2>\n\n\n\n<p>Durante o ver\u00e3o, a alta luminosidade favorece tons que refletem luz e suavizam sombras no rosto. As cores claras e frescas criam um halo suave, deixando a apar\u00eancia mais viva e radiante com zero esfor\u00e7o extra.<\/p>\n\n\n\n<p>Esse efeito visual acontece porque os tons claros contrastam suavemente com o subtom da pele. Eles espalham a luz de maneira difusa, diferentemente de cores pesadas, como vinho e cinza escuro, que tendem a apagar a express\u00e3o.<\/p>\n\n\n\n<figure class=\"wp-block-image size-large\"><img loading=\"lazy\" decoding=\"async\" width=\"1024\" height=\"576\" src=\"https:\/\/www.em.com.br\/emfoco\/wp-content\/uploads\/2025\/11\/IA-IMG-77-1024x576.jpg\" alt=\"Quer parecer mais radiante no ver\u00e3o? Vista tons que iluminam o seu rosto\" class=\"wp-image-133390\" srcset=\"https:\/\/www.em.com.br\/emfoco\/wp-content\/uploads\/2025\/11\/IA-IMG-77-1024x576.jpg 1024w, https:\/\/www.em.com.br\/emfoco\/wp-content\/uploads\/2025\/11\/IA-IMG-77-300x169.jpg 300w, https:\/\/www.em.com.br\/emfoco\/wp-content\/uploads\/2025\/11\/IA-IMG-77-768x432.jpg 768w, https:\/\/www.em.com.br\/emfoco\/wp-content\/uploads\/2025\/11\/IA-IMG-77-750x422.jpg 750w, https:\/\/www.em.com.br\/emfoco\/wp-content\/uploads\/2025\/11\/IA-IMG-77-1140x641.jpg 1140w, https:\/\/www.em.com.br\/emfoco\/wp-content\/uploads\/2025\/11\/IA-IMG-77.jpg 1280w\" sizes=\"auto, (max-width: 1024px) 100vw, 1024px\" \/><figcaption class=\"wp-element-caption\">Tons claros refletem luz intensa e criam um halo iluminado no rosto<\/figcaption><\/figure>\n\n\n\n<h2 class=\"wp-block-heading\">Quais cores funcionam como refletores naturais no ver\u00e3o?<\/h2>\n\n\n\n<p>Algumas tonalidades criam um efeito visual de ilumina\u00e7\u00e3o na pele, valorizando o rosto e o colo com leveza. Abaixo, listamos os tons mais eficazes para turbinar o brilho natural sem pesar no look:<\/p>\n\n\n\n<ul class=\"wp-block-list\">\n<li><strong>Branco \u00f3ptico:<\/strong> reflete a luz ao m\u00e1ximo, criando um visual fresco e iluminado.<\/li>\n\n\n\n<li><strong>P\u00eassego suave e coral:<\/strong> aquecem o tom da pele sem interferir no contraste natural.<\/li>\n\n\n\n<li><strong>Azul c\u00e9u e verde menta:<\/strong> real\u00e7am peles claras e equilibram a luz sobre tons rosados ou neutros.<\/li>\n<\/ul>\n\n\n\n<p><em>Leia mais: <strong><a href=\"https:\/\/www.em.com.br\/emfoco\/2025\/11\/28\/esqueca-o-chinelo-de-dedo-e-conheca-o-calcado-que-vai-dominar-o-verao-de-2026\/\" target=\"_blank\" rel=\"noreferrer noopener\">Esque\u00e7a o chinelo de dedo, conhe\u00e7a o cal\u00e7ado que vai dominar o ver\u00e3o de 2026<\/a><\/strong><\/em><\/p>\n\n\n\n<h2 class=\"wp-block-heading\">Como o subtom da pele interfere na escolha das cores?<\/h2>\n\n\n\n<p>Especialistas em colora\u00e7\u00e3o pessoal indicam que tons quentes favorecem peles <strong><a href=\"https:\/\/lookiero.pt\/blog\/as-cores-que-mais-favorecem-as-morenas\" target=\"_blank\" rel=\"noreferrer noopener\">douradas e morenas<\/a><\/strong>, enquanto tons frios past\u00e9is iluminam peles claras e rosadas. Mas no ver\u00e3o, essa regra fica mais flex\u00edvel.<\/p>\n\n\n\n<p>A luz natural intensa da esta\u00e7\u00e3o permite que quase todos os tons claros funcionem bem na maioria das peles. Isso significa mais liberdade para experimentar paletas suaves sem medo de errar no contraste.<\/p>\n\n\n\n<p>A seguir confira mais cores que podem bombar no ver\u00e3o de 2026, compartilhada pelo canal do TikTok <strong>@taispradoconsultoria:<\/strong><\/p>\n\n\n\n<blockquote class=\"tiktok-embed\" cite=\"https:\/\/www.tiktok.com\/@taispradoconsultoria\/video\/7537819419758562565\" data-video-id=\"7537819419758562565\" style=\"max-width: 605px;min-width: 325px;\" > <section> <a target=\"_blank\" title=\"@taispradoconsultoria\" href=\"https:\/\/www.tiktok.com\/@taispradoconsultoria?refer=embed\">@taispradoconsultoria<\/a> Qual(is) a sua favorita e qual n\u00e3o usaria ? <a title=\"reelsmoda\" target=\"_blank\" href=\"https:\/\/www.tiktok.com\/tag\/reelsmoda?refer=embed\">#reelsmoda<\/a> <a title=\"cores2026\" target=\"_blank\" href=\"https:\/\/www.tiktok.com\/tag\/cores2026?refer=embed\">#cores2026<\/a> <a title=\"verao26\" target=\"_blank\" href=\"https:\/\/www.tiktok.com\/tag\/verao26?refer=embed\">#verao26<\/a> <a title=\"amarelomanteiga\" target=\"_blank\" href=\"https:\/\/www.tiktok.com\/tag\/amarelomanteiga?refer=embed\">#amarelomanteiga<\/a> <a target=\"_blank\" title=\"\u266c som original - Ta\u00eds Prado\" href=\"https:\/\/www.tiktok.com\/music\/som-original-7537819432287062790?refer=embed\">\u266c som original &#8211; Ta\u00eds Prado<\/a> <\/section> <\/blockquote> <script async src=\"https:\/\/www.tiktok.com\/embed.js\"><\/script>\n\n\n\n<h2 class=\"wp-block-heading\">Quais tecidos e acess\u00f3rios ajudam a potencializar o efeito luminoso?<\/h2>\n\n\n\n<p>A escolha dos tecidos tamb\u00e9m influencia na forma como as cores reagem \u00e0 luz. Os materiais certos deixam o tom mais vibrante e ajudam a manter a apar\u00eancia fresca e leve. Veja como complementar seu look de forma inteligente:<\/p>\n\n\n\n<ul class=\"wp-block-list\">\n<li><strong>Linho, algod\u00e3o e viscose:<\/strong> deixam a cor mais viva e evitam o aspecto pesado.<\/li>\n\n\n\n<li><strong>Acess\u00f3rios em prata clara ou dourado fosco:<\/strong> refor\u00e7am a luz sem competir com o tom principal da roupa.<\/li>\n\n\n\n<li><strong>Evite tecidos opacos ou sint\u00e9ticos grossos:<\/strong> eles abafam a pele e apagam o brilho natural.<\/li>\n<\/ul>\n","protected":false},"excerpt":{"rendered":"<p>Algumas cores de roupa t\u00eam o poder de real\u00e7ar a pele no ver\u00e3o sem depender de maquiagem ou bronzeado, apenas refletindo a luz natural de forma estrat\u00e9gica. Por que certas cores destacam tanto o brilho da pele? Durante o ver\u00e3o, a alta luminosidade favorece tons que refletem luz e suavizam sombras no rosto. As cores [&hellip;]<\/p>\n","protected":false},"author":13,"featured_media":133388,"comment_status":"open","ping_status":"open","sticky":false,"template":"","format":"standard","meta":{"jnews-multi-image_gallery":[],"jnews_single_post":{"format":"standard"},"jnews_primary_category":[],"jnews_social_meta":[],"jnews_override_counter":[],"footnotes":""},"categories":[8819],"tags":[17301,19468,15942],"class_list":["post-133337","post","type-post","status-publish","format-standard","has-post-thumbnail","hentry","category-curiosidades","tag-cores-de-roupas","tag-cores-para-o-verao","tag-tendencias-de-cores"],"yoast_head":"<!-- This site is optimized with the Yoast SEO plugin v23.8 - https:\/\/yoast.com\/wordpress\/plugins\/seo\/ -->\n<title>Quer parecer mais radiante no ver\u00e3o? Vista tons que iluminam o seu rosto - Estado de Minas - Em foco<\/title>\n<meta name=\"description\" content=\"Algumas cores refletem a luz natural e deixam a pele mais viva no ver\u00e3o sem maquiagem. Veja quais tons favorecem o brilho do seu rosto.\" \/>\n<meta name=\"robots\" content=\"index, follow, max-snippet:-1, max-image-preview:large, max-video-preview:-1\" \/>\n<link rel=\"canonical\" href=\"https:\/\/www.em.com.br\/emfoco\/2025\/12\/01\/quer-parecer-mais-radiante-no-verao-vista-tons-que-iluminam-o-seu-rosto\/\" \/>\n<meta property=\"og:locale\" content=\"pt_BR\" \/>\n<meta property=\"og:type\" content=\"article\" \/>\n<meta property=\"og:title\" content=\"Quer parecer mais radiante no ver\u00e3o? Vista tons que iluminam o seu rosto - Estado de Minas - Em foco\" \/>\n<meta property=\"og:description\" content=\"Algumas cores refletem a luz natural e deixam a pele mais viva no ver\u00e3o sem maquiagem. Veja quais tons favorecem o brilho do seu rosto.\" \/>\n<meta property=\"og:url\" content=\"https:\/\/www.em.com.br\/emfoco\/2025\/12\/01\/quer-parecer-mais-radiante-no-verao-vista-tons-que-iluminam-o-seu-rosto\/\" \/>\n<meta property=\"og:site_name\" content=\"Estado de Minas - Em foco\" \/>\n<meta property=\"article:published_time\" content=\"2025-12-01T22:35:00+00:00\" \/>\n<meta property=\"article:modified_time\" content=\"2025-11-28T22:32:13+00:00\" \/>\n<meta property=\"og:image\" content=\"https:\/\/www.em.com.br\/emfoco\/wp-content\/uploads\/2025\/11\/Verao_1764368860239.jpg\" \/>\n\t<meta property=\"og:image:width\" content=\"1280\" \/>\n\t<meta property=\"og:image:height\" content=\"720\" \/>\n\t<meta property=\"og:image:type\" content=\"image\/jpeg\" \/>\n<meta name=\"author\" content=\"Gabriel Martins\" \/>\n<meta name=\"twitter:card\" content=\"summary_large_image\" \/>\n<meta name=\"twitter:label1\" content=\"Escrito por\" \/>\n\t<meta name=\"twitter:data1\" content=\"Gabriel Martins\" \/>\n\t<meta name=\"twitter:label2\" content=\"Est. tempo de leitura\" \/>\n\t<meta name=\"twitter:data2\" content=\"3 minutos\" \/>\n<!-- \/ Yoast SEO plugin. -->","yoast_head_json":{"title":"Quer parecer mais radiante no ver\u00e3o? Vista tons que iluminam o seu rosto - Estado de Minas - Em foco","description":"Algumas cores refletem a luz natural e deixam a pele mais viva no ver\u00e3o sem maquiagem. Veja quais tons favorecem o brilho do seu rosto.","robots":{"index":"index","follow":"follow","max-snippet":"max-snippet:-1","max-image-preview":"max-image-preview:large","max-video-preview":"max-video-preview:-1"},"canonical":"https:\/\/www.em.com.br\/emfoco\/2025\/12\/01\/quer-parecer-mais-radiante-no-verao-vista-tons-que-iluminam-o-seu-rosto\/","og_locale":"pt_BR","og_type":"article","og_title":"Quer parecer mais radiante no ver\u00e3o? Vista tons que iluminam o seu rosto - Estado de Minas - Em foco","og_description":"Algumas cores refletem a luz natural e deixam a pele mais viva no ver\u00e3o sem maquiagem. Veja quais tons favorecem o brilho do seu rosto.","og_url":"https:\/\/www.em.com.br\/emfoco\/2025\/12\/01\/quer-parecer-mais-radiante-no-verao-vista-tons-que-iluminam-o-seu-rosto\/","og_site_name":"Estado de Minas - Em foco","article_published_time":"2025-12-01T22:35:00+00:00","article_modified_time":"2025-11-28T22:32:13+00:00","og_image":[{"width":1280,"height":720,"url":"https:\/\/www.em.com.br\/emfoco\/wp-content\/uploads\/2025\/11\/Verao_1764368860239.jpg","type":"image\/jpeg"}],"author":"Gabriel Martins","twitter_card":"summary_large_image","twitter_misc":{"Escrito por":"Gabriel Martins","Est. tempo de leitura":"3 minutos"},"schema":{"@context":"https:\/\/schema.org","@graph":[{"@type":"WebPage","@id":"https:\/\/www.em.com.br\/emfoco\/2025\/12\/01\/quer-parecer-mais-radiante-no-verao-vista-tons-que-iluminam-o-seu-rosto\/","url":"https:\/\/www.em.com.br\/emfoco\/2025\/12\/01\/quer-parecer-mais-radiante-no-verao-vista-tons-que-iluminam-o-seu-rosto\/","name":"Quer parecer mais radiante no ver\u00e3o? Vista tons que iluminam o seu rosto - Estado de Minas - Em foco","isPartOf":{"@id":"https:\/\/www.em.com.br\/emfoco\/#website"},"primaryImageOfPage":{"@id":"https:\/\/www.em.com.br\/emfoco\/2025\/12\/01\/quer-parecer-mais-radiante-no-verao-vista-tons-que-iluminam-o-seu-rosto\/#primaryimage"},"image":{"@id":"https:\/\/www.em.com.br\/emfoco\/2025\/12\/01\/quer-parecer-mais-radiante-no-verao-vista-tons-que-iluminam-o-seu-rosto\/#primaryimage"},"thumbnailUrl":"https:\/\/www.em.com.br\/emfoco\/wp-content\/uploads\/2025\/11\/Verao_1764368860239.jpg","datePublished":"2025-12-01T22:35:00+00:00","dateModified":"2025-11-28T22:32:13+00:00","author":{"@id":"https:\/\/www.em.com.br\/emfoco\/#\/schema\/person\/1c9ddeab18b98abeffef834667bcf08a"},"description":"Algumas cores refletem a luz natural e deixam a pele mais viva no ver\u00e3o sem maquiagem. Veja quais tons favorecem o brilho do seu rosto.","breadcrumb":{"@id":"https:\/\/www.em.com.br\/emfoco\/2025\/12\/01\/quer-parecer-mais-radiante-no-verao-vista-tons-que-iluminam-o-seu-rosto\/#breadcrumb"},"inLanguage":"pt-BR","potentialAction":[{"@type":"ReadAction","target":["https:\/\/www.em.com.br\/emfoco\/2025\/12\/01\/quer-parecer-mais-radiante-no-verao-vista-tons-que-iluminam-o-seu-rosto\/"]}]},{"@type":"ImageObject","inLanguage":"pt-BR","@id":"https:\/\/www.em.com.br\/emfoco\/2025\/12\/01\/quer-parecer-mais-radiante-no-verao-vista-tons-que-iluminam-o-seu-rosto\/#primaryimage","url":"https:\/\/www.em.com.br\/emfoco\/wp-content\/uploads\/2025\/11\/Verao_1764368860239.jpg","contentUrl":"https:\/\/www.em.com.br\/emfoco\/wp-content\/uploads\/2025\/11\/Verao_1764368860239.jpg","width":1280,"height":720,"caption":"Tons claros refletem luz natural e deixam a pele visivelmente mais luminosa - Cr\u00e9ditos: depositphotos.com \/ IgorVetushko"},{"@type":"BreadcrumbList","@id":"https:\/\/www.em.com.br\/emfoco\/2025\/12\/01\/quer-parecer-mais-radiante-no-verao-vista-tons-que-iluminam-o-seu-rosto\/#breadcrumb","itemListElement":[{"@type":"ListItem","position":1,"name":"In\u00edcio","item":"https:\/\/www.em.com.br\/emfoco\/"},{"@type":"ListItem","position":2,"name":"Quer parecer mais radiante no ver\u00e3o? Vista tons que iluminam o seu rosto"}]},{"@type":"WebSite","@id":"https:\/\/www.em.com.br\/emfoco\/#website","url":"https:\/\/www.em.com.br\/emfoco\/","name":"Estado de Minas - Em foco","description":"Acompanhe as \u00faltimas not\u00edcias e fique bem informado sobre tudo o que acontece em Minas Gerais, Brasil e no mundo.","potentialAction":[{"@type":"SearchAction","target":{"@type":"EntryPoint","urlTemplate":"https:\/\/www.em.com.br\/emfoco\/?s={search_term_string}"},"query-input":{"@type":"PropertyValueSpecification","valueRequired":true,"valueName":"search_term_string"}}],"inLanguage":"pt-BR"},{"@type":"Person","@id":"https:\/\/www.em.com.br\/emfoco\/#\/schema\/person\/1c9ddeab18b98abeffef834667bcf08a","name":"Gabriel Martins","image":{"@type":"ImageObject","inLanguage":"pt-BR","@id":"https:\/\/www.em.com.br\/emfoco\/#\/schema\/person\/image\/","url":"https:\/\/secure.gravatar.com\/avatar\/f0f1e2efdfd88f1ad2cb08c5c2731e50?s=96&d=mm&r=g","contentUrl":"https:\/\/secure.gravatar.com\/avatar\/f0f1e2efdfd88f1ad2cb08c5c2731e50?s=96&d=mm&r=g","caption":"Gabriel Martins"},"sameAs":["https:\/\/www.em.com.br\/emfoco\/"],"url":"https:\/\/www.em.com.br\/emfoco\/author\/gabrielmartinsmyth\/"}]}},"_links":{"self":[{"href":"https:\/\/www.em.com.br\/emfoco\/wp-json\/wp\/v2\/posts\/133337","targetHints":{"allow":["GET"]}}],"collection":[{"href":"https:\/\/www.em.com.br\/emfoco\/wp-json\/wp\/v2\/posts"}],"about":[{"href":"https:\/\/www.em.com.br\/emfoco\/wp-json\/wp\/v2\/types\/post"}],"author":[{"embeddable":true,"href":"https:\/\/www.em.com.br\/emfoco\/wp-json\/wp\/v2\/users\/13"}],"replies":[{"embeddable":true,"href":"https:\/\/www.em.com.br\/emfoco\/wp-json\/wp\/v2\/comments?post=133337"}],"version-history":[{"count":1,"href":"https:\/\/www.em.com.br\/emfoco\/wp-json\/wp\/v2\/posts\/133337\/revisions"}],"predecessor-version":[{"id":133394,"href":"https:\/\/www.em.com.br\/emfoco\/wp-json\/wp\/v2\/posts\/133337\/revisions\/133394"}],"wp:featuredmedia":[{"embeddable":true,"href":"https:\/\/www.em.com.br\/emfoco\/wp-json\/wp\/v2\/media\/133388"}],"wp:attachment":[{"href":"https:\/\/www.em.com.br\/emfoco\/wp-json\/wp\/v2\/media?parent=133337"}],"wp:term":[{"taxonomy":"category","embeddable":true,"href":"https:\/\/www.em.com.br\/emfoco\/wp-json\/wp\/v2\/categories?post=133337"},{"taxonomy":"post_tag","embeddable":true,"href":"https:\/\/www.em.com.br\/emfoco\/wp-json\/wp\/v2\/tags?post=133337"}],"curies":[{"name":"wp","href":"https:\/\/api.w.org\/{rel}","templated":true}]}}