{"id":133311,"date":"2025-11-30T20:35:00","date_gmt":"2025-11-30T23:35:00","guid":{"rendered":"https:\/\/www.em.com.br\/emfoco\/?p=133311"},"modified":"2025-11-28T18:25:06","modified_gmt":"2025-11-28T21:25:06","slug":"bolsa-familia-antecipa-pagamentos-de-dezembro-e-garante-alivio-no-fim-do-ano","status":"publish","type":"post","link":"https:\/\/www.em.com.br\/emfoco\/2025\/11\/30\/bolsa-familia-antecipa-pagamentos-de-dezembro-e-garante-alivio-no-fim-do-ano\/","title":{"rendered":"Bolsa Fam\u00edlia antecipa pagamentos de dezembro e garante al\u00edvio no fim do ano"},"content":{"rendered":"\n<p>O <strong>Bolsa Fam\u00edlia<\/strong> \u00e9 fundamental para reduzir as desigualdades sociais no <strong>Brasil<\/strong>, oferecendo assist\u00eancia financeira \u00e0s fam\u00edlias em vulnerabilidade e ajudando a fortalecer a inclus\u00e3o social. Em dezembro de 2025, o <strong>MDS <\/strong>definiu um calend\u00e1rio especial de pagamentos, antecipando as datas para assegurar que os benefici\u00e1rios recebam o suporte antes do final do ano, proporcionando maior estabilidade nesta \u00e9poca importante.<\/p>\n\n\n\n<h2 class=\"wp-block-heading\">Como ser\u00e1 o calend\u00e1rio do Bolsa Fam\u00edlia?<\/h2>\n\n\n<div class=\"wp-block-image\">\n<figure class=\"aligncenter size-large\"><img loading=\"lazy\" decoding=\"async\" width=\"1024\" height=\"576\" src=\"https:\/\/www.em.com.br\/emfoco\/wp-content\/uploads\/2025\/06\/8570314b-6e14-424b-9ff7-dba10bb136fb-1-1024x576.jpeg\" alt=\"Calend\u00e1rio de pagamentos de setembro do Bolsa fam\u00edlia completo para voc\u00ea!\" class=\"wp-image-55085\" srcset=\"https:\/\/www.em.com.br\/emfoco\/wp-content\/uploads\/2025\/06\/8570314b-6e14-424b-9ff7-dba10bb136fb-1-1024x576.jpeg 1024w, https:\/\/www.em.com.br\/emfoco\/wp-content\/uploads\/2025\/06\/8570314b-6e14-424b-9ff7-dba10bb136fb-1-300x169.jpeg 300w, https:\/\/www.em.com.br\/emfoco\/wp-content\/uploads\/2025\/06\/8570314b-6e14-424b-9ff7-dba10bb136fb-1-768x432.jpeg 768w, https:\/\/www.em.com.br\/emfoco\/wp-content\/uploads\/2025\/06\/8570314b-6e14-424b-9ff7-dba10bb136fb-1-750x422.jpeg 750w, https:\/\/www.em.com.br\/emfoco\/wp-content\/uploads\/2025\/06\/8570314b-6e14-424b-9ff7-dba10bb136fb-1-1140x641.jpeg 1140w, https:\/\/www.em.com.br\/emfoco\/wp-content\/uploads\/2025\/06\/8570314b-6e14-424b-9ff7-dba10bb136fb-1.jpeg 1280w\" sizes=\"auto, (max-width: 1024px) 100vw, 1024px\" \/><figcaption class=\"wp-element-caption\">Bolsa Fam\u00edlia antecipa pagamento e alivia fim de ano &#8211; Divulga\u00e7\u00e3o: GOV.BR<\/figcaption><\/figure><\/div>\n\n\n<p>O calend\u00e1rio de pagamentos do <strong>Bolsa Fam\u00edlia<\/strong> \u00e9 organizado pelo \u00faltimo d\u00edgito do <strong>N\u00famero de Identifica\u00e7\u00e3o Social (NIS)<\/strong>, apresentado no cart\u00e3o do benefici\u00e1rio. Em dezembro, como ocorre tradicionalmente, o pagamento \u00e9 antecipado para facilitar o planejamento das fam\u00edlias durante o per\u00edodo das festas.<\/p>\n\n\n\n<p>Para garantir que todas as fam\u00edlias recebam o benef\u00edcio sem contratempos, o processo de libera\u00e7\u00e3o dos valores ocorre de 10 a 23 de dezembro. Essa medida visa oferecer tempo h\u00e1bil para o planejamento financeiro dos benefici\u00e1rios neste m\u00eas especial. Vale ressaltar que, em situa\u00e7\u00f5es excepcionais, algumas cidades tamb\u00e9m podem antecipar ainda mais o calend\u00e1rio em raz\u00e3o de eventos clim\u00e1ticos ou emerg\u00eancias regionais.<\/p>\n\n\n\n<h2 class=\"wp-block-heading\">Quais s\u00e3o os benef\u00edcios do Bolsa Fam\u00edlia?<\/h2>\n\n\n\n<p>O programa inclui diferentes tipos de benef\u00edcios para atender necessidades espec\u00edficas das fam\u00edlias cadastradas. Cada um desses componentes foi criado com o objetivo de proporcionar maior prote\u00e7\u00e3o social e bem-estar.<\/p>\n\n\n\n<p>Confira a seguir os principais componentes do <strong>Bolsa Fam\u00edlia<\/strong>, os quais s\u00e3o acumulativos e podem ser pagos simultaneamente de acordo com o perfil da fam\u00edlia:<\/p>\n\n\n\n<ul class=\"wp-block-list\">\n<li><strong>Renda de Cidadania:<\/strong> valor b\u00e1sico garantido por integrante da fam\u00edlia;<\/li>\n\n\n\n<li><strong>Benef\u00edcio Complementar:<\/strong> para fam\u00edlias em extrema vulnerabilidade;<\/li>\n\n\n\n<li><strong>Benef\u00edcio Primeira Inf\u00e2ncia:<\/strong> destinado a crian\u00e7as de at\u00e9 6 anos;<\/li>\n\n\n\n<li><strong>Aux\u00edlio para gestantes e nutrizes: <\/strong>apoio adicional durante a gesta\u00e7\u00e3o e amamenta\u00e7\u00e3o.<\/li>\n<\/ul>\n\n\n\n<p>Al\u00e9m disso, em determinadas regi\u00f5es, o programa pode incluir b\u00f4nus extras para fam\u00edlias afetadas por eventos excepcionais, como enchentes ou desastres ambientais.<\/p>\n\n\n\n<p>Leia mais: <a href=\"https:\/\/www.em.com.br\/emfoco\/2025\/11\/23\/as-exigencias-do-bolsa-familia-multiplicam-o-beneficio-e-zera-o-risco-de-corte\/\" target=\"_blank\" rel=\"noreferrer noopener\">As exig\u00eancias do Bolsa Fam\u00edlia multiplicam o benef\u00edcio e zera o risco de corte<\/a><\/p>\n\n\n\n<h2 class=\"wp-block-heading\">Como \u00e9 calculado o valor do benef\u00edcio?<\/h2>\n\n\n<div class=\"wp-block-image\">\n<figure class=\"aligncenter size-large\"><img loading=\"lazy\" decoding=\"async\" width=\"1024\" height=\"576\" src=\"https:\/\/www.em.com.br\/emfoco\/wp-content\/uploads\/2025\/08\/calculadora-dinheiro-reais_1754959288779-1024x576.jpg\" alt=\"Caixa Tem revela o truque para ver a data e o valor exato do seu benef\u00edcio\" class=\"wp-image-89941\" srcset=\"https:\/\/www.em.com.br\/emfoco\/wp-content\/uploads\/2025\/08\/calculadora-dinheiro-reais_1754959288779-1024x576.jpg 1024w, https:\/\/www.em.com.br\/emfoco\/wp-content\/uploads\/2025\/08\/calculadora-dinheiro-reais_1754959288779-300x169.jpg 300w, https:\/\/www.em.com.br\/emfoco\/wp-content\/uploads\/2025\/08\/calculadora-dinheiro-reais_1754959288779-768x432.jpg 768w, https:\/\/www.em.com.br\/emfoco\/wp-content\/uploads\/2025\/08\/calculadora-dinheiro-reais_1754959288779-750x422.jpg 750w, https:\/\/www.em.com.br\/emfoco\/wp-content\/uploads\/2025\/08\/calculadora-dinheiro-reais_1754959288779-1140x641.jpg 1140w, https:\/\/www.em.com.br\/emfoco\/wp-content\/uploads\/2025\/08\/calculadora-dinheiro-reais_1754959288779.jpg 1280w\" sizes=\"auto, (max-width: 1024px) 100vw, 1024px\" \/><figcaption class=\"wp-element-caption\">Bolsa Fam\u00edlia antecipa pagamento e alivia fim de ano &#8211; Cr\u00e9ditos: depositphotos.com \/ aln2311  <\/figcaption><\/figure><\/div>\n\n\n<p>O valor mensal do <strong><a href=\"https:\/\/www.gov.br\/pt-br\/servicos\/receber-o-bolsa-familia\" target=\"_blank\" rel=\"noreferrer noopener\">Bolsa Fam\u00edlia<\/a><\/strong> varia conforme a composi\u00e7\u00e3o e as necessidades de cada fam\u00edlia, garantindo uma renda m\u00ednima de R$ 600 por domic\u00edlio. Este c\u00e1lculo detalhado leva em considera\u00e7\u00e3o crian\u00e7as, gestantes, nutrizes e situa\u00e7\u00f5es de vulnerabilidade extrema.<\/p>\n\n\n\n<p>Com benef\u00edcios adicionais que v\u00e3o de R$ 50 a R$ 150, o programa busca assegurar estabilidade financeira para as fam\u00edlias durante todo o m\u00eas, e possibilita um melhor planejamento dos gastos essenciais, como alimenta\u00e7\u00e3o e sa\u00fade.<\/p>\n\n\n\n<h2 class=\"wp-block-heading\">Quais regras devem ser seguidas no programa?<\/h2>\n\n\n\n<p>Para continuar recebendo o aux\u00edlio, \u00e9 fundamental observar compromissos nas \u00e1reas de educa\u00e7\u00e3o e sa\u00fade. O n\u00e3o cumprimento desses compromissos pode resultar no bloqueio tempor\u00e1rio do benef\u00edcio at\u00e9 que as pend\u00eancias sejam regularizadas.<\/p>\n\n\n\n<p>Entre essas exig\u00eancias est\u00e3o a matr\u00edcula e a frequ\u00eancia escolares de crian\u00e7as e adolescentes, a participa\u00e7\u00e3o em pr\u00e9-natal para gestantes, o acompanhamento nutricional infantil e a manuten\u00e7\u00e3o da caderneta de vacina\u00e7\u00e3o em dia. Cumprir essas regras \u00e9 essencial para garantir n\u00e3o s\u00f3 o benef\u00edcio, mas tamb\u00e9m o bem-estar das fam\u00edlias participantes.<\/p>\n\n\n\n<p>Leia mais: <a href=\"https:\/\/www.em.com.br\/emfoco\/2025\/11\/25\/a-regra-de-protecao-do-bolsa-familia-evita-o-corte-e-salva-a-renda-da-sua-familia-no-fim-do-mes\/\" target=\"_blank\" rel=\"noreferrer noopener\">A regra de prote\u00e7\u00e3o do Bolsa fam\u00edlia evita o corte e salva a renda da sua fam\u00edlia no fim do m\u00eas<\/a><\/p>\n\n\n\n<h2 class=\"wp-block-heading\">O que acontece se as regras n\u00e3o forem seguidas?<\/h2>\n\n\n\n<p>Descumprir as obriga\u00e7\u00f5es do programa pode resultar em advert\u00eancias e at\u00e9 mesmo no bloqueio do pagamento. A fam\u00edlia deve priorizar o cumprimento das condicionalidades para evitar a suspens\u00e3o do benef\u00edcio e eventuais perdas desse importante apoio financeiro.<\/p>\n\n\n\n<p>\u00c9 crucial que o respons\u00e1vel familiar mantenha seus dados atualizados e esteja atento \u00e0s exig\u00eancias comunicadas, buscando aux\u00edlio na administra\u00e7\u00e3o local sempre que houver d\u00favidas ou pend\u00eancias relativas ao programa. Em caso de bloqueio, a regulariza\u00e7\u00e3o das pend\u00eancias permite o reestabelecimento do benef\u00edcio e, em alguns casos, o pagamento retroativo dos valores suspensos.<\/p>\n","protected":false},"excerpt":{"rendered":"<p>O Bolsa Fam\u00edlia \u00e9 fundamental para reduzir as desigualdades sociais no Brasil, oferecendo assist\u00eancia financeira \u00e0s fam\u00edlias em vulnerabilidade e ajudando a fortalecer a inclus\u00e3o social. Em dezembro de 2025, o MDS definiu um calend\u00e1rio especial de pagamentos, antecipando as datas para assegurar que os benefici\u00e1rios recebam o suporte antes do final do ano, proporcionando [&hellip;]<\/p>\n","protected":false},"author":20,"featured_media":54991,"comment_status":"open","ping_status":"open","sticky":false,"template":"","format":"standard","meta":{"jnews-multi-image_gallery":[],"jnews_single_post":{"format":"standard"},"jnews_primary_category":[],"jnews_social_meta":[],"jnews_override_counter":[],"footnotes":""},"categories":[28,1],"tags":[],"class_list":["post-133311","post","type-post","status-publish","format-standard","has-post-thumbnail","hentry","category-economia","category-noticias"],"yoast_head":"<!-- This site is optimized with the Yoast SEO plugin v23.8 - https:\/\/yoast.com\/wordpress\/plugins\/seo\/ -->\n<title>Bolsa Fam\u00edlia antecipa pagamentos de dezembro e garante al\u00edvio no fim do ano - Estado de Minas - Em foco<\/title>\n<meta name=\"description\" content=\"Bolsa Fam\u00edlia antecipa pagamentos de dezembro, oferecendo al\u00edvio financeiro no fim do ano e garantindo apoio a fam\u00edlias de baixa renda.\" \/>\n<meta name=\"robots\" content=\"index, follow, max-snippet:-1, max-image-preview:large, max-video-preview:-1\" \/>\n<link rel=\"canonical\" href=\"https:\/\/www.em.com.br\/emfoco\/2025\/11\/30\/bolsa-familia-antecipa-pagamentos-de-dezembro-e-garante-alivio-no-fim-do-ano\/\" \/>\n<meta property=\"og:locale\" content=\"pt_BR\" \/>\n<meta property=\"og:type\" content=\"article\" \/>\n<meta property=\"og:title\" content=\"Bolsa Fam\u00edlia antecipa pagamentos de dezembro e garante al\u00edvio no fim do ano - Estado de Minas - Em foco\" \/>\n<meta property=\"og:description\" content=\"Bolsa Fam\u00edlia antecipa pagamentos de dezembro, oferecendo al\u00edvio financeiro no fim do ano e garantindo apoio a fam\u00edlias de baixa renda.\" \/>\n<meta property=\"og:url\" content=\"https:\/\/www.em.com.br\/emfoco\/2025\/11\/30\/bolsa-familia-antecipa-pagamentos-de-dezembro-e-garante-alivio-no-fim-do-ano\/\" \/>\n<meta property=\"og:site_name\" content=\"Estado de Minas - Em foco\" \/>\n<meta property=\"article:published_time\" content=\"2025-11-30T23:35:00+00:00\" \/>\n<meta property=\"article:modified_time\" content=\"2025-11-28T21:25:06+00:00\" \/>\n<meta property=\"og:image\" content=\"https:\/\/www.em.com.br\/emfoco\/wp-content\/uploads\/2025\/06\/idoso-com-dinheiro-reais_1743473065115.jpg\" \/>\n\t<meta property=\"og:image:width\" content=\"1280\" \/>\n\t<meta property=\"og:image:height\" content=\"720\" \/>\n\t<meta property=\"og:image:type\" content=\"image\/jpeg\" \/>\n<meta name=\"author\" content=\"Ingrid Diniz\" \/>\n<meta name=\"twitter:card\" content=\"summary_large_image\" \/>\n<meta name=\"twitter:label1\" content=\"Escrito por\" \/>\n\t<meta name=\"twitter:data1\" content=\"Ingrid Diniz\" \/>\n\t<meta name=\"twitter:label2\" content=\"Est. tempo de leitura\" \/>\n\t<meta name=\"twitter:data2\" content=\"5 minutos\" \/>\n<!-- \/ Yoast SEO plugin. -->","yoast_head_json":{"title":"Bolsa Fam\u00edlia antecipa pagamentos de dezembro e garante al\u00edvio no fim do ano - Estado de Minas - Em foco","description":"Bolsa Fam\u00edlia antecipa pagamentos de dezembro, oferecendo al\u00edvio financeiro no fim do ano e garantindo apoio a fam\u00edlias de baixa renda.","robots":{"index":"index","follow":"follow","max-snippet":"max-snippet:-1","max-image-preview":"max-image-preview:large","max-video-preview":"max-video-preview:-1"},"canonical":"https:\/\/www.em.com.br\/emfoco\/2025\/11\/30\/bolsa-familia-antecipa-pagamentos-de-dezembro-e-garante-alivio-no-fim-do-ano\/","og_locale":"pt_BR","og_type":"article","og_title":"Bolsa Fam\u00edlia antecipa pagamentos de dezembro e garante al\u00edvio no fim do ano - Estado de Minas - Em foco","og_description":"Bolsa Fam\u00edlia antecipa pagamentos de dezembro, oferecendo al\u00edvio financeiro no fim do ano e garantindo apoio a fam\u00edlias de baixa renda.","og_url":"https:\/\/www.em.com.br\/emfoco\/2025\/11\/30\/bolsa-familia-antecipa-pagamentos-de-dezembro-e-garante-alivio-no-fim-do-ano\/","og_site_name":"Estado de Minas - Em foco","article_published_time":"2025-11-30T23:35:00+00:00","article_modified_time":"2025-11-28T21:25:06+00:00","og_image":[{"width":1280,"height":720,"url":"https:\/\/www.em.com.br\/emfoco\/wp-content\/uploads\/2025\/06\/idoso-com-dinheiro-reais_1743473065115.jpg","type":"image\/jpeg"}],"author":"Ingrid Diniz","twitter_card":"summary_large_image","twitter_misc":{"Escrito por":"Ingrid Diniz","Est. tempo de leitura":"5 minutos"},"schema":{"@context":"https:\/\/schema.org","@graph":[{"@type":"WebPage","@id":"https:\/\/www.em.com.br\/emfoco\/2025\/11\/30\/bolsa-familia-antecipa-pagamentos-de-dezembro-e-garante-alivio-no-fim-do-ano\/","url":"https:\/\/www.em.com.br\/emfoco\/2025\/11\/30\/bolsa-familia-antecipa-pagamentos-de-dezembro-e-garante-alivio-no-fim-do-ano\/","name":"Bolsa Fam\u00edlia antecipa pagamentos de dezembro e garante al\u00edvio no fim do ano - Estado de Minas - Em foco","isPartOf":{"@id":"https:\/\/www.em.com.br\/emfoco\/#website"},"primaryImageOfPage":{"@id":"https:\/\/www.em.com.br\/emfoco\/2025\/11\/30\/bolsa-familia-antecipa-pagamentos-de-dezembro-e-garante-alivio-no-fim-do-ano\/#primaryimage"},"image":{"@id":"https:\/\/www.em.com.br\/emfoco\/2025\/11\/30\/bolsa-familia-antecipa-pagamentos-de-dezembro-e-garante-alivio-no-fim-do-ano\/#primaryimage"},"thumbnailUrl":"https:\/\/www.em.com.br\/emfoco\/wp-content\/uploads\/2025\/06\/idoso-com-dinheiro-reais_1743473065115.jpg","datePublished":"2025-11-30T23:35:00+00:00","dateModified":"2025-11-28T21:25:06+00:00","author":{"@id":"https:\/\/www.em.com.br\/emfoco\/#\/schema\/person\/649e610b4eb8fff87ff394e54fe17b2b"},"description":"Bolsa Fam\u00edlia antecipa pagamentos de dezembro, oferecendo al\u00edvio financeiro no fim do ano e garantindo apoio a fam\u00edlias de baixa renda.","breadcrumb":{"@id":"https:\/\/www.em.com.br\/emfoco\/2025\/11\/30\/bolsa-familia-antecipa-pagamentos-de-dezembro-e-garante-alivio-no-fim-do-ano\/#breadcrumb"},"inLanguage":"pt-BR","potentialAction":[{"@type":"ReadAction","target":["https:\/\/www.em.com.br\/emfoco\/2025\/11\/30\/bolsa-familia-antecipa-pagamentos-de-dezembro-e-garante-alivio-no-fim-do-ano\/"]}]},{"@type":"ImageObject","inLanguage":"pt-BR","@id":"https:\/\/www.em.com.br\/emfoco\/2025\/11\/30\/bolsa-familia-antecipa-pagamentos-de-dezembro-e-garante-alivio-no-fim-do-ano\/#primaryimage","url":"https:\/\/www.em.com.br\/emfoco\/wp-content\/uploads\/2025\/06\/idoso-com-dinheiro-reais_1743473065115.jpg","contentUrl":"https:\/\/www.em.com.br\/emfoco\/wp-content\/uploads\/2025\/06\/idoso-com-dinheiro-reais_1743473065115.jpg","width":1280,"height":720,"caption":"Pagamento do Bolsa Fam\u00edlia para NIS final 5 - Cr\u00e9ditos: depositphotos.com \/ AngelaMacario"},{"@type":"BreadcrumbList","@id":"https:\/\/www.em.com.br\/emfoco\/2025\/11\/30\/bolsa-familia-antecipa-pagamentos-de-dezembro-e-garante-alivio-no-fim-do-ano\/#breadcrumb","itemListElement":[{"@type":"ListItem","position":1,"name":"In\u00edcio","item":"https:\/\/www.em.com.br\/emfoco\/"},{"@type":"ListItem","position":2,"name":"Bolsa Fam\u00edlia antecipa pagamentos de dezembro e garante al\u00edvio no fim do ano"}]},{"@type":"WebSite","@id":"https:\/\/www.em.com.br\/emfoco\/#website","url":"https:\/\/www.em.com.br\/emfoco\/","name":"Estado de Minas - Em foco","description":"Acompanhe as \u00faltimas not\u00edcias e fique bem informado sobre tudo o que acontece em Minas Gerais, Brasil e no mundo.","potentialAction":[{"@type":"SearchAction","target":{"@type":"EntryPoint","urlTemplate":"https:\/\/www.em.com.br\/emfoco\/?s={search_term_string}"},"query-input":{"@type":"PropertyValueSpecification","valueRequired":true,"valueName":"search_term_string"}}],"inLanguage":"pt-BR"},{"@type":"Person","@id":"https:\/\/www.em.com.br\/emfoco\/#\/schema\/person\/649e610b4eb8fff87ff394e54fe17b2b","name":"Ingrid Diniz","image":{"@type":"ImageObject","inLanguage":"pt-BR","@id":"https:\/\/www.em.com.br\/emfoco\/#\/schema\/person\/image\/","url":"https:\/\/secure.gravatar.com\/avatar\/a3baa1449ec5c39b4c42babc9d4f3951?s=96&d=mm&r=g","contentUrl":"https:\/\/secure.gravatar.com\/avatar\/a3baa1449ec5c39b4c42babc9d4f3951?s=96&d=mm&r=g","caption":"Ingrid Diniz"},"sameAs":["https:\/\/www.em.com.br\/"],"url":"https:\/\/www.em.com.br\/emfoco\/author\/ingridmyth\/"}]}},"_links":{"self":[{"href":"https:\/\/www.em.com.br\/emfoco\/wp-json\/wp\/v2\/posts\/133311","targetHints":{"allow":["GET"]}}],"collection":[{"href":"https:\/\/www.em.com.br\/emfoco\/wp-json\/wp\/v2\/posts"}],"about":[{"href":"https:\/\/www.em.com.br\/emfoco\/wp-json\/wp\/v2\/types\/post"}],"author":[{"embeddable":true,"href":"https:\/\/www.em.com.br\/emfoco\/wp-json\/wp\/v2\/users\/20"}],"replies":[{"embeddable":true,"href":"https:\/\/www.em.com.br\/emfoco\/wp-json\/wp\/v2\/comments?post=133311"}],"version-history":[{"count":1,"href":"https:\/\/www.em.com.br\/emfoco\/wp-json\/wp\/v2\/posts\/133311\/revisions"}],"predecessor-version":[{"id":133366,"href":"https:\/\/www.em.com.br\/emfoco\/wp-json\/wp\/v2\/posts\/133311\/revisions\/133366"}],"wp:featuredmedia":[{"embeddable":true,"href":"https:\/\/www.em.com.br\/emfoco\/wp-json\/wp\/v2\/media\/54991"}],"wp:attachment":[{"href":"https:\/\/www.em.com.br\/emfoco\/wp-json\/wp\/v2\/media?parent=133311"}],"wp:term":[{"taxonomy":"category","embeddable":true,"href":"https:\/\/www.em.com.br\/emfoco\/wp-json\/wp\/v2\/categories?post=133311"},{"taxonomy":"post_tag","embeddable":true,"href":"https:\/\/www.em.com.br\/emfoco\/wp-json\/wp\/v2\/tags?post=133311"}],"curies":[{"name":"wp","href":"https:\/\/api.w.org\/{rel}","templated":true}]}}