{"id":13329,"date":"2025-01-24T08:19:00","date_gmt":"2025-01-24T11:19:00","guid":{"rendered":"https:\/\/www.em.com.br\/emfoco\/?p=13329"},"modified":"2025-01-24T03:37:34","modified_gmt":"2025-01-24T06:37:34","slug":"comunicado-para-quem-informa-o-cpf-ao-realizar-compras-em-mercados","status":"publish","type":"post","link":"https:\/\/www.em.com.br\/emfoco\/2025\/01\/24\/comunicado-para-quem-informa-o-cpf-ao-realizar-compras-em-mercados\/","title":{"rendered":"Comunicado para quem informa o CPF ao realizar compras em mercados"},"content":{"rendered":"\n<p>A Nota Fiscal Paulista \u00e9 uma <strong>iniciativa do Governo do Estado de S\u00e3o Paulo<\/strong> criada com o objetivo de incentivar os cidad\u00e3os a solicitarem a emiss\u00e3o de notas fiscais ao realizarem compras. Lan\u00e7ado em 2007, o programa visa aumentar a arrecada\u00e7\u00e3o de tributos, combater a sonega\u00e7\u00e3o fiscal e promover a cidadania fiscal.<\/p>\n\n\n\n<p>Os consumidores que cadastrarem seus CPFs nas notas fiscais t\u00eam a oportunidade de participar de sorteios de pr\u00eamios em dinheiro e acumular cr\u00e9ditos que podem ser usados de diferentes formas. Essa medida beneficia n\u00e3o apenas os consumidores, mas tamb\u00e9m estabelece um ambiente econ\u00f4mico mais formal e transparente.<\/p>\n\n\n\n<h2 class=\"wp-block-heading\">Como Funcionam os Sorteios da Nota Fiscal Paulista?<\/h2>\n\n\n\n<p>Uma das principais atra\u00e7\u00f5es da Nota Fiscal Paulista s\u00e3o os <em>sorteios mensais<\/em> de pr\u00eamios em dinheiro. Os consumidores que optam por incluir o CPF na nota acumulam bilhetes eletr\u00f4nicos a cada R$ 100 em compras realizadas. Mensalmente, acontece um sorteio no qual esses bilhetes concorrem a pr\u00eamios, que podem chegar a at\u00e9 R$ 2 milh\u00f5es no sorteio especial de dezembro.<\/p>\n\n\n\n<p>O processo de participa\u00e7\u00e3o nos sorteios \u00e9 <strong>autom\u00e1tico<\/strong>, sem necessidade de inscri\u00e7\u00f5es adicionais ap\u00f3s o cadastro inicial no programa. Al\u00e9m de beneficiar os indiv\u00edduos, as institui\u00e7\u00f5es sem fins lucrativos tamb\u00e9m podem participar, refor\u00e7ando o car\u00e1ter social do projeto.<\/p>\n\n\n\n<figure class=\"wp-block-image size-large\"><img loading=\"lazy\" decoding=\"async\" width=\"1024\" height=\"576\" src=\"https:\/\/www.em.com.br\/emfoco\/wp-content\/uploads\/2024\/12\/sorteio_1735651237450-1024x576.jpg\" alt=\"Dinheiro na conta! Veja os ganhadores do CPF na Nota\" class=\"wp-image-7791\" srcset=\"https:\/\/www.em.com.br\/emfoco\/wp-content\/uploads\/2024\/12\/sorteio_1735651237450-1024x576.jpg 1024w, https:\/\/www.em.com.br\/emfoco\/wp-content\/uploads\/2024\/12\/sorteio_1735651237450-300x169.jpg 300w, https:\/\/www.em.com.br\/emfoco\/wp-content\/uploads\/2024\/12\/sorteio_1735651237450-768x432.jpg 768w, https:\/\/www.em.com.br\/emfoco\/wp-content\/uploads\/2024\/12\/sorteio_1735651237450-750x422.jpg 750w, https:\/\/www.em.com.br\/emfoco\/wp-content\/uploads\/2024\/12\/sorteio_1735651237450-1140x641.jpg 1140w, https:\/\/www.em.com.br\/emfoco\/wp-content\/uploads\/2024\/12\/sorteio_1735651237450.jpg 1280w\" sizes=\"auto, (max-width: 1024px) 100vw, 1024px\" \/><figcaption class=\"wp-element-caption\">Imagem Ilustrativa de SOrteio &#8211; Cr\u00e9ditos: depositphotos.com \/ minervastock<\/figcaption><\/figure>\n\n\n\n<h2 class=\"wp-block-heading\">Qual \u00e9 o Impacto Econ\u00f4mico da Nota Fiscal Paulista?<\/h2>\n\n\n\n<p>O programa impacta significativamente a economia ao fomentar uma cultura de transpar\u00eancia fiscal. Com o aumento da arrecada\u00e7\u00e3o de impostos de maneira mais justa, a Nota Fiscal Paulista gera um ciclo positivo de inclus\u00e3o fiscal. Os cr\u00e9ditos obtidos podem ser utilizados para reduzir o IPVA, transferidos para contas banc\u00e1rias ou doados a institui\u00e7\u00f5es de caridade.<\/p>\n\n\n\n<p>Assim, tanto indiv\u00edduos quanto comunidades s\u00e3o beneficiados, pois o programa facilita a vida financeira dos cidad\u00e3os e contribui para causas sociais, promovendo um ganho coletivo em termos econ\u00f4micos e sociais.<\/p>\n\n\n\n<h2 class=\"wp-block-heading\">Quais S\u00e3o as Op\u00e7\u00f5es para Utilizar os Cr\u00e9ditos Acumulados?<\/h2>\n\n\n\n<ul class=\"wp-block-list\">\n<li><strong>Abatimento no IPVA:<\/strong> Os cr\u00e9ditos podem ser usados para reduzir o valor do imposto sobre ve\u00edculos. Isso gera uma economia direta para o contribuinte.<\/li>\n\n\n\n<li><strong>Transfer\u00eancia para Conta Banc\u00e1ria:<\/strong> Os valores podem ser transferidos para contas correntes ou poupan\u00e7a, oferecendo flexibilidade para o consumidor utilizar como desejar.<\/li>\n\n\n\n<li><strong>Doa\u00e7\u00e3o para Institui\u00e7\u00f5es Beneficentes:<\/strong> \u00c9 poss\u00edvel direcionar cr\u00e9ditos para causas sociais, beneficiando institui\u00e7\u00f5es cadastradas no programa.<\/li>\n<\/ul>\n\n\n\n<p>Os participantes podem verificar o saldo e o prazo para uso dos cr\u00e9ditos no portal da Nota Fiscal Paulista, que tamb\u00e9m oferece suporte para d\u00favidas espec\u00edficas.<\/p>\n\n\n\n<h2 class=\"wp-block-heading\">Utilidades do CPF e Sua Import\u00e2ncia no Dia a Dia<\/h2>\n\n\n\n<p>Al\u00e9m de ser essencial para participar da Nota Fiscal Paulista, o CPF (Cadastro de Pessoas F\u00edsicas) desempenha um papel fundamental na vida dos brasileiros. Esse registro \u00fanico \u00e9 indispens\u00e1vel em in\u00fameras situa\u00e7\u00f5es cotidianas.<\/p>\n\n\n\n<ul class=\"wp-block-list\">\n<li><strong>Identifica\u00e7\u00e3o:<\/strong> O CPF \u00e9 utilizado como documento principal de identifica\u00e7\u00e3o nas mais diversas transa\u00e7\u00f5es.<\/li>\n\n\n\n<li><strong>Finan\u00e7as:<\/strong> Necess\u00e1rio para abertura de contas banc\u00e1rias e solicita\u00e7\u00f5es de cart\u00f5es de cr\u00e9dito.<\/li>\n\n\n\n<li><strong>Impostos e Compras:<\/strong> Essencial para a declara\u00e7\u00e3o de Imposto de Renda e para realizar compras, especialmente online.<\/li>\n<\/ul>\n\n\n\n<p>Sem o CPF, seria imposs\u00edvel realizar muitas a\u00e7\u00f5es essenciais do dia a dia, como abrir uma conta em banco ou participar de concursos p\u00fablicos. Assim, o CPF garante os direitos do cidad\u00e3o na sociedade brasileira.<\/p>\n","protected":false},"excerpt":{"rendered":"<p>A Nota Fiscal Paulista \u00e9 uma iniciativa do Governo do Estado de S\u00e3o Paulo criada com o objetivo de incentivar os cidad\u00e3os a solicitarem a emiss\u00e3o de notas fiscais ao realizarem compras. Lan\u00e7ado em 2007, o programa visa aumentar a arrecada\u00e7\u00e3o de tributos, combater a sonega\u00e7\u00e3o fiscal e promover a cidadania fiscal.<\/p>\n","protected":false},"author":2,"featured_media":1319,"comment_status":"open","ping_status":"open","sticky":false,"template":"","format":"standard","meta":{"jnews-multi-image_gallery":[],"jnews_single_post":{"format":"standard"},"jnews_primary_category":[],"jnews_social_meta":[],"jnews_override_counter":[],"footnotes":""},"categories":[28,1],"tags":[848,2876,2677,553],"class_list":["post-13329","post","type-post","status-publish","format-standard","has-post-thumbnail","hentry","category-economia","category-noticias","tag-cpf","tag-impostos","tag-nota-fiscal-paulista","tag-sao-paulo"],"yoast_head":"<!-- This site is optimized with the Yoast SEO plugin v23.8 - https:\/\/yoast.com\/wordpress\/plugins\/seo\/ -->\n<title>Comunicado para quem informa o CPF ao realizar compras em mercados - Estado de Minas - Em foco<\/title>\n<meta name=\"description\" content=\"A Nota Fiscal Paulista \u00e9 uma iniciativa do Governo do Estado de S\u00e3o Paulo criada com o objetivo de incentivar os cidad\u00e3os a solicitarem a emiss\u00e3o de notas fiscais ao realizarem compras. Lan\u00e7ado em 2007, o programa visa aumentar a arrecada\u00e7\u00e3o de tributos, combater a sonega\u00e7\u00e3o fiscal e promover a cidadania fiscal.\" \/>\n<meta name=\"robots\" content=\"index, follow, max-snippet:-1, max-image-preview:large, max-video-preview:-1\" \/>\n<link rel=\"canonical\" href=\"https:\/\/www.em.com.br\/emfoco\/2025\/01\/24\/comunicado-para-quem-informa-o-cpf-ao-realizar-compras-em-mercados\/\" \/>\n<meta property=\"og:locale\" content=\"pt_BR\" \/>\n<meta property=\"og:type\" content=\"article\" \/>\n<meta property=\"og:title\" content=\"Comunicado para quem informa o CPF ao realizar compras em mercados - Estado de Minas - Em foco\" \/>\n<meta property=\"og:description\" content=\"A Nota Fiscal Paulista \u00e9 uma iniciativa do Governo do Estado de S\u00e3o Paulo criada com o objetivo de incentivar os cidad\u00e3os a solicitarem a emiss\u00e3o de notas fiscais ao realizarem compras. Lan\u00e7ado em 2007, o programa visa aumentar a arrecada\u00e7\u00e3o de tributos, combater a sonega\u00e7\u00e3o fiscal e promover a cidadania fiscal.\" \/>\n<meta property=\"og:url\" content=\"https:\/\/www.em.com.br\/emfoco\/2025\/01\/24\/comunicado-para-quem-informa-o-cpf-ao-realizar-compras-em-mercados\/\" \/>\n<meta property=\"og:site_name\" content=\"Estado de Minas - Em foco\" \/>\n<meta property=\"article:published_time\" content=\"2025-01-24T11:19:00+00:00\" \/>\n<meta property=\"article:modified_time\" content=\"2025-01-24T06:37:34+00:00\" \/>\n<meta property=\"og:image\" content=\"https:\/\/www.em.com.br\/emfoco\/wp-content\/uploads\/2024\/11\/Nota-fiscal-mineira-Jeso-Carneiro-Flickr.jpg\" \/>\n\t<meta property=\"og:image:width\" content=\"2048\" \/>\n\t<meta property=\"og:image:height\" content=\"1496\" \/>\n\t<meta property=\"og:image:type\" content=\"image\/jpeg\" \/>\n<meta name=\"author\" content=\"Guilherme\" \/>\n<meta name=\"twitter:card\" content=\"summary_large_image\" \/>\n<meta name=\"twitter:label1\" content=\"Escrito por\" \/>\n\t<meta name=\"twitter:data1\" content=\"Guilherme\" \/>\n\t<meta name=\"twitter:label2\" content=\"Est. tempo de leitura\" \/>\n\t<meta name=\"twitter:data2\" content=\"4 minutos\" \/>\n<!-- \/ Yoast SEO plugin. -->","yoast_head_json":{"title":"Comunicado para quem informa o CPF ao realizar compras em mercados - Estado de Minas - Em foco","description":"A Nota Fiscal Paulista \u00e9 uma iniciativa do Governo do Estado de S\u00e3o Paulo criada com o objetivo de incentivar os cidad\u00e3os a solicitarem a emiss\u00e3o de notas fiscais ao realizarem compras. Lan\u00e7ado em 2007, o programa visa aumentar a arrecada\u00e7\u00e3o de tributos, combater a sonega\u00e7\u00e3o fiscal e promover a cidadania fiscal.","robots":{"index":"index","follow":"follow","max-snippet":"max-snippet:-1","max-image-preview":"max-image-preview:large","max-video-preview":"max-video-preview:-1"},"canonical":"https:\/\/www.em.com.br\/emfoco\/2025\/01\/24\/comunicado-para-quem-informa-o-cpf-ao-realizar-compras-em-mercados\/","og_locale":"pt_BR","og_type":"article","og_title":"Comunicado para quem informa o CPF ao realizar compras em mercados - Estado de Minas - Em foco","og_description":"A Nota Fiscal Paulista \u00e9 uma iniciativa do Governo do Estado de S\u00e3o Paulo criada com o objetivo de incentivar os cidad\u00e3os a solicitarem a emiss\u00e3o de notas fiscais ao realizarem compras. Lan\u00e7ado em 2007, o programa visa aumentar a arrecada\u00e7\u00e3o de tributos, combater a sonega\u00e7\u00e3o fiscal e promover a cidadania fiscal.","og_url":"https:\/\/www.em.com.br\/emfoco\/2025\/01\/24\/comunicado-para-quem-informa-o-cpf-ao-realizar-compras-em-mercados\/","og_site_name":"Estado de Minas - Em foco","article_published_time":"2025-01-24T11:19:00+00:00","article_modified_time":"2025-01-24T06:37:34+00:00","og_image":[{"width":2048,"height":1496,"url":"https:\/\/www.em.com.br\/emfoco\/wp-content\/uploads\/2024\/11\/Nota-fiscal-mineira-Jeso-Carneiro-Flickr.jpg","type":"image\/jpeg"}],"author":"Guilherme","twitter_card":"summary_large_image","twitter_misc":{"Escrito por":"Guilherme","Est. tempo de leitura":"4 minutos"},"schema":{"@context":"https:\/\/schema.org","@graph":[{"@type":"WebPage","@id":"https:\/\/www.em.com.br\/emfoco\/2025\/01\/24\/comunicado-para-quem-informa-o-cpf-ao-realizar-compras-em-mercados\/","url":"https:\/\/www.em.com.br\/emfoco\/2025\/01\/24\/comunicado-para-quem-informa-o-cpf-ao-realizar-compras-em-mercados\/","name":"Comunicado para quem informa o CPF ao realizar compras em mercados - Estado de Minas - Em foco","isPartOf":{"@id":"https:\/\/www.em.com.br\/emfoco\/#website"},"primaryImageOfPage":{"@id":"https:\/\/www.em.com.br\/emfoco\/2025\/01\/24\/comunicado-para-quem-informa-o-cpf-ao-realizar-compras-em-mercados\/#primaryimage"},"image":{"@id":"https:\/\/www.em.com.br\/emfoco\/2025\/01\/24\/comunicado-para-quem-informa-o-cpf-ao-realizar-compras-em-mercados\/#primaryimage"},"thumbnailUrl":"https:\/\/www.em.com.br\/emfoco\/wp-content\/uploads\/2024\/11\/Nota-fiscal-mineira-Jeso-Carneiro-Flickr.jpg","datePublished":"2025-01-24T11:19:00+00:00","dateModified":"2025-01-24T06:37:34+00:00","author":{"@id":"https:\/\/www.em.com.br\/emfoco\/#\/schema\/person\/097c4a57cc4dc96be3b74aaf7185dd84"},"description":"A Nota Fiscal Paulista \u00e9 uma iniciativa do Governo do Estado de S\u00e3o Paulo criada com o objetivo de incentivar os cidad\u00e3os a solicitarem a emiss\u00e3o de notas fiscais ao realizarem compras. Lan\u00e7ado em 2007, o programa visa aumentar a arrecada\u00e7\u00e3o de tributos, combater a sonega\u00e7\u00e3o fiscal e promover a cidadania fiscal.","breadcrumb":{"@id":"https:\/\/www.em.com.br\/emfoco\/2025\/01\/24\/comunicado-para-quem-informa-o-cpf-ao-realizar-compras-em-mercados\/#breadcrumb"},"inLanguage":"pt-BR","potentialAction":[{"@type":"ReadAction","target":["https:\/\/www.em.com.br\/emfoco\/2025\/01\/24\/comunicado-para-quem-informa-o-cpf-ao-realizar-compras-em-mercados\/"]}]},{"@type":"ImageObject","inLanguage":"pt-BR","@id":"https:\/\/www.em.com.br\/emfoco\/2025\/01\/24\/comunicado-para-quem-informa-o-cpf-ao-realizar-compras-em-mercados\/#primaryimage","url":"https:\/\/www.em.com.br\/emfoco\/wp-content\/uploads\/2024\/11\/Nota-fiscal-mineira-Jeso-Carneiro-Flickr.jpg","contentUrl":"https:\/\/www.em.com.br\/emfoco\/wp-content\/uploads\/2024\/11\/Nota-fiscal-mineira-Jeso-Carneiro-Flickr.jpg","width":2048,"height":1496,"caption":"Comunicado para todos que informam o CPF ao comprar em supermercados - Entenda! Jeso Carneiro Flickr"},{"@type":"BreadcrumbList","@id":"https:\/\/www.em.com.br\/emfoco\/2025\/01\/24\/comunicado-para-quem-informa-o-cpf-ao-realizar-compras-em-mercados\/#breadcrumb","itemListElement":[{"@type":"ListItem","position":1,"name":"In\u00edcio","item":"https:\/\/www.em.com.br\/emfoco\/"},{"@type":"ListItem","position":2,"name":"Comunicado para quem informa o CPF ao realizar compras em mercados"}]},{"@type":"WebSite","@id":"https:\/\/www.em.com.br\/emfoco\/#website","url":"https:\/\/www.em.com.br\/emfoco\/","name":"Estado de Minas - Em foco","description":"Acompanhe as \u00faltimas not\u00edcias e fique bem informado sobre tudo o que acontece em Minas Gerais, Brasil e no mundo.","potentialAction":[{"@type":"SearchAction","target":{"@type":"EntryPoint","urlTemplate":"https:\/\/www.em.com.br\/emfoco\/?s={search_term_string}"},"query-input":{"@type":"PropertyValueSpecification","valueRequired":true,"valueName":"search_term_string"}}],"inLanguage":"pt-BR"},{"@type":"Person","@id":"https:\/\/www.em.com.br\/emfoco\/#\/schema\/person\/097c4a57cc4dc96be3b74aaf7185dd84","name":"Guilherme","image":{"@type":"ImageObject","inLanguage":"pt-BR","@id":"https:\/\/www.em.com.br\/emfoco\/#\/schema\/person\/image\/","url":"https:\/\/secure.gravatar.com\/avatar\/6a059d20d980bdeb1d1d6b0fa2b4633c?s=96&d=mm&r=g","contentUrl":"https:\/\/secure.gravatar.com\/avatar\/6a059d20d980bdeb1d1d6b0fa2b4633c?s=96&d=mm&r=g","caption":"Guilherme"},"url":"https:\/\/www.em.com.br\/emfoco\/author\/guilhermemyth\/"}]}},"_links":{"self":[{"href":"https:\/\/www.em.com.br\/emfoco\/wp-json\/wp\/v2\/posts\/13329","targetHints":{"allow":["GET"]}}],"collection":[{"href":"https:\/\/www.em.com.br\/emfoco\/wp-json\/wp\/v2\/posts"}],"about":[{"href":"https:\/\/www.em.com.br\/emfoco\/wp-json\/wp\/v2\/types\/post"}],"author":[{"embeddable":true,"href":"https:\/\/www.em.com.br\/emfoco\/wp-json\/wp\/v2\/users\/2"}],"replies":[{"embeddable":true,"href":"https:\/\/www.em.com.br\/emfoco\/wp-json\/wp\/v2\/comments?post=13329"}],"version-history":[{"count":2,"href":"https:\/\/www.em.com.br\/emfoco\/wp-json\/wp\/v2\/posts\/13329\/revisions"}],"predecessor-version":[{"id":13331,"href":"https:\/\/www.em.com.br\/emfoco\/wp-json\/wp\/v2\/posts\/13329\/revisions\/13331"}],"wp:featuredmedia":[{"embeddable":true,"href":"https:\/\/www.em.com.br\/emfoco\/wp-json\/wp\/v2\/media\/1319"}],"wp:attachment":[{"href":"https:\/\/www.em.com.br\/emfoco\/wp-json\/wp\/v2\/media?parent=13329"}],"wp:term":[{"taxonomy":"category","embeddable":true,"href":"https:\/\/www.em.com.br\/emfoco\/wp-json\/wp\/v2\/categories?post=13329"},{"taxonomy":"post_tag","embeddable":true,"href":"https:\/\/www.em.com.br\/emfoco\/wp-json\/wp\/v2\/tags?post=13329"}],"curies":[{"name":"wp","href":"https:\/\/api.w.org\/{rel}","templated":true}]}}