{"id":133221,"date":"2025-12-01T17:35:00","date_gmt":"2025-12-01T20:35:00","guid":{"rendered":"https:\/\/www.em.com.br\/emfoco\/?p=133221"},"modified":"2025-11-28T17:31:01","modified_gmt":"2025-11-28T20:31:01","slug":"como-plantar-hortela-sem-deixar-a-planta-dominar-todo-o-vaso","status":"publish","type":"post","link":"https:\/\/www.em.com.br\/emfoco\/2025\/12\/01\/como-plantar-hortela-sem-deixar-a-planta-dominar-todo-o-vaso\/","title":{"rendered":"Como plantar hortel\u00e3 sem deixar a planta dominar todo o vaso"},"content":{"rendered":"\n<p>Plantar <strong>hortel\u00e3<\/strong> \u00e9 simples, mas controlar seu crescimento \u00e9 o verdadeiro segredo para manter uma horta organizada e com folhas frescas o ano todo. Essa erva arom\u00e1tica cresce com tanta for\u00e7a que pode sufocar outras plantas se n\u00e3o for bem manejada.<\/p>\n\n\n\n<h2 class=\"wp-block-heading\">Por que a hortel\u00e3 precisa de controle desde o primeiro plantio?<\/h2>\n\n\n\n<p>A <strong>hortel\u00e3<\/strong> possui ra\u00edzes invasivas que se espalham rapidamente e ocupam todo o espa\u00e7o dispon\u00edvel, muitas vezes prejudicando seu pr\u00f3prio desenvolvimento. Por isso, ela deve ser cultivada de forma isolada ou com barreiras que limitem o avan\u00e7o subterr\u00e2neo.<\/p>\n\n\n\n<p>Al\u00e9m desse crescimento agressivo, a planta tende a competir consigo mesma quando falta espa\u00e7o, o que reduz o aroma e deixa as folhas menores. Controlar o volume das ra\u00edzes garante uma hortel\u00e3 sempre fresca, equilibrada e mais perfumada.<\/p>\n\n\n\n<figure class=\"wp-block-image size-large\"><img loading=\"lazy\" decoding=\"async\" width=\"1024\" height=\"576\" src=\"https:\/\/www.em.com.br\/emfoco\/wp-content\/uploads\/2025\/11\/Vaso-com-hortela_1764361800995-1024x576.jpg\" alt=\"Como plantar hortel\u00e3 sem deixar a planta dominar todo o vaso\" class=\"wp-image-133302\" srcset=\"https:\/\/www.em.com.br\/emfoco\/wp-content\/uploads\/2025\/11\/Vaso-com-hortela_1764361800995-1024x576.jpg 1024w, https:\/\/www.em.com.br\/emfoco\/wp-content\/uploads\/2025\/11\/Vaso-com-hortela_1764361800995-300x169.jpg 300w, https:\/\/www.em.com.br\/emfoco\/wp-content\/uploads\/2025\/11\/Vaso-com-hortela_1764361800995-768x432.jpg 768w, https:\/\/www.em.com.br\/emfoco\/wp-content\/uploads\/2025\/11\/Vaso-com-hortela_1764361800995-750x422.jpg 750w, https:\/\/www.em.com.br\/emfoco\/wp-content\/uploads\/2025\/11\/Vaso-com-hortela_1764361800995-1140x641.jpg 1140w, https:\/\/www.em.com.br\/emfoco\/wp-content\/uploads\/2025\/11\/Vaso-com-hortela_1764361800995.jpg 1280w\" sizes=\"auto, (max-width: 1024px) 100vw, 1024px\" \/><figcaption class=\"wp-element-caption\">As ra\u00edzes invasivas competem por espa\u00e7o e reduzem o aroma das folhas &#8211; Cr\u00e9ditos: depositphotos.com \/ natalipopova<\/figcaption><\/figure>\n\n\n\n<h2 class=\"wp-block-heading\">Qual \u00e9 a melhor forma de limitar o avan\u00e7o das ra\u00edzes da hortel\u00e3?<\/h2>\n\n\n\n<p>Para controlar esse comportamento expansivo, o ideal \u00e9 criar conten\u00e7\u00f5es f\u00edsicas que impe\u00e7am a planta de dominar todo o recipiente. Essas estrat\u00e9gias deixam o <strong><a href=\"https:\/\/www.petz.com.br\/blog\/como-cuidar-de-hortela\/\" target=\"_blank\" rel=\"noreferrer noopener\">crescimento saud\u00e1vel<\/a><\/strong> sem comprometer o aroma ou a vitalidade da erva.<\/p>\n\n\n\n<ul class=\"wp-block-list\">\n<li>Usar um vaso individual de tamanho m\u00e9dio, evitando que as ra\u00edzes invadam outras esp\u00e9cies.<\/li>\n\n\n\n<li>Enterrar um vaso menor dentro de outro maior e plantar a hortel\u00e3 apenas no recipiente interno.<\/li>\n\n\n\n<li>Instalar barreiras r\u00edgidas dentro de jardineiras para limitar o avan\u00e7o lateral das ra\u00edzes.<\/li>\n<\/ul>\n\n\n\n<p><em>Leia mais: <strong><a href=\"https:\/\/www.em.com.br\/emfoco\/2025\/11\/27\/aprenda-a-plantar-jabuticaba-em-vasos-e-aproveite-frutos-saudaveis-sem-sair-de-casa\/\" target=\"_blank\" rel=\"noreferrer noopener\">Aprenda a plantar jabuticaba em vasos e aproveite frutos saud\u00e1veis sem sair de casa<\/a><\/strong><\/em><\/p>\n\n\n\n<h2 class=\"wp-block-heading\">Quais cuidados mant\u00eam a hortel\u00e3 saud\u00e1vel e com aroma forte?<\/h2>\n\n\n\n<p>Para garantir folhas sempre vigorosas, a <strong>erva arom\u00e1tica<\/strong> precisa de solo leve com mat\u00e9ria org\u00e2nica, boa drenagem e regas frequentes sem encharcar. O excesso de \u00e1gua enfraquece a planta e aumenta o risco de apodrecimento das ra\u00edzes.<\/p>\n\n\n\n<p>A ilumina\u00e7\u00e3o tamb\u00e9m faz diferen\u00e7a: ambientes de meia-sombra estimulam folhas maiores e mais perfumadas. Com esse equil\u00edbrio, a hortel\u00e3 cresce cheia, verde e com um aroma fresco ideal para ch\u00e1s, temperos e infus\u00f5es.<\/p>\n\n\n\n<figure class=\"wp-block-image size-large\"><img loading=\"lazy\" decoding=\"async\" width=\"1024\" height=\"576\" src=\"https:\/\/www.em.com.br\/emfoco\/wp-content\/uploads\/2025\/11\/Hortela_1764361829795-1024x576.jpg\" alt=\"Como plantar hortel\u00e3 sem deixar a planta dominar todo o vaso\" class=\"wp-image-133303\" srcset=\"https:\/\/www.em.com.br\/emfoco\/wp-content\/uploads\/2025\/11\/Hortela_1764361829795-1024x576.jpg 1024w, https:\/\/www.em.com.br\/emfoco\/wp-content\/uploads\/2025\/11\/Hortela_1764361829795-300x169.jpg 300w, https:\/\/www.em.com.br\/emfoco\/wp-content\/uploads\/2025\/11\/Hortela_1764361829795-768x432.jpg 768w, https:\/\/www.em.com.br\/emfoco\/wp-content\/uploads\/2025\/11\/Hortela_1764361829795-750x422.jpg 750w, https:\/\/www.em.com.br\/emfoco\/wp-content\/uploads\/2025\/11\/Hortela_1764361829795-1140x641.jpg 1140w, https:\/\/www.em.com.br\/emfoco\/wp-content\/uploads\/2025\/11\/Hortela_1764361829795.jpg 1280w\" sizes=\"auto, (max-width: 1024px) 100vw, 1024px\" \/><figcaption class=\"wp-element-caption\">Solo leve, boa drenagem e meia-sombra intensificam perfume e vigor &#8211; Cr\u00e9ditos: depositphotos.com \/ anskuw<\/figcaption><\/figure>\n\n\n\n<h2 class=\"wp-block-heading\">Como evitar que a hortel\u00e3 fique desordenada ou perca aroma?<\/h2>\n\n\n\n<p>Podas frequentes s\u00e3o essenciais para impedir que os ramos fiquem lenhosos e estiolados. Al\u00e9m de manter a forma compacta, esse cuidado estimula novas brota\u00e7\u00f5es, garantindo um crescimento mais denso e uniforme ao longo do ano.<\/p>\n\n\n\n<ul class=\"wp-block-list\">\n<li>Retirar as pontas periodicamente para incentivar brotos jovens e saborosos.<\/li>\n\n\n\n<li>Cortar galhos velhos que deixam a planta desequilibrada e menos arom\u00e1tica.<\/li>\n\n\n\n<li>Evitar que a hortel\u00e3 flores\u00e7a, preservando o sabor e a intensidade do perfume.<\/li>\n<\/ul>\n","protected":false},"excerpt":{"rendered":"<p>Plantar hortel\u00e3 \u00e9 simples, mas controlar seu crescimento \u00e9 o verdadeiro segredo para manter uma horta organizada e com folhas frescas o ano todo. Essa erva arom\u00e1tica cresce com tanta for\u00e7a que pode sufocar outras plantas se n\u00e3o for bem manejada. Por que a hortel\u00e3 precisa de controle desde o primeiro plantio? A hortel\u00e3 possui [&hellip;]<\/p>\n","protected":false},"author":13,"featured_media":133300,"comment_status":"open","ping_status":"open","sticky":false,"template":"","format":"standard","meta":{"jnews-multi-image_gallery":[],"jnews_single_post":{"format":"standard"},"jnews_primary_category":[],"jnews_social_meta":[],"jnews_override_counter":[],"footnotes":""},"categories":[8819],"tags":[19456,3981,3358,19455],"class_list":["post-133221","post","type-post","status-publish","format-standard","has-post-thumbnail","hentry","category-curiosidades","tag-cuidado-com-a-hortela","tag-hortela","tag-jardinagem","tag-plantar-hortela-em-casa"],"yoast_head":"<!-- This site is optimized with the Yoast SEO plugin v23.8 - https:\/\/yoast.com\/wordpress\/plugins\/seo\/ -->\n<title>Como plantar hortel\u00e3 sem deixar a planta dominar todo o vaso - Estado de Minas - Em foco<\/title>\n<meta name=\"description\" content=\"Plantar hortel\u00e3 \u00e9 f\u00e1cil, mas sem controle ela toma conta da horta e perde o aroma. Veja como manter a planta saud\u00e1vel e sob controle.\" \/>\n<meta name=\"robots\" content=\"index, follow, max-snippet:-1, max-image-preview:large, max-video-preview:-1\" \/>\n<link rel=\"canonical\" href=\"https:\/\/www.em.com.br\/emfoco\/2025\/12\/01\/como-plantar-hortela-sem-deixar-a-planta-dominar-todo-o-vaso\/\" \/>\n<meta property=\"og:locale\" content=\"pt_BR\" \/>\n<meta property=\"og:type\" content=\"article\" \/>\n<meta property=\"og:title\" content=\"Como plantar hortel\u00e3 sem deixar a planta dominar todo o vaso - Estado de Minas - Em foco\" \/>\n<meta property=\"og:description\" content=\"Plantar hortel\u00e3 \u00e9 f\u00e1cil, mas sem controle ela toma conta da horta e perde o aroma. Veja como manter a planta saud\u00e1vel e sob controle.\" \/>\n<meta property=\"og:url\" content=\"https:\/\/www.em.com.br\/emfoco\/2025\/12\/01\/como-plantar-hortela-sem-deixar-a-planta-dominar-todo-o-vaso\/\" \/>\n<meta property=\"og:site_name\" content=\"Estado de Minas - Em foco\" \/>\n<meta property=\"article:published_time\" content=\"2025-12-01T20:35:00+00:00\" \/>\n<meta property=\"article:modified_time\" content=\"2025-11-28T20:31:01+00:00\" \/>\n<meta property=\"og:image\" content=\"https:\/\/www.em.com.br\/emfoco\/wp-content\/uploads\/2025\/11\/Vaso-com-hortela_1764361773110.jpg\" \/>\n\t<meta property=\"og:image:width\" content=\"1280\" \/>\n\t<meta property=\"og:image:height\" content=\"720\" \/>\n\t<meta property=\"og:image:type\" content=\"image\/jpeg\" \/>\n<meta name=\"author\" content=\"Gabriel Martins\" \/>\n<meta name=\"twitter:card\" content=\"summary_large_image\" \/>\n<meta name=\"twitter:label1\" content=\"Escrito por\" \/>\n\t<meta name=\"twitter:data1\" content=\"Gabriel Martins\" \/>\n\t<meta name=\"twitter:label2\" content=\"Est. tempo de leitura\" \/>\n\t<meta name=\"twitter:data2\" content=\"3 minutos\" \/>\n<!-- \/ Yoast SEO plugin. -->","yoast_head_json":{"title":"Como plantar hortel\u00e3 sem deixar a planta dominar todo o vaso - Estado de Minas - Em foco","description":"Plantar hortel\u00e3 \u00e9 f\u00e1cil, mas sem controle ela toma conta da horta e perde o aroma. Veja como manter a planta saud\u00e1vel e sob controle.","robots":{"index":"index","follow":"follow","max-snippet":"max-snippet:-1","max-image-preview":"max-image-preview:large","max-video-preview":"max-video-preview:-1"},"canonical":"https:\/\/www.em.com.br\/emfoco\/2025\/12\/01\/como-plantar-hortela-sem-deixar-a-planta-dominar-todo-o-vaso\/","og_locale":"pt_BR","og_type":"article","og_title":"Como plantar hortel\u00e3 sem deixar a planta dominar todo o vaso - Estado de Minas - Em foco","og_description":"Plantar hortel\u00e3 \u00e9 f\u00e1cil, mas sem controle ela toma conta da horta e perde o aroma. Veja como manter a planta saud\u00e1vel e sob controle.","og_url":"https:\/\/www.em.com.br\/emfoco\/2025\/12\/01\/como-plantar-hortela-sem-deixar-a-planta-dominar-todo-o-vaso\/","og_site_name":"Estado de Minas - Em foco","article_published_time":"2025-12-01T20:35:00+00:00","article_modified_time":"2025-11-28T20:31:01+00:00","og_image":[{"width":1280,"height":720,"url":"https:\/\/www.em.com.br\/emfoco\/wp-content\/uploads\/2025\/11\/Vaso-com-hortela_1764361773110.jpg","type":"image\/jpeg"}],"author":"Gabriel Martins","twitter_card":"summary_large_image","twitter_misc":{"Escrito por":"Gabriel Martins","Est. tempo de leitura":"3 minutos"},"schema":{"@context":"https:\/\/schema.org","@graph":[{"@type":"WebPage","@id":"https:\/\/www.em.com.br\/emfoco\/2025\/12\/01\/como-plantar-hortela-sem-deixar-a-planta-dominar-todo-o-vaso\/","url":"https:\/\/www.em.com.br\/emfoco\/2025\/12\/01\/como-plantar-hortela-sem-deixar-a-planta-dominar-todo-o-vaso\/","name":"Como plantar hortel\u00e3 sem deixar a planta dominar todo o vaso - Estado de Minas - Em foco","isPartOf":{"@id":"https:\/\/www.em.com.br\/emfoco\/#website"},"primaryImageOfPage":{"@id":"https:\/\/www.em.com.br\/emfoco\/2025\/12\/01\/como-plantar-hortela-sem-deixar-a-planta-dominar-todo-o-vaso\/#primaryimage"},"image":{"@id":"https:\/\/www.em.com.br\/emfoco\/2025\/12\/01\/como-plantar-hortela-sem-deixar-a-planta-dominar-todo-o-vaso\/#primaryimage"},"thumbnailUrl":"https:\/\/www.em.com.br\/emfoco\/wp-content\/uploads\/2025\/11\/Vaso-com-hortela_1764361773110.jpg","datePublished":"2025-12-01T20:35:00+00:00","dateModified":"2025-11-28T20:31:01+00:00","author":{"@id":"https:\/\/www.em.com.br\/emfoco\/#\/schema\/person\/1c9ddeab18b98abeffef834667bcf08a"},"description":"Plantar hortel\u00e3 \u00e9 f\u00e1cil, mas sem controle ela toma conta da horta e perde o aroma. Veja como manter a planta saud\u00e1vel e sob controle.","breadcrumb":{"@id":"https:\/\/www.em.com.br\/emfoco\/2025\/12\/01\/como-plantar-hortela-sem-deixar-a-planta-dominar-todo-o-vaso\/#breadcrumb"},"inLanguage":"pt-BR","potentialAction":[{"@type":"ReadAction","target":["https:\/\/www.em.com.br\/emfoco\/2025\/12\/01\/como-plantar-hortela-sem-deixar-a-planta-dominar-todo-o-vaso\/"]}]},{"@type":"ImageObject","inLanguage":"pt-BR","@id":"https:\/\/www.em.com.br\/emfoco\/2025\/12\/01\/como-plantar-hortela-sem-deixar-a-planta-dominar-todo-o-vaso\/#primaryimage","url":"https:\/\/www.em.com.br\/emfoco\/wp-content\/uploads\/2025\/11\/Vaso-com-hortela_1764361773110.jpg","contentUrl":"https:\/\/www.em.com.br\/emfoco\/wp-content\/uploads\/2025\/11\/Vaso-com-hortela_1764361773110.jpg","width":1280,"height":720,"caption":"A hortel\u00e3 precisa de controle para crescer forte sem invadir o espa\u00e7o - Cr\u00e9ditos: depositphotos.com \/ pittawutpairoge1@hotmail.com"},{"@type":"BreadcrumbList","@id":"https:\/\/www.em.com.br\/emfoco\/2025\/12\/01\/como-plantar-hortela-sem-deixar-a-planta-dominar-todo-o-vaso\/#breadcrumb","itemListElement":[{"@type":"ListItem","position":1,"name":"In\u00edcio","item":"https:\/\/www.em.com.br\/emfoco\/"},{"@type":"ListItem","position":2,"name":"Como plantar hortel\u00e3 sem deixar a planta dominar todo o vaso"}]},{"@type":"WebSite","@id":"https:\/\/www.em.com.br\/emfoco\/#website","url":"https:\/\/www.em.com.br\/emfoco\/","name":"Estado de Minas - Em foco","description":"Acompanhe as \u00faltimas not\u00edcias e fique bem informado sobre tudo o que acontece em Minas Gerais, Brasil e no mundo.","potentialAction":[{"@type":"SearchAction","target":{"@type":"EntryPoint","urlTemplate":"https:\/\/www.em.com.br\/emfoco\/?s={search_term_string}"},"query-input":{"@type":"PropertyValueSpecification","valueRequired":true,"valueName":"search_term_string"}}],"inLanguage":"pt-BR"},{"@type":"Person","@id":"https:\/\/www.em.com.br\/emfoco\/#\/schema\/person\/1c9ddeab18b98abeffef834667bcf08a","name":"Gabriel Martins","image":{"@type":"ImageObject","inLanguage":"pt-BR","@id":"https:\/\/www.em.com.br\/emfoco\/#\/schema\/person\/image\/","url":"https:\/\/secure.gravatar.com\/avatar\/f0f1e2efdfd88f1ad2cb08c5c2731e50?s=96&d=mm&r=g","contentUrl":"https:\/\/secure.gravatar.com\/avatar\/f0f1e2efdfd88f1ad2cb08c5c2731e50?s=96&d=mm&r=g","caption":"Gabriel Martins"},"sameAs":["https:\/\/www.em.com.br\/emfoco\/"],"url":"https:\/\/www.em.com.br\/emfoco\/author\/gabrielmartinsmyth\/"}]}},"_links":{"self":[{"href":"https:\/\/www.em.com.br\/emfoco\/wp-json\/wp\/v2\/posts\/133221","targetHints":{"allow":["GET"]}}],"collection":[{"href":"https:\/\/www.em.com.br\/emfoco\/wp-json\/wp\/v2\/posts"}],"about":[{"href":"https:\/\/www.em.com.br\/emfoco\/wp-json\/wp\/v2\/types\/post"}],"author":[{"embeddable":true,"href":"https:\/\/www.em.com.br\/emfoco\/wp-json\/wp\/v2\/users\/13"}],"replies":[{"embeddable":true,"href":"https:\/\/www.em.com.br\/emfoco\/wp-json\/wp\/v2\/comments?post=133221"}],"version-history":[{"count":1,"href":"https:\/\/www.em.com.br\/emfoco\/wp-json\/wp\/v2\/posts\/133221\/revisions"}],"predecessor-version":[{"id":133305,"href":"https:\/\/www.em.com.br\/emfoco\/wp-json\/wp\/v2\/posts\/133221\/revisions\/133305"}],"wp:featuredmedia":[{"embeddable":true,"href":"https:\/\/www.em.com.br\/emfoco\/wp-json\/wp\/v2\/media\/133300"}],"wp:attachment":[{"href":"https:\/\/www.em.com.br\/emfoco\/wp-json\/wp\/v2\/media?parent=133221"}],"wp:term":[{"taxonomy":"category","embeddable":true,"href":"https:\/\/www.em.com.br\/emfoco\/wp-json\/wp\/v2\/categories?post=133221"},{"taxonomy":"post_tag","embeddable":true,"href":"https:\/\/www.em.com.br\/emfoco\/wp-json\/wp\/v2\/tags?post=133221"}],"curies":[{"name":"wp","href":"https:\/\/api.w.org\/{rel}","templated":true}]}}