{"id":133199,"date":"2025-11-29T22:05:20","date_gmt":"2025-11-30T01:05:20","guid":{"rendered":"https:\/\/www.em.com.br\/emfoco\/?p=133199"},"modified":"2025-11-28T17:10:50","modified_gmt":"2025-11-28T20:10:50","slug":"os-cortes-que-mais-rejuvenescem-e-trazem-leveza-para-o-verao-de-2025","status":"publish","type":"post","link":"https:\/\/www.em.com.br\/emfoco\/2025\/11\/29\/os-cortes-que-mais-rejuvenescem-e-trazem-leveza-para-o-verao-de-2025\/","title":{"rendered":"Os cortes que mais rejuvenescem e trazem leveza para o ver\u00e3o de 2025"},"content":{"rendered":"\n<p>No ver\u00e3o de 2025, as <b>altas temperaturas<\/b> estimulam n\u00e3o apenas o desejo por mudan\u00e7as visuais, mas tamb\u00e9m a busca por cortes de cabelo que ofere\u00e7am frescor e uma apar\u00eancia rejuvenescida, destacando tra\u00e7os naturais e adicionando vitalidade ao visual.<\/p>\n\n\n\n<h2 class=\"wp-block-heading\">Principais cortes de cabelo modernos para renovar o visual neste ver\u00e3o<\/h2>\n\n\n\n<p>Cortes como o <b>bob<\/b> e o <b>pixie<\/b> permanecem em alta, oferecendo versatilidade, f\u00e1cil manuten\u00e7\u00e3o e frescor. Ambos real\u00e7am o rosto de maneira pr\u00e1tica, al\u00e9m de combinar eleg\u00e2ncia e conforto durante o calor.<\/p>\n\n\n\n<iframe loading=\"lazy\" src=\"https:\/\/assets.pinterest.com\/ext\/embed.html?id=114067803058357334\" height=\"532\" width=\"345\" frameborder=\"0\" scrolling=\"no\" ><\/iframe>\n\n\n\n<p>O <b>shaggy<\/b> voltou a fazer sucesso, proporcionando volume e movimento atrav\u00e9s de suas camadas desiguais. Este corte \u00e9 excelente para quem deseja textura sem abrir m\u00e3o do comprimento e do toque moderno. Cabelos <b>curtos repicados<\/b> tamb\u00e9m ganham espa\u00e7o, refletindo ousadia e praticidade.<\/p>\n\n\n\n<iframe loading=\"lazy\" src=\"https:\/\/assets.pinterest.com\/ext\/embed.html?id=18999629674258401\" height=\"531\" width=\"345\" frameborder=\"0\" scrolling=\"no\" ><\/iframe>\n\n\n\n<p>Leia tamb\u00e9m:&nbsp;<a href=\"https:\/\/www.em.com.br\/emfoco\/2025\/11\/21\/10-ideias-de-penteados-para-brilhar-nas-festas-de-natal-e-ano-novo\/\" target=\"_blank\" rel=\"noopener\">10 ideias de penteados para brilhar nas festas de Natal e Ano Novo<\/a><\/p>\n\n\n\n<h2 class=\"wp-block-heading\">Como encontrar o corte perfeito para valorizar cada tipo de rosto<\/h2>\n\n\n\n<p>A escolha do corte deve sempre respeitar o formato do <b>rosto<\/b> e a <b>textura<\/b> do cabelo. Por exemplo, cortes em camadas para rostos redondos garantem proporcionalidade, enquanto estilos com franja funcionam muito bem em rostos ovais.<\/p>\n\n\n\n<p>Para facilitar na hora de decidir, veja quais cortes harmonizam melhor com cada formato facial:<\/p>\n\n\n<div class=\"wp-block-image\">\n<figure class=\"aligncenter size-large\"><img loading=\"lazy\" decoding=\"async\" width=\"1024\" height=\"576\" src=\"https:\/\/www.em.com.br\/emfoco\/wp-content\/uploads\/2025\/11\/Gemini_Generated_Image_4vcnfw4vcnfw4vcn-1-1024x576.png\" alt=\"\" class=\"wp-image-133265\" srcset=\"https:\/\/www.em.com.br\/emfoco\/wp-content\/uploads\/2025\/11\/Gemini_Generated_Image_4vcnfw4vcnfw4vcn-1-1024x576.png 1024w, https:\/\/www.em.com.br\/emfoco\/wp-content\/uploads\/2025\/11\/Gemini_Generated_Image_4vcnfw4vcnfw4vcn-1-300x169.png 300w, https:\/\/www.em.com.br\/emfoco\/wp-content\/uploads\/2025\/11\/Gemini_Generated_Image_4vcnfw4vcnfw4vcn-1-768x432.png 768w, https:\/\/www.em.com.br\/emfoco\/wp-content\/uploads\/2025\/11\/Gemini_Generated_Image_4vcnfw4vcnfw4vcn-1-750x422.png 750w, https:\/\/www.em.com.br\/emfoco\/wp-content\/uploads\/2025\/11\/Gemini_Generated_Image_4vcnfw4vcnfw4vcn-1-1140x641.png 1140w, https:\/\/www.em.com.br\/emfoco\/wp-content\/uploads\/2025\/11\/Gemini_Generated_Image_4vcnfw4vcnfw4vcn-1.png 1280w\" sizes=\"auto, (max-width: 1024px) 100vw, 1024px\" \/><figcaption class=\"wp-element-caption\">A escolha do corte deve sempre respeitar o formato do rosto e a textura do cabelo<\/figcaption><\/figure><\/div>\n\n\n<p>Veja um v\u00eddeo do <a href=\"https:\/\/www.youtube.com\/@RodrigoCintraoficial\" target=\"_blank\" rel=\"noreferrer noopener\">RODRIGO CINTRA<\/a> sobre como escolher seu corte de cabelo:<\/p>\n\n\n\n<p>No ver\u00e3o, sol intenso, piscina e mar podem ressecar os fios, por isso \u00e9 indispens\u00e1vel investir em <b>hidrata\u00e7\u00e3o<\/b> frequente e produtos espec\u00edficos de <b>prote\u00e7\u00e3o t\u00e9rmica<\/b> e solar para cabelos.<\/p>\n\n\n\n<p>Al\u00e9m disso, acess\u00f3rios como <b>chap\u00e9us<\/b> e <b>len\u00e7os<\/b> n\u00e3o apenas complementam o estilo, mas tamb\u00e9m refor\u00e7am a prote\u00e7\u00e3o contra os efeitos nocivos dos raios UV, ajudando a manter o visual jovem e saud\u00e1vel.<\/p>\n\n\n\n<h2 class=\"wp-block-heading\">Cuidados essenciais para manter o cabelo saud\u00e1vel e estiloso durante o ver\u00e3o<\/h2>\n\n\n\n<figure class=\"wp-block-embed is-type-video is-provider-youtube wp-block-embed-youtube wp-embed-aspect-16-9 wp-has-aspect-ratio\"><div class=\"wp-block-embed__wrapper\">\n<div class=\"jeg_video_container jeg_video_content\"><iframe loading=\"lazy\" title=\"VISAGISMO - Qual melhor corte de cabelo para seu formato de rosto.\" width=\"500\" height=\"281\" src=\"https:\/\/www.youtube.com\/embed\/-Fxtn3uEOtU?start=1&#038;feature=oembed\" frameborder=\"0\" allow=\"accelerometer; autoplay; clipboard-write; encrypted-media; gyroscope; picture-in-picture; web-share\" referrerpolicy=\"strict-origin-when-cross-origin\" allowfullscreen><\/iframe><\/div>\n<\/div><\/figure>\n\n\n\n<h2 class=\"wp-block-heading\">Como preservar o corte e prolongar o efeito renovador<\/h2>\n\n\n\n<p>Ap\u00f3s adotar um novo corte, uma rotina de cuidados simples garante a <b>integridade<\/b> dos fios. Aparar regularmente e optar por produtos de <b>styling<\/b> adequados s\u00e3o passos essenciais para manuten\u00e7\u00e3o do formato e brilho.<\/p>\n\n\n\n<p>Com escolhas certeiras de <b>cortes<\/b> e pequenas rotinas de cuidado, o <b>ver\u00e3o<\/b> se transforma em uma oportunidade para repaginar o visual, promover autoestima e experimentar estilos mais leves e atuais.<\/p>\n","protected":false},"excerpt":{"rendered":"<p>No ver\u00e3o de 2025, as altas temperaturas estimulam n\u00e3o apenas o desejo por mudan\u00e7as visuais, mas tamb\u00e9m a busca por cortes de cabelo que ofere\u00e7am frescor e uma apar\u00eancia rejuvenescida, destacando tra\u00e7os naturais e adicionando vitalidade ao visual. Principais cortes de cabelo modernos para renovar o visual neste ver\u00e3o Cortes como o bob e o [&hellip;]<\/p>\n","protected":false},"author":9,"featured_media":130879,"comment_status":"open","ping_status":"open","sticky":false,"template":"","format":"standard","meta":{"jnews-multi-image_gallery":[],"jnews_single_post":{"format":"standard"},"jnews_primary_category":[],"jnews_social_meta":[],"jnews_override_counter":[],"footnotes":""},"categories":[8691,8819,1],"tags":[712,4906,19450],"class_list":["post-133199","post","type-post","status-publish","format-standard","has-post-thumbnail","hentry","category-bem-estar","category-curiosidades","category-noticias","tag-autocuidado","tag-corte-de-cabelo","tag-rejuvenecem"],"yoast_head":"<!-- This site is optimized with the Yoast SEO plugin v23.8 - https:\/\/yoast.com\/wordpress\/plugins\/seo\/ -->\n<title>Os cortes que mais rejuvenescem e trazem leveza para o ver\u00e3o de 2025 - Estado de Minas - Em foco<\/title>\n<meta name=\"description\" content=\"O ver\u00e3o 2025 traz cortes leves como o shaggy e o bob. A tend\u00eancia de &quot;skinification&quot; usa ativos de pele para proteger e hidratar os fios no calor.\" \/>\n<meta name=\"robots\" content=\"index, follow, max-snippet:-1, max-image-preview:large, max-video-preview:-1\" \/>\n<link rel=\"canonical\" href=\"https:\/\/www.em.com.br\/emfoco\/2025\/11\/29\/os-cortes-que-mais-rejuvenescem-e-trazem-leveza-para-o-verao-de-2025\/\" \/>\n<meta property=\"og:locale\" content=\"pt_BR\" \/>\n<meta property=\"og:type\" content=\"article\" \/>\n<meta property=\"og:title\" content=\"Os cortes que mais rejuvenescem e trazem leveza para o ver\u00e3o de 2025 - Estado de Minas - Em foco\" \/>\n<meta property=\"og:description\" content=\"O ver\u00e3o 2025 traz cortes leves como o shaggy e o bob. A tend\u00eancia de &quot;skinification&quot; usa ativos de pele para proteger e hidratar os fios no calor.\" \/>\n<meta property=\"og:url\" content=\"https:\/\/www.em.com.br\/emfoco\/2025\/11\/29\/os-cortes-que-mais-rejuvenescem-e-trazem-leveza-para-o-verao-de-2025\/\" \/>\n<meta property=\"og:site_name\" content=\"Estado de Minas - Em foco\" \/>\n<meta property=\"article:published_time\" content=\"2025-11-30T01:05:20+00:00\" \/>\n<meta property=\"article:modified_time\" content=\"2025-11-28T20:10:50+00:00\" \/>\n<meta property=\"og:image\" content=\"https:\/\/www.em.com.br\/emfoco\/wp-content\/uploads\/2025\/11\/cabelos-diferentes_1763828832459.jpg\" \/>\n\t<meta property=\"og:image:width\" content=\"1280\" \/>\n\t<meta property=\"og:image:height\" content=\"720\" \/>\n\t<meta property=\"og:image:type\" content=\"image\/jpeg\" \/>\n<meta name=\"author\" content=\"Daniely Cardoso\" \/>\n<meta name=\"twitter:card\" content=\"summary_large_image\" \/>\n<meta name=\"twitter:label1\" content=\"Escrito por\" \/>\n\t<meta name=\"twitter:data1\" content=\"Daniely Cardoso\" \/>\n\t<meta name=\"twitter:label2\" content=\"Est. tempo de leitura\" \/>\n\t<meta name=\"twitter:data2\" content=\"3 minutos\" \/>\n<!-- \/ Yoast SEO plugin. -->","yoast_head_json":{"title":"Os cortes que mais rejuvenescem e trazem leveza para o ver\u00e3o de 2025 - Estado de Minas - Em foco","description":"O ver\u00e3o 2025 traz cortes leves como o shaggy e o bob. A tend\u00eancia de \"skinification\" usa ativos de pele para proteger e hidratar os fios no calor.","robots":{"index":"index","follow":"follow","max-snippet":"max-snippet:-1","max-image-preview":"max-image-preview:large","max-video-preview":"max-video-preview:-1"},"canonical":"https:\/\/www.em.com.br\/emfoco\/2025\/11\/29\/os-cortes-que-mais-rejuvenescem-e-trazem-leveza-para-o-verao-de-2025\/","og_locale":"pt_BR","og_type":"article","og_title":"Os cortes que mais rejuvenescem e trazem leveza para o ver\u00e3o de 2025 - Estado de Minas - Em foco","og_description":"O ver\u00e3o 2025 traz cortes leves como o shaggy e o bob. A tend\u00eancia de \"skinification\" usa ativos de pele para proteger e hidratar os fios no calor.","og_url":"https:\/\/www.em.com.br\/emfoco\/2025\/11\/29\/os-cortes-que-mais-rejuvenescem-e-trazem-leveza-para-o-verao-de-2025\/","og_site_name":"Estado de Minas - Em foco","article_published_time":"2025-11-30T01:05:20+00:00","article_modified_time":"2025-11-28T20:10:50+00:00","og_image":[{"width":1280,"height":720,"url":"https:\/\/www.em.com.br\/emfoco\/wp-content\/uploads\/2025\/11\/cabelos-diferentes_1763828832459.jpg","type":"image\/jpeg"}],"author":"Daniely Cardoso","twitter_card":"summary_large_image","twitter_misc":{"Escrito por":"Daniely Cardoso","Est. tempo de leitura":"3 minutos"},"schema":{"@context":"https:\/\/schema.org","@graph":[{"@type":"WebPage","@id":"https:\/\/www.em.com.br\/emfoco\/2025\/11\/29\/os-cortes-que-mais-rejuvenescem-e-trazem-leveza-para-o-verao-de-2025\/","url":"https:\/\/www.em.com.br\/emfoco\/2025\/11\/29\/os-cortes-que-mais-rejuvenescem-e-trazem-leveza-para-o-verao-de-2025\/","name":"Os cortes que mais rejuvenescem e trazem leveza para o ver\u00e3o de 2025 - Estado de Minas - Em foco","isPartOf":{"@id":"https:\/\/www.em.com.br\/emfoco\/#website"},"primaryImageOfPage":{"@id":"https:\/\/www.em.com.br\/emfoco\/2025\/11\/29\/os-cortes-que-mais-rejuvenescem-e-trazem-leveza-para-o-verao-de-2025\/#primaryimage"},"image":{"@id":"https:\/\/www.em.com.br\/emfoco\/2025\/11\/29\/os-cortes-que-mais-rejuvenescem-e-trazem-leveza-para-o-verao-de-2025\/#primaryimage"},"thumbnailUrl":"https:\/\/www.em.com.br\/emfoco\/wp-content\/uploads\/2025\/11\/cabelos-diferentes_1763828832459.jpg","datePublished":"2025-11-30T01:05:20+00:00","dateModified":"2025-11-28T20:10:50+00:00","author":{"@id":"https:\/\/www.em.com.br\/emfoco\/#\/schema\/person\/0a8186d72f2c3a5c6276d90b41f271a0"},"description":"O ver\u00e3o 2025 traz cortes leves como o shaggy e o bob. A tend\u00eancia de \"skinification\" usa ativos de pele para proteger e hidratar os fios no calor.","breadcrumb":{"@id":"https:\/\/www.em.com.br\/emfoco\/2025\/11\/29\/os-cortes-que-mais-rejuvenescem-e-trazem-leveza-para-o-verao-de-2025\/#breadcrumb"},"inLanguage":"pt-BR","potentialAction":[{"@type":"ReadAction","target":["https:\/\/www.em.com.br\/emfoco\/2025\/11\/29\/os-cortes-que-mais-rejuvenescem-e-trazem-leveza-para-o-verao-de-2025\/"]}]},{"@type":"ImageObject","inLanguage":"pt-BR","@id":"https:\/\/www.em.com.br\/emfoco\/2025\/11\/29\/os-cortes-que-mais-rejuvenescem-e-trazem-leveza-para-o-verao-de-2025\/#primaryimage","url":"https:\/\/www.em.com.br\/emfoco\/wp-content\/uploads\/2025\/11\/cabelos-diferentes_1763828832459.jpg","contentUrl":"https:\/\/www.em.com.br\/emfoco\/wp-content\/uploads\/2025\/11\/cabelos-diferentes_1763828832459.jpg","width":1280,"height":720,"caption":"Tipos de cabelos diferentes exigem cuidados diferentes - Cr\u00e9ditos: depositphotos.com \/ EugenePartyzan"},{"@type":"BreadcrumbList","@id":"https:\/\/www.em.com.br\/emfoco\/2025\/11\/29\/os-cortes-que-mais-rejuvenescem-e-trazem-leveza-para-o-verao-de-2025\/#breadcrumb","itemListElement":[{"@type":"ListItem","position":1,"name":"In\u00edcio","item":"https:\/\/www.em.com.br\/emfoco\/"},{"@type":"ListItem","position":2,"name":"Os cortes que mais rejuvenescem e trazem leveza para o ver\u00e3o de 2025"}]},{"@type":"WebSite","@id":"https:\/\/www.em.com.br\/emfoco\/#website","url":"https:\/\/www.em.com.br\/emfoco\/","name":"Estado de Minas - Em foco","description":"Acompanhe as \u00faltimas not\u00edcias e fique bem informado sobre tudo o que acontece em Minas Gerais, Brasil e no mundo.","potentialAction":[{"@type":"SearchAction","target":{"@type":"EntryPoint","urlTemplate":"https:\/\/www.em.com.br\/emfoco\/?s={search_term_string}"},"query-input":{"@type":"PropertyValueSpecification","valueRequired":true,"valueName":"search_term_string"}}],"inLanguage":"pt-BR"},{"@type":"Person","@id":"https:\/\/www.em.com.br\/emfoco\/#\/schema\/person\/0a8186d72f2c3a5c6276d90b41f271a0","name":"Daniely Cardoso","image":{"@type":"ImageObject","inLanguage":"pt-BR","@id":"https:\/\/www.em.com.br\/emfoco\/#\/schema\/person\/image\/","url":"https:\/\/secure.gravatar.com\/avatar\/4b80ddbd124d1f071b626d52d62e5dff?s=96&d=mm&r=g","contentUrl":"https:\/\/secure.gravatar.com\/avatar\/4b80ddbd124d1f071b626d52d62e5dff?s=96&d=mm&r=g","caption":"Daniely Cardoso"},"url":"https:\/\/www.em.com.br\/emfoco\/author\/danielymyth\/"}]}},"_links":{"self":[{"href":"https:\/\/www.em.com.br\/emfoco\/wp-json\/wp\/v2\/posts\/133199","targetHints":{"allow":["GET"]}}],"collection":[{"href":"https:\/\/www.em.com.br\/emfoco\/wp-json\/wp\/v2\/posts"}],"about":[{"href":"https:\/\/www.em.com.br\/emfoco\/wp-json\/wp\/v2\/types\/post"}],"author":[{"embeddable":true,"href":"https:\/\/www.em.com.br\/emfoco\/wp-json\/wp\/v2\/users\/9"}],"replies":[{"embeddable":true,"href":"https:\/\/www.em.com.br\/emfoco\/wp-json\/wp\/v2\/comments?post=133199"}],"version-history":[{"count":4,"href":"https:\/\/www.em.com.br\/emfoco\/wp-json\/wp\/v2\/posts\/133199\/revisions"}],"predecessor-version":[{"id":133268,"href":"https:\/\/www.em.com.br\/emfoco\/wp-json\/wp\/v2\/posts\/133199\/revisions\/133268"}],"wp:featuredmedia":[{"embeddable":true,"href":"https:\/\/www.em.com.br\/emfoco\/wp-json\/wp\/v2\/media\/130879"}],"wp:attachment":[{"href":"https:\/\/www.em.com.br\/emfoco\/wp-json\/wp\/v2\/media?parent=133199"}],"wp:term":[{"taxonomy":"category","embeddable":true,"href":"https:\/\/www.em.com.br\/emfoco\/wp-json\/wp\/v2\/categories?post=133199"},{"taxonomy":"post_tag","embeddable":true,"href":"https:\/\/www.em.com.br\/emfoco\/wp-json\/wp\/v2\/tags?post=133199"}],"curies":[{"name":"wp","href":"https:\/\/api.w.org\/{rel}","templated":true}]}}