{"id":133174,"date":"2025-11-29T14:45:00","date_gmt":"2025-11-29T17:45:00","guid":{"rendered":"https:\/\/www.em.com.br\/emfoco\/?p=133174"},"modified":"2025-11-28T18:56:30","modified_gmt":"2025-11-28T21:56:30","slug":"com-um-truque-de-costura-caseiro-aprenda-a-costurar-uma-linda-blusa-para-usar-no-natal","status":"publish","type":"post","link":"https:\/\/www.em.com.br\/emfoco\/2025\/11\/29\/com-um-truque-de-costura-caseiro-aprenda-a-costurar-uma-linda-blusa-para-usar-no-natal\/","title":{"rendered":"Com um truque de costura caseiro: aprenda a costurar uma linda blusa para usar no Natal"},"content":{"rendered":"\n<p>A costura caseira est\u00e1 super em alta, unindo criatividade e economia na hora de dar aquele up nas suas roupas e acess\u00f3rios. Escolher os materiais certos e entender os primeiros passos \u00e9 fundamental pra come\u00e7ar, principalmente se sua ideia \u00e9 arrasar com um top natalino DIY usando t\u00e9cnicas f\u00e1ceis e acess\u00edveis.<\/p>\n\n\n\n<h2 class=\"wp-block-heading\">Como escolher o material adequado para costura DIY<\/h2>\n\n\n\n<p>Na hora de come\u00e7ar seu projeto, acertar no tecido faz toda a diferen\u00e7a no resultado final. Tecidos como cetim e seda garantem aquele acabamento mais elegante, deixando as pe\u00e7as ainda mais especiais para festas.<\/p>\n\n\n\n<p>Saber as vantagens de cada material tamb\u00e9m \u00e9 importante para equilibrar funcionalidade e beleza no seu top natalino. Cada tecido tem um caimento e uma facilidade na hora de lavar e cuidar, ent\u00e3o vale pensar no uso que voc\u00ea vai dar pra pe\u00e7a depois.<\/p>\n\n\n\n<p>No v\u00eddeo abaixo, veja como fazer uma blusa de cetim:<\/p>\n\n\n\n<figure class=\"wp-block-embed is-type-video is-provider-tiktok wp-block-embed-tiktok\"><div class=\"wp-block-embed__wrapper\">\n<blockquote class=\"tiktok-embed\" cite=\"https:\/\/www.tiktok.com\/@natyferreira8533\/video\/7283294577501523206\" data-video-id=\"7283294577501523206\" data-embed-from=\"oembed\" style=\"max-width:605px; min-width:325px;\"> <section> <a target=\"_blank\" title=\"@natyferreira8533\" href=\"https:\/\/www.tiktok.com\/@natyferreira8533?refer=embed\">@natyferreira8533<\/a> <p>costure comigo blusa de cetim  <a title=\"viral\" target=\"_blank\" href=\"https:\/\/www.tiktok.com\/tag\/viral?refer=embed\">#viral<\/a> <a title=\"costureirasdotiktok\" target=\"_blank\" href=\"https:\/\/www.tiktok.com\/tag\/costureirasdotiktok?refer=embed\">#costureirasdotiktok<\/a>  <a title=\"costurandominhasroupas\" target=\"_blank\" href=\"https:\/\/www.tiktok.com\/tag\/costurandominhasroupas?refer=embed\">#costurandominhasroupas<\/a> <a title=\"costurandocomamor\" target=\"_blank\" href=\"https:\/\/www.tiktok.com\/tag\/costurandocomamor?refer=embed\">#costurandocomamor<\/a> <a title=\"moda\" target=\"_blank\" href=\"https:\/\/www.tiktok.com\/tag\/moda?refer=embed\">#moda<\/a> <a title=\"estilo\" target=\"_blank\" href=\"https:\/\/www.tiktok.com\/tag\/estilo?refer=embed\">#estilo<\/a> <a title=\"costureira\" target=\"_blank\" href=\"https:\/\/www.tiktok.com\/tag\/costureira?refer=embed\">#costureira<\/a> <a title=\"sewing\" target=\"_blank\" href=\"https:\/\/www.tiktok.com\/tag\/sewing?refer=embed\">#sewing<\/a> <a title=\"coser\" target=\"_blank\" href=\"https:\/\/www.tiktok.com\/tag\/coser?refer=embed\">#coser<\/a> <a title=\"costura\" target=\"_blank\" href=\"https:\/\/www.tiktok.com\/tag\/costura?refer=embed\">#costura<\/a> <a title=\"blusacetim\" target=\"_blank\" href=\"https:\/\/www.tiktok.com\/tag\/blusacetim?refer=embed\">#blusacetim<\/a> <\/p> <a target=\"_blank\" title=\"\u266c L' Amour Toujours - daniele vitale\" href=\"https:\/\/www.tiktok.com\/music\/LAmour-Toujours-6948681747051612197?refer=embed\">\u266c L&#8217; Amour Toujours &#8211; daniele vitale<\/a> <\/section> <\/blockquote> <script async src=\"https:\/\/www.tiktok.com\/embed.js\"><\/script>\n<\/div><\/figure>\n\n\n\n<h2 class=\"wp-block-heading\">Quais s\u00e3o os primeiros passos para produzir um top natalino DIY<\/h2>\n\n\n\n<p>Depois de escolher o tecido perfeito, o come\u00e7o do processo \u00e9 fazer e recortar os moldes no papel\u2014assim voc\u00ea garante cortes certinhos e evita desperd\u00edcios, especialmente nos tecidos mais sens\u00edveis.<\/p>\n\n\n\n<p>Com os moldes prontos, \u00e9 s\u00f3 posicionar sobre o tecido e prender com alfinetes pra n\u00e3o sair do lugar. Olha s\u00f3 um passo a passo b\u00e1sico pra n\u00e3o esquecer de nada:<\/p>\n\n\n\n<ul class=\"wp-block-list\">\n<li>Desenhe e recorte os moldes de papel pra usar de guia.<\/li>\n\n\n\n<li>Prenda os moldes no tecido com alfinetes antes de cortar.<\/li>\n\n\n\n<li>Corte e una as partes do tecido seguindo o tutorial ou modelinho que escolher.<\/li>\n\n\n\n<li>Capriche na personaliza\u00e7\u00e3o com tirantes, rendas ou o que mais combinar com seu estilo.<\/li>\n<\/ul>\n\n\n\n<h2 class=\"wp-block-heading\">Como a escolha do tecido pode afetar o acabamento do seu projeto<\/h2>\n\n\n\n<p>Decidir o tecido \u00e9 que vai dar o toque final no visual, conforto e resist\u00eancia do top. <a href=\"https:\/\/www.em.com.br\/emfoco\/2025\/05\/14\/esses-tecidos-que-refrescam-moldam-as-tendencias-fitness-de-2025\/\" target=\"_blank\" rel=\"noreferrer noopener\">Tecidos <\/a>naturais como algod\u00e3o ou linho s\u00e3o leves e perfeitos pra algo mais despojado, pro dia a dia mesmo.<\/p>\n\n\n\n<p>Se quiser uma vibe mais sofisticada, vai de seda ou l\u00e3, ideais pra quem curte aquele look mais chique ou queira uma pe\u00e7a mais quentinha. Agora, se a ideia \u00e9 praticidade, os tecidos sint\u00e9ticos s\u00e3o sempre certeiros.<\/p>\n\n\n\n<figure class=\"wp-block-image size-large\"><img loading=\"lazy\" decoding=\"async\" width=\"1024\" height=\"576\" src=\"https:\/\/www.em.com.br\/emfoco\/wp-content\/uploads\/2025\/11\/Gemini_Generated_Image_gw0b7jgw0b7jgw0b-1-1024x576.png\" alt=\"\" class=\"wp-image-133335\" srcset=\"https:\/\/www.em.com.br\/emfoco\/wp-content\/uploads\/2025\/11\/Gemini_Generated_Image_gw0b7jgw0b7jgw0b-1-1024x576.png 1024w, https:\/\/www.em.com.br\/emfoco\/wp-content\/uploads\/2025\/11\/Gemini_Generated_Image_gw0b7jgw0b7jgw0b-1-300x169.png 300w, https:\/\/www.em.com.br\/emfoco\/wp-content\/uploads\/2025\/11\/Gemini_Generated_Image_gw0b7jgw0b7jgw0b-1-768x432.png 768w, https:\/\/www.em.com.br\/emfoco\/wp-content\/uploads\/2025\/11\/Gemini_Generated_Image_gw0b7jgw0b7jgw0b-1-750x422.png 750w, https:\/\/www.em.com.br\/emfoco\/wp-content\/uploads\/2025\/11\/Gemini_Generated_Image_gw0b7jgw0b7jgw0b-1-1140x641.png 1140w, https:\/\/www.em.com.br\/emfoco\/wp-content\/uploads\/2025\/11\/Gemini_Generated_Image_gw0b7jgw0b7jgw0b-1.png 1280w\" sizes=\"auto, (max-width: 1024px) 100vw, 1024px\" \/><figcaption class=\"wp-element-caption\">O top natalino DIY que virou queridinho do fim do ano<\/figcaption><\/figure>\n\n\n\n<h2 class=\"wp-block-heading\">Quais op\u00e7\u00f5es de looks DIY s\u00e3o ideais para as festas de fim de ano<\/h2>\n\n\n\n<p>O legal \u00e9 que al\u00e9m do<a href=\"https:\/\/br.pinterest.com\/janaibraga62\/camiseta-personalizada-de-natal\/\" target=\"_blank\" rel=\"noreferrer noopener\"> top natalino<\/a>, voc\u00ea pode criar ou combinar outras pe\u00e7as estilosas pra arrasar nas festas. Aposte em sobreposi\u00e7\u00f5es, saia ou shorts pra montar um closet exclusivo e cheio de personalidade.<\/p>\n\n\n\n<p>D\u00e1 uma olhada nessas sugest\u00f5es pr\u00e1ticas que voc\u00ea pode personalizar do seu jeitinho:<\/p>\n\n\n\n<ul class=\"wp-block-list\">\n<li>Kimono fluido em viscose estampada pra jogar por cima do top e deixar o look mais leve.<\/li>\n\n\n\n<li>Saia envelope de cetim \u2014 fica elegante, \u00e9 muito f\u00e1cil de amarrar e tem um movimento lindo.<\/li>\n\n\n\n<li>Short clochard de algod\u00e3o ou linho, que \u00e9 confort\u00e1vel e vai bem com tudo.<\/li>\n\n\n\n<li>Bolsinha de m\u00e3o customizada com patches, lantejoulas ou detalhes tem\u00e1ticos pra dar aquele toque final.<\/li>\n<\/ul>\n\n\n\n<p>Ent\u00e3o, n\u00e3o perde tempo! Separa um tempinho, escolha seus tecidos preferidos e comece a criar agora mesmo. Solte a sua criatividade, garanta looks s\u00f3 seus e brilhe nesse fim de ano com um visual diferenciado! Vai esperar at\u00e9 quando pra se jogar no DIY e mostrar seu estilo \u00fanico? Bora come\u00e7ar \u2014 o Natal j\u00e1 est\u00e1 a\u00ed!<\/p>\n\n\n\n<p><\/p>\n","protected":false},"excerpt":{"rendered":"<p>A costura caseira est\u00e1 super em alta, unindo criatividade e economia na hora de dar aquele up nas suas roupas e acess\u00f3rios. Escolher os materiais certos e entender os primeiros passos \u00e9 fundamental pra come\u00e7ar, principalmente se sua ideia \u00e9 arrasar com um top natalino DIY usando t\u00e9cnicas f\u00e1ceis e acess\u00edveis. Como escolher o material [&hellip;]<\/p>\n","protected":false},"author":11,"featured_media":133333,"comment_status":"open","ping_status":"open","sticky":false,"template":"","format":"standard","meta":{"jnews-multi-image_gallery":[],"jnews_single_post":{"format":"standard"},"jnews_primary_category":[],"jnews_social_meta":[],"jnews_override_counter":[],"footnotes":""},"categories":[1],"tags":[16487,5115,743,17277],"class_list":["post-133174","post","type-post","status-publish","format-standard","has-post-thumbnail","hentry","category-noticias","tag-costura","tag-diy","tag-natal","tag-tecido"],"yoast_head":"<!-- This site is optimized with the Yoast SEO plugin v23.8 - https:\/\/yoast.com\/wordpress\/plugins\/seo\/ -->\n<title>Com um truque de costura caseiro: aprenda a costurar uma linda blusa para usar no Natal - Estado de Minas - Em foco<\/title>\n<meta name=\"description\" content=\"Criar um top natalino DIY \u00e9 mais f\u00e1cil do que parece. Escolher o tecido ideal garante um acabamento impec\u00e1vel e um look \u00fanico para o fim do ano.\" \/>\n<meta name=\"robots\" content=\"index, follow, max-snippet:-1, max-image-preview:large, max-video-preview:-1\" \/>\n<link rel=\"canonical\" href=\"https:\/\/www.em.com.br\/emfoco\/2025\/11\/29\/com-um-truque-de-costura-caseiro-aprenda-a-costurar-uma-linda-blusa-para-usar-no-natal\/\" \/>\n<meta property=\"og:locale\" content=\"pt_BR\" \/>\n<meta property=\"og:type\" content=\"article\" \/>\n<meta property=\"og:title\" content=\"Com um truque de costura caseiro: aprenda a costurar uma linda blusa para usar no Natal - Estado de Minas - Em foco\" \/>\n<meta property=\"og:description\" content=\"Criar um top natalino DIY \u00e9 mais f\u00e1cil do que parece. Escolher o tecido ideal garante um acabamento impec\u00e1vel e um look \u00fanico para o fim do ano.\" \/>\n<meta property=\"og:url\" content=\"https:\/\/www.em.com.br\/emfoco\/2025\/11\/29\/com-um-truque-de-costura-caseiro-aprenda-a-costurar-uma-linda-blusa-para-usar-no-natal\/\" \/>\n<meta property=\"og:site_name\" content=\"Estado de Minas - Em foco\" \/>\n<meta property=\"article:published_time\" content=\"2025-11-29T17:45:00+00:00\" \/>\n<meta property=\"article:modified_time\" content=\"2025-11-28T21:56:30+00:00\" \/>\n<meta property=\"og:image\" content=\"https:\/\/www.em.com.br\/emfoco\/wp-content\/uploads\/2025\/11\/Gemini_Generated_Image_f9f96lf9f96lf9f9-1.png\" \/>\n\t<meta property=\"og:image:width\" content=\"1280\" \/>\n\t<meta property=\"og:image:height\" content=\"723\" \/>\n\t<meta property=\"og:image:type\" content=\"image\/png\" \/>\n<meta name=\"author\" content=\"Andre\u0301 Rangel\u00a0\" \/>\n<meta name=\"twitter:card\" content=\"summary_large_image\" \/>\n<meta name=\"twitter:label1\" content=\"Escrito por\" \/>\n\t<meta name=\"twitter:data1\" content=\"Andre\u0301 Rangel\u00a0\" \/>\n\t<meta name=\"twitter:label2\" content=\"Est. tempo de leitura\" \/>\n\t<meta name=\"twitter:data2\" content=\"4 minutos\" \/>\n<!-- \/ Yoast SEO plugin. -->","yoast_head_json":{"title":"Com um truque de costura caseiro: aprenda a costurar uma linda blusa para usar no Natal - Estado de Minas - Em foco","description":"Criar um top natalino DIY \u00e9 mais f\u00e1cil do que parece. Escolher o tecido ideal garante um acabamento impec\u00e1vel e um look \u00fanico para o fim do ano.","robots":{"index":"index","follow":"follow","max-snippet":"max-snippet:-1","max-image-preview":"max-image-preview:large","max-video-preview":"max-video-preview:-1"},"canonical":"https:\/\/www.em.com.br\/emfoco\/2025\/11\/29\/com-um-truque-de-costura-caseiro-aprenda-a-costurar-uma-linda-blusa-para-usar-no-natal\/","og_locale":"pt_BR","og_type":"article","og_title":"Com um truque de costura caseiro: aprenda a costurar uma linda blusa para usar no Natal - Estado de Minas - Em foco","og_description":"Criar um top natalino DIY \u00e9 mais f\u00e1cil do que parece. Escolher o tecido ideal garante um acabamento impec\u00e1vel e um look \u00fanico para o fim do ano.","og_url":"https:\/\/www.em.com.br\/emfoco\/2025\/11\/29\/com-um-truque-de-costura-caseiro-aprenda-a-costurar-uma-linda-blusa-para-usar-no-natal\/","og_site_name":"Estado de Minas - Em foco","article_published_time":"2025-11-29T17:45:00+00:00","article_modified_time":"2025-11-28T21:56:30+00:00","og_image":[{"width":1280,"height":723,"url":"https:\/\/www.em.com.br\/emfoco\/wp-content\/uploads\/2025\/11\/Gemini_Generated_Image_f9f96lf9f96lf9f9-1.png","type":"image\/png"}],"author":"Andre\u0301 Rangel\u00a0","twitter_card":"summary_large_image","twitter_misc":{"Escrito por":"Andre\u0301 Rangel\u00a0","Est. tempo de leitura":"4 minutos"},"schema":{"@context":"https:\/\/schema.org","@graph":[{"@type":"WebPage","@id":"https:\/\/www.em.com.br\/emfoco\/2025\/11\/29\/com-um-truque-de-costura-caseiro-aprenda-a-costurar-uma-linda-blusa-para-usar-no-natal\/","url":"https:\/\/www.em.com.br\/emfoco\/2025\/11\/29\/com-um-truque-de-costura-caseiro-aprenda-a-costurar-uma-linda-blusa-para-usar-no-natal\/","name":"Com um truque de costura caseiro: aprenda a costurar uma linda blusa para usar no Natal - Estado de Minas - Em foco","isPartOf":{"@id":"https:\/\/www.em.com.br\/emfoco\/#website"},"primaryImageOfPage":{"@id":"https:\/\/www.em.com.br\/emfoco\/2025\/11\/29\/com-um-truque-de-costura-caseiro-aprenda-a-costurar-uma-linda-blusa-para-usar-no-natal\/#primaryimage"},"image":{"@id":"https:\/\/www.em.com.br\/emfoco\/2025\/11\/29\/com-um-truque-de-costura-caseiro-aprenda-a-costurar-uma-linda-blusa-para-usar-no-natal\/#primaryimage"},"thumbnailUrl":"https:\/\/www.em.com.br\/emfoco\/wp-content\/uploads\/2025\/11\/Gemini_Generated_Image_f9f96lf9f96lf9f9-1.png","datePublished":"2025-11-29T17:45:00+00:00","dateModified":"2025-11-28T21:56:30+00:00","author":{"@id":"https:\/\/www.em.com.br\/emfoco\/#\/schema\/person\/60eda09c1fedf0d6891f4cef4b60b8b8"},"description":"Criar um top natalino DIY \u00e9 mais f\u00e1cil do que parece. Escolher o tecido ideal garante um acabamento impec\u00e1vel e um look \u00fanico para o fim do ano.","breadcrumb":{"@id":"https:\/\/www.em.com.br\/emfoco\/2025\/11\/29\/com-um-truque-de-costura-caseiro-aprenda-a-costurar-uma-linda-blusa-para-usar-no-natal\/#breadcrumb"},"inLanguage":"pt-BR","potentialAction":[{"@type":"ReadAction","target":["https:\/\/www.em.com.br\/emfoco\/2025\/11\/29\/com-um-truque-de-costura-caseiro-aprenda-a-costurar-uma-linda-blusa-para-usar-no-natal\/"]}]},{"@type":"ImageObject","inLanguage":"pt-BR","@id":"https:\/\/www.em.com.br\/emfoco\/2025\/11\/29\/com-um-truque-de-costura-caseiro-aprenda-a-costurar-uma-linda-blusa-para-usar-no-natal\/#primaryimage","url":"https:\/\/www.em.com.br\/emfoco\/wp-content\/uploads\/2025\/11\/Gemini_Generated_Image_f9f96lf9f96lf9f9-1.png","contentUrl":"https:\/\/www.em.com.br\/emfoco\/wp-content\/uploads\/2025\/11\/Gemini_Generated_Image_f9f96lf9f96lf9f9-1.png","width":1280,"height":723,"caption":"O look feito \u00e0 m\u00e3o que deixa seu Natal ainda mais especial"},{"@type":"BreadcrumbList","@id":"https:\/\/www.em.com.br\/emfoco\/2025\/11\/29\/com-um-truque-de-costura-caseiro-aprenda-a-costurar-uma-linda-blusa-para-usar-no-natal\/#breadcrumb","itemListElement":[{"@type":"ListItem","position":1,"name":"In\u00edcio","item":"https:\/\/www.em.com.br\/emfoco\/"},{"@type":"ListItem","position":2,"name":"Com um truque de costura caseiro: aprenda a costurar uma linda blusa para usar no Natal"}]},{"@type":"WebSite","@id":"https:\/\/www.em.com.br\/emfoco\/#website","url":"https:\/\/www.em.com.br\/emfoco\/","name":"Estado de Minas - Em foco","description":"Acompanhe as \u00faltimas not\u00edcias e fique bem informado sobre tudo o que acontece em Minas Gerais, Brasil e no mundo.","potentialAction":[{"@type":"SearchAction","target":{"@type":"EntryPoint","urlTemplate":"https:\/\/www.em.com.br\/emfoco\/?s={search_term_string}"},"query-input":{"@type":"PropertyValueSpecification","valueRequired":true,"valueName":"search_term_string"}}],"inLanguage":"pt-BR"},{"@type":"Person","@id":"https:\/\/www.em.com.br\/emfoco\/#\/schema\/person\/60eda09c1fedf0d6891f4cef4b60b8b8","name":"Andre\u0301 Rangel\u00a0","image":{"@type":"ImageObject","inLanguage":"pt-BR","@id":"https:\/\/www.em.com.br\/emfoco\/#\/schema\/person\/image\/","url":"https:\/\/secure.gravatar.com\/avatar\/6234dc814c77c8ef6d8bba622c787efc?s=96&d=mm&r=g","contentUrl":"https:\/\/secure.gravatar.com\/avatar\/6234dc814c77c8ef6d8bba622c787efc?s=96&d=mm&r=g","caption":"Andre\u0301 Rangel\u00a0"},"url":"https:\/\/www.em.com.br\/emfoco\/author\/luizmyth\/"}]}},"_links":{"self":[{"href":"https:\/\/www.em.com.br\/emfoco\/wp-json\/wp\/v2\/posts\/133174","targetHints":{"allow":["GET"]}}],"collection":[{"href":"https:\/\/www.em.com.br\/emfoco\/wp-json\/wp\/v2\/posts"}],"about":[{"href":"https:\/\/www.em.com.br\/emfoco\/wp-json\/wp\/v2\/types\/post"}],"author":[{"embeddable":true,"href":"https:\/\/www.em.com.br\/emfoco\/wp-json\/wp\/v2\/users\/11"}],"replies":[{"embeddable":true,"href":"https:\/\/www.em.com.br\/emfoco\/wp-json\/wp\/v2\/comments?post=133174"}],"version-history":[{"count":3,"href":"https:\/\/www.em.com.br\/emfoco\/wp-json\/wp\/v2\/posts\/133174\/revisions"}],"predecessor-version":[{"id":133359,"href":"https:\/\/www.em.com.br\/emfoco\/wp-json\/wp\/v2\/posts\/133174\/revisions\/133359"}],"wp:featuredmedia":[{"embeddable":true,"href":"https:\/\/www.em.com.br\/emfoco\/wp-json\/wp\/v2\/media\/133333"}],"wp:attachment":[{"href":"https:\/\/www.em.com.br\/emfoco\/wp-json\/wp\/v2\/media?parent=133174"}],"wp:term":[{"taxonomy":"category","embeddable":true,"href":"https:\/\/www.em.com.br\/emfoco\/wp-json\/wp\/v2\/categories?post=133174"},{"taxonomy":"post_tag","embeddable":true,"href":"https:\/\/www.em.com.br\/emfoco\/wp-json\/wp\/v2\/tags?post=133174"}],"curies":[{"name":"wp","href":"https:\/\/api.w.org\/{rel}","templated":true}]}}