{"id":133141,"date":"2025-11-29T17:35:58","date_gmt":"2025-11-29T20:35:58","guid":{"rendered":"https:\/\/www.em.com.br\/emfoco\/?p=133141"},"modified":"2025-11-28T16:38:28","modified_gmt":"2025-11-28T19:38:28","slug":"como-saber-se-as-raizes-da-arvore-vao-quebrar-sua-calcada-antes-mesmo-de-plantar","status":"publish","type":"post","link":"https:\/\/www.em.com.br\/emfoco\/2025\/11\/29\/como-saber-se-as-raizes-da-arvore-vao-quebrar-sua-calcada-antes-mesmo-de-plantar\/","title":{"rendered":"Como saber se as ra\u00edzes da \u00e1rvore v\u00e3o quebrar sua cal\u00e7ada antes mesmo de plantar"},"content":{"rendered":"\n<p>\u00c1rvores s\u00e3o essenciais para a vida nas cidades, pois melhoram o <b>clima<\/b>, oferecem sombra e purificam o ar, mas sua integra\u00e7\u00e3o inadequada pode gerar problemas estruturais e de sa\u00fade p\u00fablica, exigindo escolhas planejadas para evitar danos e custos excessivos ao ambiente urbano.<\/p>\n\n\n\n<h2 class=\"wp-block-heading\">Quais problemas as \u00e1rvores podem causar em \u00e1reas urbanas?<\/h2>\n\n\n\n<p>O plantio de esp\u00e9cies inadequadas em regi\u00f5es urbanas pode resultar em preju\u00edzos como rachaduras em cal\u00e7adas, danos a tubula\u00e7\u00f5es, eleva\u00e7\u00e3o de custos de manuten\u00e7\u00e3o e at\u00e9 riscos \u00e0 seguran\u00e7a da popula\u00e7\u00e3o, especialmente durante temporais ou ventanias.<\/p>\n\n\n\n<p>Al\u00e9m dos danos f\u00edsicos, certas esp\u00e9cies podem comprometer o bem-estar dos moradores devido \u00e0 produ\u00e7\u00e3o de frutos volumosos, presen\u00e7a de ra\u00edzes expostas e emiss\u00e3o de subst\u00e2ncias <b>alerg\u00eanicas<\/b>, tornando o planejamento criterioso uma etapa crucial.<\/p>\n\n\n<div class=\"wp-block-image\">\n<figure class=\"aligncenter size-large\"><img loading=\"lazy\" decoding=\"async\" width=\"1024\" height=\"576\" src=\"https:\/\/www.em.com.br\/emfoco\/wp-content\/uploads\/2025\/03\/arvores-antigas_1742658543200-1024x576.jpg\" alt=\"O segredo que permite a algumas \u00e1rvores viverem mais de 5.000 anos\" class=\"wp-image-31353\" srcset=\"https:\/\/www.em.com.br\/emfoco\/wp-content\/uploads\/2025\/03\/arvores-antigas_1742658543200-1024x576.jpg 1024w, https:\/\/www.em.com.br\/emfoco\/wp-content\/uploads\/2025\/03\/arvores-antigas_1742658543200-300x169.jpg 300w, https:\/\/www.em.com.br\/emfoco\/wp-content\/uploads\/2025\/03\/arvores-antigas_1742658543200-768x432.jpg 768w, https:\/\/www.em.com.br\/emfoco\/wp-content\/uploads\/2025\/03\/arvores-antigas_1742658543200-750x422.jpg 750w, https:\/\/www.em.com.br\/emfoco\/wp-content\/uploads\/2025\/03\/arvores-antigas_1742658543200-1140x641.jpg 1140w, https:\/\/www.em.com.br\/emfoco\/wp-content\/uploads\/2025\/03\/arvores-antigas_1742658543200.jpg 1280w\" sizes=\"auto, (max-width: 1024px) 100vw, 1024px\" \/><figcaption class=\"wp-element-caption\">Algumas \u00e1rvores apresentam caracter\u00edsticas que se mostram problem\u00e1ticas em cidades- Cr\u00e9ditos: depositphotos.com \/ AlexGukBO<\/figcaption><\/figure><\/div>\n\n\n<p>Leia tamb\u00e9m:&nbsp;<a href=\"https:\/\/www.em.com.br\/emfoco\/2025\/11\/27\/como-cultivar-a-dama-da-noite-e-transformar-seu-quintal-em-um-refugio-perfumado\/\" target=\"_blank\" rel=\"noopener\">Como plantar a dama da noite e transformar seu quintal em um ref\u00fagio perfumado<\/a><\/p>\n\n\n\n<h2 class=\"wp-block-heading\">Quais esp\u00e9cies de \u00e1rvores evitar no plantio urbano?<\/h2>\n\n\n\n<p>Algumas \u00e1rvores apresentam caracter\u00edsticas que se mostram problem\u00e1ticas em cidades, por conta de ra\u00edzes agressivas, tamanho excessivo e impacto negativo sobre a biodiversidade do entorno, o que pode gerar custos e riscos indesejados \u00e0s infraestruturas locais.<\/p>\n\n\n\n<p>A seguir, veja exemplos de \u00e1rvores que s\u00e3o menos indicadas para o plantio em ambientes urbanos:<\/p>\n\n\n\n<ul class=\"wp-block-list\">\n<li><b>Ficus<\/b>: ra\u00edzes invasivas, ideal para parques abertos e n\u00e3o para cal\u00e7adas<\/li>\n\n\n\n<li><b>Paineira<\/b>: ra\u00edzes superficiais expostas, podendo provocar acidentes em cal\u00e7adas<\/li>\n\n\n\n<li><b>Eucalipto<\/b>: altura e peso que oferecem risco de queda e comprometem a biodiversidade<\/li>\n\n\n\n<li><b>Casuarina<\/b>: tamb\u00e9m alta, tende a suprimir outras esp\u00e9cies e prejudicar \u00e1reas verdes urbanas<\/li>\n<\/ul>\n\n\n<div class=\"wp-block-image\">\n<figure class=\"aligncenter size-large\"><img loading=\"lazy\" decoding=\"async\" width=\"1024\" height=\"576\" src=\"https:\/\/www.em.com.br\/emfoco\/wp-content\/uploads\/2025\/11\/Eucalipto-arvore_1764358680771-1024x576.jpg\" alt=\"\" class=\"wp-image-133208\" srcset=\"https:\/\/www.em.com.br\/emfoco\/wp-content\/uploads\/2025\/11\/Eucalipto-arvore_1764358680771-1024x576.jpg 1024w, https:\/\/www.em.com.br\/emfoco\/wp-content\/uploads\/2025\/11\/Eucalipto-arvore_1764358680771-300x169.jpg 300w, https:\/\/www.em.com.br\/emfoco\/wp-content\/uploads\/2025\/11\/Eucalipto-arvore_1764358680771-768x432.jpg 768w, https:\/\/www.em.com.br\/emfoco\/wp-content\/uploads\/2025\/11\/Eucalipto-arvore_1764358680771-750x422.jpg 750w, https:\/\/www.em.com.br\/emfoco\/wp-content\/uploads\/2025\/11\/Eucalipto-arvore_1764358680771-1140x641.jpg 1140w, https:\/\/www.em.com.br\/emfoco\/wp-content\/uploads\/2025\/11\/Eucalipto-arvore_1764358680771.jpg 1280w\" sizes=\"auto, (max-width: 1024px) 100vw, 1024px\" \/><figcaption class=\"wp-element-caption\">altura e peso que oferecem risco de queda e comprometem a biodiversidade &#8211; Cr\u00e9ditos: depositphotos.com \/ mingman<\/figcaption><\/figure><\/div>\n\n\n<h2 class=\"wp-block-heading\">Como escolher as melhores \u00e1rvores para \u00e1reas urbanas?<\/h2>\n\n\n\n<p>A sele\u00e7\u00e3o de \u00e1rvores deve considerar o porte da planta na fase adulta, o desenvolvimento do sistema radicular e as exig\u00eancias de manuten\u00e7\u00e3o, al\u00e9m da compatibilidade com o espa\u00e7o dispon\u00edvel na cal\u00e7ada ou pra\u00e7a p\u00fablica.<\/p>\n\n\n\n<p>Veja algumas esp\u00e9cies geralmente recomendadas por causarem menos problemas em ambientes urbanos e se adaptarem facilmente \u00e0 conviv\u00eancia com a infraestrutura da cidade:<\/p>\n\n\n\n<ul class=\"wp-block-list\">\n<li><b>Ac\u00e1cias<\/b>: ra\u00edzes menos invasivas e crescimento controlado<\/li>\n\n\n\n<li><b>Pitangueiras<\/b>: frutos atraem aves e ra\u00edzes s\u00e3o pouco profundas<\/li>\n\n\n\n<li><b>Manac\u00e1s da Serra<\/b>: ra\u00edzes discretas e florescimento ornamental<\/li>\n<\/ul>\n\n\n\n<h2 class=\"wp-block-heading\">Por que o planejamento sustent\u00e1vel \u00e9 fundamental no paisagismo urbano?<\/h2>\n\n\n\n<p>Adotar \u00e1rvores adequadas nos projetos urbanos assegura equil\u00edbrio entre desenvolvimento, conforto ambiental e preserva\u00e7\u00e3o da <b>natureza<\/b>, o que contribui para a redu\u00e7\u00e3o de ilhas de calor e melhora a sa\u00fade dos moradores.<\/p>\n\n\n\n<p>Pol\u00edticas urbanas conscientes incluem crit\u00e9rios ambientais e sociais na escolha das esp\u00e9cies, promovendo integra\u00e7\u00e3o entre verde, infraestrutura e bem-estar dos cidad\u00e3os em longo prazo. Veja um v\u00eddeo do canal <a class=\"yt-simple-endpoint style-scope yt-formatted-string\" spellcheck=\"false\" href=\"https:\/\/www.youtube.com\/@VilaNinaTV\" target=\"_blank\" rel=\"noopener\">Vila Nina TV<\/a> sobre \u00e1rvores para plantar em cal\u00e7adas:<\/p>\n\n\n\n<figure class=\"wp-block-embed is-type-video is-provider-youtube wp-block-embed-youtube wp-embed-aspect-16-9 wp-has-aspect-ratio\"><div class=\"wp-block-embed__wrapper\">\n<div class=\"jeg_video_container jeg_video_content\"><iframe loading=\"lazy\" title=\"10 A\u0301rvores Ideais Para Calc\u0327ada\" width=\"500\" height=\"281\" src=\"https:\/\/www.youtube.com\/embed\/LFaOerIVUFA?feature=oembed\" frameborder=\"0\" allow=\"accelerometer; autoplay; clipboard-write; encrypted-media; gyroscope; picture-in-picture; web-share\" referrerpolicy=\"strict-origin-when-cross-origin\" allowfullscreen><\/iframe><\/div>\n<\/div><\/figure>\n\n\n\n<h2 class=\"wp-block-heading\">Quando \u00e9 necess\u00e1rio consultar especialistas na escolha de \u00e1rvores urbanas?<\/h2>\n\n\n\n<p>Contar com orienta\u00e7\u00e3o de profissionais como <b>agr\u00f4nomos<\/b> e bi\u00f3logos ajuda a identificar esp\u00e9cies compat\u00edveis com o ambiente, clima e restri\u00e7\u00f5es de determinada \u00e1rea urbana, evitando problemas futuros e garantindo planejamento eficaz.<\/p>\n\n\n\n<p>Esses especialistas avaliam fatores como solo, espa\u00e7o dispon\u00edvel, sistemas subterr\u00e2neos e impacto ambiental, assegurando que o plantio seja ben\u00e9fico e contribua para uma cidade mais segura, sustent\u00e1vel e bonita. Al\u00e9m disso, a consulta a \u00f3rg\u00e3os municipais pode ser indispens\u00e1vel para respeitar normas e pol\u00edticas ambientais locais.<\/p>\n","protected":false},"excerpt":{"rendered":"<p>\u00c1rvores s\u00e3o essenciais para a vida nas cidades, pois melhoram o clima, oferecem sombra e purificam o ar, mas sua integra\u00e7\u00e3o inadequada pode gerar problemas estruturais e de sa\u00fade p\u00fablica, exigindo escolhas planejadas para evitar danos e custos excessivos ao ambiente urbano. Quais problemas as \u00e1rvores podem causar em \u00e1reas urbanas? O plantio de esp\u00e9cies [&hellip;]<\/p>\n","protected":false},"author":9,"featured_media":123343,"comment_status":"open","ping_status":"open","sticky":false,"template":"","format":"standard","meta":{"jnews-multi-image_gallery":[],"jnews_single_post":{"format":"standard"},"jnews_primary_category":[],"jnews_social_meta":[],"jnews_override_counter":[],"footnotes":""},"categories":[8691,8819,1],"tags":[10426,7701,4687],"class_list":["post-133141","post","type-post","status-publish","format-standard","has-post-thumbnail","hentry","category-bem-estar","category-curiosidades","category-noticias","tag-arvore","tag-como-plantar","tag-decoracao"],"yoast_head":"<!-- This site is optimized with the Yoast SEO plugin v23.8 - https:\/\/yoast.com\/wordpress\/plugins\/seo\/ -->\n<title>Como saber se as ra\u00edzes da \u00e1rvore v\u00e3o quebrar sua cal\u00e7ada antes mesmo de plantar - Estado de Minas - Em foco<\/title>\n<meta name=\"description\" content=\"Ra\u00edzes agressivas destroem cal\u00e7adas. Entenda quais esp\u00e9cies evitar e as melhores op\u00e7\u00f5es para um planejamento urbano seguro e sustent\u00e1vel.\" \/>\n<meta name=\"robots\" content=\"index, follow, max-snippet:-1, max-image-preview:large, max-video-preview:-1\" \/>\n<link rel=\"canonical\" href=\"https:\/\/www.em.com.br\/emfoco\/2025\/11\/29\/como-saber-se-as-raizes-da-arvore-vao-quebrar-sua-calcada-antes-mesmo-de-plantar\/\" \/>\n<meta property=\"og:locale\" content=\"pt_BR\" \/>\n<meta property=\"og:type\" content=\"article\" \/>\n<meta property=\"og:title\" content=\"Como saber se as ra\u00edzes da \u00e1rvore v\u00e3o quebrar sua cal\u00e7ada antes mesmo de plantar - Estado de Minas - Em foco\" \/>\n<meta property=\"og:description\" content=\"Ra\u00edzes agressivas destroem cal\u00e7adas. Entenda quais esp\u00e9cies evitar e as melhores op\u00e7\u00f5es para um planejamento urbano seguro e sustent\u00e1vel.\" \/>\n<meta property=\"og:url\" content=\"https:\/\/www.em.com.br\/emfoco\/2025\/11\/29\/como-saber-se-as-raizes-da-arvore-vao-quebrar-sua-calcada-antes-mesmo-de-plantar\/\" \/>\n<meta property=\"og:site_name\" content=\"Estado de Minas - Em foco\" \/>\n<meta property=\"article:published_time\" content=\"2025-11-29T20:35:58+00:00\" \/>\n<meta property=\"article:modified_time\" content=\"2025-11-28T19:38:28+00:00\" \/>\n<meta property=\"og:image\" content=\"https:\/\/www.em.com.br\/emfoco\/wp-content\/uploads\/2025\/11\/Design-sem-nome-36.png\" \/>\n\t<meta property=\"og:image:width\" content=\"1280\" \/>\n\t<meta property=\"og:image:height\" content=\"720\" \/>\n\t<meta property=\"og:image:type\" content=\"image\/png\" \/>\n<meta name=\"author\" content=\"Daniely Cardoso\" \/>\n<meta name=\"twitter:card\" content=\"summary_large_image\" \/>\n<meta name=\"twitter:label1\" content=\"Escrito por\" \/>\n\t<meta name=\"twitter:data1\" content=\"Daniely Cardoso\" \/>\n\t<meta name=\"twitter:label2\" content=\"Est. tempo de leitura\" \/>\n\t<meta name=\"twitter:data2\" content=\"4 minutos\" \/>\n<!-- \/ Yoast SEO plugin. -->","yoast_head_json":{"title":"Como saber se as ra\u00edzes da \u00e1rvore v\u00e3o quebrar sua cal\u00e7ada antes mesmo de plantar - Estado de Minas - Em foco","description":"Ra\u00edzes agressivas destroem cal\u00e7adas. Entenda quais esp\u00e9cies evitar e as melhores op\u00e7\u00f5es para um planejamento urbano seguro e sustent\u00e1vel.","robots":{"index":"index","follow":"follow","max-snippet":"max-snippet:-1","max-image-preview":"max-image-preview:large","max-video-preview":"max-video-preview:-1"},"canonical":"https:\/\/www.em.com.br\/emfoco\/2025\/11\/29\/como-saber-se-as-raizes-da-arvore-vao-quebrar-sua-calcada-antes-mesmo-de-plantar\/","og_locale":"pt_BR","og_type":"article","og_title":"Como saber se as ra\u00edzes da \u00e1rvore v\u00e3o quebrar sua cal\u00e7ada antes mesmo de plantar - Estado de Minas - Em foco","og_description":"Ra\u00edzes agressivas destroem cal\u00e7adas. Entenda quais esp\u00e9cies evitar e as melhores op\u00e7\u00f5es para um planejamento urbano seguro e sustent\u00e1vel.","og_url":"https:\/\/www.em.com.br\/emfoco\/2025\/11\/29\/como-saber-se-as-raizes-da-arvore-vao-quebrar-sua-calcada-antes-mesmo-de-plantar\/","og_site_name":"Estado de Minas - Em foco","article_published_time":"2025-11-29T20:35:58+00:00","article_modified_time":"2025-11-28T19:38:28+00:00","og_image":[{"width":1280,"height":720,"url":"https:\/\/www.em.com.br\/emfoco\/wp-content\/uploads\/2025\/11\/Design-sem-nome-36.png","type":"image\/png"}],"author":"Daniely Cardoso","twitter_card":"summary_large_image","twitter_misc":{"Escrito por":"Daniely Cardoso","Est. tempo de leitura":"4 minutos"},"schema":{"@context":"https:\/\/schema.org","@graph":[{"@type":"WebPage","@id":"https:\/\/www.em.com.br\/emfoco\/2025\/11\/29\/como-saber-se-as-raizes-da-arvore-vao-quebrar-sua-calcada-antes-mesmo-de-plantar\/","url":"https:\/\/www.em.com.br\/emfoco\/2025\/11\/29\/como-saber-se-as-raizes-da-arvore-vao-quebrar-sua-calcada-antes-mesmo-de-plantar\/","name":"Como saber se as ra\u00edzes da \u00e1rvore v\u00e3o quebrar sua cal\u00e7ada antes mesmo de plantar - Estado de Minas - Em foco","isPartOf":{"@id":"https:\/\/www.em.com.br\/emfoco\/#website"},"primaryImageOfPage":{"@id":"https:\/\/www.em.com.br\/emfoco\/2025\/11\/29\/como-saber-se-as-raizes-da-arvore-vao-quebrar-sua-calcada-antes-mesmo-de-plantar\/#primaryimage"},"image":{"@id":"https:\/\/www.em.com.br\/emfoco\/2025\/11\/29\/como-saber-se-as-raizes-da-arvore-vao-quebrar-sua-calcada-antes-mesmo-de-plantar\/#primaryimage"},"thumbnailUrl":"https:\/\/www.em.com.br\/emfoco\/wp-content\/uploads\/2025\/11\/Design-sem-nome-36.png","datePublished":"2025-11-29T20:35:58+00:00","dateModified":"2025-11-28T19:38:28+00:00","author":{"@id":"https:\/\/www.em.com.br\/emfoco\/#\/schema\/person\/0a8186d72f2c3a5c6276d90b41f271a0"},"description":"Ra\u00edzes agressivas destroem cal\u00e7adas. Entenda quais esp\u00e9cies evitar e as melhores op\u00e7\u00f5es para um planejamento urbano seguro e sustent\u00e1vel.","breadcrumb":{"@id":"https:\/\/www.em.com.br\/emfoco\/2025\/11\/29\/como-saber-se-as-raizes-da-arvore-vao-quebrar-sua-calcada-antes-mesmo-de-plantar\/#breadcrumb"},"inLanguage":"pt-BR","potentialAction":[{"@type":"ReadAction","target":["https:\/\/www.em.com.br\/emfoco\/2025\/11\/29\/como-saber-se-as-raizes-da-arvore-vao-quebrar-sua-calcada-antes-mesmo-de-plantar\/"]}]},{"@type":"ImageObject","inLanguage":"pt-BR","@id":"https:\/\/www.em.com.br\/emfoco\/2025\/11\/29\/como-saber-se-as-raizes-da-arvore-vao-quebrar-sua-calcada-antes-mesmo-de-plantar\/#primaryimage","url":"https:\/\/www.em.com.br\/emfoco\/wp-content\/uploads\/2025\/11\/Design-sem-nome-36.png","contentUrl":"https:\/\/www.em.com.br\/emfoco\/wp-content\/uploads\/2025\/11\/Design-sem-nome-36.png","width":1280,"height":720,"caption":"Definir a dist\u00e2ncia adequada entre \u00e1rvores e estruturas \u00e9 crucial para evitar problemas futuros"},{"@type":"BreadcrumbList","@id":"https:\/\/www.em.com.br\/emfoco\/2025\/11\/29\/como-saber-se-as-raizes-da-arvore-vao-quebrar-sua-calcada-antes-mesmo-de-plantar\/#breadcrumb","itemListElement":[{"@type":"ListItem","position":1,"name":"In\u00edcio","item":"https:\/\/www.em.com.br\/emfoco\/"},{"@type":"ListItem","position":2,"name":"Como saber se as ra\u00edzes da \u00e1rvore v\u00e3o quebrar sua cal\u00e7ada antes mesmo de plantar"}]},{"@type":"WebSite","@id":"https:\/\/www.em.com.br\/emfoco\/#website","url":"https:\/\/www.em.com.br\/emfoco\/","name":"Estado de Minas - Em foco","description":"Acompanhe as \u00faltimas not\u00edcias e fique bem informado sobre tudo o que acontece em Minas Gerais, Brasil e no mundo.","potentialAction":[{"@type":"SearchAction","target":{"@type":"EntryPoint","urlTemplate":"https:\/\/www.em.com.br\/emfoco\/?s={search_term_string}"},"query-input":{"@type":"PropertyValueSpecification","valueRequired":true,"valueName":"search_term_string"}}],"inLanguage":"pt-BR"},{"@type":"Person","@id":"https:\/\/www.em.com.br\/emfoco\/#\/schema\/person\/0a8186d72f2c3a5c6276d90b41f271a0","name":"Daniely Cardoso","image":{"@type":"ImageObject","inLanguage":"pt-BR","@id":"https:\/\/www.em.com.br\/emfoco\/#\/schema\/person\/image\/","url":"https:\/\/secure.gravatar.com\/avatar\/4b80ddbd124d1f071b626d52d62e5dff?s=96&d=mm&r=g","contentUrl":"https:\/\/secure.gravatar.com\/avatar\/4b80ddbd124d1f071b626d52d62e5dff?s=96&d=mm&r=g","caption":"Daniely Cardoso"},"url":"https:\/\/www.em.com.br\/emfoco\/author\/danielymyth\/"}]}},"_links":{"self":[{"href":"https:\/\/www.em.com.br\/emfoco\/wp-json\/wp\/v2\/posts\/133141","targetHints":{"allow":["GET"]}}],"collection":[{"href":"https:\/\/www.em.com.br\/emfoco\/wp-json\/wp\/v2\/posts"}],"about":[{"href":"https:\/\/www.em.com.br\/emfoco\/wp-json\/wp\/v2\/types\/post"}],"author":[{"embeddable":true,"href":"https:\/\/www.em.com.br\/emfoco\/wp-json\/wp\/v2\/users\/9"}],"replies":[{"embeddable":true,"href":"https:\/\/www.em.com.br\/emfoco\/wp-json\/wp\/v2\/comments?post=133141"}],"version-history":[{"count":3,"href":"https:\/\/www.em.com.br\/emfoco\/wp-json\/wp\/v2\/posts\/133141\/revisions"}],"predecessor-version":[{"id":133209,"href":"https:\/\/www.em.com.br\/emfoco\/wp-json\/wp\/v2\/posts\/133141\/revisions\/133209"}],"wp:featuredmedia":[{"embeddable":true,"href":"https:\/\/www.em.com.br\/emfoco\/wp-json\/wp\/v2\/media\/123343"}],"wp:attachment":[{"href":"https:\/\/www.em.com.br\/emfoco\/wp-json\/wp\/v2\/media?parent=133141"}],"wp:term":[{"taxonomy":"category","embeddable":true,"href":"https:\/\/www.em.com.br\/emfoco\/wp-json\/wp\/v2\/categories?post=133141"},{"taxonomy":"post_tag","embeddable":true,"href":"https:\/\/www.em.com.br\/emfoco\/wp-json\/wp\/v2\/tags?post=133141"}],"curies":[{"name":"wp","href":"https:\/\/api.w.org\/{rel}","templated":true}]}}