{"id":133114,"date":"2025-11-30T12:25:00","date_gmt":"2025-11-30T15:25:00","guid":{"rendered":"https:\/\/www.em.com.br\/emfoco\/?p=133114"},"modified":"2025-11-28T17:05:36","modified_gmt":"2025-11-28T20:05:36","slug":"familias-de-baixa-renda-ganham-isencao-maior-na-conta-de-energia","status":"publish","type":"post","link":"https:\/\/www.em.com.br\/emfoco\/2025\/11\/30\/familias-de-baixa-renda-ganham-isencao-maior-na-conta-de-energia\/","title":{"rendered":"Fam\u00edlias de baixa renda ganham isen\u00e7\u00e3o maior na conta de energia"},"content":{"rendered":"\n<p>Em 2025, a <strong>Ag\u00eancia Nacional de Energia El\u00e9trica<\/strong> (ANEEL) promoveu uma importante altera\u00e7\u00e3o no cen\u00e1rio tarif\u00e1rio brasileiro ao regulamentar a aplica\u00e7\u00e3o da <strong>Tarifa Social de Energia El\u00e9trica<\/strong> (TSEE), medida que beneficia milh\u00f5es de fam\u00edlias de baixa renda e outros grupos vulner\u00e1veis com isen\u00e7\u00e3o dos primeiros 80 kWh consumidos mensalmente, em parceria com o <strong>Minist\u00e9rio de Minas e Energia<\/strong> (MME), proporcionando al\u00edvio no or\u00e7amento familiar e incentivando o consumo consciente.<\/p>\n\n\n\n<h2 class=\"wp-block-heading\">Como funciona a TSEE para baixa renda?<\/h2>\n\n\n<div class=\"wp-block-image\">\n<figure class=\"aligncenter size-large\"><img loading=\"lazy\" decoding=\"async\" width=\"1024\" height=\"576\" src=\"https:\/\/www.em.com.br\/emfoco\/wp-content\/uploads\/2025\/06\/conta-de-luz_1749504401486-1024x576.jpg\" alt=\"Investir em l\u00e2mpadas garante uma economia de at\u00e9 80% na conta\" class=\"wp-image-57984\" srcset=\"https:\/\/www.em.com.br\/emfoco\/wp-content\/uploads\/2025\/06\/conta-de-luz_1749504401486-1024x576.jpg 1024w, https:\/\/www.em.com.br\/emfoco\/wp-content\/uploads\/2025\/06\/conta-de-luz_1749504401486-300x169.jpg 300w, https:\/\/www.em.com.br\/emfoco\/wp-content\/uploads\/2025\/06\/conta-de-luz_1749504401486-768x432.jpg 768w, https:\/\/www.em.com.br\/emfoco\/wp-content\/uploads\/2025\/06\/conta-de-luz_1749504401486-750x422.jpg 750w, https:\/\/www.em.com.br\/emfoco\/wp-content\/uploads\/2025\/06\/conta-de-luz_1749504401486-1140x641.jpg 1140w, https:\/\/www.em.com.br\/emfoco\/wp-content\/uploads\/2025\/06\/conta-de-luz_1749504401486.jpg 1280w\" sizes=\"auto, (max-width: 1024px) 100vw, 1024px\" \/><figcaption class=\"wp-element-caption\">Isen\u00e7\u00e3o maior reduz gastos de energia para fam\u00edlia &#8211; Cr\u00e9ditos: depositphotos.com \/ volgariver<\/figcaption><\/figure><\/div>\n\n\n<p>A <strong>Tarifa Social de Energia El\u00e9trica<\/strong> \u00e9 uma pol\u00edtica p\u00fablica que concede descontos ou isen\u00e7\u00f5es na conta de luz de fam\u00edlias consideradas de baixa renda.<\/p>\n\n\n\n<p>A regulamenta\u00e7\u00e3o de 2025 trouxe uma inova\u00e7\u00e3o: agora, al\u00e9m dos descontos progressivos aplicados conforme a faixa de consumo, existe uma isen\u00e7\u00e3o total dos primeiros 80 kWh mensais. Quando esse limite \u00e9 ultrapassado, o excedente \u00e9 tarifado segundo as regras normais, exigindo aten\u00e7\u00e3o dos beneficiados para n\u00e3o perderem a vantagem da isen\u00e7\u00e3o.<\/p>\n\n\n\n<h2 class=\"wp-block-heading\">Quem pode se cadastrar na TSEE?<\/h2>\n\n\n\n<p>Para ser inclu\u00eddo na <strong><a href=\"https:\/\/www.gov.br\/aneel\/pt-br\/assuntos\/tarifas\/tarifa-social\" target=\"_blank\" rel=\"noreferrer noopener\">Tarifa Social de Energia El\u00e9trica<\/a><\/strong>, \u00e9 fundamental atender aos requisitos espec\u00edficos do <strong>Cadastro \u00danico para Programas Sociais<\/strong> (Cad\u00danico) ou ser benefici\u00e1rio do <strong>Benef\u00edcio de Presta\u00e7\u00e3o Continuada<\/strong> (BPC).<\/p>\n\n\n\n<p>Confira os principais grupos eleg\u00edveis:<\/p>\n\n\n\n<ul class=\"wp-block-list\">\n<li>Fam\u00edlias com renda per capita igual ou inferior a meio sal\u00e1rio m\u00ednimo;<\/li>\n\n\n\n<li>Recebedores do <strong>BPC<\/strong>, incluindo idosos acima de 65 anos e pessoas com defici\u00eancia;<\/li>\n\n\n\n<li>Participantes de outros programas sociais reconhecidos pelo governo.<\/li>\n<\/ul>\n\n\n\n<p>Leia mais: <a href=\"https:\/\/www.em.com.br\/emfoco\/2025\/11\/15\/inscreva-se-na-tarifa-social-e-garanta-50-de-desconto-na-conta-de-agua\/\" target=\"_blank\" rel=\"noreferrer noopener\">Inscreva-se na tarifa social e garanta 50% de desconto na conta de \u00e1gua<\/a><\/p>\n\n\n\n<h2 class=\"wp-block-heading\">Por que a Tarifa Social \u00e9 importante?<\/h2>\n\n\n<div class=\"wp-block-image\">\n<figure class=\"aligncenter size-large\"><img loading=\"lazy\" decoding=\"async\" width=\"1024\" height=\"576\" src=\"https:\/\/www.em.com.br\/emfoco\/wp-content\/uploads\/2025\/11\/usina-eletrica_1761197134519-1024x576.jpg\" alt=\"Conta de luz fica mais cara e Aneel mant\u00e9m bandeira vermelha\" class=\"wp-image-122757\" srcset=\"https:\/\/www.em.com.br\/emfoco\/wp-content\/uploads\/2025\/11\/usina-eletrica_1761197134519-1024x576.jpg 1024w, https:\/\/www.em.com.br\/emfoco\/wp-content\/uploads\/2025\/11\/usina-eletrica_1761197134519-300x169.jpg 300w, https:\/\/www.em.com.br\/emfoco\/wp-content\/uploads\/2025\/11\/usina-eletrica_1761197134519-768x432.jpg 768w, https:\/\/www.em.com.br\/emfoco\/wp-content\/uploads\/2025\/11\/usina-eletrica_1761197134519-750x422.jpg 750w, https:\/\/www.em.com.br\/emfoco\/wp-content\/uploads\/2025\/11\/usina-eletrica_1761197134519-1140x641.jpg 1140w, https:\/\/www.em.com.br\/emfoco\/wp-content\/uploads\/2025\/11\/usina-eletrica_1761197134519.jpg 1280w\" sizes=\"auto, (max-width: 1024px) 100vw, 1024px\" \/><figcaption class=\"wp-element-caption\">Isen\u00e7\u00e3o maior reduz gastos de energia para fam\u00edlia &#8211; Cr\u00e9ditos: depositphotos.com \/ EdZbarzhyvetsky<\/figcaption><\/figure><\/div>\n\n\n<p>A implementa\u00e7\u00e3o da <strong>Tarifa Social<\/strong> reduz desigualdades e deixa a energia el\u00e9trica mais acess\u00edvel \u00e0s fam\u00edlias com menores recursos, ampliando o acesso ao conforto, lazer, estudo e alimenta\u00e7\u00e3o.<\/p>\n\n\n\n<p>Esse apoio se mostra ainda mais necess\u00e1rio nos per\u00edodos de festas de fim de ano, quando o consumo energ\u00e9tico aumenta devido \u00e0 presen\u00e7a de mais pessoas em casa, tornando a economia ainda mais significativa para o or\u00e7amento familiar.<\/p>\n\n\n\n<p>Leia mais: <a href=\"https:\/\/www.em.com.br\/emfoco\/2025\/11\/26\/passo-a-passo-para-acessar-a-tarifa-social-e-conseguir-desconto-na-conta-de-luz\/\" target=\"_blank\" rel=\"noreferrer noopener\">Passo a passo para acessar a Tarifa Social e conseguir desconto na conta de luz<\/a><\/p>\n\n\n\n<h2 class=\"wp-block-heading\">Qual o impacto da TSEE para brasileiros?<\/h2>\n\n\n\n<p>Regulamentando a <strong>Tarifa Social, ANEEL e o MME<\/strong> refor\u00e7am o compromisso com pol\u00edticas que aliviam impactos econ\u00f4micos, mas tamb\u00e9m fomentam o uso respons\u00e1vel da energia el\u00e9trica.<\/p>\n\n\n\n<p>\u00c9 importante que os beneficiados estejam atentos \u00e0s regras para n\u00e3o excederem o limite e garantir o m\u00e1ximo proveito do benef\u00edcio, sem custos extras inesperados nas tarifas futuras. Al\u00e9m disso, vale destacar que a <strong>ANEEL <\/strong>est\u00e1 investindo em campanhas educativas para auxiliar os consumidores sobre melhores pr\u00e1ticas de uso de energia e a import\u00e2ncia do recadastramento anual para manuten\u00e7\u00e3o do benef\u00edcio.<\/p>\n","protected":false},"excerpt":{"rendered":"<p>Em 2025, a Ag\u00eancia Nacional de Energia El\u00e9trica (ANEEL) promoveu uma importante altera\u00e7\u00e3o no cen\u00e1rio tarif\u00e1rio brasileiro ao regulamentar a aplica\u00e7\u00e3o da Tarifa Social de Energia El\u00e9trica (TSEE), medida que beneficia milh\u00f5es de fam\u00edlias de baixa renda e outros grupos vulner\u00e1veis com isen\u00e7\u00e3o dos primeiros 80 kWh consumidos mensalmente, em parceria com o Minist\u00e9rio de [&hellip;]<\/p>\n","protected":false},"author":20,"featured_media":68413,"comment_status":"open","ping_status":"open","sticky":false,"template":"","format":"standard","meta":{"jnews-multi-image_gallery":[],"jnews_single_post":{"format":"standard"},"jnews_primary_category":[],"jnews_social_meta":[],"jnews_override_counter":[],"footnotes":""},"categories":[28,1],"tags":[1280,1016,19448],"class_list":["post-133114","post","type-post","status-publish","format-standard","has-post-thumbnail","hentry","category-economia","category-noticias","tag-aneel","tag-tarifa-social","tag-tsee"],"yoast_head":"<!-- This site is optimized with the Yoast SEO plugin v23.8 - https:\/\/yoast.com\/wordpress\/plugins\/seo\/ -->\n<title>Fam\u00edlias de baixa renda ganham isen\u00e7\u00e3o maior na conta de energia - Estado de Minas - Em foco<\/title>\n<meta name=\"description\" content=\"Fam\u00edlias brasileiras recebem isen\u00e7\u00e3o maior na conta de energia, garantindo al\u00edvio no or\u00e7amento mensal e acesso seguro ao servi\u00e7o essencial.\" \/>\n<meta name=\"robots\" content=\"index, follow, max-snippet:-1, max-image-preview:large, max-video-preview:-1\" \/>\n<link rel=\"canonical\" href=\"https:\/\/www.em.com.br\/emfoco\/2025\/11\/30\/familias-de-baixa-renda-ganham-isencao-maior-na-conta-de-energia\/\" \/>\n<meta property=\"og:locale\" content=\"pt_BR\" \/>\n<meta property=\"og:type\" content=\"article\" \/>\n<meta property=\"og:title\" content=\"Fam\u00edlias de baixa renda ganham isen\u00e7\u00e3o maior na conta de energia - Estado de Minas - Em foco\" \/>\n<meta property=\"og:description\" content=\"Fam\u00edlias brasileiras recebem isen\u00e7\u00e3o maior na conta de energia, garantindo al\u00edvio no or\u00e7amento mensal e acesso seguro ao servi\u00e7o essencial.\" \/>\n<meta property=\"og:url\" content=\"https:\/\/www.em.com.br\/emfoco\/2025\/11\/30\/familias-de-baixa-renda-ganham-isencao-maior-na-conta-de-energia\/\" \/>\n<meta property=\"og:site_name\" content=\"Estado de Minas - Em foco\" \/>\n<meta property=\"article:published_time\" content=\"2025-11-30T15:25:00+00:00\" \/>\n<meta property=\"article:modified_time\" content=\"2025-11-28T20:05:36+00:00\" \/>\n<meta property=\"og:image\" content=\"https:\/\/www.em.com.br\/emfoco\/wp-content\/uploads\/2025\/06\/pe-de-meia-feliz.png\" \/>\n\t<meta property=\"og:image:width\" content=\"1280\" \/>\n\t<meta property=\"og:image:height\" content=\"720\" \/>\n\t<meta property=\"og:image:type\" content=\"image\/png\" \/>\n<meta name=\"author\" content=\"Ingrid Diniz\" \/>\n<meta name=\"twitter:card\" content=\"summary_large_image\" \/>\n<meta name=\"twitter:label1\" content=\"Escrito por\" \/>\n\t<meta name=\"twitter:data1\" content=\"Ingrid Diniz\" \/>\n\t<meta name=\"twitter:label2\" content=\"Est. tempo de leitura\" \/>\n\t<meta name=\"twitter:data2\" content=\"4 minutos\" \/>\n<!-- \/ Yoast SEO plugin. -->","yoast_head_json":{"title":"Fam\u00edlias de baixa renda ganham isen\u00e7\u00e3o maior na conta de energia - Estado de Minas - Em foco","description":"Fam\u00edlias brasileiras recebem isen\u00e7\u00e3o maior na conta de energia, garantindo al\u00edvio no or\u00e7amento mensal e acesso seguro ao servi\u00e7o essencial.","robots":{"index":"index","follow":"follow","max-snippet":"max-snippet:-1","max-image-preview":"max-image-preview:large","max-video-preview":"max-video-preview:-1"},"canonical":"https:\/\/www.em.com.br\/emfoco\/2025\/11\/30\/familias-de-baixa-renda-ganham-isencao-maior-na-conta-de-energia\/","og_locale":"pt_BR","og_type":"article","og_title":"Fam\u00edlias de baixa renda ganham isen\u00e7\u00e3o maior na conta de energia - Estado de Minas - Em foco","og_description":"Fam\u00edlias brasileiras recebem isen\u00e7\u00e3o maior na conta de energia, garantindo al\u00edvio no or\u00e7amento mensal e acesso seguro ao servi\u00e7o essencial.","og_url":"https:\/\/www.em.com.br\/emfoco\/2025\/11\/30\/familias-de-baixa-renda-ganham-isencao-maior-na-conta-de-energia\/","og_site_name":"Estado de Minas - Em foco","article_published_time":"2025-11-30T15:25:00+00:00","article_modified_time":"2025-11-28T20:05:36+00:00","og_image":[{"width":1280,"height":720,"url":"https:\/\/www.em.com.br\/emfoco\/wp-content\/uploads\/2025\/06\/pe-de-meia-feliz.png","type":"image\/png"}],"author":"Ingrid Diniz","twitter_card":"summary_large_image","twitter_misc":{"Escrito por":"Ingrid Diniz","Est. tempo de leitura":"4 minutos"},"schema":{"@context":"https:\/\/schema.org","@graph":[{"@type":"WebPage","@id":"https:\/\/www.em.com.br\/emfoco\/2025\/11\/30\/familias-de-baixa-renda-ganham-isencao-maior-na-conta-de-energia\/","url":"https:\/\/www.em.com.br\/emfoco\/2025\/11\/30\/familias-de-baixa-renda-ganham-isencao-maior-na-conta-de-energia\/","name":"Fam\u00edlias de baixa renda ganham isen\u00e7\u00e3o maior na conta de energia - Estado de Minas - Em foco","isPartOf":{"@id":"https:\/\/www.em.com.br\/emfoco\/#website"},"primaryImageOfPage":{"@id":"https:\/\/www.em.com.br\/emfoco\/2025\/11\/30\/familias-de-baixa-renda-ganham-isencao-maior-na-conta-de-energia\/#primaryimage"},"image":{"@id":"https:\/\/www.em.com.br\/emfoco\/2025\/11\/30\/familias-de-baixa-renda-ganham-isencao-maior-na-conta-de-energia\/#primaryimage"},"thumbnailUrl":"https:\/\/www.em.com.br\/emfoco\/wp-content\/uploads\/2025\/06\/pe-de-meia-feliz.png","datePublished":"2025-11-30T15:25:00+00:00","dateModified":"2025-11-28T20:05:36+00:00","author":{"@id":"https:\/\/www.em.com.br\/emfoco\/#\/schema\/person\/649e610b4eb8fff87ff394e54fe17b2b"},"description":"Fam\u00edlias brasileiras recebem isen\u00e7\u00e3o maior na conta de energia, garantindo al\u00edvio no or\u00e7amento mensal e acesso seguro ao servi\u00e7o essencial.","breadcrumb":{"@id":"https:\/\/www.em.com.br\/emfoco\/2025\/11\/30\/familias-de-baixa-renda-ganham-isencao-maior-na-conta-de-energia\/#breadcrumb"},"inLanguage":"pt-BR","potentialAction":[{"@type":"ReadAction","target":["https:\/\/www.em.com.br\/emfoco\/2025\/11\/30\/familias-de-baixa-renda-ganham-isencao-maior-na-conta-de-energia\/"]}]},{"@type":"ImageObject","inLanguage":"pt-BR","@id":"https:\/\/www.em.com.br\/emfoco\/2025\/11\/30\/familias-de-baixa-renda-ganham-isencao-maior-na-conta-de-energia\/#primaryimage","url":"https:\/\/www.em.com.br\/emfoco\/wp-content\/uploads\/2025\/06\/pe-de-meia-feliz.png","contentUrl":"https:\/\/www.em.com.br\/emfoco\/wp-content\/uploads\/2025\/06\/pe-de-meia-feliz.png","width":1280,"height":720,"caption":"Isen\u00e7\u00e3o maior reduz gastos de energia para fam\u00edlia - Cr\u00e9ditos: depositphotos.com \/ VaDrobotBO e depositphotos.com \/ rmcarvalhobsb"},{"@type":"BreadcrumbList","@id":"https:\/\/www.em.com.br\/emfoco\/2025\/11\/30\/familias-de-baixa-renda-ganham-isencao-maior-na-conta-de-energia\/#breadcrumb","itemListElement":[{"@type":"ListItem","position":1,"name":"In\u00edcio","item":"https:\/\/www.em.com.br\/emfoco\/"},{"@type":"ListItem","position":2,"name":"Fam\u00edlias de baixa renda ganham isen\u00e7\u00e3o maior na conta de energia"}]},{"@type":"WebSite","@id":"https:\/\/www.em.com.br\/emfoco\/#website","url":"https:\/\/www.em.com.br\/emfoco\/","name":"Estado de Minas - Em foco","description":"Acompanhe as \u00faltimas not\u00edcias e fique bem informado sobre tudo o que acontece em Minas Gerais, Brasil e no mundo.","potentialAction":[{"@type":"SearchAction","target":{"@type":"EntryPoint","urlTemplate":"https:\/\/www.em.com.br\/emfoco\/?s={search_term_string}"},"query-input":{"@type":"PropertyValueSpecification","valueRequired":true,"valueName":"search_term_string"}}],"inLanguage":"pt-BR"},{"@type":"Person","@id":"https:\/\/www.em.com.br\/emfoco\/#\/schema\/person\/649e610b4eb8fff87ff394e54fe17b2b","name":"Ingrid Diniz","image":{"@type":"ImageObject","inLanguage":"pt-BR","@id":"https:\/\/www.em.com.br\/emfoco\/#\/schema\/person\/image\/","url":"https:\/\/secure.gravatar.com\/avatar\/a3baa1449ec5c39b4c42babc9d4f3951?s=96&d=mm&r=g","contentUrl":"https:\/\/secure.gravatar.com\/avatar\/a3baa1449ec5c39b4c42babc9d4f3951?s=96&d=mm&r=g","caption":"Ingrid Diniz"},"sameAs":["https:\/\/www.em.com.br\/"],"url":"https:\/\/www.em.com.br\/emfoco\/author\/ingridmyth\/"}]}},"_links":{"self":[{"href":"https:\/\/www.em.com.br\/emfoco\/wp-json\/wp\/v2\/posts\/133114","targetHints":{"allow":["GET"]}}],"collection":[{"href":"https:\/\/www.em.com.br\/emfoco\/wp-json\/wp\/v2\/posts"}],"about":[{"href":"https:\/\/www.em.com.br\/emfoco\/wp-json\/wp\/v2\/types\/post"}],"author":[{"embeddable":true,"href":"https:\/\/www.em.com.br\/emfoco\/wp-json\/wp\/v2\/users\/20"}],"replies":[{"embeddable":true,"href":"https:\/\/www.em.com.br\/emfoco\/wp-json\/wp\/v2\/comments?post=133114"}],"version-history":[{"count":1,"href":"https:\/\/www.em.com.br\/emfoco\/wp-json\/wp\/v2\/posts\/133114\/revisions"}],"predecessor-version":[{"id":133258,"href":"https:\/\/www.em.com.br\/emfoco\/wp-json\/wp\/v2\/posts\/133114\/revisions\/133258"}],"wp:featuredmedia":[{"embeddable":true,"href":"https:\/\/www.em.com.br\/emfoco\/wp-json\/wp\/v2\/media\/68413"}],"wp:attachment":[{"href":"https:\/\/www.em.com.br\/emfoco\/wp-json\/wp\/v2\/media?parent=133114"}],"wp:term":[{"taxonomy":"category","embeddable":true,"href":"https:\/\/www.em.com.br\/emfoco\/wp-json\/wp\/v2\/categories?post=133114"},{"taxonomy":"post_tag","embeddable":true,"href":"https:\/\/www.em.com.br\/emfoco\/wp-json\/wp\/v2\/tags?post=133114"}],"curies":[{"name":"wp","href":"https:\/\/api.w.org\/{rel}","templated":true}]}}