{"id":133112,"date":"2025-11-30T09:35:00","date_gmt":"2025-11-30T12:35:00","guid":{"rendered":"https:\/\/www.em.com.br\/emfoco\/?p=133112"},"modified":"2025-11-28T16:46:06","modified_gmt":"2025-11-28T19:46:06","slug":"temperaturas-acima-de-30c-e-chuvas-a-noite-o-que-esperar-do-clima-neste-comeco-de-mes-em-bh","status":"publish","type":"post","link":"https:\/\/www.em.com.br\/emfoco\/2025\/11\/30\/temperaturas-acima-de-30c-e-chuvas-a-noite-o-que-esperar-do-clima-neste-comeco-de-mes-em-bh\/","title":{"rendered":"Temperaturas acima de 30\u00b0C e chuvas \u00e0 noite, o que esperar do clima neste come\u00e7o de m\u00eas em BH"},"content":{"rendered":"\n<p><strong>Belo Horizonte<\/strong> inicia dezembro com um clima t\u00edpico da transi\u00e7\u00e3o entre primavera e ver\u00e3o, trazendo temperaturas elevadas e predom\u00ednio de sol entre nuvens. Neste 1\u00ba de dezembro, a capital mineira amanhece com m\u00ednima de 20\u00b0C e \u00e9 esperada m\u00e1xima de 31\u00b0C \u00e0 tarde, com sensa\u00e7\u00e3o de clima abafado e possibilidade de pancadas de chuva \u00e0 noite, um padr\u00e3o caracter\u00edstico da regi\u00e3o nesta \u00e9poca do ano.<\/p>\n\n\n\n<h2 class=\"wp-block-heading\">Como o clima varia em dezembro?<\/h2>\n\n\n<div class=\"wp-block-image\">\n<figure class=\"aligncenter size-large\"><img loading=\"lazy\" decoding=\"async\" width=\"1024\" height=\"576\" src=\"https:\/\/www.em.com.br\/emfoco\/wp-content\/uploads\/2025\/10\/calor_1757231953203-1024x576.jpg\" alt=\"INMET prev\u00ea geada no sul e calor de 40\u00b0C no interior\" class=\"wp-image-115562\" srcset=\"https:\/\/www.em.com.br\/emfoco\/wp-content\/uploads\/2025\/10\/calor_1757231953203-1024x576.jpg 1024w, https:\/\/www.em.com.br\/emfoco\/wp-content\/uploads\/2025\/10\/calor_1757231953203-300x169.jpg 300w, https:\/\/www.em.com.br\/emfoco\/wp-content\/uploads\/2025\/10\/calor_1757231953203-768x432.jpg 768w, https:\/\/www.em.com.br\/emfoco\/wp-content\/uploads\/2025\/10\/calor_1757231953203-750x422.jpg 750w, https:\/\/www.em.com.br\/emfoco\/wp-content\/uploads\/2025\/10\/calor_1757231953203-1140x641.jpg 1140w, https:\/\/www.em.com.br\/emfoco\/wp-content\/uploads\/2025\/10\/calor_1757231953203.jpg 1280w\" sizes=\"auto, (max-width: 1024px) 100vw, 1024px\" \/><figcaption class=\"wp-element-caption\">Calor acima de 30\u00b0C e chuvas noturnas em BH &#8211; Cr\u00e9ditos: depositphotos.com \/ phot65<\/figcaption><\/figure><\/div>\n\n\n<p>Em dezembro, h\u00e1 consider\u00e1vel oscila\u00e7\u00e3o meteorol\u00f3gica em <strong><a href=\"https:\/\/prefeitura.pbh.gov.br\/\" target=\"_blank\" rel=\"noreferrer noopener\">Belo Horizonte<\/a><\/strong>. Com a chegada do ver\u00e3o, as temperaturas m\u00e1ximas costumam ultrapassar os 30\u00b0C, associando calor intenso ao longo do dia com maior umidade no per\u00edodo noturno.<\/p>\n\n\n\n<p>Um fen\u00f4meno muito comum nessa \u00e9poca s\u00e3o as&nbsp;<strong>Chuvas de Convec\u00e7\u00e3o<\/strong>, geralmente observadas \u00e0 tarde ou \u00e0 noite. Elas ocorrem quando o calor intenso do dia provoca grande evapora\u00e7\u00e3o nos solos e superf\u00edcies, fazendo com que o ar \u00famido suba rapidamente. Ao atingir camadas mais altas e frias da atmosfera, esse vapor d\u2019\u00e1gua condensa rapidamente, formando nuvens carregadas que frequentemente resultam em pancadas de chuva localizadas e intensas, muitas vezes acompanhadas de trovoadas.<\/p>\n\n\n\n<h2 class=\"wp-block-heading\">Quais impactos t\u00eam as mudan\u00e7as clim\u00e1ticas?<\/h2>\n\n\n\n<p>A altern\u00e2ncia entre calor e chuvas no fim da tarde pode alterar rotinas e h\u00e1bitos cotidianos dos moradores. Para enfrentar esse cen\u00e1rio, \u00e9 necess\u00e1ria adapta\u00e7\u00e3o por parte da popula\u00e7\u00e3o e das autoridades, especialmente em rela\u00e7\u00e3o \u00e0 infraestrutura urbana.<\/p>\n\n\n\n<p>Diante das demandas e riscos trazidos pelo clima, destacam-se algumas a\u00e7\u00f5es importantes:<\/p>\n\n\n\n<ul class=\"wp-block-list\">\n<li>Levar sombrinha ou guarda-chuva para prevenir-se contra as chuvas repentinas<\/li>\n\n\n\n<li>Usar roupas leves e protetor solar para prote\u00e7\u00e3o contra o calor intenso<\/li>\n\n\n\n<li>Evitar transitar em \u00e1reas conhecidas por alagamentos durante temporais<\/li>\n\n\n\n<li>Ficar atento a alertas meteorol\u00f3gicos emitidos pelos \u00f3rg\u00e3os oficiais<\/li>\n<\/ul>\n\n\n\n<p>Leia mais: <a href=\"https:\/\/www.em.com.br\/emfoco\/2025\/11\/25\/cuidados-essenciais-para-se-proteger-em-meio-as-mudancas-climaticas\/\" target=\"_blank\" rel=\"noreferrer noopener\">Cuidados essenciais para se proteger em meio as mudan\u00e7as clim\u00e1ticas<\/a><\/p>\n\n\n\n<h2 class=\"wp-block-heading\">O que esperar do ver\u00e3o nos pr\u00f3ximos meses?<\/h2>\n\n\n<div class=\"wp-block-image\">\n<figure class=\"aligncenter size-large\"><img loading=\"lazy\" decoding=\"async\" width=\"1024\" height=\"576\" src=\"https:\/\/www.em.com.br\/emfoco\/wp-content\/uploads\/2025\/10\/minas-gerais-brasil_1760978055426-1024x576.jpg\" alt=\"Confira a previs\u00e3o do tempo para a pr\u00f3xima semana em BH\" class=\"wp-image-118630\" srcset=\"https:\/\/www.em.com.br\/emfoco\/wp-content\/uploads\/2025\/10\/minas-gerais-brasil_1760978055426-1024x576.jpg 1024w, https:\/\/www.em.com.br\/emfoco\/wp-content\/uploads\/2025\/10\/minas-gerais-brasil_1760978055426-300x169.jpg 300w, https:\/\/www.em.com.br\/emfoco\/wp-content\/uploads\/2025\/10\/minas-gerais-brasil_1760978055426-768x432.jpg 768w, https:\/\/www.em.com.br\/emfoco\/wp-content\/uploads\/2025\/10\/minas-gerais-brasil_1760978055426-750x422.jpg 750w, https:\/\/www.em.com.br\/emfoco\/wp-content\/uploads\/2025\/10\/minas-gerais-brasil_1760978055426-1140x641.jpg 1140w, https:\/\/www.em.com.br\/emfoco\/wp-content\/uploads\/2025\/10\/minas-gerais-brasil_1760978055426.jpg 1280w\" sizes=\"auto, (max-width: 1024px) 100vw, 1024px\" \/><figcaption class=\"wp-element-caption\">Calor acima de 30\u00b0C e chuvas noturnas em BH &#8211; Cr\u00e9ditos: depositphotos.com \/ gustavofrazao<\/figcaption><\/figure><\/div>\n\n\n<p>Com a esta\u00e7\u00e3o chuvosa apenas come\u00e7ando, a expectativa \u00e9 de manuten\u00e7\u00e3o do padr\u00e3o de calor e pancadas de chuva. As previs\u00f5es para dezembro e janeiro indicam continuidade deste cen\u00e1rio, com possibilidade de chuvas acima da m\u00e9dia hist\u00f3rica.<\/p>\n\n\n\n<p>Esse quadro se deve ao aquecimento das massas de ar e maior evapora\u00e7\u00e3o, tornando a atmosfera mais propensa a chuvas intensas, inclusive com risco de tempestades severas e alagamentos localizados na cidade. H\u00e1 tamb\u00e9m expectativa de que eventos extremos, como granizo e ventanias, ocorram pontualmente.<\/p>\n\n\n\n<p>Leia mais: <a href=\"https:\/\/www.em.com.br\/emfoco\/2025\/11\/25\/este-destino-nas-montanhas-paulistanas-virou-febre-entre-os-que-buscam-clima-leve\/\" target=\"_blank\" rel=\"noreferrer noopener\">Este destino nas montanhas paulistanas virou febre entre os que buscam clima leve<\/a><\/p>\n\n\n\n<h2 class=\"wp-block-heading\">Como a transi\u00e7\u00e3o afeta o cotidiano?<\/h2>\n\n\n\n<p>Os primeiros dias de dezembro j\u00e1 demonstram o efeito do tempo quente e \u00famido na din\u00e2mica da cidade, influenciando diretamente a rotina dos moradores. Estar atento \u00e0s mudan\u00e7as do clima \u00e9 fundamental para adaptar agendas e evitar transtornos nas atividades di\u00e1rias.<\/p>\n\n\n\n<p>Compreender os padr\u00f5es t\u00edpicos de calor e chuva permite aos cidad\u00e3os se prepararem melhor, adotando medidas preventivas para garantir sa\u00fade, seguran\u00e7a e bem-estar durante esta \u00e9poca do ano. Monitore os alertas da <strong>Defesa Civil<\/strong> e evite \u00e1reas de risco de inunda\u00e7\u00e3o. Prepare-se para a esta\u00e7\u00e3o chuvosa de BH hoje mesmo!<\/p>\n","protected":false},"excerpt":{"rendered":"<p>Belo Horizonte inicia dezembro com um clima t\u00edpico da transi\u00e7\u00e3o entre primavera e ver\u00e3o, trazendo temperaturas elevadas e predom\u00ednio de sol entre nuvens. Neste 1\u00ba de dezembro, a capital mineira amanhece com m\u00ednima de 20\u00b0C e \u00e9 esperada m\u00e1xima de 31\u00b0C \u00e0 tarde, com sensa\u00e7\u00e3o de clima abafado e possibilidade de pancadas de chuva \u00e0 [&hellip;]<\/p>\n","protected":false},"author":20,"featured_media":113256,"comment_status":"open","ping_status":"open","sticky":false,"template":"","format":"standard","meta":{"jnews-multi-image_gallery":[],"jnews_single_post":{"format":"standard"},"jnews_primary_category":[],"jnews_social_meta":[],"jnews_override_counter":[],"footnotes":""},"categories":[28,1],"tags":[154,152,251],"class_list":["post-133112","post","type-post","status-publish","format-standard","has-post-thumbnail","hentry","category-economia","category-noticias","tag-belo-horizonte","tag-clima","tag-previsao-do-tempo"],"yoast_head":"<!-- This site is optimized with the Yoast SEO plugin v23.8 - https:\/\/yoast.com\/wordpress\/plugins\/seo\/ -->\n<title>Temperaturas acima de 30\u00b0C e chuvas \u00e0 noite, o que esperar do clima neste come\u00e7o de m\u00eas em BH - Estado de Minas - Em foco<\/title>\n<meta name=\"description\" content=\"Temperaturas acima de 30\u00b0C e chuvas noturnas definem o clima no in\u00edcio do m\u00eas em BH, com calor intenso e instabilidade frequente dia a dia.\" \/>\n<meta name=\"robots\" content=\"index, follow, max-snippet:-1, max-image-preview:large, max-video-preview:-1\" \/>\n<link rel=\"canonical\" href=\"https:\/\/www.em.com.br\/emfoco\/2025\/11\/30\/temperaturas-acima-de-30c-e-chuvas-a-noite-o-que-esperar-do-clima-neste-comeco-de-mes-em-bh\/\" \/>\n<meta property=\"og:locale\" content=\"pt_BR\" \/>\n<meta property=\"og:type\" content=\"article\" \/>\n<meta property=\"og:title\" content=\"Temperaturas acima de 30\u00b0C e chuvas \u00e0 noite, o que esperar do clima neste come\u00e7o de m\u00eas em BH - Estado de Minas - Em foco\" \/>\n<meta property=\"og:description\" content=\"Temperaturas acima de 30\u00b0C e chuvas noturnas definem o clima no in\u00edcio do m\u00eas em BH, com calor intenso e instabilidade frequente dia a dia.\" \/>\n<meta property=\"og:url\" content=\"https:\/\/www.em.com.br\/emfoco\/2025\/11\/30\/temperaturas-acima-de-30c-e-chuvas-a-noite-o-que-esperar-do-clima-neste-comeco-de-mes-em-bh\/\" \/>\n<meta property=\"og:site_name\" content=\"Estado de Minas - Em foco\" \/>\n<meta property=\"article:published_time\" content=\"2025-11-30T12:35:00+00:00\" \/>\n<meta property=\"article:modified_time\" content=\"2025-11-28T19:46:06+00:00\" \/>\n<meta property=\"og:image\" content=\"https:\/\/www.em.com.br\/emfoco\/wp-content\/uploads\/2025\/10\/plantacao-cafe_1757081940582.jpg\" \/>\n\t<meta property=\"og:image:width\" content=\"1280\" \/>\n\t<meta property=\"og:image:height\" content=\"720\" \/>\n\t<meta property=\"og:image:type\" content=\"image\/jpeg\" \/>\n<meta name=\"author\" content=\"Ingrid Diniz\" \/>\n<meta name=\"twitter:card\" content=\"summary_large_image\" \/>\n<meta name=\"twitter:label1\" content=\"Escrito por\" \/>\n\t<meta name=\"twitter:data1\" content=\"Ingrid Diniz\" \/>\n\t<meta name=\"twitter:label2\" content=\"Est. tempo de leitura\" \/>\n\t<meta name=\"twitter:data2\" content=\"4 minutos\" \/>\n<!-- \/ Yoast SEO plugin. -->","yoast_head_json":{"title":"Temperaturas acima de 30\u00b0C e chuvas \u00e0 noite, o que esperar do clima neste come\u00e7o de m\u00eas em BH - Estado de Minas - Em foco","description":"Temperaturas acima de 30\u00b0C e chuvas noturnas definem o clima no in\u00edcio do m\u00eas em BH, com calor intenso e instabilidade frequente dia a dia.","robots":{"index":"index","follow":"follow","max-snippet":"max-snippet:-1","max-image-preview":"max-image-preview:large","max-video-preview":"max-video-preview:-1"},"canonical":"https:\/\/www.em.com.br\/emfoco\/2025\/11\/30\/temperaturas-acima-de-30c-e-chuvas-a-noite-o-que-esperar-do-clima-neste-comeco-de-mes-em-bh\/","og_locale":"pt_BR","og_type":"article","og_title":"Temperaturas acima de 30\u00b0C e chuvas \u00e0 noite, o que esperar do clima neste come\u00e7o de m\u00eas em BH - Estado de Minas - Em foco","og_description":"Temperaturas acima de 30\u00b0C e chuvas noturnas definem o clima no in\u00edcio do m\u00eas em BH, com calor intenso e instabilidade frequente dia a dia.","og_url":"https:\/\/www.em.com.br\/emfoco\/2025\/11\/30\/temperaturas-acima-de-30c-e-chuvas-a-noite-o-que-esperar-do-clima-neste-comeco-de-mes-em-bh\/","og_site_name":"Estado de Minas - Em foco","article_published_time":"2025-11-30T12:35:00+00:00","article_modified_time":"2025-11-28T19:46:06+00:00","og_image":[{"width":1280,"height":720,"url":"https:\/\/www.em.com.br\/emfoco\/wp-content\/uploads\/2025\/10\/plantacao-cafe_1757081940582.jpg","type":"image\/jpeg"}],"author":"Ingrid Diniz","twitter_card":"summary_large_image","twitter_misc":{"Escrito por":"Ingrid Diniz","Est. tempo de leitura":"4 minutos"},"schema":{"@context":"https:\/\/schema.org","@graph":[{"@type":"WebPage","@id":"https:\/\/www.em.com.br\/emfoco\/2025\/11\/30\/temperaturas-acima-de-30c-e-chuvas-a-noite-o-que-esperar-do-clima-neste-comeco-de-mes-em-bh\/","url":"https:\/\/www.em.com.br\/emfoco\/2025\/11\/30\/temperaturas-acima-de-30c-e-chuvas-a-noite-o-que-esperar-do-clima-neste-comeco-de-mes-em-bh\/","name":"Temperaturas acima de 30\u00b0C e chuvas \u00e0 noite, o que esperar do clima neste come\u00e7o de m\u00eas em BH - Estado de Minas - Em foco","isPartOf":{"@id":"https:\/\/www.em.com.br\/emfoco\/#website"},"primaryImageOfPage":{"@id":"https:\/\/www.em.com.br\/emfoco\/2025\/11\/30\/temperaturas-acima-de-30c-e-chuvas-a-noite-o-que-esperar-do-clima-neste-comeco-de-mes-em-bh\/#primaryimage"},"image":{"@id":"https:\/\/www.em.com.br\/emfoco\/2025\/11\/30\/temperaturas-acima-de-30c-e-chuvas-a-noite-o-que-esperar-do-clima-neste-comeco-de-mes-em-bh\/#primaryimage"},"thumbnailUrl":"https:\/\/www.em.com.br\/emfoco\/wp-content\/uploads\/2025\/10\/plantacao-cafe_1757081940582.jpg","datePublished":"2025-11-30T12:35:00+00:00","dateModified":"2025-11-28T19:46:06+00:00","author":{"@id":"https:\/\/www.em.com.br\/emfoco\/#\/schema\/person\/649e610b4eb8fff87ff394e54fe17b2b"},"description":"Temperaturas acima de 30\u00b0C e chuvas noturnas definem o clima no in\u00edcio do m\u00eas em BH, com calor intenso e instabilidade frequente dia a dia.","breadcrumb":{"@id":"https:\/\/www.em.com.br\/emfoco\/2025\/11\/30\/temperaturas-acima-de-30c-e-chuvas-a-noite-o-que-esperar-do-clima-neste-comeco-de-mes-em-bh\/#breadcrumb"},"inLanguage":"pt-BR","potentialAction":[{"@type":"ReadAction","target":["https:\/\/www.em.com.br\/emfoco\/2025\/11\/30\/temperaturas-acima-de-30c-e-chuvas-a-noite-o-que-esperar-do-clima-neste-comeco-de-mes-em-bh\/"]}]},{"@type":"ImageObject","inLanguage":"pt-BR","@id":"https:\/\/www.em.com.br\/emfoco\/2025\/11\/30\/temperaturas-acima-de-30c-e-chuvas-a-noite-o-que-esperar-do-clima-neste-comeco-de-mes-em-bh\/#primaryimage","url":"https:\/\/www.em.com.br\/emfoco\/wp-content\/uploads\/2025\/10\/plantacao-cafe_1757081940582.jpg","contentUrl":"https:\/\/www.em.com.br\/emfoco\/wp-content\/uploads\/2025\/10\/plantacao-cafe_1757081940582.jpg","width":1280,"height":720,"caption":"Calor intenso e chuvas fortes em Minas Gerais - Cr\u00e9ditos: depositphotos.com \/ diy13@ya.ru"},{"@type":"BreadcrumbList","@id":"https:\/\/www.em.com.br\/emfoco\/2025\/11\/30\/temperaturas-acima-de-30c-e-chuvas-a-noite-o-que-esperar-do-clima-neste-comeco-de-mes-em-bh\/#breadcrumb","itemListElement":[{"@type":"ListItem","position":1,"name":"In\u00edcio","item":"https:\/\/www.em.com.br\/emfoco\/"},{"@type":"ListItem","position":2,"name":"Temperaturas acima de 30\u00b0C e chuvas \u00e0 noite, o que esperar do clima neste come\u00e7o de m\u00eas em BH"}]},{"@type":"WebSite","@id":"https:\/\/www.em.com.br\/emfoco\/#website","url":"https:\/\/www.em.com.br\/emfoco\/","name":"Estado de Minas - Em foco","description":"Acompanhe as \u00faltimas not\u00edcias e fique bem informado sobre tudo o que acontece em Minas Gerais, Brasil e no mundo.","potentialAction":[{"@type":"SearchAction","target":{"@type":"EntryPoint","urlTemplate":"https:\/\/www.em.com.br\/emfoco\/?s={search_term_string}"},"query-input":{"@type":"PropertyValueSpecification","valueRequired":true,"valueName":"search_term_string"}}],"inLanguage":"pt-BR"},{"@type":"Person","@id":"https:\/\/www.em.com.br\/emfoco\/#\/schema\/person\/649e610b4eb8fff87ff394e54fe17b2b","name":"Ingrid Diniz","image":{"@type":"ImageObject","inLanguage":"pt-BR","@id":"https:\/\/www.em.com.br\/emfoco\/#\/schema\/person\/image\/","url":"https:\/\/secure.gravatar.com\/avatar\/a3baa1449ec5c39b4c42babc9d4f3951?s=96&d=mm&r=g","contentUrl":"https:\/\/secure.gravatar.com\/avatar\/a3baa1449ec5c39b4c42babc9d4f3951?s=96&d=mm&r=g","caption":"Ingrid Diniz"},"sameAs":["https:\/\/www.em.com.br\/"],"url":"https:\/\/www.em.com.br\/emfoco\/author\/ingridmyth\/"}]}},"_links":{"self":[{"href":"https:\/\/www.em.com.br\/emfoco\/wp-json\/wp\/v2\/posts\/133112","targetHints":{"allow":["GET"]}}],"collection":[{"href":"https:\/\/www.em.com.br\/emfoco\/wp-json\/wp\/v2\/posts"}],"about":[{"href":"https:\/\/www.em.com.br\/emfoco\/wp-json\/wp\/v2\/types\/post"}],"author":[{"embeddable":true,"href":"https:\/\/www.em.com.br\/emfoco\/wp-json\/wp\/v2\/users\/20"}],"replies":[{"embeddable":true,"href":"https:\/\/www.em.com.br\/emfoco\/wp-json\/wp\/v2\/comments?post=133112"}],"version-history":[{"count":1,"href":"https:\/\/www.em.com.br\/emfoco\/wp-json\/wp\/v2\/posts\/133112\/revisions"}],"predecessor-version":[{"id":133230,"href":"https:\/\/www.em.com.br\/emfoco\/wp-json\/wp\/v2\/posts\/133112\/revisions\/133230"}],"wp:featuredmedia":[{"embeddable":true,"href":"https:\/\/www.em.com.br\/emfoco\/wp-json\/wp\/v2\/media\/113256"}],"wp:attachment":[{"href":"https:\/\/www.em.com.br\/emfoco\/wp-json\/wp\/v2\/media?parent=133112"}],"wp:term":[{"taxonomy":"category","embeddable":true,"href":"https:\/\/www.em.com.br\/emfoco\/wp-json\/wp\/v2\/categories?post=133112"},{"taxonomy":"post_tag","embeddable":true,"href":"https:\/\/www.em.com.br\/emfoco\/wp-json\/wp\/v2\/tags?post=133112"}],"curies":[{"name":"wp","href":"https:\/\/api.w.org\/{rel}","templated":true}]}}