{"id":13311,"date":"2025-01-24T17:00:08","date_gmt":"2025-01-24T20:00:08","guid":{"rendered":"https:\/\/www.em.com.br\/emfoco\/?p=13311"},"modified":"2025-01-24T01:03:29","modified_gmt":"2025-01-24T04:03:29","slug":"ja-ouviu-falar-do-bpc","status":"publish","type":"post","link":"https:\/\/www.em.com.br\/emfoco\/2025\/01\/24\/ja-ouviu-falar-do-bpc\/","title":{"rendered":"J\u00e1 ouviu falar do BPC?"},"content":{"rendered":"\n<p>O Benef\u00edcio de Presta\u00e7\u00e3o Continuada (<a href=\"https:\/\/www.gov.br\/mds\/pt-br\/acoes-e-programas\/suas\/beneficios-assistenciais\/beneficio-assistencial-ao-idoso-e-a-pessoa-com-deficiencia-bpc\" target=\"_blank\" rel=\"noreferrer noopener\">BPC<\/a>) \u00e9 um aux\u00edlio assistencial garantido pela Lei Org\u00e2nica da Assist\u00eancia Social (LOAS) no Brasil. Este <a href=\"https:\/\/www.em.com.br\/emfoco\/2025\/01\/22\/ansioso-para-receber-seu-beneficio-do-inss\/\" target=\"_blank\" rel=\"noreferrer noopener\">benef\u00edcio <\/a>\u00e9 destinado a idosos com idade igual ou superior a 65 anos e a pessoas com defici\u00eancia de qualquer idade que comprovem n\u00e3o possuir meios de prover o pr\u00f3prio sustento ou de t\u00ea-lo provido por sua fam\u00edlia. O BPC garante o pagamento de um sal\u00e1rio m\u00ednimo mensal ao benefici\u00e1rio, desde que este resida no pa\u00eds e cumpra os crit\u00e9rios estabelecidos pela legisla\u00e7\u00e3o.<\/p>\n\n\n\n<h2 class=\"wp-block-heading\">Como solicitar o Benef\u00edcio de Presta\u00e7\u00e3o Continuada?<\/h2>\n\n\n\n<p>O processo de solicita\u00e7\u00e3o do BPC come\u00e7a com o cadastro no Cadastro \u00danico para Programas Sociais do Governo Federal (Cad\u00danico), pois \u00e9 necess\u00e1rio comprovar a inscri\u00e7\u00e3o para requerer o benef\u00edcio. O requerimento pode ser feito no Instituto Nacional do Seguro Social (INSS), por meio do site ou aplicativo Meu INSS, ou ainda pessoalmente em uma ag\u00eancia do INSS. \u00c9 importante preparar toda a documenta\u00e7\u00e3o necess\u00e1ria, que inclui documentos pessoais e comprovantes de renda, al\u00e9m de laudos m\u00e9dicos no caso de defici\u00eancia.<\/p>\n\n\n<div class=\"wp-block-image\">\n<figure class=\"aligncenter size-large\"><img loading=\"lazy\" decoding=\"async\" width=\"1024\" height=\"576\" src=\"https:\/\/www.em.com.br\/emfoco\/wp-content\/uploads\/2024\/12\/Brazil-Money_1734624688333-1024x576.jpg\" alt=\"\" class=\"wp-image-5727\" srcset=\"https:\/\/www.em.com.br\/emfoco\/wp-content\/uploads\/2024\/12\/Brazil-Money_1734624688333-1024x576.jpg 1024w, https:\/\/www.em.com.br\/emfoco\/wp-content\/uploads\/2024\/12\/Brazil-Money_1734624688333-300x169.jpg 300w, https:\/\/www.em.com.br\/emfoco\/wp-content\/uploads\/2024\/12\/Brazil-Money_1734624688333-768x432.jpg 768w, https:\/\/www.em.com.br\/emfoco\/wp-content\/uploads\/2024\/12\/Brazil-Money_1734624688333-750x422.jpg 750w, https:\/\/www.em.com.br\/emfoco\/wp-content\/uploads\/2024\/12\/Brazil-Money_1734624688333-1140x641.jpg 1140w, https:\/\/www.em.com.br\/emfoco\/wp-content\/uploads\/2024\/12\/Brazil-Money_1734624688333.jpg 1280w\" sizes=\"auto, (max-width: 1024px) 100vw, 1024px\" \/><figcaption class=\"wp-element-caption\">Dinheiro &#8211; Cr\u00e9ditos: depositphotos.com \/ sidneydealmeida<\/figcaption><\/figure><\/div>\n\n\n<h2 class=\"wp-block-heading\">Quais s\u00e3o as principais d\u00favidas sobre o BPC?<\/h2>\n\n\n\n<p>Muitas d\u00favidas surgem entre os interessados em receber o BPC. Primeiramente, \u00e9 comum questionar se o benefici\u00e1rio precisa realizar o cadastramento biom\u00e9trico para continuar recebendo o aux\u00edlio. Outro ponto \u00e9 o impacto de um afastamento por tratamento de sa\u00fade sobre o tempo de contribui\u00e7\u00e3o; nesse caso, para quem est\u00e1 pr\u00f3ximo de se aposentar, como aqueles com 27 anos de contribui\u00e7\u00e3o e em tratamento, existe a preocupa\u00e7\u00e3o se isso pode atrasar ou afetar sua aposentadoria. Al\u00e9m disso, a elegibilidade de pessoas que n\u00e3o contribu\u00edram para o INSS \u00e9 uma d\u00favida frequente, bem como a possibilidade de mudar de aposentadoria por invalidez para o BPC ap\u00f3s um acidente.<\/p>\n\n\n\n<h2 class=\"wp-block-heading\">Cadastramento biom\u00e9trico \u00e9 obrigat\u00f3rio para recebimento do BPC?<\/h2>\n\n\n\n<p>De tempos em tempos, surgem rumores sobre a obrigatoriedade do cadastramento biom\u00e9trico para os benefici\u00e1rios do BPC. No entanto, essa exig\u00eancia n\u00e3o \u00e9 uma constante, e as regras podem variar conforme determina\u00e7\u00f5es espec\u00edficas do INSS. \u00c9 crucial que os benefici\u00e1rios fiquem atentos \u00e0s atualiza\u00e7\u00f5es e orienta\u00e7\u00f5es fornecidas pelo instituto, verificando regularmente no site oficial ou por meio do aplicativo Meu INSS para se manterem informados e n\u00e3o correrem o risco de suspens\u00e3o do benef\u00edcio.<\/p>\n\n\n\n<h2 class=\"wp-block-heading\">\u00c9 poss\u00edvel receber o BPC sem ter contribu\u00eddo para o INSS?<\/h2>\n\n\n\n<p>Sim, uma das caracter\u00edsticas do BPC \u00e9 que ele n\u00e3o exige contribui\u00e7\u00e3o pr\u00e9via para o INSS. Trata-se de uma medida assistencial e, portanto, visa atender aqueles que se encontram em situa\u00e7\u00e3o de vulnerabilidade social, impedidos de alcan\u00e7ar meios de sustento adequados por conta da idade avan\u00e7ada ou por defici\u00eancia. Essa aus\u00eancia de necessidade de contribui\u00e7\u00e3o \u00e9 o que diferencia o BPC de outros benef\u00edcios previdenci\u00e1rios, sendo uma forma de inclus\u00e3o e suporte para os cidad\u00e3os mais necessitados.<\/p>\n\n\n\n<h2 class=\"wp-block-heading\">Como o BPC se relaciona com aposentadoria por invalidez ap\u00f3s um acidente?<\/h2>\n\n\n\n<p>Para aqueles que j\u00e1 recebem aposentadoria por invalidez, mas que ap\u00f3s um acidente consideram a transi\u00e7\u00e3o para o BPC, \u00e9 importante entender que s\u00e3o benef\u00edcios distintos, com regulamentos pr\u00f3prios. A aposentadoria por invalidez exige contribui\u00e7\u00e3o previdenci\u00e1ria anterior, enquanto o BPC, como mencionado, \u00e9 baseado na assist\u00eancia social. S\u00e3o fatores como a renda familiar e a incapacidade permanente que precisar\u00e3o ser avaliados para essa altera\u00e7\u00e3o, al\u00e9m de ser necess\u00e1rio o cancelamento de uma modalidade antes de receber a outra.<\/p>\n","protected":false},"excerpt":{"rendered":"<p>O Benef\u00edcio de Presta\u00e7\u00e3o Continuada (BPC) \u00e9 um aux\u00edlio assistencial garantido pela Lei Org\u00e2nica da Assist\u00eancia Social (LOAS) no Brasil. Este benef\u00edcio \u00e9 destinado a idosos com idade igual ou superior a 65 anos e a pessoas com defici\u00eancia de qualquer idade que comprovem n\u00e3o possuir meios de prover o pr\u00f3prio sustento ou de t\u00ea-lo [&hellip;]<\/p>\n","protected":false},"author":7,"featured_media":2689,"comment_status":"open","ping_status":"open","sticky":false,"template":"","format":"standard","meta":{"jnews-multi-image_gallery":[],"jnews_single_post":{"format":"standard"},"jnews_primary_category":[],"jnews_social_meta":[],"jnews_override_counter":[],"footnotes":""},"categories":[28],"tags":[4086,257,1739,2152,4088,4087,20],"class_list":["post-13311","post","type-post","status-publish","format-standard","has-post-thumbnail","hentry","category-economia","tag-accounting","tag-bpc","tag-brazil","tag-business","tag-company","tag-payroll","tag-tax"],"yoast_head":"<!-- This site is optimized with the Yoast SEO plugin v23.8 - https:\/\/yoast.com\/wordpress\/plugins\/seo\/ -->\n<title>J\u00e1 ouviu falar do BPC? - Estado de Minas - Em foco<\/title>\n<meta name=\"description\" content=\"Confira mais sobre esse benef\u00edcio muito importante para diversas fam\u00edlias no Brasil!\" \/>\n<meta name=\"robots\" content=\"index, follow, max-snippet:-1, max-image-preview:large, max-video-preview:-1\" \/>\n<link rel=\"canonical\" href=\"https:\/\/www.em.com.br\/emfoco\/2025\/01\/24\/ja-ouviu-falar-do-bpc\/\" \/>\n<meta property=\"og:locale\" content=\"pt_BR\" \/>\n<meta property=\"og:type\" content=\"article\" \/>\n<meta property=\"og:title\" content=\"J\u00e1 ouviu falar do BPC? - Estado de Minas - Em foco\" \/>\n<meta property=\"og:description\" content=\"Confira mais sobre esse benef\u00edcio muito importante para diversas fam\u00edlias no Brasil!\" \/>\n<meta property=\"og:url\" content=\"https:\/\/www.em.com.br\/emfoco\/2025\/01\/24\/ja-ouviu-falar-do-bpc\/\" \/>\n<meta property=\"og:site_name\" content=\"Estado de Minas - Em foco\" \/>\n<meta property=\"article:published_time\" content=\"2025-01-24T20:00:08+00:00\" \/>\n<meta property=\"article:modified_time\" content=\"2025-01-24T04:03:29+00:00\" \/>\n<meta property=\"og:image\" content=\"https:\/\/www.em.com.br\/emfoco\/wp-content\/uploads\/2024\/12\/Idosos_1733107233234.jpg\" \/>\n\t<meta property=\"og:image:width\" content=\"1280\" \/>\n\t<meta property=\"og:image:height\" content=\"720\" \/>\n\t<meta property=\"og:image:type\" content=\"image\/jpeg\" \/>\n<meta name=\"author\" content=\"Kelvin\" \/>\n<meta name=\"twitter:card\" content=\"summary_large_image\" \/>\n<meta name=\"twitter:label1\" content=\"Escrito por\" \/>\n\t<meta name=\"twitter:data1\" content=\"Kelvin\" \/>\n\t<meta name=\"twitter:label2\" content=\"Est. tempo de leitura\" \/>\n\t<meta name=\"twitter:data2\" content=\"4 minutos\" \/>\n<!-- \/ Yoast SEO plugin. -->","yoast_head_json":{"title":"J\u00e1 ouviu falar do BPC? - Estado de Minas - Em foco","description":"Confira mais sobre esse benef\u00edcio muito importante para diversas fam\u00edlias no Brasil!","robots":{"index":"index","follow":"follow","max-snippet":"max-snippet:-1","max-image-preview":"max-image-preview:large","max-video-preview":"max-video-preview:-1"},"canonical":"https:\/\/www.em.com.br\/emfoco\/2025\/01\/24\/ja-ouviu-falar-do-bpc\/","og_locale":"pt_BR","og_type":"article","og_title":"J\u00e1 ouviu falar do BPC? - Estado de Minas - Em foco","og_description":"Confira mais sobre esse benef\u00edcio muito importante para diversas fam\u00edlias no Brasil!","og_url":"https:\/\/www.em.com.br\/emfoco\/2025\/01\/24\/ja-ouviu-falar-do-bpc\/","og_site_name":"Estado de Minas - Em foco","article_published_time":"2025-01-24T20:00:08+00:00","article_modified_time":"2025-01-24T04:03:29+00:00","og_image":[{"width":1280,"height":720,"url":"https:\/\/www.em.com.br\/emfoco\/wp-content\/uploads\/2024\/12\/Idosos_1733107233234.jpg","type":"image\/jpeg"}],"author":"Kelvin","twitter_card":"summary_large_image","twitter_misc":{"Escrito por":"Kelvin","Est. tempo de leitura":"4 minutos"},"schema":{"@context":"https:\/\/schema.org","@graph":[{"@type":"WebPage","@id":"https:\/\/www.em.com.br\/emfoco\/2025\/01\/24\/ja-ouviu-falar-do-bpc\/","url":"https:\/\/www.em.com.br\/emfoco\/2025\/01\/24\/ja-ouviu-falar-do-bpc\/","name":"J\u00e1 ouviu falar do BPC? - Estado de Minas - Em foco","isPartOf":{"@id":"https:\/\/www.em.com.br\/emfoco\/#website"},"primaryImageOfPage":{"@id":"https:\/\/www.em.com.br\/emfoco\/2025\/01\/24\/ja-ouviu-falar-do-bpc\/#primaryimage"},"image":{"@id":"https:\/\/www.em.com.br\/emfoco\/2025\/01\/24\/ja-ouviu-falar-do-bpc\/#primaryimage"},"thumbnailUrl":"https:\/\/www.em.com.br\/emfoco\/wp-content\/uploads\/2024\/12\/Idosos_1733107233234.jpg","datePublished":"2025-01-24T20:00:08+00:00","dateModified":"2025-01-24T04:03:29+00:00","author":{"@id":"https:\/\/www.em.com.br\/emfoco\/#\/schema\/person\/fb0a7f48c6fbb94b83f413a80f61917d"},"description":"Confira mais sobre esse benef\u00edcio muito importante para diversas fam\u00edlias no Brasil!","breadcrumb":{"@id":"https:\/\/www.em.com.br\/emfoco\/2025\/01\/24\/ja-ouviu-falar-do-bpc\/#breadcrumb"},"inLanguage":"pt-BR","potentialAction":[{"@type":"ReadAction","target":["https:\/\/www.em.com.br\/emfoco\/2025\/01\/24\/ja-ouviu-falar-do-bpc\/"]}]},{"@type":"ImageObject","inLanguage":"pt-BR","@id":"https:\/\/www.em.com.br\/emfoco\/2025\/01\/24\/ja-ouviu-falar-do-bpc\/#primaryimage","url":"https:\/\/www.em.com.br\/emfoco\/wp-content\/uploads\/2024\/12\/Idosos_1733107233234.jpg","contentUrl":"https:\/\/www.em.com.br\/emfoco\/wp-content\/uploads\/2024\/12\/Idosos_1733107233234.jpg","width":1280,"height":720,"caption":"Idosos - Cr\u00e9ditos: depositphotos.com \/ AndrewLozovyi"},{"@type":"BreadcrumbList","@id":"https:\/\/www.em.com.br\/emfoco\/2025\/01\/24\/ja-ouviu-falar-do-bpc\/#breadcrumb","itemListElement":[{"@type":"ListItem","position":1,"name":"In\u00edcio","item":"https:\/\/www.em.com.br\/emfoco\/"},{"@type":"ListItem","position":2,"name":"J\u00e1 ouviu falar do BPC?"}]},{"@type":"WebSite","@id":"https:\/\/www.em.com.br\/emfoco\/#website","url":"https:\/\/www.em.com.br\/emfoco\/","name":"Estado de Minas - Em foco","description":"Acompanhe as \u00faltimas not\u00edcias e fique bem informado sobre tudo o que acontece em Minas Gerais, Brasil e no mundo.","potentialAction":[{"@type":"SearchAction","target":{"@type":"EntryPoint","urlTemplate":"https:\/\/www.em.com.br\/emfoco\/?s={search_term_string}"},"query-input":{"@type":"PropertyValueSpecification","valueRequired":true,"valueName":"search_term_string"}}],"inLanguage":"pt-BR"},{"@type":"Person","@id":"https:\/\/www.em.com.br\/emfoco\/#\/schema\/person\/fb0a7f48c6fbb94b83f413a80f61917d","name":"Kelvin","image":{"@type":"ImageObject","inLanguage":"pt-BR","@id":"https:\/\/www.em.com.br\/emfoco\/#\/schema\/person\/image\/","url":"https:\/\/secure.gravatar.com\/avatar\/e74f84337e6bf6c4c5e88fbdffa05270?s=96&d=mm&r=g","contentUrl":"https:\/\/secure.gravatar.com\/avatar\/e74f84337e6bf6c4c5e88fbdffa05270?s=96&d=mm&r=g","caption":"Kelvin"},"sameAs":["https:\/\/www.em.com.br\/emfoco"],"url":"https:\/\/www.em.com.br\/emfoco\/author\/kelvinmyth\/"}]}},"_links":{"self":[{"href":"https:\/\/www.em.com.br\/emfoco\/wp-json\/wp\/v2\/posts\/13311","targetHints":{"allow":["GET"]}}],"collection":[{"href":"https:\/\/www.em.com.br\/emfoco\/wp-json\/wp\/v2\/posts"}],"about":[{"href":"https:\/\/www.em.com.br\/emfoco\/wp-json\/wp\/v2\/types\/post"}],"author":[{"embeddable":true,"href":"https:\/\/www.em.com.br\/emfoco\/wp-json\/wp\/v2\/users\/7"}],"replies":[{"embeddable":true,"href":"https:\/\/www.em.com.br\/emfoco\/wp-json\/wp\/v2\/comments?post=13311"}],"version-history":[{"count":2,"href":"https:\/\/www.em.com.br\/emfoco\/wp-json\/wp\/v2\/posts\/13311\/revisions"}],"predecessor-version":[{"id":13313,"href":"https:\/\/www.em.com.br\/emfoco\/wp-json\/wp\/v2\/posts\/13311\/revisions\/13313"}],"wp:featuredmedia":[{"embeddable":true,"href":"https:\/\/www.em.com.br\/emfoco\/wp-json\/wp\/v2\/media\/2689"}],"wp:attachment":[{"href":"https:\/\/www.em.com.br\/emfoco\/wp-json\/wp\/v2\/media?parent=13311"}],"wp:term":[{"taxonomy":"category","embeddable":true,"href":"https:\/\/www.em.com.br\/emfoco\/wp-json\/wp\/v2\/categories?post=13311"},{"taxonomy":"post_tag","embeddable":true,"href":"https:\/\/www.em.com.br\/emfoco\/wp-json\/wp\/v2\/tags?post=13311"}],"curies":[{"name":"wp","href":"https:\/\/api.w.org\/{rel}","templated":true}]}}