{"id":133071,"date":"2025-11-29T09:55:13","date_gmt":"2025-11-29T12:55:13","guid":{"rendered":"https:\/\/www.em.com.br\/emfoco\/?p=133071"},"modified":"2025-11-28T16:10:55","modified_gmt":"2025-11-28T19:10:55","slug":"a-planta-perfeita-para-quem-quer-uma-decoracao-natalina-natural-e-elegante","status":"publish","type":"post","link":"https:\/\/www.em.com.br\/emfoco\/2025\/11\/29\/a-planta-perfeita-para-quem-quer-uma-decoracao-natalina-natural-e-elegante\/","title":{"rendered":"A planta perfeita para quem quer uma decora\u00e7\u00e3o natalina natural e elegante"},"content":{"rendered":"\n<p>Durante a temporada de <strong>Natal<\/strong>, muitas pessoas buscam introduzir em seus lares plantas que transmitam um toque especial de encanto e colorido vibrante. Uma op\u00e7\u00e3o que tem se tornado cada vez mais popular \u00e9 o <strong>cacto de Natal<\/strong>, conhecida tamb\u00e9m como <strong>flor-de-maio<\/strong>. Esta planta, cujo nome cient\u00edfico \u00e9 <strong>Schlumbergera bridgesii<\/strong>, destaca-se por sua beleza e facilidade de cuidado, sendo uma excelente escolha para jardineiros iniciantes e amantes da decora\u00e7\u00e3o festiva.<\/p>\n\n\n\n<h2 class=\"wp-block-heading\">Como o cacto de Natal floresce durante o inverno<\/h2>\n\n\n\n<p>O <strong>cacto de Natal<\/strong> pertence \u00e0 fam\u00edlia das suculentas, conhecidas por armazenar \u00e1gua em suas folhas carnudas. Diferente de muitas suculentas, ele se adapta bem a ambientes internos e <strong>floresce<\/strong> com intensidade em pleno inverno.<\/p>\n\n\n\n<p>Suas <strong>flores<\/strong> podem ser vermelhas, rosas, brancas ou laranjas, trazendo um toque festivo e ex\u00f3tico. Al\u00e9m disso, a planta contribui para embelezar qualquer espa\u00e7o com facilidade de cultivo, especialmente em meses mais frios.<\/p>\n\n\n\n<p>Leia tamb\u00e9m:&nbsp;<a href=\"https:\/\/www.em.com.br\/emfoco\/2025\/11\/07\/o-maior-mito-que-pode-acabar-com-a-saude-dos-seus-cactos-ou-suculentas\/\" target=\"_blank\" rel=\"noopener\">O maior mito que pode acabar com a sa\u00fade dos seus cactos ou suculentas<\/a><\/p>\n\n\n<div class=\"wp-block-image\">\n<figure class=\"aligncenter size-large\"><img loading=\"lazy\" decoding=\"async\" width=\"1024\" height=\"576\" src=\"https:\/\/www.em.com.br\/emfoco\/wp-content\/uploads\/2025\/11\/Schlumbergera-bridgesii_1764353633611-1024x576.jpg\" alt=\"\" class=\"wp-image-133108\" srcset=\"https:\/\/www.em.com.br\/emfoco\/wp-content\/uploads\/2025\/11\/Schlumbergera-bridgesii_1764353633611-1024x576.jpg 1024w, https:\/\/www.em.com.br\/emfoco\/wp-content\/uploads\/2025\/11\/Schlumbergera-bridgesii_1764353633611-300x169.jpg 300w, https:\/\/www.em.com.br\/emfoco\/wp-content\/uploads\/2025\/11\/Schlumbergera-bridgesii_1764353633611-768x432.jpg 768w, https:\/\/www.em.com.br\/emfoco\/wp-content\/uploads\/2025\/11\/Schlumbergera-bridgesii_1764353633611-750x422.jpg 750w, https:\/\/www.em.com.br\/emfoco\/wp-content\/uploads\/2025\/11\/Schlumbergera-bridgesii_1764353633611-1140x641.jpg 1140w, https:\/\/www.em.com.br\/emfoco\/wp-content\/uploads\/2025\/11\/Schlumbergera-bridgesii_1764353633611.jpg 1280w\" sizes=\"auto, (max-width: 1024px) 100vw, 1024px\" \/><figcaption class=\"wp-element-caption\">Suas flores podem ser vermelhas, rosas, brancas ou laranjas &#8211; Cr\u00e9ditos: depositphotos.com \/ MVolodymyr<\/figcaption><\/figure><\/div>\n\n\n<h2 class=\"wp-block-heading\">Qual o segredo para estimular a flora\u00e7\u00e3o do cacto de Natal<\/h2>\n\n\n\n<p>Uma particularidade dessa planta \u00e9 sua <strong>flora\u00e7\u00e3o<\/strong> sincronizada com as festas de dezembro, relacionada \u00e0 sensibilidade ao <strong>fotoper\u00edodo<\/strong>. Para favorecer a forma\u00e7\u00e3o de bot\u00f5es, mantenha a planta em local de luz brilhante e indireta, protegendo-a da luz solar direta.<\/p>\n\n\n\n<p>Ambientes excessivamente iluminados podem prejudicar o desenvolvimento das flores. Por isso, priorize locais como janelas orientadas ao <strong>leste<\/strong>, onde a insola\u00e7\u00e3o n\u00e3o \u00e9 intensa durante as horas cr\u00edticas do dia.<\/p>\n\n\n\n<h2 class=\"wp-block-heading\">Como garantem os cuidados essenciais para o cacto de Natal<\/h2>\n\n\n\n<p>Manter o <strong>cacto de Natal<\/strong> saud\u00e1vel \u00e9 simples, exigindo apenas aten\u00e7\u00e3o \u00e0 rega e ao ambiente. Durante a flora\u00e7\u00e3o, regue moderadamente, sempre esperando o solo secar superficialmente para evitar o excesso de umidade.<\/p>\n\n\n<div class=\"wp-block-image\">\n<figure class=\"aligncenter size-large\"><img loading=\"lazy\" decoding=\"async\" width=\"1024\" height=\"576\" src=\"https:\/\/www.em.com.br\/emfoco\/wp-content\/uploads\/2025\/04\/flor-de-maio-planta_1744989563633-1024x576.jpg\" alt=\"Passo a passo para fazer mudas de flor-de-maio e multiplicar sua cole\u00e7\u00e3o\" class=\"wp-image-39565\" srcset=\"https:\/\/www.em.com.br\/emfoco\/wp-content\/uploads\/2025\/04\/flor-de-maio-planta_1744989563633-1024x576.jpg 1024w, https:\/\/www.em.com.br\/emfoco\/wp-content\/uploads\/2025\/04\/flor-de-maio-planta_1744989563633-300x169.jpg 300w, https:\/\/www.em.com.br\/emfoco\/wp-content\/uploads\/2025\/04\/flor-de-maio-planta_1744989563633-768x432.jpg 768w, https:\/\/www.em.com.br\/emfoco\/wp-content\/uploads\/2025\/04\/flor-de-maio-planta_1744989563633-750x422.jpg 750w, https:\/\/www.em.com.br\/emfoco\/wp-content\/uploads\/2025\/04\/flor-de-maio-planta_1744989563633-1140x641.jpg 1140w, https:\/\/www.em.com.br\/emfoco\/wp-content\/uploads\/2025\/04\/flor-de-maio-planta_1744989563633.jpg 1280w\" sizes=\"auto, (max-width: 1024px) 100vw, 1024px\" \/><figcaption class=\"wp-element-caption\">\u00e9 uma planta suculenta bastante apreciada por sua beleza &#8211; Cr\u00e9ditos: depositphotos.com \/ annazkr<\/figcaption><\/figure><\/div>\n\n\n<p>Para criar um ambiente adequado, vale tamb\u00e9m pulverizar as <strong>folhas<\/strong> ocasionalmente com \u00e1gua pot\u00e1vel. Isso pode ser feito com \u00e1gua filtrada, ideal para evitar compostos qu\u00edmicos prejudiciais, especialmente se sua regi\u00e3o utiliza \u00e1gua tratada com <strong>cloro<\/strong>.<\/p>\n\n\n\n<h2 class=\"wp-block-heading\">Veja t\u00e9cnicas pr\u00e1ticas para potencializar a flora\u00e7\u00e3o do cacto de Natal<\/h2>\n\n\n\n<p>Al\u00e9m da luz indireta, h\u00e1 t\u00e9cnicas espec\u00edficas que ajudam a desencadear uma <strong>flora\u00e7\u00e3o<\/strong> mais vigorosa. O controle da escurid\u00e3o nas semanas anteriores ao florescimento pode ser decisivo para obter plantas com flores abundantes e saud\u00e1veis.<\/p>\n\n\n\n<p>Confira abaixo um resumo das principais dicas para aumentar o sucesso na <strong>flora\u00e7\u00e3o<\/strong> do cacto de Natal:<\/p>\n\n\n\n<ul class=\"wp-block-list\">\n<li>Coloque o cacto em ambiente escuro por <strong>14 a 16 horas di\u00e1rias<\/strong> por 4 a 6 semanas antes da flora\u00e7\u00e3o;<\/li>\n\n\n\n<li>Evite correntes de ar frio e choques t\u00e9rmicos pr\u00f3ximos \u00e0 \u00e9poca de <strong>florescimento<\/strong>;<\/li>\n\n\n\n<li>Utilize substrato leve e bem drenado, adequado para <strong>suculentas<\/strong>;<\/li>\n\n\n\n<li>Mantenha cuidados regulares, sem excessos de <strong>\u00e1gua<\/strong> ou de fertiliza\u00e7\u00e3o.<\/li>\n<\/ul>\n\n\n\n<p>Veja um v\u00eddeo abaixo do canal <a href=\"https:\/\/www.youtube.com\/@Artsflores\" target=\"_blank\" rel=\"noopener\">Art\u2018s &amp; flores&nbsp;<\/a>sobre cuidados com o cacto de Natal:<\/p>\n\n\n\n<figure class=\"wp-block-embed is-type-video is-provider-youtube wp-block-embed-youtube wp-embed-aspect-16-9 wp-has-aspect-ratio\"><div class=\"wp-block-embed__wrapper\">\n<div class=\"jeg_video_container jeg_video_content\"><iframe loading=\"lazy\" title=\"COMO CUIDAR DE FLOR-DE-MAIO CACTO-DE-NATAL SCHLUMBERGERE\" width=\"500\" height=\"281\" src=\"https:\/\/www.youtube.com\/embed\/ORRRrVlmi1A?feature=oembed\" frameborder=\"0\" allow=\"accelerometer; autoplay; clipboard-write; encrypted-media; gyroscope; picture-in-picture; web-share\" referrerpolicy=\"strict-origin-when-cross-origin\" allowfullscreen><\/iframe><\/div>\n<\/div><\/figure>\n\n\n\n<h2 class=\"wp-block-heading\">Por que cultivar o cacto de Natal em sua decora\u00e7\u00e3o natalina vale a pena<\/h2>\n\n\n\n<p>O <strong>cacto de Natal<\/strong> oferece beleza durante o inverno e exige poucos cuidados, tornando-se resistente e duradouro. Sua presen\u00e7a enriquece qualquer decora\u00e7\u00e3o natalina com cor e vitalidade.<\/p>\n\n\n\n<p>Ao incluir essa planta em seu lar, al\u00e9m da est\u00e9tica marcante, voc\u00ea traz simbolismo de <strong>renova\u00e7\u00e3o<\/strong> e celebra\u00e7\u00e3o, criando um ambiente acolhedor e especial para as festas. Outra curiosidade interessante \u00e9 que o <strong>Schlumbergera bridgesii<\/strong> pode viver por muitos anos e, com os devidos cuidados, florir anualmente, tornando-se um verdadeiro s\u00edmbolo de tradi\u00e7\u00e3o e longevidade em fam\u00edlia.<\/p>\n","protected":false},"excerpt":{"rendered":"<p>Durante a temporada de Natal, muitas pessoas buscam introduzir em seus lares plantas que transmitam um toque especial de encanto e colorido vibrante. Uma op\u00e7\u00e3o que tem se tornado cada vez mais popular \u00e9 o cacto de Natal, conhecida tamb\u00e9m como flor-de-maio. Esta planta, cujo nome cient\u00edfico \u00e9 Schlumbergera bridgesii, destaca-se por sua beleza e [&hellip;]<\/p>\n","protected":false},"author":9,"featured_media":107186,"comment_status":"open","ping_status":"open","sticky":false,"template":"","format":"standard","meta":{"jnews-multi-image_gallery":[],"jnews_single_post":{"format":"standard"},"jnews_primary_category":[],"jnews_social_meta":[],"jnews_override_counter":[],"footnotes":""},"categories":[8691,8819,1],"tags":[19446,3325,3779],"class_list":["post-133071","post","type-post","status-publish","format-standard","has-post-thumbnail","hentry","category-bem-estar","category-curiosidades","category-noticias","tag-cacto-de-natal","tag-jardim","tag-planta"],"yoast_head":"<!-- This site is optimized with the Yoast SEO plugin v23.8 - https:\/\/yoast.com\/wordpress\/plugins\/seo\/ -->\n<title>A planta perfeita para quem quer uma decora\u00e7\u00e3o natalina natural e elegante - Estado de Minas - Em foco<\/title>\n<meta name=\"description\" content=\"O cacto de Natal floresce no inverno com pouca luz e rega moderada. Saiba como estimular os bot\u00f5es com o controle da escurid\u00e3o.\" \/>\n<meta name=\"robots\" content=\"index, follow, max-snippet:-1, max-image-preview:large, max-video-preview:-1\" \/>\n<link rel=\"canonical\" href=\"https:\/\/www.em.com.br\/emfoco\/2025\/11\/29\/a-planta-perfeita-para-quem-quer-uma-decoracao-natalina-natural-e-elegante\/\" \/>\n<meta property=\"og:locale\" content=\"pt_BR\" \/>\n<meta property=\"og:type\" content=\"article\" \/>\n<meta property=\"og:title\" content=\"A planta perfeita para quem quer uma decora\u00e7\u00e3o natalina natural e elegante - Estado de Minas - Em foco\" \/>\n<meta property=\"og:description\" content=\"O cacto de Natal floresce no inverno com pouca luz e rega moderada. Saiba como estimular os bot\u00f5es com o controle da escurid\u00e3o.\" \/>\n<meta property=\"og:url\" content=\"https:\/\/www.em.com.br\/emfoco\/2025\/11\/29\/a-planta-perfeita-para-quem-quer-uma-decoracao-natalina-natural-e-elegante\/\" \/>\n<meta property=\"og:site_name\" content=\"Estado de Minas - Em foco\" \/>\n<meta property=\"article:published_time\" content=\"2025-11-29T12:55:13+00:00\" \/>\n<meta property=\"article:modified_time\" content=\"2025-11-28T19:10:55+00:00\" \/>\n<meta property=\"og:image\" content=\"https:\/\/www.em.com.br\/emfoco\/wp-content\/uploads\/2025\/09\/Schlumbergera-truncata_1758636716833.jpg\" \/>\n\t<meta property=\"og:image:width\" content=\"1280\" \/>\n\t<meta property=\"og:image:height\" content=\"720\" \/>\n\t<meta property=\"og:image:type\" content=\"image\/jpeg\" \/>\n<meta name=\"author\" content=\"Daniely Cardoso\" \/>\n<meta name=\"twitter:card\" content=\"summary_large_image\" \/>\n<meta name=\"twitter:label1\" content=\"Escrito por\" \/>\n\t<meta name=\"twitter:data1\" content=\"Daniely Cardoso\" \/>\n\t<meta name=\"twitter:label2\" content=\"Est. tempo de leitura\" \/>\n\t<meta name=\"twitter:data2\" content=\"4 minutos\" \/>\n<!-- \/ Yoast SEO plugin. -->","yoast_head_json":{"title":"A planta perfeita para quem quer uma decora\u00e7\u00e3o natalina natural e elegante - Estado de Minas - Em foco","description":"O cacto de Natal floresce no inverno com pouca luz e rega moderada. Saiba como estimular os bot\u00f5es com o controle da escurid\u00e3o.","robots":{"index":"index","follow":"follow","max-snippet":"max-snippet:-1","max-image-preview":"max-image-preview:large","max-video-preview":"max-video-preview:-1"},"canonical":"https:\/\/www.em.com.br\/emfoco\/2025\/11\/29\/a-planta-perfeita-para-quem-quer-uma-decoracao-natalina-natural-e-elegante\/","og_locale":"pt_BR","og_type":"article","og_title":"A planta perfeita para quem quer uma decora\u00e7\u00e3o natalina natural e elegante - Estado de Minas - Em foco","og_description":"O cacto de Natal floresce no inverno com pouca luz e rega moderada. Saiba como estimular os bot\u00f5es com o controle da escurid\u00e3o.","og_url":"https:\/\/www.em.com.br\/emfoco\/2025\/11\/29\/a-planta-perfeita-para-quem-quer-uma-decoracao-natalina-natural-e-elegante\/","og_site_name":"Estado de Minas - Em foco","article_published_time":"2025-11-29T12:55:13+00:00","article_modified_time":"2025-11-28T19:10:55+00:00","og_image":[{"width":1280,"height":720,"url":"https:\/\/www.em.com.br\/emfoco\/wp-content\/uploads\/2025\/09\/Schlumbergera-truncata_1758636716833.jpg","type":"image\/jpeg"}],"author":"Daniely Cardoso","twitter_card":"summary_large_image","twitter_misc":{"Escrito por":"Daniely Cardoso","Est. tempo de leitura":"4 minutos"},"schema":{"@context":"https:\/\/schema.org","@graph":[{"@type":"WebPage","@id":"https:\/\/www.em.com.br\/emfoco\/2025\/11\/29\/a-planta-perfeita-para-quem-quer-uma-decoracao-natalina-natural-e-elegante\/","url":"https:\/\/www.em.com.br\/emfoco\/2025\/11\/29\/a-planta-perfeita-para-quem-quer-uma-decoracao-natalina-natural-e-elegante\/","name":"A planta perfeita para quem quer uma decora\u00e7\u00e3o natalina natural e elegante - Estado de Minas - Em foco","isPartOf":{"@id":"https:\/\/www.em.com.br\/emfoco\/#website"},"primaryImageOfPage":{"@id":"https:\/\/www.em.com.br\/emfoco\/2025\/11\/29\/a-planta-perfeita-para-quem-quer-uma-decoracao-natalina-natural-e-elegante\/#primaryimage"},"image":{"@id":"https:\/\/www.em.com.br\/emfoco\/2025\/11\/29\/a-planta-perfeita-para-quem-quer-uma-decoracao-natalina-natural-e-elegante\/#primaryimage"},"thumbnailUrl":"https:\/\/www.em.com.br\/emfoco\/wp-content\/uploads\/2025\/09\/Schlumbergera-truncata_1758636716833.jpg","datePublished":"2025-11-29T12:55:13+00:00","dateModified":"2025-11-28T19:10:55+00:00","author":{"@id":"https:\/\/www.em.com.br\/emfoco\/#\/schema\/person\/0a8186d72f2c3a5c6276d90b41f271a0"},"description":"O cacto de Natal floresce no inverno com pouca luz e rega moderada. Saiba como estimular os bot\u00f5es com o controle da escurid\u00e3o.","breadcrumb":{"@id":"https:\/\/www.em.com.br\/emfoco\/2025\/11\/29\/a-planta-perfeita-para-quem-quer-uma-decoracao-natalina-natural-e-elegante\/#breadcrumb"},"inLanguage":"pt-BR","potentialAction":[{"@type":"ReadAction","target":["https:\/\/www.em.com.br\/emfoco\/2025\/11\/29\/a-planta-perfeita-para-quem-quer-uma-decoracao-natalina-natural-e-elegante\/"]}]},{"@type":"ImageObject","inLanguage":"pt-BR","@id":"https:\/\/www.em.com.br\/emfoco\/2025\/11\/29\/a-planta-perfeita-para-quem-quer-uma-decoracao-natalina-natural-e-elegante\/#primaryimage","url":"https:\/\/www.em.com.br\/emfoco\/wp-content\/uploads\/2025\/09\/Schlumbergera-truncata_1758636716833.jpg","contentUrl":"https:\/\/www.em.com.br\/emfoco\/wp-content\/uploads\/2025\/09\/Schlumbergera-truncata_1758636716833.jpg","width":1280,"height":720,"caption":"O grande \u201csegredo\u201d da flor-de-maio est\u00e1 em respeitar o seu ciclo natural. - Cr\u00e9ditos: depositphotos.com \/ alexmak72427"},{"@type":"BreadcrumbList","@id":"https:\/\/www.em.com.br\/emfoco\/2025\/11\/29\/a-planta-perfeita-para-quem-quer-uma-decoracao-natalina-natural-e-elegante\/#breadcrumb","itemListElement":[{"@type":"ListItem","position":1,"name":"In\u00edcio","item":"https:\/\/www.em.com.br\/emfoco\/"},{"@type":"ListItem","position":2,"name":"A planta perfeita para quem quer uma decora\u00e7\u00e3o natalina natural e elegante"}]},{"@type":"WebSite","@id":"https:\/\/www.em.com.br\/emfoco\/#website","url":"https:\/\/www.em.com.br\/emfoco\/","name":"Estado de Minas - Em foco","description":"Acompanhe as \u00faltimas not\u00edcias e fique bem informado sobre tudo o que acontece em Minas Gerais, Brasil e no mundo.","potentialAction":[{"@type":"SearchAction","target":{"@type":"EntryPoint","urlTemplate":"https:\/\/www.em.com.br\/emfoco\/?s={search_term_string}"},"query-input":{"@type":"PropertyValueSpecification","valueRequired":true,"valueName":"search_term_string"}}],"inLanguage":"pt-BR"},{"@type":"Person","@id":"https:\/\/www.em.com.br\/emfoco\/#\/schema\/person\/0a8186d72f2c3a5c6276d90b41f271a0","name":"Daniely Cardoso","image":{"@type":"ImageObject","inLanguage":"pt-BR","@id":"https:\/\/www.em.com.br\/emfoco\/#\/schema\/person\/image\/","url":"https:\/\/secure.gravatar.com\/avatar\/4b80ddbd124d1f071b626d52d62e5dff?s=96&d=mm&r=g","contentUrl":"https:\/\/secure.gravatar.com\/avatar\/4b80ddbd124d1f071b626d52d62e5dff?s=96&d=mm&r=g","caption":"Daniely Cardoso"},"url":"https:\/\/www.em.com.br\/emfoco\/author\/danielymyth\/"}]}},"_links":{"self":[{"href":"https:\/\/www.em.com.br\/emfoco\/wp-json\/wp\/v2\/posts\/133071","targetHints":{"allow":["GET"]}}],"collection":[{"href":"https:\/\/www.em.com.br\/emfoco\/wp-json\/wp\/v2\/posts"}],"about":[{"href":"https:\/\/www.em.com.br\/emfoco\/wp-json\/wp\/v2\/types\/post"}],"author":[{"embeddable":true,"href":"https:\/\/www.em.com.br\/emfoco\/wp-json\/wp\/v2\/users\/9"}],"replies":[{"embeddable":true,"href":"https:\/\/www.em.com.br\/emfoco\/wp-json\/wp\/v2\/comments?post=133071"}],"version-history":[{"count":3,"href":"https:\/\/www.em.com.br\/emfoco\/wp-json\/wp\/v2\/posts\/133071\/revisions"}],"predecessor-version":[{"id":133157,"href":"https:\/\/www.em.com.br\/emfoco\/wp-json\/wp\/v2\/posts\/133071\/revisions\/133157"}],"wp:featuredmedia":[{"embeddable":true,"href":"https:\/\/www.em.com.br\/emfoco\/wp-json\/wp\/v2\/media\/107186"}],"wp:attachment":[{"href":"https:\/\/www.em.com.br\/emfoco\/wp-json\/wp\/v2\/media?parent=133071"}],"wp:term":[{"taxonomy":"category","embeddable":true,"href":"https:\/\/www.em.com.br\/emfoco\/wp-json\/wp\/v2\/categories?post=133071"},{"taxonomy":"post_tag","embeddable":true,"href":"https:\/\/www.em.com.br\/emfoco\/wp-json\/wp\/v2\/tags?post=133071"}],"curies":[{"name":"wp","href":"https:\/\/api.w.org\/{rel}","templated":true}]}}