{"id":133053,"date":"2025-12-01T06:25:00","date_gmt":"2025-12-01T09:25:00","guid":{"rendered":"https:\/\/www.em.com.br\/emfoco\/?p=133053"},"modified":"2025-11-28T14:02:31","modified_gmt":"2025-11-28T17:02:31","slug":"a-planta-rica-em-ferro-que-cresce-na-sombra-e-combate-a-anemia-naturalmente","status":"publish","type":"post","link":"https:\/\/www.em.com.br\/emfoco\/2025\/12\/01\/a-planta-rica-em-ferro-que-cresce-na-sombra-e-combate-a-anemia-naturalmente\/","title":{"rendered":"A planta rica em ferro que cresce na sombra e combate a anemia naturalmente"},"content":{"rendered":"\n<p>Existe uma <strong>planta rica em ferro<\/strong> que cresce at\u00e9 na sombra e pode ajudar no combate natural \u00e0 anemia. Ela \u00e9 resistente, nutritiva e est\u00e1 presente em muitos quintais brasileiros sem que a maioria perceba seu valor medicinal e alimentar.<\/p>\n\n\n\n<h2 class=\"wp-block-heading\">Por que essa planta \u00e9 considerada um superalimento t\u00e3o poderoso?<\/h2>\n\n\n\n<p>A <strong>ora-pro-n\u00f3bis<\/strong> se destaca por suas folhas altamente nutritivas, ricas em ferro, prote\u00ednas e fibras. Essa combina\u00e7\u00e3o <strong><a href=\"https:\/\/www.cpt.com.br\/artigos\/4-plantas-medicinais-que-melhoram-a-imunidade\" target=\"_blank\" rel=\"noreferrer noopener\">fortalece a imunidade<\/a><\/strong> e melhora a absor\u00e7\u00e3o de nutrientes essenciais para o organismo, principalmente em dietas pobres em ferro.<\/p>\n\n\n\n<p>Al\u00e9m de combater a anemia, suas propriedades ajudam na saciedade e no funcionamento intestinal, tornando-a uma excelente alternativa natural para quem busca uma alimenta\u00e7\u00e3o mais equilibrada, acess\u00edvel e funcional no dia a dia.<\/p>\n\n\n\n<figure class=\"wp-block-image size-large\"><img loading=\"lazy\" decoding=\"async\" width=\"1024\" height=\"576\" src=\"https:\/\/www.em.com.br\/emfoco\/wp-content\/uploads\/2025\/11\/IA-IMG-69-1024x576.jpg\" alt=\"A planta rica em ferro que cresce na sombra e combate a anemia naturalmente\" class=\"wp-image-133059\" srcset=\"https:\/\/www.em.com.br\/emfoco\/wp-content\/uploads\/2025\/11\/IA-IMG-69-1024x576.jpg 1024w, https:\/\/www.em.com.br\/emfoco\/wp-content\/uploads\/2025\/11\/IA-IMG-69-300x169.jpg 300w, https:\/\/www.em.com.br\/emfoco\/wp-content\/uploads\/2025\/11\/IA-IMG-69-768x432.jpg 768w, https:\/\/www.em.com.br\/emfoco\/wp-content\/uploads\/2025\/11\/IA-IMG-69-750x422.jpg 750w, https:\/\/www.em.com.br\/emfoco\/wp-content\/uploads\/2025\/11\/IA-IMG-69-1140x641.jpg 1140w, https:\/\/www.em.com.br\/emfoco\/wp-content\/uploads\/2025\/11\/IA-IMG-69.jpg 1280w\" sizes=\"auto, (max-width: 1024px) 100vw, 1024px\" \/><figcaption class=\"wp-element-caption\">Folhas ricas em ferro fortalecem imunidade e melhoram a disposi\u00e7\u00e3o di\u00e1ria <\/figcaption><\/figure>\n\n\n\n<p><em>Leia mais: <strong><a href=\"https:\/\/www.em.com.br\/emfoco\/2025\/11\/28\/entenda-como-a-respiracao-destas-plantas-pode-salvar-sua-casa-do-excesso-de-agua\/\" target=\"_blank\" rel=\"noreferrer noopener\">Entenda como a respira\u00e7\u00e3o destas plantas pode salvar sua casa do excesso de \u00e1gua<\/a><\/strong><\/em><\/p>\n\n\n\n<h2 class=\"wp-block-heading\">Quais caracter\u00edsticas tornam essa planta t\u00e3o f\u00e1cil de cultivar?<\/h2>\n\n\n\n<p>Ideal para quem tem pouco tempo ou experi\u00eancia, a ora-pro-n\u00f3bis cresce com facilidade mesmo em locais de baixa luminosidade. Por ser uma planta resistente, ela exige cuidados m\u00ednimos e ainda se adapta bem a diferentes espa\u00e7os da casa.<\/p>\n\n\n\n<p>Essas vantagens tornam a esp\u00e9cie perfeita para iniciantes, j\u00e1 que ela precisa de pouca manuten\u00e7\u00e3o e oferece excelente rendimento nutricional. Veja abaixo os principais motivos que fazem da ora-pro-n\u00f3bis uma planta t\u00e3o pr\u00e1tica:<\/p>\n\n\n\n<ul class=\"wp-block-list\">\n<li><strong>Baixa demanda de \u00e1gua<\/strong>: requer regas espa\u00e7adas e n\u00e3o sofre com curtos per\u00edodos de seca.<\/li>\n\n\n\n<li><strong>Versatilidade de cultivo<\/strong>: cresce bem em muros, vasos, jardineiras e at\u00e9 em cercas simples.<\/li>\n\n\n\n<li><strong>Espinhos discretos<\/strong>: est\u00e3o nos galhos, mas n\u00e3o interferem na colheita quando manuseada com cuidado.<\/li>\n<\/ul>\n\n\n\n<h2 class=\"wp-block-heading\">Como aproveitar a ora-pro-n\u00f3bis na alimenta\u00e7\u00e3o di\u00e1ria?<\/h2>\n\n\n\n<p>Suas folhas s\u00e3o comest\u00edveis e podem ser inclu\u00eddas facilmente em receitas do cotidiano. Refogadas como couve, batidas em sucos verdes ou misturadas em caldos e omeletes, elas mant\u00eam o <strong>valor nutricional<\/strong> e t\u00eam sabor leve que combina com diversos pratos.<\/p>\n\n\n\n<p>Para quem busca refor\u00e7ar a ingest\u00e3o de ferro de forma natural, a combina\u00e7\u00e3o com alimentos ricos em <strong>vitamina C<\/strong>, como laranja ou lim\u00e3o, ajuda na absor\u00e7\u00e3o do mineral. Isso torna a planta um excelente refor\u00e7o alimentar sem custo elevado.<\/p>\n\n\n\n<figure class=\"wp-block-image size-large\"><img loading=\"lazy\" decoding=\"async\" width=\"1024\" height=\"576\" src=\"https:\/\/www.em.com.br\/emfoco\/wp-content\/uploads\/2025\/10\/ad-1-3-1024x576.jpg\" alt=\"Como cultivar ora-pro-n\u00f3bis em casa de forma simples e nutritiva\" class=\"wp-image-115727\" srcset=\"https:\/\/www.em.com.br\/emfoco\/wp-content\/uploads\/2025\/10\/ad-1-3-1024x576.jpg 1024w, https:\/\/www.em.com.br\/emfoco\/wp-content\/uploads\/2025\/10\/ad-1-3-300x169.jpg 300w, https:\/\/www.em.com.br\/emfoco\/wp-content\/uploads\/2025\/10\/ad-1-3-768x432.jpg 768w, https:\/\/www.em.com.br\/emfoco\/wp-content\/uploads\/2025\/10\/ad-1-3-750x422.jpg 750w, https:\/\/www.em.com.br\/emfoco\/wp-content\/uploads\/2025\/10\/ad-1-3-1140x641.jpg 1140w, https:\/\/www.em.com.br\/emfoco\/wp-content\/uploads\/2025\/10\/ad-1-3.jpg 1280w\" sizes=\"auto, (max-width: 1024px) 100vw, 1024px\" \/><figcaption class=\"wp-element-caption\">Versatilidade culin\u00e1ria aumenta nutrientes sem alterar o sabor das refei\u00e7\u00f5es &#8211; Cr\u00e9ditos: Wikimedia Commons<\/figcaption><\/figure>\n\n\n\n<h2 class=\"wp-block-heading\">Quais cuidados b\u00e1sicos garantem um cultivo sempre saud\u00e1vel?<\/h2>\n\n\n\n<p>Mesmo sendo uma trepadeira resistente, a ora-pro-n\u00f3bis precisa de pequenas manuten\u00e7\u00f5es para crescer com mais vigor e produzir folhas macias. Um cultivo correto garante n\u00e3o apenas maior produtividade, mas tamb\u00e9m mais qualidade nutricional.<\/p>\n\n\n\n<p>Com algumas pr\u00e1ticas simples, \u00e9 poss\u00edvel manter a planta forte, bonita e produtiva o ano inteiro, mesmo em locais com pouco espa\u00e7o. Veja como garantir bons resultados no cultivo dom\u00e9stico:<\/p>\n\n\n\n<ul class=\"wp-block-list\">\n<li><strong>Fa\u00e7a podas regulares<\/strong> para estimular novos brotos e evitar crescimento excessivo dos galhos.<\/li>\n\n\n\n<li><strong>Evite encharcar o solo<\/strong>, pois o excesso de \u00e1gua prejudica o desenvolvimento das ra\u00edzes.<\/li>\n\n\n\n<li><strong>Use luvas ao colher<\/strong>, j\u00e1 que os espinhos nos galhos podem causar pequenos arranh\u00f5es.<\/li>\n<\/ul>\n","protected":false},"excerpt":{"rendered":"<p>Existe uma planta rica em ferro que cresce at\u00e9 na sombra e pode ajudar no combate natural \u00e0 anemia. Ela \u00e9 resistente, nutritiva e est\u00e1 presente em muitos quintais brasileiros sem que a maioria perceba seu valor medicinal e alimentar. Por que essa planta \u00e9 considerada um superalimento t\u00e3o poderoso? A ora-pro-n\u00f3bis se destaca por [&hellip;]<\/p>\n","protected":false},"author":13,"featured_media":115728,"comment_status":"open","ping_status":"open","sticky":false,"template":"","format":"standard","meta":{"jnews-multi-image_gallery":[],"jnews_single_post":{"format":"standard"},"jnews_primary_category":[],"jnews_social_meta":[],"jnews_override_counter":[],"footnotes":""},"categories":[8819],"tags":[3358,1915,17465,19435],"class_list":["post-133053","post","type-post","status-publish","format-standard","has-post-thumbnail","hentry","category-curiosidades","tag-jardinagem","tag-nutrientes","tag-ora-pro-nobis-2","tag-planta-rico-em-ferro"],"yoast_head":"<!-- This site is optimized with the Yoast SEO plugin v23.8 - https:\/\/yoast.com\/wordpress\/plugins\/seo\/ -->\n<title>A planta rica em ferro que cresce na sombra e combate a anemia naturalmente - Estado de Minas - Em foco<\/title>\n<meta name=\"description\" content=\"Planta resistente e cheia de ferro, a ora-pro-n\u00f3bis combate anemia e cresce at\u00e9 na sombra com poucos cuidados e muitos benef\u00edcios.\" \/>\n<meta name=\"robots\" content=\"index, follow, max-snippet:-1, max-image-preview:large, max-video-preview:-1\" \/>\n<link rel=\"canonical\" href=\"https:\/\/www.em.com.br\/emfoco\/2025\/12\/01\/a-planta-rica-em-ferro-que-cresce-na-sombra-e-combate-a-anemia-naturalmente\/\" \/>\n<meta property=\"og:locale\" content=\"pt_BR\" \/>\n<meta property=\"og:type\" content=\"article\" \/>\n<meta property=\"og:title\" content=\"A planta rica em ferro que cresce na sombra e combate a anemia naturalmente - Estado de Minas - Em foco\" \/>\n<meta property=\"og:description\" content=\"Planta resistente e cheia de ferro, a ora-pro-n\u00f3bis combate anemia e cresce at\u00e9 na sombra com poucos cuidados e muitos benef\u00edcios.\" \/>\n<meta property=\"og:url\" content=\"https:\/\/www.em.com.br\/emfoco\/2025\/12\/01\/a-planta-rica-em-ferro-que-cresce-na-sombra-e-combate-a-anemia-naturalmente\/\" \/>\n<meta property=\"og:site_name\" content=\"Estado de Minas - Em foco\" \/>\n<meta property=\"article:published_time\" content=\"2025-12-01T09:25:00+00:00\" \/>\n<meta property=\"article:modified_time\" content=\"2025-11-28T17:02:31+00:00\" \/>\n<meta property=\"og:image\" content=\"https:\/\/www.em.com.br\/emfoco\/wp-content\/uploads\/2025\/10\/Cuidando-horta_1760555336266.jpg\" \/>\n\t<meta property=\"og:image:width\" content=\"1280\" \/>\n\t<meta property=\"og:image:height\" content=\"720\" \/>\n\t<meta property=\"og:image:type\" content=\"image\/jpeg\" \/>\n<meta name=\"author\" content=\"Gabriel Martins\" \/>\n<meta name=\"twitter:card\" content=\"summary_large_image\" \/>\n<meta name=\"twitter:label1\" content=\"Escrito por\" \/>\n\t<meta name=\"twitter:data1\" content=\"Gabriel Martins\" \/>\n\t<meta name=\"twitter:label2\" content=\"Est. tempo de leitura\" \/>\n\t<meta name=\"twitter:data2\" content=\"4 minutos\" \/>\n<!-- \/ Yoast SEO plugin. -->","yoast_head_json":{"title":"A planta rica em ferro que cresce na sombra e combate a anemia naturalmente - Estado de Minas - Em foco","description":"Planta resistente e cheia de ferro, a ora-pro-n\u00f3bis combate anemia e cresce at\u00e9 na sombra com poucos cuidados e muitos benef\u00edcios.","robots":{"index":"index","follow":"follow","max-snippet":"max-snippet:-1","max-image-preview":"max-image-preview:large","max-video-preview":"max-video-preview:-1"},"canonical":"https:\/\/www.em.com.br\/emfoco\/2025\/12\/01\/a-planta-rica-em-ferro-que-cresce-na-sombra-e-combate-a-anemia-naturalmente\/","og_locale":"pt_BR","og_type":"article","og_title":"A planta rica em ferro que cresce na sombra e combate a anemia naturalmente - Estado de Minas - Em foco","og_description":"Planta resistente e cheia de ferro, a ora-pro-n\u00f3bis combate anemia e cresce at\u00e9 na sombra com poucos cuidados e muitos benef\u00edcios.","og_url":"https:\/\/www.em.com.br\/emfoco\/2025\/12\/01\/a-planta-rica-em-ferro-que-cresce-na-sombra-e-combate-a-anemia-naturalmente\/","og_site_name":"Estado de Minas - Em foco","article_published_time":"2025-12-01T09:25:00+00:00","article_modified_time":"2025-11-28T17:02:31+00:00","og_image":[{"width":1280,"height":720,"url":"https:\/\/www.em.com.br\/emfoco\/wp-content\/uploads\/2025\/10\/Cuidando-horta_1760555336266.jpg","type":"image\/jpeg"}],"author":"Gabriel Martins","twitter_card":"summary_large_image","twitter_misc":{"Escrito por":"Gabriel Martins","Est. tempo de leitura":"4 minutos"},"schema":{"@context":"https:\/\/schema.org","@graph":[{"@type":"WebPage","@id":"https:\/\/www.em.com.br\/emfoco\/2025\/12\/01\/a-planta-rica-em-ferro-que-cresce-na-sombra-e-combate-a-anemia-naturalmente\/","url":"https:\/\/www.em.com.br\/emfoco\/2025\/12\/01\/a-planta-rica-em-ferro-que-cresce-na-sombra-e-combate-a-anemia-naturalmente\/","name":"A planta rica em ferro que cresce na sombra e combate a anemia naturalmente - Estado de Minas - Em foco","isPartOf":{"@id":"https:\/\/www.em.com.br\/emfoco\/#website"},"primaryImageOfPage":{"@id":"https:\/\/www.em.com.br\/emfoco\/2025\/12\/01\/a-planta-rica-em-ferro-que-cresce-na-sombra-e-combate-a-anemia-naturalmente\/#primaryimage"},"image":{"@id":"https:\/\/www.em.com.br\/emfoco\/2025\/12\/01\/a-planta-rica-em-ferro-que-cresce-na-sombra-e-combate-a-anemia-naturalmente\/#primaryimage"},"thumbnailUrl":"https:\/\/www.em.com.br\/emfoco\/wp-content\/uploads\/2025\/10\/Cuidando-horta_1760555336266.jpg","datePublished":"2025-12-01T09:25:00+00:00","dateModified":"2025-11-28T17:02:31+00:00","author":{"@id":"https:\/\/www.em.com.br\/emfoco\/#\/schema\/person\/1c9ddeab18b98abeffef834667bcf08a"},"description":"Planta resistente e cheia de ferro, a ora-pro-n\u00f3bis combate anemia e cresce at\u00e9 na sombra com poucos cuidados e muitos benef\u00edcios.","breadcrumb":{"@id":"https:\/\/www.em.com.br\/emfoco\/2025\/12\/01\/a-planta-rica-em-ferro-que-cresce-na-sombra-e-combate-a-anemia-naturalmente\/#breadcrumb"},"inLanguage":"pt-BR","potentialAction":[{"@type":"ReadAction","target":["https:\/\/www.em.com.br\/emfoco\/2025\/12\/01\/a-planta-rica-em-ferro-que-cresce-na-sombra-e-combate-a-anemia-naturalmente\/"]}]},{"@type":"ImageObject","inLanguage":"pt-BR","@id":"https:\/\/www.em.com.br\/emfoco\/2025\/12\/01\/a-planta-rica-em-ferro-que-cresce-na-sombra-e-combate-a-anemia-naturalmente\/#primaryimage","url":"https:\/\/www.em.com.br\/emfoco\/wp-content\/uploads\/2025\/10\/Cuidando-horta_1760555336266.jpg","contentUrl":"https:\/\/www.em.com.br\/emfoco\/wp-content\/uploads\/2025\/10\/Cuidando-horta_1760555336266.jpg","width":1280,"height":720,"caption":"Ambiente iluminado que estimula a produ\u00e7\u00e3o de folhas nutritivas - Cr\u00e9ditos: depositphotos.com \/ AllaSerebrina"},{"@type":"BreadcrumbList","@id":"https:\/\/www.em.com.br\/emfoco\/2025\/12\/01\/a-planta-rica-em-ferro-que-cresce-na-sombra-e-combate-a-anemia-naturalmente\/#breadcrumb","itemListElement":[{"@type":"ListItem","position":1,"name":"In\u00edcio","item":"https:\/\/www.em.com.br\/emfoco\/"},{"@type":"ListItem","position":2,"name":"A planta rica em ferro que cresce na sombra e combate a anemia naturalmente"}]},{"@type":"WebSite","@id":"https:\/\/www.em.com.br\/emfoco\/#website","url":"https:\/\/www.em.com.br\/emfoco\/","name":"Estado de Minas - Em foco","description":"Acompanhe as \u00faltimas not\u00edcias e fique bem informado sobre tudo o que acontece em Minas Gerais, Brasil e no mundo.","potentialAction":[{"@type":"SearchAction","target":{"@type":"EntryPoint","urlTemplate":"https:\/\/www.em.com.br\/emfoco\/?s={search_term_string}"},"query-input":{"@type":"PropertyValueSpecification","valueRequired":true,"valueName":"search_term_string"}}],"inLanguage":"pt-BR"},{"@type":"Person","@id":"https:\/\/www.em.com.br\/emfoco\/#\/schema\/person\/1c9ddeab18b98abeffef834667bcf08a","name":"Gabriel Martins","image":{"@type":"ImageObject","inLanguage":"pt-BR","@id":"https:\/\/www.em.com.br\/emfoco\/#\/schema\/person\/image\/","url":"https:\/\/secure.gravatar.com\/avatar\/f0f1e2efdfd88f1ad2cb08c5c2731e50?s=96&d=mm&r=g","contentUrl":"https:\/\/secure.gravatar.com\/avatar\/f0f1e2efdfd88f1ad2cb08c5c2731e50?s=96&d=mm&r=g","caption":"Gabriel Martins"},"sameAs":["https:\/\/www.em.com.br\/emfoco\/"],"url":"https:\/\/www.em.com.br\/emfoco\/author\/gabrielmartinsmyth\/"}]}},"_links":{"self":[{"href":"https:\/\/www.em.com.br\/emfoco\/wp-json\/wp\/v2\/posts\/133053","targetHints":{"allow":["GET"]}}],"collection":[{"href":"https:\/\/www.em.com.br\/emfoco\/wp-json\/wp\/v2\/posts"}],"about":[{"href":"https:\/\/www.em.com.br\/emfoco\/wp-json\/wp\/v2\/types\/post"}],"author":[{"embeddable":true,"href":"https:\/\/www.em.com.br\/emfoco\/wp-json\/wp\/v2\/users\/13"}],"replies":[{"embeddable":true,"href":"https:\/\/www.em.com.br\/emfoco\/wp-json\/wp\/v2\/comments?post=133053"}],"version-history":[{"count":1,"href":"https:\/\/www.em.com.br\/emfoco\/wp-json\/wp\/v2\/posts\/133053\/revisions"}],"predecessor-version":[{"id":133060,"href":"https:\/\/www.em.com.br\/emfoco\/wp-json\/wp\/v2\/posts\/133053\/revisions\/133060"}],"wp:featuredmedia":[{"embeddable":true,"href":"https:\/\/www.em.com.br\/emfoco\/wp-json\/wp\/v2\/media\/115728"}],"wp:attachment":[{"href":"https:\/\/www.em.com.br\/emfoco\/wp-json\/wp\/v2\/media?parent=133053"}],"wp:term":[{"taxonomy":"category","embeddable":true,"href":"https:\/\/www.em.com.br\/emfoco\/wp-json\/wp\/v2\/categories?post=133053"},{"taxonomy":"post_tag","embeddable":true,"href":"https:\/\/www.em.com.br\/emfoco\/wp-json\/wp\/v2\/tags?post=133053"}],"curies":[{"name":"wp","href":"https:\/\/api.w.org\/{rel}","templated":true}]}}