{"id":133022,"date":"2025-12-03T10:25:00","date_gmt":"2025-12-03T13:25:00","guid":{"rendered":"https:\/\/www.em.com.br\/emfoco\/?p=133022"},"modified":"2025-12-02T19:54:10","modified_gmt":"2025-12-02T22:54:10","slug":"voce-precisa-fazer-isso-com-seu-alecrim-em-dezembro-para-ele-florescer-abundantemente-em-2026","status":"publish","type":"post","link":"https:\/\/www.em.com.br\/emfoco\/2025\/12\/03\/voce-precisa-fazer-isso-com-seu-alecrim-em-dezembro-para-ele-florescer-abundantemente-em-2026\/","title":{"rendered":"Voc\u00ea precisa fazer isso com seu alecrim em dezembro para ele florescer abundantemente em 2026"},"content":{"rendered":"\n<p>O alecrim \u00e9 uma planta conhecida pelo seu aroma marcante e potencial decorativo, podendo alegrar e perfumar ambientes internos ou externos. Com os cuidados certos, \u00e9 poss\u00edvel estimular a flora\u00e7\u00e3o e, assim, trazer mais cor e beleza ao espa\u00e7o no in\u00edcio de&nbsp;<strong>2026<\/strong>. Al\u00e9m disso, suas flores s\u00e3o comest\u00edveis, trazendo aroma especial e benef\u00edcios \u00e0 sa\u00fade em prepara\u00e7\u00f5es culin\u00e1rias e infus\u00f5es.<\/p>\n\n\n\n<h2 class=\"wp-block-heading\">Como a ilumina\u00e7\u00e3o influencia o florescimento do alecrim<\/h2>\n\n\n\n<p>Garantir luz solar suficiente \u00e9 fundamental para estimular a <a href=\"https:\/\/www.em.com.br\/emfoco\/2025\/11\/30\/porque-ninguem-esta-falando-do-beneficio-das-flores-do-alecrim-e-como-usa-lo-no-dia-a-dia\/\" target=\"_blank\" rel=\"noreferrer noopener\">flora\u00e7\u00e3o do alecrim<\/a>. Ele necessita de pelo menos seis horas de luz solar direta diariamente para atingir o melhor desenvolvimento.<\/p>\n\n\n\n<p>Se cultivado em locais internos, posicione o vaso junto a uma janela bem iluminada. Em \u00e1reas externas, confira se n\u00e3o h\u00e1 obst\u00e1culos bloqueando a passagem da luz.<\/p>\n\n\n\n<figure class=\"wp-block-image\"><img decoding=\"async\" src=\"https:\/\/www.em.com.br\/emfoco\/wp-content\/uploads\/2025\/06\/alecrim_1749995437646-1024x576.jpg\" alt=\"\"\/><figcaption class=\"wp-element-caption\">O alecrim florido que virou xod\u00f3 de quem ama plantas &#8211; Cr\u00e9ditos: depositphotos.com \/ MarusiaBO<\/figcaption><\/figure>\n\n\n\n<h2 class=\"wp-block-heading\">Por que a rega deve ser monitorada para o alecrim florescer<\/h2>\n\n\n\n<p>A forma como a planta \u00e9 regada impacta diretamente seu crescimento e flora\u00e7\u00e3o. \u00c9 fundamental observar a frequ\u00eancia correta de rega, especialmente em dezembro, devido \u00e0 varia\u00e7\u00e3o de temperatura e umidade.<\/p>\n\n\n\n<p>Observe sempre o substrato: regue a cada quatro dias ou quando estiver seco ao toque, em vaso com boa drenagem, evitando ac\u00famulo de \u00e1gua nas ra\u00edzes que pode prejudicar o alecrim.<\/p>\n\n\n\n<h2 class=\"wp-block-heading\">Como a ventila\u00e7\u00e3o pode impactar o desenvolvimento do alecrim<\/h2>\n\n\n\n<p>Ambientes bem ventilados favorecem o desenvolvimento do alecrim, pois impedem ac\u00famulo de umidade nas folhas e ra\u00edzes, reduzindo o risco de doen\u00e7as.<\/p>\n\n\n\n<p>Ao cultivar dentro de casa, busque garantir uma circula\u00e7\u00e3o de ar suave. Em jardins, desde que o clima esteja adequado, o ar livre beneficiar\u00e1 o alecrim.<\/p>\n\n\n\n<h2 class=\"wp-block-heading\">Veja dicas essenciais para garantir o alecrim florido em 2026<\/h2>\n\n\n\n<p>Al\u00e9m de luz, rega e ventila\u00e7\u00e3o, pr\u00e1ticas como poda no m\u00eas de dezembro e <a href=\"https:\/\/www.embrapa.br\/busca-de-publicacoes\/-\/publicacao\/1060129\/adubacao-e-manejo-do-solo\" target=\"_blank\" rel=\"noreferrer noopener\">aduba\u00e7\u00e3o <\/a>equilibrada s\u00e3o diferenciais para manter o alecrim saud\u00e1vel. Realizar a poda permite que os nutrientes sejam mais bem direcionados para as partes vigorosas.<\/p>\n\n\n\n<p>A seguir, listamos recomenda\u00e7\u00f5es pr\u00e1ticas para potencializar o cultivo do alecrim em casa, preparando-o para florescer e se manter robusto:<\/p>\n\n\n\n<ul class=\"wp-block-list\">\n<li>Realize a poda de galhos secos para fortalecer a planta<\/li>\n\n\n\n<li>Use adubo org\u00e2nico rico em nutrientes antes do final do ano<\/li>\n\n\n\n<li>Evite encharcamento, mantendo a drenagem eficiente do substrato<\/li>\n<\/ul>\n\n\n\n<p>Para voc\u00ea conseguir manter seu alecrim sempre saud\u00e1vel, selecionamos o v\u00eddeo do canal <a href=\"https:\/\/www.youtube.com\/c\/VidaVerdeSistemaSustent%C3%A1vel\" target=\"_blank\" rel=\"noreferrer noopener\">@Vida Verde Sistemas Sustent\u00e1veis<\/a>:<\/p>\n\n\n\n<figure class=\"wp-block-embed is-type-video is-provider-youtube wp-block-embed-youtube wp-embed-aspect-16-9 wp-has-aspect-ratio\"><div class=\"wp-block-embed__wrapper\">\n<div class=\"jeg_video_container jeg_video_content\"><iframe loading=\"lazy\" title=\"Como cuidar do alecrim e deixa-lo sempre bonito, dicas de cuidado!\" width=\"500\" height=\"281\" src=\"https:\/\/www.youtube.com\/embed\/rYSwdv8c3wo?feature=oembed\" frameborder=\"0\" allow=\"accelerometer; autoplay; clipboard-write; encrypted-media; gyroscope; picture-in-picture; web-share\" referrerpolicy=\"strict-origin-when-cross-origin\" allowfullscreen><\/iframe><\/div>\n<\/div><\/figure>\n\n\n\n<p>Com esses cuidados, o alecrim, al\u00e9m de espalhar seu aroma marcante, pode apresentar flores lilases e azuladas em&nbsp;<strong>2026<\/strong>. Ao aplicar boas pr\u00e1ticas de cultivo, voc\u00ea garante vitalidade para essa planta arom\u00e1tica t\u00e3o popular.<\/p>\n\n\n\n<h2 class=\"wp-block-heading\">Como usar as flores de alecrim na culin\u00e1ria e para o bem-estar<\/h2>\n\n\n\n<p>As flores de alecrim t\u00eam sabor mais delicado que as folhas, ideais para dar um toque especial em saladas, carpaccios ou como finaliza\u00e7\u00e3o de pratos frios. Elas tamb\u00e9m s\u00e3o \u00f3timas guarni\u00e7\u00f5es para canap\u00e9s, queijos, sobremesas ou at\u00e9 mesmo para criar manteiga aromatizada e compor massas de p\u00e3o.<\/p>\n\n\n\n<p>N\u00e3o deixe de experimentar as flores frescas infusionadas em azeites, vinagres ou bebidas como limonadas e coquet\u00e9is, al\u00e9m de incluir em ch\u00e1s medicinais ou usar como \u00e1gua floral. Para garantir qualidade e seguran\u00e7a, colha as flores de locais limpos e lave suavemente antes do consumo.<\/p>\n\n\n\n<p><\/p>\n","protected":false},"excerpt":{"rendered":"<p>O alecrim \u00e9 uma planta conhecida pelo seu aroma marcante e potencial decorativo, podendo alegrar e perfumar ambientes internos ou externos. Com os cuidados certos, \u00e9 poss\u00edvel estimular a flora\u00e7\u00e3o e, assim, trazer mais cor e beleza ao espa\u00e7o no in\u00edcio de&nbsp;2026. Al\u00e9m disso, suas flores s\u00e3o comest\u00edveis, trazendo aroma especial e benef\u00edcios \u00e0 sa\u00fade [&hellip;]<\/p>\n","protected":false},"author":11,"featured_media":134818,"comment_status":"open","ping_status":"open","sticky":false,"template":"","format":"standard","meta":{"jnews-multi-image_gallery":[],"jnews_single_post":{"format":"standard"},"jnews_primary_category":[],"jnews_social_meta":[],"jnews_override_counter":[],"footnotes":""},"categories":[8819,1],"tags":[3840,8443,11894,3324],"class_list":["post-133022","post","type-post","status-publish","format-standard","has-post-thumbnail","hentry","category-curiosidades","category-noticias","tag-alecrim","tag-como-cultivar-alecrim","tag-como-plantar-alecrim","tag-plantas"],"yoast_head":"<!-- This site is optimized with the Yoast SEO plugin v23.8 - https:\/\/yoast.com\/wordpress\/plugins\/seo\/ -->\n<title>Voc\u00ea precisa fazer isso com seu alecrim em dezembro para ele florescer abundantemente em 2026 - Estado de Minas - Em foco<\/title>\n<meta name=\"description\" content=\"Com alguns cuidados simples, o alecrim pode florescer lindo em 2026. Luz, rega e ventila\u00e7\u00e3o fazem toda a diferen\u00e7a no resultado final.\" \/>\n<meta name=\"robots\" content=\"index, follow, max-snippet:-1, max-image-preview:large, max-video-preview:-1\" \/>\n<link rel=\"canonical\" href=\"https:\/\/www.em.com.br\/emfoco\/2025\/12\/03\/voce-precisa-fazer-isso-com-seu-alecrim-em-dezembro-para-ele-florescer-abundantemente-em-2026\/\" \/>\n<meta property=\"og:locale\" content=\"pt_BR\" \/>\n<meta property=\"og:type\" content=\"article\" \/>\n<meta property=\"og:title\" content=\"Voc\u00ea precisa fazer isso com seu alecrim em dezembro para ele florescer abundantemente em 2026 - Estado de Minas - Em foco\" \/>\n<meta property=\"og:description\" content=\"Com alguns cuidados simples, o alecrim pode florescer lindo em 2026. Luz, rega e ventila\u00e7\u00e3o fazem toda a diferen\u00e7a no resultado final.\" \/>\n<meta property=\"og:url\" content=\"https:\/\/www.em.com.br\/emfoco\/2025\/12\/03\/voce-precisa-fazer-isso-com-seu-alecrim-em-dezembro-para-ele-florescer-abundantemente-em-2026\/\" \/>\n<meta property=\"og:site_name\" content=\"Estado de Minas - Em foco\" \/>\n<meta property=\"article:published_time\" content=\"2025-12-03T13:25:00+00:00\" \/>\n<meta property=\"article:modified_time\" content=\"2025-12-02T22:54:10+00:00\" \/>\n<meta property=\"og:image\" content=\"https:\/\/www.em.com.br\/emfoco\/wp-content\/uploads\/2025\/12\/Gemini_Generated_Image_vg4rdnvg4rdnvg4r-1.png\" \/>\n\t<meta property=\"og:image:width\" content=\"1280\" \/>\n\t<meta property=\"og:image:height\" content=\"720\" \/>\n\t<meta property=\"og:image:type\" content=\"image\/png\" \/>\n<meta name=\"author\" content=\"Andre\u0301 Rangel\u00a0\" \/>\n<meta name=\"twitter:card\" content=\"summary_large_image\" \/>\n<meta name=\"twitter:label1\" content=\"Escrito por\" \/>\n\t<meta name=\"twitter:data1\" content=\"Andre\u0301 Rangel\u00a0\" \/>\n\t<meta name=\"twitter:label2\" content=\"Est. tempo de leitura\" \/>\n\t<meta name=\"twitter:data2\" content=\"4 minutos\" \/>\n<!-- \/ Yoast SEO plugin. -->","yoast_head_json":{"title":"Voc\u00ea precisa fazer isso com seu alecrim em dezembro para ele florescer abundantemente em 2026 - Estado de Minas - Em foco","description":"Com alguns cuidados simples, o alecrim pode florescer lindo em 2026. Luz, rega e ventila\u00e7\u00e3o fazem toda a diferen\u00e7a no resultado final.","robots":{"index":"index","follow":"follow","max-snippet":"max-snippet:-1","max-image-preview":"max-image-preview:large","max-video-preview":"max-video-preview:-1"},"canonical":"https:\/\/www.em.com.br\/emfoco\/2025\/12\/03\/voce-precisa-fazer-isso-com-seu-alecrim-em-dezembro-para-ele-florescer-abundantemente-em-2026\/","og_locale":"pt_BR","og_type":"article","og_title":"Voc\u00ea precisa fazer isso com seu alecrim em dezembro para ele florescer abundantemente em 2026 - Estado de Minas - Em foco","og_description":"Com alguns cuidados simples, o alecrim pode florescer lindo em 2026. Luz, rega e ventila\u00e7\u00e3o fazem toda a diferen\u00e7a no resultado final.","og_url":"https:\/\/www.em.com.br\/emfoco\/2025\/12\/03\/voce-precisa-fazer-isso-com-seu-alecrim-em-dezembro-para-ele-florescer-abundantemente-em-2026\/","og_site_name":"Estado de Minas - Em foco","article_published_time":"2025-12-03T13:25:00+00:00","article_modified_time":"2025-12-02T22:54:10+00:00","og_image":[{"width":1280,"height":720,"url":"https:\/\/www.em.com.br\/emfoco\/wp-content\/uploads\/2025\/12\/Gemini_Generated_Image_vg4rdnvg4rdnvg4r-1.png","type":"image\/png"}],"author":"Andre\u0301 Rangel\u00a0","twitter_card":"summary_large_image","twitter_misc":{"Escrito por":"Andre\u0301 Rangel\u00a0","Est. tempo de leitura":"4 minutos"},"schema":{"@context":"https:\/\/schema.org","@graph":[{"@type":"WebPage","@id":"https:\/\/www.em.com.br\/emfoco\/2025\/12\/03\/voce-precisa-fazer-isso-com-seu-alecrim-em-dezembro-para-ele-florescer-abundantemente-em-2026\/","url":"https:\/\/www.em.com.br\/emfoco\/2025\/12\/03\/voce-precisa-fazer-isso-com-seu-alecrim-em-dezembro-para-ele-florescer-abundantemente-em-2026\/","name":"Voc\u00ea precisa fazer isso com seu alecrim em dezembro para ele florescer abundantemente em 2026 - Estado de Minas - Em foco","isPartOf":{"@id":"https:\/\/www.em.com.br\/emfoco\/#website"},"primaryImageOfPage":{"@id":"https:\/\/www.em.com.br\/emfoco\/2025\/12\/03\/voce-precisa-fazer-isso-com-seu-alecrim-em-dezembro-para-ele-florescer-abundantemente-em-2026\/#primaryimage"},"image":{"@id":"https:\/\/www.em.com.br\/emfoco\/2025\/12\/03\/voce-precisa-fazer-isso-com-seu-alecrim-em-dezembro-para-ele-florescer-abundantemente-em-2026\/#primaryimage"},"thumbnailUrl":"https:\/\/www.em.com.br\/emfoco\/wp-content\/uploads\/2025\/12\/Gemini_Generated_Image_vg4rdnvg4rdnvg4r-1.png","datePublished":"2025-12-03T13:25:00+00:00","dateModified":"2025-12-02T22:54:10+00:00","author":{"@id":"https:\/\/www.em.com.br\/emfoco\/#\/schema\/person\/60eda09c1fedf0d6891f4cef4b60b8b8"},"description":"Com alguns cuidados simples, o alecrim pode florescer lindo em 2026. Luz, rega e ventila\u00e7\u00e3o fazem toda a diferen\u00e7a no resultado final.","breadcrumb":{"@id":"https:\/\/www.em.com.br\/emfoco\/2025\/12\/03\/voce-precisa-fazer-isso-com-seu-alecrim-em-dezembro-para-ele-florescer-abundantemente-em-2026\/#breadcrumb"},"inLanguage":"pt-BR","potentialAction":[{"@type":"ReadAction","target":["https:\/\/www.em.com.br\/emfoco\/2025\/12\/03\/voce-precisa-fazer-isso-com-seu-alecrim-em-dezembro-para-ele-florescer-abundantemente-em-2026\/"]}]},{"@type":"ImageObject","inLanguage":"pt-BR","@id":"https:\/\/www.em.com.br\/emfoco\/2025\/12\/03\/voce-precisa-fazer-isso-com-seu-alecrim-em-dezembro-para-ele-florescer-abundantemente-em-2026\/#primaryimage","url":"https:\/\/www.em.com.br\/emfoco\/wp-content\/uploads\/2025\/12\/Gemini_Generated_Image_vg4rdnvg4rdnvg4r-1.png","contentUrl":"https:\/\/www.em.com.br\/emfoco\/wp-content\/uploads\/2025\/12\/Gemini_Generated_Image_vg4rdnvg4rdnvg4r-1.png","width":1280,"height":720,"caption":"O truque do alecrim florido que est\u00e1 surpreendendo jardineiros"},{"@type":"BreadcrumbList","@id":"https:\/\/www.em.com.br\/emfoco\/2025\/12\/03\/voce-precisa-fazer-isso-com-seu-alecrim-em-dezembro-para-ele-florescer-abundantemente-em-2026\/#breadcrumb","itemListElement":[{"@type":"ListItem","position":1,"name":"In\u00edcio","item":"https:\/\/www.em.com.br\/emfoco\/"},{"@type":"ListItem","position":2,"name":"Voc\u00ea precisa fazer isso com seu alecrim em dezembro para ele florescer abundantemente em 2026"}]},{"@type":"WebSite","@id":"https:\/\/www.em.com.br\/emfoco\/#website","url":"https:\/\/www.em.com.br\/emfoco\/","name":"Estado de Minas - Em foco","description":"Acompanhe as \u00faltimas not\u00edcias e fique bem informado sobre tudo o que acontece em Minas Gerais, Brasil e no mundo.","potentialAction":[{"@type":"SearchAction","target":{"@type":"EntryPoint","urlTemplate":"https:\/\/www.em.com.br\/emfoco\/?s={search_term_string}"},"query-input":{"@type":"PropertyValueSpecification","valueRequired":true,"valueName":"search_term_string"}}],"inLanguage":"pt-BR"},{"@type":"Person","@id":"https:\/\/www.em.com.br\/emfoco\/#\/schema\/person\/60eda09c1fedf0d6891f4cef4b60b8b8","name":"Andre\u0301 Rangel\u00a0","image":{"@type":"ImageObject","inLanguage":"pt-BR","@id":"https:\/\/www.em.com.br\/emfoco\/#\/schema\/person\/image\/","url":"https:\/\/secure.gravatar.com\/avatar\/6234dc814c77c8ef6d8bba622c787efc?s=96&d=mm&r=g","contentUrl":"https:\/\/secure.gravatar.com\/avatar\/6234dc814c77c8ef6d8bba622c787efc?s=96&d=mm&r=g","caption":"Andre\u0301 Rangel\u00a0"},"url":"https:\/\/www.em.com.br\/emfoco\/author\/luizmyth\/"}]}},"_links":{"self":[{"href":"https:\/\/www.em.com.br\/emfoco\/wp-json\/wp\/v2\/posts\/133022","targetHints":{"allow":["GET"]}}],"collection":[{"href":"https:\/\/www.em.com.br\/emfoco\/wp-json\/wp\/v2\/posts"}],"about":[{"href":"https:\/\/www.em.com.br\/emfoco\/wp-json\/wp\/v2\/types\/post"}],"author":[{"embeddable":true,"href":"https:\/\/www.em.com.br\/emfoco\/wp-json\/wp\/v2\/users\/11"}],"replies":[{"embeddable":true,"href":"https:\/\/www.em.com.br\/emfoco\/wp-json\/wp\/v2\/comments?post=133022"}],"version-history":[{"count":3,"href":"https:\/\/www.em.com.br\/emfoco\/wp-json\/wp\/v2\/posts\/133022\/revisions"}],"predecessor-version":[{"id":134819,"href":"https:\/\/www.em.com.br\/emfoco\/wp-json\/wp\/v2\/posts\/133022\/revisions\/134819"}],"wp:featuredmedia":[{"embeddable":true,"href":"https:\/\/www.em.com.br\/emfoco\/wp-json\/wp\/v2\/media\/134818"}],"wp:attachment":[{"href":"https:\/\/www.em.com.br\/emfoco\/wp-json\/wp\/v2\/media?parent=133022"}],"wp:term":[{"taxonomy":"category","embeddable":true,"href":"https:\/\/www.em.com.br\/emfoco\/wp-json\/wp\/v2\/categories?post=133022"},{"taxonomy":"post_tag","embeddable":true,"href":"https:\/\/www.em.com.br\/emfoco\/wp-json\/wp\/v2\/tags?post=133022"}],"curies":[{"name":"wp","href":"https:\/\/api.w.org\/{rel}","templated":true}]}}