{"id":13302,"date":"2025-01-24T11:20:11","date_gmt":"2025-01-24T14:20:11","guid":{"rendered":"https:\/\/www.em.com.br\/emfoco\/?p=13302"},"modified":"2025-01-24T00:53:40","modified_gmt":"2025-01-24T03:53:40","slug":"quais-as-novidades-do-seguro-desemprego-em-2025","status":"publish","type":"post","link":"https:\/\/www.em.com.br\/emfoco\/2025\/01\/24\/quais-as-novidades-do-seguro-desemprego-em-2025\/","title":{"rendered":"Quais as novidades do seguro-desemprego em 2025?"},"content":{"rendered":"\n<p>Em 2025, o <a href=\"https:\/\/www.gov.br\/pt-br\" target=\"_blank\" rel=\"noreferrer noopener\">governo <\/a>implementar\u00e1 mudan\u00e7as significativas no c\u00e1lculo do seguro-desemprego, que agora se basear\u00e1 em novas diretrizes. O <a href=\"https:\/\/www.em.com.br\/emfoco\/2025\/01\/22\/desvende-as-cidades-americanas-com-melhor-custo-beneficio\/\" target=\"_blank\" rel=\"noreferrer noopener\">benef\u00edcio<\/a>, destinado a auxiliar trabalhadores demitidos sem justa causa, ter\u00e1 um teto m\u00e1ximo de R$ 2.424,11, enquanto o valor m\u00ednimo corresponder\u00e1 ao sal\u00e1rio m\u00ednimo vigente, atualmente fixado em R$ 1.518,00.<\/p>\n\n\n\n<p>Esta medida foi anunciada como uma estrat\u00e9gia para fornecer maior suporte financeiro aos trabalhadores de carteira assinada que enfrentaram a perda de seus empregos. O reajuste tamb\u00e9m \u00e9 uma resposta \u00e0s mudan\u00e7as econ\u00f4micas recentes, proporcionando melhor poder de compra aos benefici\u00e1rios deste aux\u00edlio.<\/p>\n\n\n<div class=\"wp-block-image\">\n<figure class=\"aligncenter size-large\"><img loading=\"lazy\" decoding=\"async\" width=\"1024\" height=\"576\" src=\"https:\/\/www.em.com.br\/emfoco\/wp-content\/uploads\/2024\/12\/Brazil-Money_1733948646731-1024x576.jpg\" alt=\"\" class=\"wp-image-4410\" srcset=\"https:\/\/www.em.com.br\/emfoco\/wp-content\/uploads\/2024\/12\/Brazil-Money_1733948646731-1024x576.jpg 1024w, https:\/\/www.em.com.br\/emfoco\/wp-content\/uploads\/2024\/12\/Brazil-Money_1733948646731-300x169.jpg 300w, https:\/\/www.em.com.br\/emfoco\/wp-content\/uploads\/2024\/12\/Brazil-Money_1733948646731-768x432.jpg 768w, https:\/\/www.em.com.br\/emfoco\/wp-content\/uploads\/2024\/12\/Brazil-Money_1733948646731-750x422.jpg 750w, https:\/\/www.em.com.br\/emfoco\/wp-content\/uploads\/2024\/12\/Brazil-Money_1733948646731-1140x641.jpg 1140w, https:\/\/www.em.com.br\/emfoco\/wp-content\/uploads\/2024\/12\/Brazil-Money_1733948646731.jpg 1280w\" sizes=\"auto, (max-width: 1024px) 100vw, 1024px\" \/><figcaption class=\"wp-element-caption\">Muito dinheiro pra um ex presidente? &#8211; Cr\u00e9ditos: depositphotos.com \/ rodrigobellizzi<\/figcaption><\/figure><\/div>\n\n\n<h2 class=\"wp-block-heading\">Quais s\u00e3o as Novas Altera\u00e7\u00f5es no Seguro-Desemprego?<\/h2>\n\n\n\n<p>As mudan\u00e7as no seguro-desemprego foram pensadas para aprimorar o apoio oferecido aos trabalhadores durante os per\u00edodos sem trabalho. Entre as principais altera\u00e7\u00f5es est\u00e3o:<\/p>\n\n\n\n<ul class=\"wp-block-list\">\n<li><strong>Aumento do teto do benef\u00edcio:<\/strong> O valor m\u00e1ximo da assist\u00eancia foi elevado para R$ 2.424,11, beneficiando especialmente aqueles que recebiam sal\u00e1rios mais altos antes da demiss\u00e3o.<\/li>\n\n\n\n<li><strong>Ajuste no valor m\u00ednimo:<\/strong> O limite inferior agora \u00e9 igual ao sal\u00e1rio m\u00ednimo vigente, garantindo que nenhum trabalhador receba menos de R$ 1.518,00.<\/li>\n\n\n\n<li><strong>Nova tabela de c\u00e1lculo:<\/strong> O c\u00e1lculo do seguro-desemprego passar\u00e1 a considerar faixas salariais e percentuais espec\u00edficos, assegurando um pagamento proporcional \u00e0 renda anterior do empregado.<\/li>\n<\/ul>\n\n\n\n<h2 class=\"wp-block-heading\">Quem Pode Solicitar o Seguro-Desemprego?<\/h2>\n\n\n\n<p>Os crit\u00e9rios para a elegibilidade ao seguro-desemprego permanecem rigorosos, assegurando que apenas trabalhadores que realmente necessitam tenham acesso ao benef\u00edcio. Para ter direito, o trabalhador precisa:<\/p>\n\n\n\n<ol class=\"wp-block-list\">\n<li>Ter sido demitido sem justa causa.<\/li>\n\n\n\n<li>Estar desempregado no momento da solicita\u00e7\u00e3o.<\/li>\n\n\n\n<li>Ter trabalhado com carteira assinada por ao menos 12 meses nos \u00faltimos 18 meses.<\/li>\n\n\n\n<li>N\u00e3o possuir renda pr\u00f3pria suficiente para sustentar a si mesmo e sua fam\u00edlia.<\/li>\n\n\n\n<li>N\u00e3o estar recebendo benef\u00edcios previdenci\u00e1rios, como pens\u00e3o por morte ou aux\u00edlio-acidente.<\/li>\n<\/ol>\n\n\n\n<h2 class=\"wp-block-heading\">Como Solicitar o Seguro-Desemprego?<\/h2>\n\n\n\n<p>A solicita\u00e7\u00e3o do seguro-desemprego pode ser feita de duas maneiras, tanto presencial quanto online, a fim de simplificar o acesso dos trabalhadores ao benef\u00edcio. As op\u00e7\u00f5es incluem:<\/p>\n\n\n\n<ul class=\"wp-block-list\">\n<li><strong>Presencial:<\/strong> Os pedidos podem ser feitos nas Superintend\u00eancias Regionais do Trabalho e Emprego (SRTEs) ou no Sistema Nacional de Emprego (SINE).<\/li>\n\n\n\n<li><strong>Online:<\/strong> O processo tamb\u00e9m pode ser realizado atrav\u00e9s do Portal Gov.br ou do aplicativo Carteira de Trabalho Digital.<\/li>\n<\/ul>\n\n\n\n<h2 class=\"wp-block-heading\">Qual \u00e9 o Impacto do Reajuste no Seguro-Desemprego?<\/h2>\n\n\n\n<p>O reajuste do seguro-desemprego \u00e9 um esfor\u00e7o para garantir que os trabalhadores demitidos sem justa causa tenham uma base financeira m\u00ednima durante sua busca por novas oportunidades. A especialista Laura Alvarenga real\u00e7a que essa adapta\u00e7\u00e3o n\u00e3o atende apenas a uma necessidade imediata dos trabalhadores, mas tamb\u00e9m desempenha um papel na economia. Ao elevar o poder de compra dos benefici\u00e1rios, o incremento ajuda a impulsionar o consumo e, consequentemente, a economia do pa\u00eds.<\/p>\n","protected":false},"excerpt":{"rendered":"<p>Em 2025, o governo implementar\u00e1 mudan\u00e7as significativas no c\u00e1lculo do seguro-desemprego, que agora se basear\u00e1 em novas diretrizes. O benef\u00edcio, destinado a auxiliar trabalhadores demitidos sem justa causa, ter\u00e1 um teto m\u00e1ximo de R$ 2.424,11, enquanto o valor m\u00ednimo corresponder\u00e1 ao sal\u00e1rio m\u00ednimo vigente, atualmente fixado em R$ 1.518,00. Esta medida foi anunciada como uma [&hellip;]<\/p>\n","protected":false},"author":7,"featured_media":7548,"comment_status":"open","ping_status":"open","sticky":false,"template":"","format":"standard","meta":{"jnews-multi-image_gallery":[],"jnews_single_post":{"format":"standard"},"jnews_primary_category":[],"jnews_social_meta":[],"jnews_override_counter":[],"footnotes":""},"categories":[28],"tags":[782,259,4084,888,1832],"class_list":["post-13302","post","type-post","status-publish","format-standard","has-post-thumbnail","hentry","category-economia","tag-782","tag-beneficio","tag-calculo","tag-regras","tag-seguro-desemprego"],"yoast_head":"<!-- This site is optimized with the Yoast SEO plugin v23.8 - https:\/\/yoast.com\/wordpress\/plugins\/seo\/ -->\n<title>Quais as novidades do seguro-desemprego em 2025? - Estado de Minas - Em foco<\/title>\n<meta name=\"description\" content=\"Novas regras do seguro-desemprego em 2025. Teto m\u00e1ximo e m\u00ednimo do benef\u00edcio. Quem tem direito e como solicitar.\" \/>\n<meta name=\"robots\" content=\"index, follow, max-snippet:-1, max-image-preview:large, max-video-preview:-1\" \/>\n<link rel=\"canonical\" href=\"https:\/\/www.em.com.br\/emfoco\/2025\/01\/24\/quais-as-novidades-do-seguro-desemprego-em-2025\/\" \/>\n<meta property=\"og:locale\" content=\"pt_BR\" \/>\n<meta property=\"og:type\" content=\"article\" \/>\n<meta property=\"og:title\" content=\"Quais as novidades do seguro-desemprego em 2025? - Estado de Minas - Em foco\" \/>\n<meta property=\"og:description\" content=\"Novas regras do seguro-desemprego em 2025. Teto m\u00e1ximo e m\u00ednimo do benef\u00edcio. Quem tem direito e como solicitar.\" \/>\n<meta property=\"og:url\" content=\"https:\/\/www.em.com.br\/emfoco\/2025\/01\/24\/quais-as-novidades-do-seguro-desemprego-em-2025\/\" \/>\n<meta property=\"og:site_name\" content=\"Estado de Minas - Em foco\" \/>\n<meta property=\"article:published_time\" content=\"2025-01-24T14:20:11+00:00\" \/>\n<meta property=\"article:modified_time\" content=\"2025-01-24T03:53:40+00:00\" \/>\n<meta property=\"og:image\" content=\"https:\/\/www.em.com.br\/emfoco\/wp-content\/uploads\/2024\/12\/Salario_1735509096626.jpg\" \/>\n\t<meta property=\"og:image:width\" content=\"1280\" \/>\n\t<meta property=\"og:image:height\" content=\"720\" \/>\n\t<meta property=\"og:image:type\" content=\"image\/jpeg\" \/>\n<meta name=\"author\" content=\"Kelvin\" \/>\n<meta name=\"twitter:card\" content=\"summary_large_image\" \/>\n<meta name=\"twitter:label1\" content=\"Escrito por\" \/>\n\t<meta name=\"twitter:data1\" content=\"Kelvin\" \/>\n\t<meta name=\"twitter:label2\" content=\"Est. tempo de leitura\" \/>\n\t<meta name=\"twitter:data2\" content=\"3 minutos\" \/>\n<!-- \/ Yoast SEO plugin. -->","yoast_head_json":{"title":"Quais as novidades do seguro-desemprego em 2025? - Estado de Minas - Em foco","description":"Novas regras do seguro-desemprego em 2025. Teto m\u00e1ximo e m\u00ednimo do benef\u00edcio. Quem tem direito e como solicitar.","robots":{"index":"index","follow":"follow","max-snippet":"max-snippet:-1","max-image-preview":"max-image-preview:large","max-video-preview":"max-video-preview:-1"},"canonical":"https:\/\/www.em.com.br\/emfoco\/2025\/01\/24\/quais-as-novidades-do-seguro-desemprego-em-2025\/","og_locale":"pt_BR","og_type":"article","og_title":"Quais as novidades do seguro-desemprego em 2025? - Estado de Minas - Em foco","og_description":"Novas regras do seguro-desemprego em 2025. Teto m\u00e1ximo e m\u00ednimo do benef\u00edcio. Quem tem direito e como solicitar.","og_url":"https:\/\/www.em.com.br\/emfoco\/2025\/01\/24\/quais-as-novidades-do-seguro-desemprego-em-2025\/","og_site_name":"Estado de Minas - Em foco","article_published_time":"2025-01-24T14:20:11+00:00","article_modified_time":"2025-01-24T03:53:40+00:00","og_image":[{"width":1280,"height":720,"url":"https:\/\/www.em.com.br\/emfoco\/wp-content\/uploads\/2024\/12\/Salario_1735509096626.jpg","type":"image\/jpeg"}],"author":"Kelvin","twitter_card":"summary_large_image","twitter_misc":{"Escrito por":"Kelvin","Est. tempo de leitura":"3 minutos"},"schema":{"@context":"https:\/\/schema.org","@graph":[{"@type":"WebPage","@id":"https:\/\/www.em.com.br\/emfoco\/2025\/01\/24\/quais-as-novidades-do-seguro-desemprego-em-2025\/","url":"https:\/\/www.em.com.br\/emfoco\/2025\/01\/24\/quais-as-novidades-do-seguro-desemprego-em-2025\/","name":"Quais as novidades do seguro-desemprego em 2025? - Estado de Minas - Em foco","isPartOf":{"@id":"https:\/\/www.em.com.br\/emfoco\/#website"},"primaryImageOfPage":{"@id":"https:\/\/www.em.com.br\/emfoco\/2025\/01\/24\/quais-as-novidades-do-seguro-desemprego-em-2025\/#primaryimage"},"image":{"@id":"https:\/\/www.em.com.br\/emfoco\/2025\/01\/24\/quais-as-novidades-do-seguro-desemprego-em-2025\/#primaryimage"},"thumbnailUrl":"https:\/\/www.em.com.br\/emfoco\/wp-content\/uploads\/2024\/12\/Salario_1735509096626.jpg","datePublished":"2025-01-24T14:20:11+00:00","dateModified":"2025-01-24T03:53:40+00:00","author":{"@id":"https:\/\/www.em.com.br\/emfoco\/#\/schema\/person\/fb0a7f48c6fbb94b83f413a80f61917d"},"description":"Novas regras do seguro-desemprego em 2025. Teto m\u00e1ximo e m\u00ednimo do benef\u00edcio. Quem tem direito e como solicitar.","breadcrumb":{"@id":"https:\/\/www.em.com.br\/emfoco\/2025\/01\/24\/quais-as-novidades-do-seguro-desemprego-em-2025\/#breadcrumb"},"inLanguage":"pt-BR","potentialAction":[{"@type":"ReadAction","target":["https:\/\/www.em.com.br\/emfoco\/2025\/01\/24\/quais-as-novidades-do-seguro-desemprego-em-2025\/"]}]},{"@type":"ImageObject","inLanguage":"pt-BR","@id":"https:\/\/www.em.com.br\/emfoco\/2025\/01\/24\/quais-as-novidades-do-seguro-desemprego-em-2025\/#primaryimage","url":"https:\/\/www.em.com.br\/emfoco\/wp-content\/uploads\/2024\/12\/Salario_1735509096626.jpg","contentUrl":"https:\/\/www.em.com.br\/emfoco\/wp-content\/uploads\/2024\/12\/Salario_1735509096626.jpg","width":1280,"height":720,"caption":"Dinheiro - Cr\u00e9ditos: depositphotos.com \/ KostyaKlimenko"},{"@type":"BreadcrumbList","@id":"https:\/\/www.em.com.br\/emfoco\/2025\/01\/24\/quais-as-novidades-do-seguro-desemprego-em-2025\/#breadcrumb","itemListElement":[{"@type":"ListItem","position":1,"name":"In\u00edcio","item":"https:\/\/www.em.com.br\/emfoco\/"},{"@type":"ListItem","position":2,"name":"Quais as novidades do seguro-desemprego em 2025?"}]},{"@type":"WebSite","@id":"https:\/\/www.em.com.br\/emfoco\/#website","url":"https:\/\/www.em.com.br\/emfoco\/","name":"Estado de Minas - Em foco","description":"Acompanhe as \u00faltimas not\u00edcias e fique bem informado sobre tudo o que acontece em Minas Gerais, Brasil e no mundo.","potentialAction":[{"@type":"SearchAction","target":{"@type":"EntryPoint","urlTemplate":"https:\/\/www.em.com.br\/emfoco\/?s={search_term_string}"},"query-input":{"@type":"PropertyValueSpecification","valueRequired":true,"valueName":"search_term_string"}}],"inLanguage":"pt-BR"},{"@type":"Person","@id":"https:\/\/www.em.com.br\/emfoco\/#\/schema\/person\/fb0a7f48c6fbb94b83f413a80f61917d","name":"Kelvin","image":{"@type":"ImageObject","inLanguage":"pt-BR","@id":"https:\/\/www.em.com.br\/emfoco\/#\/schema\/person\/image\/","url":"https:\/\/secure.gravatar.com\/avatar\/e74f84337e6bf6c4c5e88fbdffa05270?s=96&d=mm&r=g","contentUrl":"https:\/\/secure.gravatar.com\/avatar\/e74f84337e6bf6c4c5e88fbdffa05270?s=96&d=mm&r=g","caption":"Kelvin"},"sameAs":["https:\/\/www.em.com.br\/emfoco"],"url":"https:\/\/www.em.com.br\/emfoco\/author\/kelvinmyth\/"}]}},"_links":{"self":[{"href":"https:\/\/www.em.com.br\/emfoco\/wp-json\/wp\/v2\/posts\/13302","targetHints":{"allow":["GET"]}}],"collection":[{"href":"https:\/\/www.em.com.br\/emfoco\/wp-json\/wp\/v2\/posts"}],"about":[{"href":"https:\/\/www.em.com.br\/emfoco\/wp-json\/wp\/v2\/types\/post"}],"author":[{"embeddable":true,"href":"https:\/\/www.em.com.br\/emfoco\/wp-json\/wp\/v2\/users\/7"}],"replies":[{"embeddable":true,"href":"https:\/\/www.em.com.br\/emfoco\/wp-json\/wp\/v2\/comments?post=13302"}],"version-history":[{"count":2,"href":"https:\/\/www.em.com.br\/emfoco\/wp-json\/wp\/v2\/posts\/13302\/revisions"}],"predecessor-version":[{"id":13304,"href":"https:\/\/www.em.com.br\/emfoco\/wp-json\/wp\/v2\/posts\/13302\/revisions\/13304"}],"wp:featuredmedia":[{"embeddable":true,"href":"https:\/\/www.em.com.br\/emfoco\/wp-json\/wp\/v2\/media\/7548"}],"wp:attachment":[{"href":"https:\/\/www.em.com.br\/emfoco\/wp-json\/wp\/v2\/media?parent=13302"}],"wp:term":[{"taxonomy":"category","embeddable":true,"href":"https:\/\/www.em.com.br\/emfoco\/wp-json\/wp\/v2\/categories?post=13302"},{"taxonomy":"post_tag","embeddable":true,"href":"https:\/\/www.em.com.br\/emfoco\/wp-json\/wp\/v2\/tags?post=13302"}],"curies":[{"name":"wp","href":"https:\/\/api.w.org\/{rel}","templated":true}]}}