{"id":133011,"date":"2025-12-02T17:45:00","date_gmt":"2025-12-02T20:45:00","guid":{"rendered":"https:\/\/www.em.com.br\/emfoco\/?p=133011"},"modified":"2025-12-01T19:52:28","modified_gmt":"2025-12-01T22:52:28","slug":"ministerio-da-saude-alerta-para-sarampo-apos-rota-de-onibus-com-infectados-atravessar-7-provincias","status":"publish","type":"post","link":"https:\/\/www.em.com.br\/emfoco\/2025\/12\/02\/ministerio-da-saude-alerta-para-sarampo-apos-rota-de-onibus-com-infectados-atravessar-7-provincias\/","title":{"rendered":"Minist\u00e9rio da Sa\u00fade alerta para sarampo ap\u00f3s rota de \u00f4nibus com infectados atravessar 7 prov\u00edncias"},"content":{"rendered":"\n<p>Um surto de sarampo no&nbsp;<strong>Uruguai<\/strong>&nbsp;foi recentemente relacionado a uma fam\u00edlia que viajou da&nbsp;<strong>Bol\u00edvia<\/strong>&nbsp;at\u00e9 o destino final, transitando pela&nbsp;<strong>Argentina<\/strong>&nbsp;e expondo diversas localidades ao risco por n\u00e3o possuir hist\u00f3rico de vacina\u00e7\u00e3o, o que evidencia a import\u00e2ncia dos programas de imuniza\u00e7\u00e3o para prote\u00e7\u00e3o coletiva.<\/p>\n\n\n\n<h2 class=\"wp-block-heading\">Sarampo aumenta preocupa\u00e7\u00e3o na Am\u00e9rica do Sul<\/h2>\n\n\n\n<p>O <a href=\"https:\/\/www.gov.br\/saude\/pt-br\/assuntos\/saude-de-a-a-z\/s\/sarampo\" target=\"_blank\" rel=\"noreferrer noopener\">sarampo<\/a>, doen\u00e7a viral aguda e altamente contagiosa, pode provocar complica\u00e7\u00f5es graves, especialmente em crian\u00e7as pequenas e adultos imunocomprometidos. O tratamento dispon\u00edvel busca aliviar sintomas, visto que n\u00e3o h\u00e1 medica\u00e7\u00e3o espec\u00edfica para combater o v\u00edrus.<\/p>\n\n\n\n<p>Ap\u00f3s anos sem relatos relevantes, novos casos v\u00eam sendo registrados devido \u00e0 circula\u00e7\u00e3o de adultos e crian\u00e7as n\u00e3o vacinados. Como o cont\u00e1gio ocorre principalmente pelo ar, os sintomas do sarampo podem inicialmente ser confundidos com os de um forte resfriado.<\/p>\n\n\n\n<figure class=\"wp-block-image size-large\"><img loading=\"lazy\" decoding=\"async\" width=\"1024\" height=\"576\" src=\"https:\/\/www.em.com.br\/emfoco\/wp-content\/uploads\/2025\/12\/sarampo_1764632533424-1024x576.jpg\" alt=\"arampo cresce e vira preocupa\u00e7\u00e3o entre m\u00e9dicos e fam\u00edlias\" class=\"wp-image-134350\" srcset=\"https:\/\/www.em.com.br\/emfoco\/wp-content\/uploads\/2025\/12\/sarampo_1764632533424-1024x576.jpg 1024w, https:\/\/www.em.com.br\/emfoco\/wp-content\/uploads\/2025\/12\/sarampo_1764632533424-300x169.jpg 300w, https:\/\/www.em.com.br\/emfoco\/wp-content\/uploads\/2025\/12\/sarampo_1764632533424-768x432.jpg 768w, https:\/\/www.em.com.br\/emfoco\/wp-content\/uploads\/2025\/12\/sarampo_1764632533424-750x422.jpg 750w, https:\/\/www.em.com.br\/emfoco\/wp-content\/uploads\/2025\/12\/sarampo_1764632533424-1140x641.jpg 1140w, https:\/\/www.em.com.br\/emfoco\/wp-content\/uploads\/2025\/12\/sarampo_1764632533424.jpg 1280w\" sizes=\"auto, (max-width: 1024px) 100vw, 1024px\" \/><figcaption class=\"wp-element-caption\">arampo cresce e vira preocupa\u00e7\u00e3o entre m\u00e9dicos e fam\u00edlias &#8211; Cr\u00e9ditos: depositphotos.com \/ joasouza<\/figcaption><\/figure>\n\n\n\n<h2 class=\"wp-block-heading\">Como ocorreu a transmiss\u00e3o do sarampo entre pa\u00edses da regi\u00e3o<\/h2>\n\n\n\n<p>O epis\u00f3dio chama aten\u00e7\u00e3o pela trajet\u00f3ria da fam\u00edlia infectada. Eles viajaram de&nbsp;<strong>Santa Cruz de la Sierra<\/strong>&nbsp;em&nbsp;<strong>13 de novembro de 2025<\/strong>, passando por prov\u00edncias da&nbsp;<strong>Argentina<\/strong>&nbsp;como&nbsp;<strong>Salta<\/strong>,&nbsp;<strong>Santiago del Estero<\/strong>&nbsp;e&nbsp;<strong>Buenos Aires<\/strong>, e chegaram ao&nbsp;<strong>Uruguai<\/strong>&nbsp;em 16 de novembro.<\/p>\n\n\n\n<p>O fato de atravessarem v\u00e1rias cidades e fronteiras ressalta os desafios para vigil\u00e2ncia epidemiol\u00f3gica e necessidade urgente da atualiza\u00e7\u00e3o vacinal em \u00e1reas com intenso fluxo migrat\u00f3rio.<\/p>\n\n\n\n<h2 class=\"wp-block-heading\">Quais s\u00e3o os sintomas mais comuns do sarampo<\/h2>\n\n\n\n<p>Os sintomas costumam surgir de 10 a 14 dias ap\u00f3s exposi\u00e7\u00e3o ao v\u00edrus e seguem uma progress\u00e3o caracter\u00edstica. Conhecer esses sinais \u00e9 fundamental para o <a href=\"https:\/\/www.em.com.br\/emfoco\/2025\/10\/31\/trabalhadora-sera-indenizada-em-30-mil-por-demissao-injusta-apos-diagnostico-de-doenca\/\" target=\"_blank\" rel=\"noreferrer noopener\">diagn\u00f3stico <\/a>precoce e isolamento adequado.<\/p>\n\n\n\n<p>Veja a lista dos principais sinais e sintomas de sarampo que merecem aten\u00e7\u00e3o:<\/p>\n\n\n\n<ul class=\"wp-block-list\">\n<li><strong>Febre alta:<\/strong>&nbsp;Geralmente o primeiro e mais evidente sintoma.<\/li>\n\n\n\n<li><strong>Tosse persistente, coriza e conjuntivite:<\/strong>&nbsp;Podem lembrar um resfriado intenso.<\/li>\n\n\n\n<li><strong>Mal-estar intenso:<\/strong>&nbsp;Inclui dor de cabe\u00e7a e perda de apetite.<\/li>\n\n\n\n<li><strong>Manchas de Koplik:<\/strong>&nbsp;Pequenos pontos azulados na mucosa bucal antes das erup\u00e7\u00f5es.<\/li>\n\n\n\n<li><strong>Exantema (erup\u00e7\u00e3o cut\u00e2nea):<\/strong>&nbsp;Manchas vermelhas, espalhando-se do rosto para o corpo, possivelmente com coceira.<\/li>\n<\/ul>\n\n\n\n<h2 class=\"wp-block-heading\">Como cuidar e tratar casos de sarampo<\/h2>\n\n\n\n<p>N\u00e3o existem antivirais espec\u00edficos para sarampo, sendo o tratamento focado no al\u00edvio de sintomas e preven\u00e7\u00e3o de complica\u00e7\u00f5es. Buscar orienta\u00e7\u00e3o m\u00e9dica imediata \u00e9 fundamental em caso de suspeita.<\/p>\n\n\n\n<p>Para orientar o tratamento e evitar agravamentos, confira as principais recomenda\u00e7\u00f5es de suporte ao paciente:<\/p>\n\n\n\n<ul class=\"wp-block-list\">\n<li><strong>Isolamento:<\/strong>&nbsp;Evitar contato com pessoas, especialmente vulner\u00e1veis, por pelo menos quatro dias ap\u00f3s o in\u00edcio das manchas.<\/li>\n\n\n\n<li><strong>Hidrata\u00e7\u00e3o:<\/strong>&nbsp;Manter a ingest\u00e3o adequada de l\u00edquidos.<\/li>\n\n\n\n<li><strong>Repouso:<\/strong>&nbsp;Descansar para auxiliar na recupera\u00e7\u00e3o.<\/li>\n\n\n\n<li><strong>Controle da febre:<\/strong>&nbsp;Uso de antit\u00e9rmicos conforme orienta\u00e7\u00e3o m\u00e9dica.<\/li>\n\n\n\n<li><strong>Al\u00edvio dos sintomas oculares:<\/strong>&nbsp;Limpar os olhos suavemente com \u00e1gua morna e evitar luz forte.<\/li>\n\n\n\n<li><strong>Vitamina A:<\/strong>&nbsp;Recomendada para crian\u00e7as a fim de prevenir complica\u00e7\u00f5es.<\/li>\n<\/ul>\n\n\n\n<h2 class=\"wp-block-heading\">Saiba quando procurar atendimento m\u00e9dico por complica\u00e7\u00f5es<\/h2>\n\n\n\n<p>Alguns sinais indicam agravamento da doen\u00e7a e necessidade de interven\u00e7\u00e3o urgente. Fique atento, pois podem representar complica\u00e7\u00f5es como pneumonia ou encefalite.<\/p>\n\n\n\n<p>Procurar aux\u00edlio m\u00e9dico imediato \u00e9 essencial diante de sintomas como dificuldade para respirar, dor de ouvido intensa, sonol\u00eancia excessiva ou convuls\u00f5es.<\/p>\n\n\n\n<h2 class=\"wp-block-heading\">Vacina\u00e7\u00e3o reduz o risco de cont\u00e1gio e de complica\u00e7\u00f5es graves<\/h2>\n\n\n\n<p>A&nbsp;<strong>Organiza\u00e7\u00e3o Mundial da Sa\u00fade<\/strong>&nbsp;recomenda a vacina\u00e7\u00e3o, essencial para evitar surtos e graves consequ\u00eancias como pneumonia e encefalite. Duas doses s\u00e3o necess\u00e1rias, sendo a primeira aos 12 meses e a segunda aos cinco anos de idade.<\/p>\n\n\n\n<p>Manter o cart\u00e3o de vacina\u00e7\u00e3o atualizado \u00e9 crucial para evitar o retorno do sarampo e proteger a comunidade. Confira por que isso \u00e9 t\u00e3o importante:<\/p>\n\n\n\n<ul class=\"wp-block-list\">\n<li>Reduz a chance individual de adoecer e transmitir o v\u00edrus<\/li>\n\n\n\n<li>Favorece a prote\u00e7\u00e3o coletiva (imunidade de rebanho)<\/li>\n\n\n\n<li>Aumenta a prote\u00e7\u00e3o contra surtos em ambientes coletivos<\/li>\n<\/ul>\n\n\n\n<p>Para voc\u00ea entender melhor do risco de sarampo no pa\u00eds, em seu Instagram o m\u00e9dico <a href=\"https:\/\/www.instagram.com\/darizon.filho\/\" target=\"_blank\" rel=\"noreferrer noopener\">Darizon Filho<\/a> junto ao <a href=\"https:\/\/www.instagram.com\/grupomedcof\/\" target=\"_blank\" rel=\"noreferrer noopener\">Grupo MedCof <\/a>falam sobre o assunto: <\/p>\n\n\n\n<blockquote class=\"instagram-media\" data-instgrm-captioned data-instgrm-permalink=\"https:\/\/www.instagram.com\/reel\/DPPD2bigD-Y\/?utm_source=ig_embed&amp;utm_campaign=loading\" data-instgrm-version=\"14\" style=\" background:#FFF; border:0; border-radius:3px; box-shadow:0 0 1px 0 rgba(0,0,0,0.5),0 1px 10px 0 rgba(0,0,0,0.15); margin: 1px; max-width:540px; min-width:326px; padding:0; width:99.375%; width:-webkit-calc(100% - 2px); width:calc(100% - 2px);\"><div style=\"padding:16px;\"> <a href=\"https:\/\/www.instagram.com\/reel\/DPPD2bigD-Y\/?utm_source=ig_embed&amp;utm_campaign=loading\" style=\" background:#FFFFFF; line-height:0; padding:0 0; text-align:center; text-decoration:none; width:100%;\" target=\"_blank\"> <div style=\" display: flex; flex-direction: row; align-items: center;\"> <div style=\"background-color: #F4F4F4; border-radius: 50%; flex-grow: 0; height: 40px; margin-right: 14px; width: 40px;\"><\/div> <div style=\"display: flex; flex-direction: column; flex-grow: 1; justify-content: center;\"> <div style=\" background-color: #F4F4F4; border-radius: 4px; flex-grow: 0; height: 14px; margin-bottom: 6px; width: 100px;\"><\/div> <div style=\" background-color: #F4F4F4; border-radius: 4px; flex-grow: 0; height: 14px; width: 60px;\"><\/div><\/div><\/div><div style=\"padding: 19% 0;\"><\/div> <div style=\"display:block; height:50px; margin:0 auto 12px; width:50px;\"><svg width=\"50px\" height=\"50px\" viewBox=\"0 0 60 60\" version=\"1.1\" xmlns=\"https:\/\/www.w3.org\/2000\/svg\" xmlns:xlink=\"https:\/\/www.w3.org\/1999\/xlink\"><g stroke=\"none\" stroke-width=\"1\" fill=\"none\" fill-rule=\"evenodd\"><g transform=\"translate(-511.000000, -20.000000)\" fill=\"#000000\"><g><path d=\"M556.869,30.41 C554.814,30.41 553.148,32.076 553.148,34.131 C553.148,36.186 554.814,37.852 556.869,37.852 C558.924,37.852 560.59,36.186 560.59,34.131 C560.59,32.076 558.924,30.41 556.869,30.41 M541,60.657 C535.114,60.657 530.342,55.887 530.342,50 C530.342,44.114 535.114,39.342 541,39.342 C546.887,39.342 551.658,44.114 551.658,50 C551.658,55.887 546.887,60.657 541,60.657 M541,33.886 C532.1,33.886 524.886,41.1 524.886,50 C524.886,58.899 532.1,66.113 541,66.113 C549.9,66.113 557.115,58.899 557.115,50 C557.115,41.1 549.9,33.886 541,33.886 M565.378,62.101 C565.244,65.022 564.756,66.606 564.346,67.663 C563.803,69.06 563.154,70.057 562.106,71.106 C561.058,72.155 560.06,72.803 558.662,73.347 C557.607,73.757 556.021,74.244 553.102,74.378 C549.944,74.521 548.997,74.552 541,74.552 C533.003,74.552 532.056,74.521 528.898,74.378 C525.979,74.244 524.393,73.757 523.338,73.347 C521.94,72.803 520.942,72.155 519.894,71.106 C518.846,70.057 518.197,69.06 517.654,67.663 C517.244,66.606 516.755,65.022 516.623,62.101 C516.479,58.943 516.448,57.996 516.448,50 C516.448,42.003 516.479,41.056 516.623,37.899 C516.755,34.978 517.244,33.391 517.654,32.338 C518.197,30.938 518.846,29.942 519.894,28.894 C520.942,27.846 521.94,27.196 523.338,26.654 C524.393,26.244 525.979,25.756 528.898,25.623 C532.057,25.479 533.004,25.448 541,25.448 C548.997,25.448 549.943,25.479 553.102,25.623 C556.021,25.756 557.607,26.244 558.662,26.654 C560.06,27.196 561.058,27.846 562.106,28.894 C563.154,29.942 563.803,30.938 564.346,32.338 C564.756,33.391 565.244,34.978 565.378,37.899 C565.522,41.056 565.552,42.003 565.552,50 C565.552,57.996 565.522,58.943 565.378,62.101 M570.82,37.631 C570.674,34.438 570.167,32.258 569.425,30.349 C568.659,28.377 567.633,26.702 565.965,25.035 C564.297,23.368 562.623,22.342 560.652,21.575 C558.743,20.834 556.562,20.326 553.369,20.18 C550.169,20.033 549.148,20 541,20 C532.853,20 531.831,20.033 528.631,20.18 C525.438,20.326 523.257,20.834 521.349,21.575 C519.376,22.342 517.703,23.368 516.035,25.035 C514.368,26.702 513.342,28.377 512.574,30.349 C511.834,32.258 511.326,34.438 511.181,37.631 C511.035,40.831 511,41.851 511,50 C511,58.147 511.035,59.17 511.181,62.369 C511.326,65.562 511.834,67.743 512.574,69.651 C513.342,71.625 514.368,73.296 516.035,74.965 C517.703,76.634 519.376,77.658 521.349,78.425 C523.257,79.167 525.438,79.673 528.631,79.82 C531.831,79.965 532.853,80.001 541,80.001 C549.148,80.001 550.169,79.965 553.369,79.82 C556.562,79.673 558.743,79.167 560.652,78.425 C562.623,77.658 564.297,76.634 565.965,74.965 C567.633,73.296 568.659,71.625 569.425,69.651 C570.167,67.743 570.674,65.562 570.82,62.369 C570.966,59.17 571,58.147 571,50 C571,41.851 570.966,40.831 570.82,37.631\"><\/path><\/g><\/g><\/g><\/svg><\/div><div style=\"padding-top: 8px;\"> <div style=\" color:#3897f0; font-family:Arial,sans-serif; font-size:14px; font-style:normal; font-weight:550; line-height:18px;\">Ver essa foto no Instagram<\/div><\/div><div style=\"padding: 12.5% 0;\"><\/div> <div style=\"display: flex; flex-direction: row; margin-bottom: 14px; align-items: center;\"><div> <div style=\"background-color: #F4F4F4; border-radius: 50%; height: 12.5px; width: 12.5px; transform: translateX(0px) translateY(7px);\"><\/div> <div style=\"background-color: #F4F4F4; height: 12.5px; transform: rotate(-45deg) translateX(3px) translateY(1px); width: 12.5px; flex-grow: 0; margin-right: 14px; margin-left: 2px;\"><\/div> <div style=\"background-color: #F4F4F4; border-radius: 50%; height: 12.5px; width: 12.5px; transform: translateX(9px) translateY(-18px);\"><\/div><\/div><div style=\"margin-left: 8px;\"> <div style=\" background-color: #F4F4F4; border-radius: 50%; flex-grow: 0; height: 20px; width: 20px;\"><\/div> <div style=\" width: 0; height: 0; border-top: 2px solid transparent; border-left: 6px solid #f4f4f4; border-bottom: 2px solid transparent; transform: translateX(16px) translateY(-4px) rotate(30deg)\"><\/div><\/div><div style=\"margin-left: auto;\"> <div style=\" width: 0px; border-top: 8px solid #F4F4F4; border-right: 8px solid transparent; transform: translateY(16px);\"><\/div> <div style=\" background-color: #F4F4F4; flex-grow: 0; height: 12px; width: 16px; transform: translateY(-4px);\"><\/div> <div style=\" width: 0; height: 0; border-top: 8px solid #F4F4F4; border-left: 8px solid transparent; transform: translateY(-4px) translateX(8px);\"><\/div><\/div><\/div> <div style=\"display: flex; flex-direction: column; flex-grow: 1; justify-content: center; margin-bottom: 24px;\"> <div style=\" background-color: #F4F4F4; border-radius: 4px; flex-grow: 0; height: 14px; margin-bottom: 6px; width: 224px;\"><\/div> <div style=\" background-color: #F4F4F4; border-radius: 4px; flex-grow: 0; height: 14px; width: 144px;\"><\/div><\/div><\/a><p style=\" color:#c9c8cd; font-family:Arial,sans-serif; font-size:14px; line-height:17px; margin-bottom:0; margin-top:8px; overflow:hidden; padding:8px 0 7px; text-align:center; text-overflow:ellipsis; white-space:nowrap;\"><a href=\"https:\/\/www.instagram.com\/reel\/DPPD2bigD-Y\/?utm_source=ig_embed&amp;utm_campaign=loading\" style=\" color:#c9c8cd; font-family:Arial,sans-serif; font-size:14px; font-style:normal; font-weight:normal; line-height:17px; text-decoration:none;\" target=\"_blank\">Uma publica\u00e7\u00e3o compartilhada por MedCof &#8211; Reside\u0302ncia Me\u0301dica (@grupomedcof)<\/a><\/p><\/div><\/blockquote>\n<script async src=\"\/\/www.instagram.com\/embed.js\"><\/script>\n\n\n\n<h2 class=\"wp-block-heading\">O que fazer se voc\u00ea teve contato com algu\u00e9m com sarampo<\/h2>\n\n\n\n<p>O&nbsp;<strong>Minist\u00e9rio da Sa\u00fade<\/strong>&nbsp;orienta que pessoas que passaram por locais de risco estejam atentas aos sintomas. Em caso de contato com o v\u00edrus, \u00e9 importante agir rapidamente e monitorar a sa\u00fade durante o per\u00edodo de incuba\u00e7\u00e3o.<\/p>\n\n\n\n<p>Quem n\u00e3o completou o esquema vacinal ou apresentar sintomas deve buscar um servi\u00e7o de sa\u00fade imediatamente. A vacina\u00e7\u00e3o p\u00f3s-exposi\u00e7\u00e3o pode bloquear a cadeia de transmiss\u00e3o.<\/p>\n\n\n\n<h2 class=\"wp-block-heading\">Colabora\u00e7\u00e3o entre pa\u00edses fortalece o combate ao sarampo<\/h2>\n\n\n\n<p>A alta mobilidade atual dificulta o controle de doen\u00e7as como o sarampo, exigindo vigil\u00e2ncia cont\u00ednua e educa\u00e7\u00e3o em sa\u00fade em toda a regi\u00e3o. O caso ilustra o quanto \u00e9 vital a integra\u00e7\u00e3o entre fronteiras.<\/p>\n\n\n\n<p>Fortalecer a colabora\u00e7\u00e3o internacional e modernizar sistemas de monitoramento epidemiol\u00f3gico s\u00e3o estrat\u00e9gias indispens\u00e1veis para proteger as popula\u00e7\u00f5es vulner\u00e1veis e conter novos surtos.<\/p>\n","protected":false},"excerpt":{"rendered":"<p>Um surto de sarampo no&nbsp;Uruguai&nbsp;foi recentemente relacionado a uma fam\u00edlia que viajou da&nbsp;Bol\u00edvia&nbsp;at\u00e9 o destino final, transitando pela&nbsp;Argentina&nbsp;e expondo diversas localidades ao risco por n\u00e3o possuir hist\u00f3rico de vacina\u00e7\u00e3o, o que evidencia a import\u00e2ncia dos programas de imuniza\u00e7\u00e3o para prote\u00e7\u00e3o coletiva. Sarampo aumenta preocupa\u00e7\u00e3o na Am\u00e9rica do Sul O sarampo, doen\u00e7a viral aguda e altamente [&hellip;]<\/p>\n","protected":false},"author":11,"featured_media":134349,"comment_status":"open","ping_status":"open","sticky":false,"template":"","format":"standard","meta":{"jnews-multi-image_gallery":[],"jnews_single_post":{"format":"standard"},"jnews_primary_category":[],"jnews_social_meta":[],"jnews_override_counter":[],"footnotes":""},"categories":[1,9053],"tags":[19593,8974,19592,10371],"class_list":["post-133011","post","type-post","status-publish","format-standard","has-post-thumbnail","hentry","category-noticias","category-saude","tag-sarampo","tag-sintomas","tag-sintomas-de-sarampo","tag-virus"],"yoast_head":"<!-- This site is optimized with the Yoast SEO plugin v23.8 - https:\/\/yoast.com\/wordpress\/plugins\/seo\/ -->\n<title>Minist\u00e9rio da Sa\u00fade alerta para sarampo ap\u00f3s rota de \u00f4nibus com infectados atravessar 7 prov\u00edncias - Estado de Minas - Em foco<\/title>\n<meta name=\"robots\" content=\"index, follow, max-snippet:-1, max-image-preview:large, max-video-preview:-1\" \/>\n<link rel=\"canonical\" href=\"https:\/\/www.em.com.br\/emfoco\/2025\/12\/02\/ministerio-da-saude-alerta-para-sarampo-apos-rota-de-onibus-com-infectados-atravessar-7-provincias\/\" \/>\n<meta property=\"og:locale\" content=\"pt_BR\" \/>\n<meta property=\"og:type\" content=\"article\" \/>\n<meta property=\"og:title\" content=\"Minist\u00e9rio da Sa\u00fade alerta para sarampo ap\u00f3s rota de \u00f4nibus com infectados atravessar 7 prov\u00edncias - Estado de Minas - Em foco\" \/>\n<meta property=\"og:description\" content=\"Um surto de sarampo no&nbsp;Uruguai&nbsp;foi recentemente relacionado a uma fam\u00edlia que viajou da&nbsp;Bol\u00edvia&nbsp;at\u00e9 o destino final, transitando pela&nbsp;Argentina&nbsp;e expondo diversas localidades ao risco por n\u00e3o possuir hist\u00f3rico de vacina\u00e7\u00e3o, o que evidencia a import\u00e2ncia dos programas de imuniza\u00e7\u00e3o para prote\u00e7\u00e3o coletiva. Sarampo aumenta preocupa\u00e7\u00e3o na Am\u00e9rica do Sul O sarampo, doen\u00e7a viral aguda e altamente [&hellip;]\" \/>\n<meta property=\"og:url\" content=\"https:\/\/www.em.com.br\/emfoco\/2025\/12\/02\/ministerio-da-saude-alerta-para-sarampo-apos-rota-de-onibus-com-infectados-atravessar-7-provincias\/\" \/>\n<meta property=\"og:site_name\" content=\"Estado de Minas - Em foco\" \/>\n<meta property=\"article:published_time\" content=\"2025-12-02T20:45:00+00:00\" \/>\n<meta property=\"article:modified_time\" content=\"2025-12-01T22:52:28+00:00\" \/>\n<meta property=\"og:image\" content=\"https:\/\/www.em.com.br\/emfoco\/wp-content\/uploads\/2025\/12\/sarampo_1764632502102.jpg\" \/>\n\t<meta property=\"og:image:width\" content=\"1280\" \/>\n\t<meta property=\"og:image:height\" content=\"720\" \/>\n\t<meta property=\"og:image:type\" content=\"image\/jpeg\" \/>\n<meta name=\"author\" content=\"Andre\u0301 Rangel\u00a0\" \/>\n<meta name=\"twitter:card\" content=\"summary_large_image\" \/>\n<meta name=\"twitter:label1\" content=\"Escrito por\" \/>\n\t<meta name=\"twitter:data1\" content=\"Andre\u0301 Rangel\u00a0\" \/>\n\t<meta name=\"twitter:label2\" content=\"Est. tempo de leitura\" \/>\n\t<meta name=\"twitter:data2\" content=\"5 minutos\" \/>\n<!-- \/ Yoast SEO plugin. -->","yoast_head_json":{"title":"Minist\u00e9rio da Sa\u00fade alerta para sarampo ap\u00f3s rota de \u00f4nibus com infectados atravessar 7 prov\u00edncias - Estado de Minas - Em foco","robots":{"index":"index","follow":"follow","max-snippet":"max-snippet:-1","max-image-preview":"max-image-preview:large","max-video-preview":"max-video-preview:-1"},"canonical":"https:\/\/www.em.com.br\/emfoco\/2025\/12\/02\/ministerio-da-saude-alerta-para-sarampo-apos-rota-de-onibus-com-infectados-atravessar-7-provincias\/","og_locale":"pt_BR","og_type":"article","og_title":"Minist\u00e9rio da Sa\u00fade alerta para sarampo ap\u00f3s rota de \u00f4nibus com infectados atravessar 7 prov\u00edncias - Estado de Minas - Em foco","og_description":"Um surto de sarampo no&nbsp;Uruguai&nbsp;foi recentemente relacionado a uma fam\u00edlia que viajou da&nbsp;Bol\u00edvia&nbsp;at\u00e9 o destino final, transitando pela&nbsp;Argentina&nbsp;e expondo diversas localidades ao risco por n\u00e3o possuir hist\u00f3rico de vacina\u00e7\u00e3o, o que evidencia a import\u00e2ncia dos programas de imuniza\u00e7\u00e3o para prote\u00e7\u00e3o coletiva. Sarampo aumenta preocupa\u00e7\u00e3o na Am\u00e9rica do Sul O sarampo, doen\u00e7a viral aguda e altamente [&hellip;]","og_url":"https:\/\/www.em.com.br\/emfoco\/2025\/12\/02\/ministerio-da-saude-alerta-para-sarampo-apos-rota-de-onibus-com-infectados-atravessar-7-provincias\/","og_site_name":"Estado de Minas - Em foco","article_published_time":"2025-12-02T20:45:00+00:00","article_modified_time":"2025-12-01T22:52:28+00:00","og_image":[{"width":1280,"height":720,"url":"https:\/\/www.em.com.br\/emfoco\/wp-content\/uploads\/2025\/12\/sarampo_1764632502102.jpg","type":"image\/jpeg"}],"author":"Andre\u0301 Rangel\u00a0","twitter_card":"summary_large_image","twitter_misc":{"Escrito por":"Andre\u0301 Rangel\u00a0","Est. tempo de leitura":"5 minutos"},"schema":{"@context":"https:\/\/schema.org","@graph":[{"@type":"WebPage","@id":"https:\/\/www.em.com.br\/emfoco\/2025\/12\/02\/ministerio-da-saude-alerta-para-sarampo-apos-rota-de-onibus-com-infectados-atravessar-7-provincias\/","url":"https:\/\/www.em.com.br\/emfoco\/2025\/12\/02\/ministerio-da-saude-alerta-para-sarampo-apos-rota-de-onibus-com-infectados-atravessar-7-provincias\/","name":"Minist\u00e9rio da Sa\u00fade alerta para sarampo ap\u00f3s rota de \u00f4nibus com infectados atravessar 7 prov\u00edncias - Estado de Minas - Em foco","isPartOf":{"@id":"https:\/\/www.em.com.br\/emfoco\/#website"},"primaryImageOfPage":{"@id":"https:\/\/www.em.com.br\/emfoco\/2025\/12\/02\/ministerio-da-saude-alerta-para-sarampo-apos-rota-de-onibus-com-infectados-atravessar-7-provincias\/#primaryimage"},"image":{"@id":"https:\/\/www.em.com.br\/emfoco\/2025\/12\/02\/ministerio-da-saude-alerta-para-sarampo-apos-rota-de-onibus-com-infectados-atravessar-7-provincias\/#primaryimage"},"thumbnailUrl":"https:\/\/www.em.com.br\/emfoco\/wp-content\/uploads\/2025\/12\/sarampo_1764632502102.jpg","datePublished":"2025-12-02T20:45:00+00:00","dateModified":"2025-12-01T22:52:28+00:00","author":{"@id":"https:\/\/www.em.com.br\/emfoco\/#\/schema\/person\/60eda09c1fedf0d6891f4cef4b60b8b8"},"breadcrumb":{"@id":"https:\/\/www.em.com.br\/emfoco\/2025\/12\/02\/ministerio-da-saude-alerta-para-sarampo-apos-rota-de-onibus-com-infectados-atravessar-7-provincias\/#breadcrumb"},"inLanguage":"pt-BR","potentialAction":[{"@type":"ReadAction","target":["https:\/\/www.em.com.br\/emfoco\/2025\/12\/02\/ministerio-da-saude-alerta-para-sarampo-apos-rota-de-onibus-com-infectados-atravessar-7-provincias\/"]}]},{"@type":"ImageObject","inLanguage":"pt-BR","@id":"https:\/\/www.em.com.br\/emfoco\/2025\/12\/02\/ministerio-da-saude-alerta-para-sarampo-apos-rota-de-onibus-com-infectados-atravessar-7-provincias\/#primaryimage","url":"https:\/\/www.em.com.br\/emfoco\/wp-content\/uploads\/2025\/12\/sarampo_1764632502102.jpg","contentUrl":"https:\/\/www.em.com.br\/emfoco\/wp-content\/uploads\/2025\/12\/sarampo_1764632502102.jpg","width":1280,"height":720,"caption":"A jornada que espalhou o sarampo e deixou pa\u00edses em alerta - Cr\u00e9ditos: depositphotos.com \/ Milkos"},{"@type":"BreadcrumbList","@id":"https:\/\/www.em.com.br\/emfoco\/2025\/12\/02\/ministerio-da-saude-alerta-para-sarampo-apos-rota-de-onibus-com-infectados-atravessar-7-provincias\/#breadcrumb","itemListElement":[{"@type":"ListItem","position":1,"name":"In\u00edcio","item":"https:\/\/www.em.com.br\/emfoco\/"},{"@type":"ListItem","position":2,"name":"Minist\u00e9rio da Sa\u00fade alerta para sarampo ap\u00f3s rota de \u00f4nibus com infectados atravessar 7 prov\u00edncias"}]},{"@type":"WebSite","@id":"https:\/\/www.em.com.br\/emfoco\/#website","url":"https:\/\/www.em.com.br\/emfoco\/","name":"Estado de Minas - Em foco","description":"Acompanhe as \u00faltimas not\u00edcias e fique bem informado sobre tudo o que acontece em Minas Gerais, Brasil e no mundo.","potentialAction":[{"@type":"SearchAction","target":{"@type":"EntryPoint","urlTemplate":"https:\/\/www.em.com.br\/emfoco\/?s={search_term_string}"},"query-input":{"@type":"PropertyValueSpecification","valueRequired":true,"valueName":"search_term_string"}}],"inLanguage":"pt-BR"},{"@type":"Person","@id":"https:\/\/www.em.com.br\/emfoco\/#\/schema\/person\/60eda09c1fedf0d6891f4cef4b60b8b8","name":"Andre\u0301 Rangel\u00a0","image":{"@type":"ImageObject","inLanguage":"pt-BR","@id":"https:\/\/www.em.com.br\/emfoco\/#\/schema\/person\/image\/","url":"https:\/\/secure.gravatar.com\/avatar\/6234dc814c77c8ef6d8bba622c787efc?s=96&d=mm&r=g","contentUrl":"https:\/\/secure.gravatar.com\/avatar\/6234dc814c77c8ef6d8bba622c787efc?s=96&d=mm&r=g","caption":"Andre\u0301 Rangel\u00a0"},"url":"https:\/\/www.em.com.br\/emfoco\/author\/luizmyth\/"}]}},"_links":{"self":[{"href":"https:\/\/www.em.com.br\/emfoco\/wp-json\/wp\/v2\/posts\/133011","targetHints":{"allow":["GET"]}}],"collection":[{"href":"https:\/\/www.em.com.br\/emfoco\/wp-json\/wp\/v2\/posts"}],"about":[{"href":"https:\/\/www.em.com.br\/emfoco\/wp-json\/wp\/v2\/types\/post"}],"author":[{"embeddable":true,"href":"https:\/\/www.em.com.br\/emfoco\/wp-json\/wp\/v2\/users\/11"}],"replies":[{"embeddable":true,"href":"https:\/\/www.em.com.br\/emfoco\/wp-json\/wp\/v2\/comments?post=133011"}],"version-history":[{"count":3,"href":"https:\/\/www.em.com.br\/emfoco\/wp-json\/wp\/v2\/posts\/133011\/revisions"}],"predecessor-version":[{"id":134351,"href":"https:\/\/www.em.com.br\/emfoco\/wp-json\/wp\/v2\/posts\/133011\/revisions\/134351"}],"wp:featuredmedia":[{"embeddable":true,"href":"https:\/\/www.em.com.br\/emfoco\/wp-json\/wp\/v2\/media\/134349"}],"wp:attachment":[{"href":"https:\/\/www.em.com.br\/emfoco\/wp-json\/wp\/v2\/media?parent=133011"}],"wp:term":[{"taxonomy":"category","embeddable":true,"href":"https:\/\/www.em.com.br\/emfoco\/wp-json\/wp\/v2\/categories?post=133011"},{"taxonomy":"post_tag","embeddable":true,"href":"https:\/\/www.em.com.br\/emfoco\/wp-json\/wp\/v2\/tags?post=133011"}],"curies":[{"name":"wp","href":"https:\/\/api.w.org\/{rel}","templated":true}]}}