{"id":133006,"date":"2025-12-02T10:25:00","date_gmt":"2025-12-02T13:25:00","guid":{"rendered":"https:\/\/www.em.com.br\/emfoco\/?p=133006"},"modified":"2025-12-01T19:06:03","modified_gmt":"2025-12-01T22:06:03","slug":"quanto-tempo-leva-para-uma-laranjeira-dar-frutos-depois-de-plantada-nao-e-um-mes-nem-um-ano","status":"publish","type":"post","link":"https:\/\/www.em.com.br\/emfoco\/2025\/12\/02\/quanto-tempo-leva-para-uma-laranjeira-dar-frutos-depois-de-plantada-nao-e-um-mes-nem-um-ano\/","title":{"rendered":"Quanto tempo leva para uma laranjeira dar frutos depois de plantada? N\u00e3o \u00e9 um m\u00eas, nem um ano"},"content":{"rendered":"\n<p>O cultivo de laranjeiras \u00e9 uma atividade gratificante, oferecendo frutas suculentas e agregando beleza ao ambiente, mas requer dedica\u00e7\u00e3o e paci\u00eancia at\u00e9 o in\u00edcio da frutifica\u00e7\u00e3o.<\/p>\n\n\n\n<h2 class=\"wp-block-heading\">Quais fatores influenciam o tempo para sua laranjeira dar frutos<\/h2>\n\n\n\n<p>Diversos fatores interferem no tempo que leva para uma <a href=\"https:\/\/www.em.com.br\/emfoco\/2025\/11\/25\/como-regar-laranjeira-em-vasos-para-ter-frutos-mesmo-no-apartamento\/\" target=\"_blank\" rel=\"noreferrer noopener\">laranjeira <\/a>come\u00e7ar a frutificar, sendo o m\u00e9todo de plantio um dos principais. Laranjeiras enxertadas geralmente produzem mais r\u00e1pido do que aquelas plantadas por sementes.<\/p>\n\n\n\n<p>Em m\u00e9dia, mudas enxertadas come\u00e7am a dar frutos entre dois e tr\u00eas anos, enquanto laranjeiras cultivadas a partir de sementes podem demorar de cinco a sete anos. Esses prazos variam conforme o manejo, clima e qualidade da muda.<\/p>\n\n\n\n<h2 class=\"wp-block-heading\">Quanto a luz solar e a irriga\u00e7\u00e3o s\u00e3o importantes para o desenvolvimento saud\u00e1vel<\/h2>\n\n\n\n<p>A exposi\u00e7\u00e3o direta \u00e0 luz solar \u00e9 fundamental para as laranjeiras, exigindo ao menos seis horas di\u00e1rias. Al\u00e9m disso, a quantidade e frequ\u00eancia da irriga\u00e7\u00e3o devem ser cuidadosas, evitando encharcamento.<\/p>\n\n\n\n<p>Mantendo o solo \u00famido, por\u00e9m sem excesso de \u00e1gua, reduz-se o risco de <a href=\"https:\/\/www.infoteca.cnptia.embrapa.br\/infoteca\/bitstream\/doc\/1095701\/1\/LivroCORRIGIDODesafiosManejoDoencasRadiculares.pdf\" target=\"_blank\" rel=\"noreferrer noopener\">doen\u00e7as radiculares<\/a> e garante-se o vigor da \u00e1rvore, tornando-a mais resistente e produtiva.<\/p>\n\n\n\n<figure class=\"wp-block-image size-large\"><img loading=\"lazy\" decoding=\"async\" width=\"1024\" height=\"576\" src=\"https:\/\/www.em.com.br\/emfoco\/wp-content\/uploads\/2025\/12\/laranjeira-planta_1764628783409-1024x576.jpg\" alt=\"\" class=\"wp-image-134291\" srcset=\"https:\/\/www.em.com.br\/emfoco\/wp-content\/uploads\/2025\/12\/laranjeira-planta_1764628783409-1024x576.jpg 1024w, https:\/\/www.em.com.br\/emfoco\/wp-content\/uploads\/2025\/12\/laranjeira-planta_1764628783409-300x169.jpg 300w, https:\/\/www.em.com.br\/emfoco\/wp-content\/uploads\/2025\/12\/laranjeira-planta_1764628783409-768x432.jpg 768w, https:\/\/www.em.com.br\/emfoco\/wp-content\/uploads\/2025\/12\/laranjeira-planta_1764628783409-750x422.jpg 750w, https:\/\/www.em.com.br\/emfoco\/wp-content\/uploads\/2025\/12\/laranjeira-planta_1764628783409-1140x641.jpg 1140w, https:\/\/www.em.com.br\/emfoco\/wp-content\/uploads\/2025\/12\/laranjeira-planta_1764628783409.jpg 1280w\" sizes=\"auto, (max-width: 1024px) 100vw, 1024px\" \/><figcaption class=\"wp-element-caption\">Laranjeira cresce mais r\u00e1pido com truque amado por jardineiros &#8211; Cr\u00e9ditos: depositphotos.com \/ dvoevnore<\/figcaption><\/figure>\n\n\n\n<h2 class=\"wp-block-heading\">Veja as principais pr\u00e1ticas essenciais para cultivar laranjeiras<\/h2>\n\n\n\n<p>Algumas pr\u00e1ticas peri\u00f3dicas s\u00e3o indispens\u00e1veis ao longo do desenvolvimento da laranjeira, principalmente a partir do plantio, que deve ser feito na primavera ap\u00f3s as geadas. Para facilitar, listamos as a\u00e7\u00f5es recomendadas a seguir:<\/p>\n\n\n\n<ul class=\"wp-block-list\">\n<li>Escolha solo f\u00e9rtil, bem drenado e rico em mat\u00e9ria org\u00e2nica<\/li>\n\n\n\n<li>Utilize fertilizantes ricos em nitrog\u00eanio no in\u00edcio do ciclo, migrando para f\u00f3rmulas com f\u00f3sforo e pot\u00e1ssio durante a florada e frutifica\u00e7\u00e3o<\/li>\n\n\n\n<li>Fa\u00e7a podas leves para estruturar a \u00e1rvore<\/li>\n\n\n\n<li>Monitore pragas e doen\u00e7as e adote medidas preventivas quando necess\u00e1rio<\/li>\n<\/ul>\n\n\n\n<h2 class=\"wp-block-heading\">Como saber se sua laranjeira est\u00e1 pr\u00f3xima de frutificar<\/h2>\n\n\n\n<p>O aparecimento de novos brotos e flores brancas perfumadas s\u00e3o sinais de que a produ\u00e7\u00e3o de frutos se aproxima. Estas mudan\u00e7as visuais e estruturais na copa indicam que o ciclo produtivo est\u00e1 come\u00e7ando.<\/p>\n\n\n\n<p>Acompanhe o desenvolvimento dos galhos e observe o surgimento dessas caracter\u00edsticas para prever a primeira frutifica\u00e7\u00e3o da sua laranjeira.<\/p>\n\n\n\n<h2 class=\"wp-block-heading\">Principais partes da laranjeira e seus usos mais comuns em casa<\/h2>\n\n\n\n<figure class=\"wp-block-table\"><table class=\"has-fixed-layout\"><tbody><tr><th>Parte<\/th><th>Uso Caseiro Principal<\/th><th>Benef\u00edcios Associados<\/th><\/tr><tr><td>Folhas<\/td><td>Ch\u00e1s e banhos relaxantes<\/td><td>Acalmam a mente, aliviam a ansiedade, melhoram a qualidade do sono e ajudam no mal-estar geral. Na medicina popular, tamb\u00e9m s\u00e3o usadas para tratar gripes, tosse com expectora\u00e7\u00e3o, gases e c\u00f3licas.<\/td><\/tr><tr><td>Casca da Laranja<\/td><td>Ch\u00e1s, raspas e farinha<\/td><td>Fortalece o sistema imunol\u00f3gico (rica em vitamina C e antioxidantes), melhora a digest\u00e3o, alivia gases e incha\u00e7o, e pode ajudar a reduzir o colesterol e a press\u00e3o arterial. Possui propriedades anti-inflamat\u00f3rias.<\/td><\/tr><tr><td>Flores<\/td><td>Ch\u00e1s (flor de laranjeira)<\/td><td>T\u00eam efeito calmante, sendo usadas para combater a ins\u00f4nia, ansiedade e nervosismo.<\/td><\/tr><tr><td>Baga\u00e7o (parte branca)<\/td><td>Consumo direto ou em receitas<\/td><td>Excelente fonte de fibras (pectina), essencial para a sa\u00fade digestiva, controle do colesterol e promo\u00e7\u00e3o da saciedade.<\/td><\/tr><\/tbody><\/table><\/figure>\n\n\n\n<p>Existem diferentes maneiras de utilizar as partes da laranjeira no dia a dia, desde preparo de infus\u00f5es at\u00e9 receitas naturais. Veja algumas sugest\u00f5es abaixo para aproveitar melhor seus benef\u00edcios:<\/p>\n\n\n\n<ul class=\"wp-block-list\">\n<li><strong>Ch\u00e1s:<\/strong>&nbsp;Para o ch\u00e1 de casca, higienize bem e utilize a parte colorida; se preferir, desidrate antes de usar. As folhas podem ser usadas tanto frescas quanto secas para infus\u00f5es.<\/li>\n\n\n\n<li><strong>Raspas e Farinha:<\/strong>&nbsp;Use raspas da casca em iogurtes, bolos e panquecas. A casca desidratada e mo\u00edda pode enriquecer outras prepara\u00e7\u00f5es.<\/li>\n\n\n\n<li><strong>Banhos:<\/strong>&nbsp;Adicione folhas ou casca \u00e0 \u00e1gua do banho para um momento relaxante e, simbolicamente, para atrair boas energias e equil\u00edbrio.<\/li>\n<\/ul>\n","protected":false},"excerpt":{"rendered":"<p>O cultivo de laranjeiras \u00e9 uma atividade gratificante, oferecendo frutas suculentas e agregando beleza ao ambiente, mas requer dedica\u00e7\u00e3o e paci\u00eancia at\u00e9 o in\u00edcio da frutifica\u00e7\u00e3o. Quais fatores influenciam o tempo para sua laranjeira dar frutos Diversos fatores interferem no tempo que leva para uma laranjeira come\u00e7ar a frutificar, sendo o m\u00e9todo de plantio um [&hellip;]<\/p>\n","protected":false},"author":11,"featured_media":134292,"comment_status":"open","ping_status":"open","sticky":false,"template":"","format":"standard","meta":{"jnews-multi-image_gallery":[],"jnews_single_post":{"format":"standard"},"jnews_primary_category":[],"jnews_social_meta":[],"jnews_override_counter":[],"footnotes":""},"categories":[8819,1],"tags":[10606,1988,4272,4958],"class_list":["post-133006","post","type-post","status-publish","format-standard","has-post-thumbnail","hentry","category-curiosidades","category-noticias","tag-cultivo-de-laranjeira","tag-fruta","tag-laranja","tag-laranjeira"],"yoast_head":"<!-- This site is optimized with the Yoast SEO plugin v23.8 - https:\/\/yoast.com\/wordpress\/plugins\/seo\/ -->\n<title>Quanto tempo leva para uma laranjeira dar frutos depois de plantada? N\u00e3o \u00e9 um m\u00eas, nem um ano - Estado de Minas - Em foco<\/title>\n<meta name=\"description\" content=\"A laranjeira pode frutificar mais r\u00e1pido do que voc\u00ea imagina e um detalhe simples no cultivo tem feito diferen\u00e7a no quintal de muita gente.\" \/>\n<meta name=\"robots\" content=\"index, follow, max-snippet:-1, max-image-preview:large, max-video-preview:-1\" \/>\n<link rel=\"canonical\" href=\"https:\/\/www.em.com.br\/emfoco\/2025\/12\/02\/quanto-tempo-leva-para-uma-laranjeira-dar-frutos-depois-de-plantada-nao-e-um-mes-nem-um-ano\/\" \/>\n<meta property=\"og:locale\" content=\"pt_BR\" \/>\n<meta property=\"og:type\" content=\"article\" \/>\n<meta property=\"og:title\" content=\"Quanto tempo leva para uma laranjeira dar frutos depois de plantada? N\u00e3o \u00e9 um m\u00eas, nem um ano - Estado de Minas - Em foco\" \/>\n<meta property=\"og:description\" content=\"A laranjeira pode frutificar mais r\u00e1pido do que voc\u00ea imagina e um detalhe simples no cultivo tem feito diferen\u00e7a no quintal de muita gente.\" \/>\n<meta property=\"og:url\" content=\"https:\/\/www.em.com.br\/emfoco\/2025\/12\/02\/quanto-tempo-leva-para-uma-laranjeira-dar-frutos-depois-de-plantada-nao-e-um-mes-nem-um-ano\/\" \/>\n<meta property=\"og:site_name\" content=\"Estado de Minas - Em foco\" \/>\n<meta property=\"article:published_time\" content=\"2025-12-02T13:25:00+00:00\" \/>\n<meta property=\"article:modified_time\" content=\"2025-12-01T22:06:03+00:00\" \/>\n<meta property=\"og:image\" content=\"https:\/\/www.em.com.br\/emfoco\/wp-content\/uploads\/2025\/12\/Gemini_Generated_Image_cra7gxcra7gxcra7-1.png\" \/>\n\t<meta property=\"og:image:width\" content=\"1280\" \/>\n\t<meta property=\"og:image:height\" content=\"720\" \/>\n\t<meta property=\"og:image:type\" content=\"image\/png\" \/>\n<meta name=\"author\" content=\"Andre\u0301 Rangel\u00a0\" \/>\n<meta name=\"twitter:card\" content=\"summary_large_image\" \/>\n<meta name=\"twitter:label1\" content=\"Escrito por\" \/>\n\t<meta name=\"twitter:data1\" content=\"Andre\u0301 Rangel\u00a0\" \/>\n\t<meta name=\"twitter:label2\" content=\"Est. tempo de leitura\" \/>\n\t<meta name=\"twitter:data2\" content=\"4 minutos\" \/>\n<!-- \/ Yoast SEO plugin. -->","yoast_head_json":{"title":"Quanto tempo leva para uma laranjeira dar frutos depois de plantada? N\u00e3o \u00e9 um m\u00eas, nem um ano - Estado de Minas - Em foco","description":"A laranjeira pode frutificar mais r\u00e1pido do que voc\u00ea imagina e um detalhe simples no cultivo tem feito diferen\u00e7a no quintal de muita gente.","robots":{"index":"index","follow":"follow","max-snippet":"max-snippet:-1","max-image-preview":"max-image-preview:large","max-video-preview":"max-video-preview:-1"},"canonical":"https:\/\/www.em.com.br\/emfoco\/2025\/12\/02\/quanto-tempo-leva-para-uma-laranjeira-dar-frutos-depois-de-plantada-nao-e-um-mes-nem-um-ano\/","og_locale":"pt_BR","og_type":"article","og_title":"Quanto tempo leva para uma laranjeira dar frutos depois de plantada? N\u00e3o \u00e9 um m\u00eas, nem um ano - Estado de Minas - Em foco","og_description":"A laranjeira pode frutificar mais r\u00e1pido do que voc\u00ea imagina e um detalhe simples no cultivo tem feito diferen\u00e7a no quintal de muita gente.","og_url":"https:\/\/www.em.com.br\/emfoco\/2025\/12\/02\/quanto-tempo-leva-para-uma-laranjeira-dar-frutos-depois-de-plantada-nao-e-um-mes-nem-um-ano\/","og_site_name":"Estado de Minas - Em foco","article_published_time":"2025-12-02T13:25:00+00:00","article_modified_time":"2025-12-01T22:06:03+00:00","og_image":[{"width":1280,"height":720,"url":"https:\/\/www.em.com.br\/emfoco\/wp-content\/uploads\/2025\/12\/Gemini_Generated_Image_cra7gxcra7gxcra7-1.png","type":"image\/png"}],"author":"Andre\u0301 Rangel\u00a0","twitter_card":"summary_large_image","twitter_misc":{"Escrito por":"Andre\u0301 Rangel\u00a0","Est. tempo de leitura":"4 minutos"},"schema":{"@context":"https:\/\/schema.org","@graph":[{"@type":"WebPage","@id":"https:\/\/www.em.com.br\/emfoco\/2025\/12\/02\/quanto-tempo-leva-para-uma-laranjeira-dar-frutos-depois-de-plantada-nao-e-um-mes-nem-um-ano\/","url":"https:\/\/www.em.com.br\/emfoco\/2025\/12\/02\/quanto-tempo-leva-para-uma-laranjeira-dar-frutos-depois-de-plantada-nao-e-um-mes-nem-um-ano\/","name":"Quanto tempo leva para uma laranjeira dar frutos depois de plantada? N\u00e3o \u00e9 um m\u00eas, nem um ano - Estado de Minas - Em foco","isPartOf":{"@id":"https:\/\/www.em.com.br\/emfoco\/#website"},"primaryImageOfPage":{"@id":"https:\/\/www.em.com.br\/emfoco\/2025\/12\/02\/quanto-tempo-leva-para-uma-laranjeira-dar-frutos-depois-de-plantada-nao-e-um-mes-nem-um-ano\/#primaryimage"},"image":{"@id":"https:\/\/www.em.com.br\/emfoco\/2025\/12\/02\/quanto-tempo-leva-para-uma-laranjeira-dar-frutos-depois-de-plantada-nao-e-um-mes-nem-um-ano\/#primaryimage"},"thumbnailUrl":"https:\/\/www.em.com.br\/emfoco\/wp-content\/uploads\/2025\/12\/Gemini_Generated_Image_cra7gxcra7gxcra7-1.png","datePublished":"2025-12-02T13:25:00+00:00","dateModified":"2025-12-01T22:06:03+00:00","author":{"@id":"https:\/\/www.em.com.br\/emfoco\/#\/schema\/person\/60eda09c1fedf0d6891f4cef4b60b8b8"},"description":"A laranjeira pode frutificar mais r\u00e1pido do que voc\u00ea imagina e um detalhe simples no cultivo tem feito diferen\u00e7a no quintal de muita gente.","breadcrumb":{"@id":"https:\/\/www.em.com.br\/emfoco\/2025\/12\/02\/quanto-tempo-leva-para-uma-laranjeira-dar-frutos-depois-de-plantada-nao-e-um-mes-nem-um-ano\/#breadcrumb"},"inLanguage":"pt-BR","potentialAction":[{"@type":"ReadAction","target":["https:\/\/www.em.com.br\/emfoco\/2025\/12\/02\/quanto-tempo-leva-para-uma-laranjeira-dar-frutos-depois-de-plantada-nao-e-um-mes-nem-um-ano\/"]}]},{"@type":"ImageObject","inLanguage":"pt-BR","@id":"https:\/\/www.em.com.br\/emfoco\/2025\/12\/02\/quanto-tempo-leva-para-uma-laranjeira-dar-frutos-depois-de-plantada-nao-e-um-mes-nem-um-ano\/#primaryimage","url":"https:\/\/www.em.com.br\/emfoco\/wp-content\/uploads\/2025\/12\/Gemini_Generated_Image_cra7gxcra7gxcra7-1.png","contentUrl":"https:\/\/www.em.com.br\/emfoco\/wp-content\/uploads\/2025\/12\/Gemini_Generated_Image_cra7gxcra7gxcra7-1.png","width":1280,"height":720,"caption":"A pr\u00e1tica que virou tend\u00eancia entre quem cultiva laranjeira - Cr\u00e9ditos: depositphotos.com \/ sripfoto"},{"@type":"BreadcrumbList","@id":"https:\/\/www.em.com.br\/emfoco\/2025\/12\/02\/quanto-tempo-leva-para-uma-laranjeira-dar-frutos-depois-de-plantada-nao-e-um-mes-nem-um-ano\/#breadcrumb","itemListElement":[{"@type":"ListItem","position":1,"name":"In\u00edcio","item":"https:\/\/www.em.com.br\/emfoco\/"},{"@type":"ListItem","position":2,"name":"Quanto tempo leva para uma laranjeira dar frutos depois de plantada? N\u00e3o \u00e9 um m\u00eas, nem um ano"}]},{"@type":"WebSite","@id":"https:\/\/www.em.com.br\/emfoco\/#website","url":"https:\/\/www.em.com.br\/emfoco\/","name":"Estado de Minas - Em foco","description":"Acompanhe as \u00faltimas not\u00edcias e fique bem informado sobre tudo o que acontece em Minas Gerais, Brasil e no mundo.","potentialAction":[{"@type":"SearchAction","target":{"@type":"EntryPoint","urlTemplate":"https:\/\/www.em.com.br\/emfoco\/?s={search_term_string}"},"query-input":{"@type":"PropertyValueSpecification","valueRequired":true,"valueName":"search_term_string"}}],"inLanguage":"pt-BR"},{"@type":"Person","@id":"https:\/\/www.em.com.br\/emfoco\/#\/schema\/person\/60eda09c1fedf0d6891f4cef4b60b8b8","name":"Andre\u0301 Rangel\u00a0","image":{"@type":"ImageObject","inLanguage":"pt-BR","@id":"https:\/\/www.em.com.br\/emfoco\/#\/schema\/person\/image\/","url":"https:\/\/secure.gravatar.com\/avatar\/6234dc814c77c8ef6d8bba622c787efc?s=96&d=mm&r=g","contentUrl":"https:\/\/secure.gravatar.com\/avatar\/6234dc814c77c8ef6d8bba622c787efc?s=96&d=mm&r=g","caption":"Andre\u0301 Rangel\u00a0"},"url":"https:\/\/www.em.com.br\/emfoco\/author\/luizmyth\/"}]}},"_links":{"self":[{"href":"https:\/\/www.em.com.br\/emfoco\/wp-json\/wp\/v2\/posts\/133006","targetHints":{"allow":["GET"]}}],"collection":[{"href":"https:\/\/www.em.com.br\/emfoco\/wp-json\/wp\/v2\/posts"}],"about":[{"href":"https:\/\/www.em.com.br\/emfoco\/wp-json\/wp\/v2\/types\/post"}],"author":[{"embeddable":true,"href":"https:\/\/www.em.com.br\/emfoco\/wp-json\/wp\/v2\/users\/11"}],"replies":[{"embeddable":true,"href":"https:\/\/www.em.com.br\/emfoco\/wp-json\/wp\/v2\/comments?post=133006"}],"version-history":[{"count":3,"href":"https:\/\/www.em.com.br\/emfoco\/wp-json\/wp\/v2\/posts\/133006\/revisions"}],"predecessor-version":[{"id":134294,"href":"https:\/\/www.em.com.br\/emfoco\/wp-json\/wp\/v2\/posts\/133006\/revisions\/134294"}],"wp:featuredmedia":[{"embeddable":true,"href":"https:\/\/www.em.com.br\/emfoco\/wp-json\/wp\/v2\/media\/134292"}],"wp:attachment":[{"href":"https:\/\/www.em.com.br\/emfoco\/wp-json\/wp\/v2\/media?parent=133006"}],"wp:term":[{"taxonomy":"category","embeddable":true,"href":"https:\/\/www.em.com.br\/emfoco\/wp-json\/wp\/v2\/categories?post=133006"},{"taxonomy":"post_tag","embeddable":true,"href":"https:\/\/www.em.com.br\/emfoco\/wp-json\/wp\/v2\/tags?post=133006"}],"curies":[{"name":"wp","href":"https:\/\/api.w.org\/{rel}","templated":true}]}}