{"id":132975,"date":"2025-11-28T11:50:00","date_gmt":"2025-11-28T14:50:00","guid":{"rendered":"https:\/\/www.em.com.br\/emfoco\/?p=132975"},"modified":"2025-11-28T11:01:03","modified_gmt":"2025-11-28T14:01:03","slug":"um-aposentado-teve-que-devolver-10-027-a-previdencia-social-por-estar-registrado-como-autonomo","status":"publish","type":"post","link":"https:\/\/www.em.com.br\/emfoco\/2025\/11\/28\/um-aposentado-teve-que-devolver-10-027-a-previdencia-social-por-estar-registrado-como-autonomo\/","title":{"rendered":"Um aposentado teve que devolver 10.027 \u00e0 Previd\u00eancia Social por estar registrado como aut\u00f4nomo"},"content":{"rendered":"\n<p>A <strong>Seguridade Social na Espanha<\/strong> tem um papel vital na garantia de estabilidade financeira para seus aposentados. No entanto, os protocolos podem ser intricados, como demonstrado no recente caso de um pensionista que foi obrigado a restituir parte da pens\u00e3o recebida. Essa situa\u00e7\u00e3o revela as complexas intera\u00e7\u00f5es entre a legisla\u00e7\u00e3o vigente referente \u00e0s pens\u00f5es e o regime de trabalho aut\u00f4nomo.<\/p>\n\n\n\n<p>Um pensionista, identificado neste caso como Belarmino, foi solicitado a devolver <strong>10.027,66 <\/strong>euros ao Instituto Nacional da Seguridade Social (INSS). O Tribunal Superior de Justi\u00e7a de <strong>Madri <\/strong>determinou que esses pagamentos foram recebidos de forma indevida, devido \u00e0 inscri\u00e7\u00e3o de Belarmino no<a href=\"https:\/\/www.seg-social.es\/wps\/portal\/wss\/internet\/Trabajadores\/Afiliacion\/32765\/32774\/32817\" target=\"_blank\" rel=\"noreferrer noopener\"> Regime Especial de Trabalhadores Aut\u00f4nomos (RETA)<\/a>. Este exemplo ilustra que, mesmo que n\u00e3o haja exerc\u00edcio efetivo de atividades laborais, a simples inscri\u00e7\u00e3o pode provocar conflitos com o recebimento de benef\u00edcios integrais.<\/p>\n\n\n\n<h2 class=\"wp-block-heading\">Como a inscri\u00e7\u00e3o no RETA afeta o recebimento integral da pens\u00e3o?<\/h2>\n\n\n\n<p>A legisla\u00e7\u00e3o espanhola aponta um conflito direto entre a percep\u00e7\u00e3o total da aposentadoria e a inscri\u00e7\u00e3o ativa em regimes de trabalho aut\u00f4nomo. Mesmo que n\u00e3o haja evid\u00eancias de trabalho realizado, o fato de estar registrado no RETA implica incompatibilidade com a pens\u00e3o integral. O foco das normas est\u00e1 no status administrativo dos benefici\u00e1rios, em vez de suas atividades reais, garantindo o uso respons\u00e1vel dos fundos de Seguridade Social.<\/p>\n\n\n\n<figure class=\"wp-block-image size-full\"><img loading=\"lazy\" decoding=\"async\" width=\"750\" height=\"296\" src=\"https:\/\/www.em.com.br\/emfoco\/wp-content\/uploads\/2025\/11\/1760540161690articulo-214-de-la-ley-general-de-la-seguridad-social-820-x-750x296-1.webp\" alt=\"\" class=\"wp-image-132991\" srcset=\"https:\/\/www.em.com.br\/emfoco\/wp-content\/uploads\/2025\/11\/1760540161690articulo-214-de-la-ley-general-de-la-seguridad-social-820-x-750x296-1.webp 750w, https:\/\/www.em.com.br\/emfoco\/wp-content\/uploads\/2025\/11\/1760540161690articulo-214-de-la-ley-general-de-la-seguridad-social-820-x-750x296-1-300x118.webp 300w\" sizes=\"auto, (max-width: 750px) 100vw, 750px\" \/><figcaption class=\"wp-element-caption\">Artigo 214 da Lei Geral da Seguran\u00e7a Social | BOE\n<\/figcaption><\/figure>\n\n\n\n<h2 class=\"wp-block-heading\">Impactos de falhas na comunica\u00e7\u00e3o com a Seguridade Social<\/h2>\n\n\n\n<p>A import\u00e2ncia de uma comunica\u00e7\u00e3o eficaz com o sistema de Seguridade Social n\u00e3o pode ser subestimada. Belarmino, ao n\u00e3o atualizar seu endere\u00e7o, enfrentou notifica\u00e7\u00f5es por meio do Boletim Oficial do Estado (BOE), um procedimento aceito pela legisla\u00e7\u00e3o quando as vias diretas falham. Isso ressalta a relev\u00e2ncia de manter atualizados os registros para evitar complica\u00e7\u00f5es como restitui\u00e7\u00f5es inesperadas e potenciais penalidades.<\/p>\n\n\n\n<figure class=\"wp-block-image size-large\"><img loading=\"lazy\" decoding=\"async\" width=\"1024\" height=\"585\" src=\"https:\/\/www.em.com.br\/emfoco\/wp-content\/uploads\/2025\/11\/freepik__candid-i-with-natural-textures-and-highly-realisti__76248-1024x585.jpeg\" alt=\"\" class=\"wp-image-132985\" srcset=\"https:\/\/www.em.com.br\/emfoco\/wp-content\/uploads\/2025\/11\/freepik__candid-i-with-natural-textures-and-highly-realisti__76248-1024x585.jpeg 1024w, https:\/\/www.em.com.br\/emfoco\/wp-content\/uploads\/2025\/11\/freepik__candid-i-with-natural-textures-and-highly-realisti__76248-300x171.jpeg 300w, https:\/\/www.em.com.br\/emfoco\/wp-content\/uploads\/2025\/11\/freepik__candid-i-with-natural-textures-and-highly-realisti__76248-768x439.jpeg 768w, https:\/\/www.em.com.br\/emfoco\/wp-content\/uploads\/2025\/11\/freepik__candid-i-with-natural-textures-and-highly-realisti__76248-1536x878.jpeg 1536w, https:\/\/www.em.com.br\/emfoco\/wp-content\/uploads\/2025\/11\/freepik__candid-i-with-natural-textures-and-highly-realisti__76248-2048x1170.jpeg 2048w, https:\/\/www.em.com.br\/emfoco\/wp-content\/uploads\/2025\/11\/freepik__candid-i-with-natural-textures-and-highly-realisti__76248-750x429.jpeg 750w, https:\/\/www.em.com.br\/emfoco\/wp-content\/uploads\/2025\/11\/freepik__candid-i-with-natural-textures-and-highly-realisti__76248-1140x651.jpeg 1140w\" sizes=\"auto, (max-width: 1024px) 100vw, 1024px\" \/><figcaption class=\"wp-element-caption\">Aposentado precisa devolver quase 10 mil por trabalhar como aut\u00f4nomo (Imagem ilustrativa)<\/figcaption><\/figure>\n\n\n\n<h2 class=\"wp-block-heading\">Quais medidas poderiam ter evitado o problema?<\/h2>\n\n\n\n<p>Para ter evitado esse desencontro, Belarmino poderia ter solicitado sua sa\u00edda do RETA, assegurando o recebimento cont\u00ednuo de sua pens\u00e3o completa. Outra op\u00e7\u00e3o seria a formaliza\u00e7\u00e3o da aposentadoria ativa, permitindo a combina\u00e7\u00e3o de trabalho e pens\u00e3o em 50%. Al\u00e9m disso, a consulta peri\u00f3dica a profissionais ou servi\u00e7os jur\u00eddicos especializados poderia ter auxiliado na compreens\u00e3o e cumprimento das exig\u00eancias legais.<\/p>\n\n\n\n<h2 class=\"wp-block-heading\">Decis\u00e3o judicial e a atua\u00e7\u00e3o do Tribunal Superior de Justi\u00e7a de Madri<\/h2>\n\n\n\n<p>A decis\u00e3o do Tribunal Superior de Justi\u00e7a de Madri confirmou que as a\u00e7\u00f5es do INSS estavam de acordo com as leis vigentes, baseando-se na incompatibilidade entre o registro no RETA e a percep\u00e7\u00e3o integral da aposentadoria. A corte assegurou que, apesar das notifica\u00e7\u00f5es indiretas, o direito de resposta do pensionista foi assegurado. Este caso sublinha a import\u00e2ncia de compreender as regulamenta\u00e7\u00f5es da Seguridade Social e as suas implica\u00e7\u00f5es para proteger os direitos e benef\u00edcios dos aposentados.<\/p>\n\n\n\n<p>Esse evento destaca a complexidade e import\u00e2ncia de seguir as regulamenta\u00e7\u00f5es da Seguridade Social na Espanha. Compreens\u00e3o e conformidade cuidadosa s\u00e3o essenciais para evitar desafios legais e financeiros para os pensionistas.<\/p>\n","protected":false},"excerpt":{"rendered":"<p>A Seguridade Social na Espanha tem um papel vital na garantia de estabilidade financeira para seus aposentados. No entanto, os protocolos podem ser intricados, como demonstrado no recente caso de um pensionista que foi obrigado a restituir parte da pens\u00e3o recebida. Essa situa\u00e7\u00e3o revela as complexas intera\u00e7\u00f5es entre a legisla\u00e7\u00e3o vigente referente \u00e0s pens\u00f5es e [&hellip;]<\/p>\n","protected":false},"author":19,"featured_media":132987,"comment_status":"open","ping_status":"open","sticky":false,"template":"","format":"standard","meta":{"jnews-multi-image_gallery":[],"jnews_single_post":{"format":"standard"},"jnews_primary_category":[],"jnews_social_meta":[],"jnews_override_counter":[],"footnotes":""},"categories":[28],"tags":[611,19433,174,1010],"class_list":["post-132975","post","type-post","status-publish","format-standard","has-post-thumbnail","hentry","category-economia","tag-aposentado","tag-devolucao-dinheiro","tag-inss","tag-previdencia"],"yoast_head":"<!-- This site is optimized with the Yoast SEO plugin v23.8 - https:\/\/yoast.com\/wordpress\/plugins\/seo\/ -->\n<title>Um aposentado teve que devolver 10.027 \u00e0 Previd\u00eancia Social por estar registrado como aut\u00f4nomo - Estado de Minas - Em foco<\/title>\n<meta name=\"description\" content=\"Trabalhar como aut\u00f4nomo e receber aposentadoria pode gerar cobran\u00e7a. Veja o caso de um aposentado que teve que devolver quase R$ 10 mil.\" \/>\n<meta name=\"robots\" content=\"index, follow, max-snippet:-1, max-image-preview:large, max-video-preview:-1\" \/>\n<link rel=\"canonical\" href=\"https:\/\/www.em.com.br\/emfoco\/2025\/11\/28\/um-aposentado-teve-que-devolver-10-027-a-previdencia-social-por-estar-registrado-como-autonomo\/\" \/>\n<meta property=\"og:locale\" content=\"pt_BR\" \/>\n<meta property=\"og:type\" content=\"article\" \/>\n<meta property=\"og:title\" content=\"Um aposentado teve que devolver 10.027 \u00e0 Previd\u00eancia Social por estar registrado como aut\u00f4nomo - Estado de Minas - Em foco\" \/>\n<meta property=\"og:description\" content=\"Trabalhar como aut\u00f4nomo e receber aposentadoria pode gerar cobran\u00e7a. Veja o caso de um aposentado que teve que devolver quase R$ 10 mil.\" \/>\n<meta property=\"og:url\" content=\"https:\/\/www.em.com.br\/emfoco\/2025\/11\/28\/um-aposentado-teve-que-devolver-10-027-a-previdencia-social-por-estar-registrado-como-autonomo\/\" \/>\n<meta property=\"og:site_name\" content=\"Estado de Minas - Em foco\" \/>\n<meta property=\"article:published_time\" content=\"2025-11-28T14:50:00+00:00\" \/>\n<meta property=\"article:modified_time\" content=\"2025-11-28T14:01:03+00:00\" \/>\n<meta property=\"og:image\" content=\"https:\/\/www.em.com.br\/emfoco\/wp-content\/uploads\/2025\/11\/freepik__the-style-is-candid-image-photography-with-natural__76250-scaled.jpeg\" \/>\n\t<meta property=\"og:image:width\" content=\"2560\" \/>\n\t<meta property=\"og:image:height\" content=\"1463\" \/>\n\t<meta property=\"og:image:type\" content=\"image\/jpeg\" \/>\n<meta name=\"author\" content=\"Vanessa Tavares\" \/>\n<meta name=\"twitter:card\" content=\"summary_large_image\" \/>\n<meta name=\"twitter:label1\" content=\"Escrito por\" \/>\n\t<meta name=\"twitter:data1\" content=\"Vanessa Tavares\" \/>\n\t<meta name=\"twitter:label2\" content=\"Est. tempo de leitura\" \/>\n\t<meta name=\"twitter:data2\" content=\"4 minutos\" \/>\n<!-- \/ Yoast SEO plugin. -->","yoast_head_json":{"title":"Um aposentado teve que devolver 10.027 \u00e0 Previd\u00eancia Social por estar registrado como aut\u00f4nomo - Estado de Minas - Em foco","description":"Trabalhar como aut\u00f4nomo e receber aposentadoria pode gerar cobran\u00e7a. Veja o caso de um aposentado que teve que devolver quase R$ 10 mil.","robots":{"index":"index","follow":"follow","max-snippet":"max-snippet:-1","max-image-preview":"max-image-preview:large","max-video-preview":"max-video-preview:-1"},"canonical":"https:\/\/www.em.com.br\/emfoco\/2025\/11\/28\/um-aposentado-teve-que-devolver-10-027-a-previdencia-social-por-estar-registrado-como-autonomo\/","og_locale":"pt_BR","og_type":"article","og_title":"Um aposentado teve que devolver 10.027 \u00e0 Previd\u00eancia Social por estar registrado como aut\u00f4nomo - Estado de Minas - Em foco","og_description":"Trabalhar como aut\u00f4nomo e receber aposentadoria pode gerar cobran\u00e7a. Veja o caso de um aposentado que teve que devolver quase R$ 10 mil.","og_url":"https:\/\/www.em.com.br\/emfoco\/2025\/11\/28\/um-aposentado-teve-que-devolver-10-027-a-previdencia-social-por-estar-registrado-como-autonomo\/","og_site_name":"Estado de Minas - Em foco","article_published_time":"2025-11-28T14:50:00+00:00","article_modified_time":"2025-11-28T14:01:03+00:00","og_image":[{"width":2560,"height":1463,"url":"https:\/\/www.em.com.br\/emfoco\/wp-content\/uploads\/2025\/11\/freepik__the-style-is-candid-image-photography-with-natural__76250-scaled.jpeg","type":"image\/jpeg"}],"author":"Vanessa Tavares","twitter_card":"summary_large_image","twitter_misc":{"Escrito por":"Vanessa Tavares","Est. tempo de leitura":"4 minutos"},"schema":{"@context":"https:\/\/schema.org","@graph":[{"@type":"WebPage","@id":"https:\/\/www.em.com.br\/emfoco\/2025\/11\/28\/um-aposentado-teve-que-devolver-10-027-a-previdencia-social-por-estar-registrado-como-autonomo\/","url":"https:\/\/www.em.com.br\/emfoco\/2025\/11\/28\/um-aposentado-teve-que-devolver-10-027-a-previdencia-social-por-estar-registrado-como-autonomo\/","name":"Um aposentado teve que devolver 10.027 \u00e0 Previd\u00eancia Social por estar registrado como aut\u00f4nomo - Estado de Minas - Em foco","isPartOf":{"@id":"https:\/\/www.em.com.br\/emfoco\/#website"},"primaryImageOfPage":{"@id":"https:\/\/www.em.com.br\/emfoco\/2025\/11\/28\/um-aposentado-teve-que-devolver-10-027-a-previdencia-social-por-estar-registrado-como-autonomo\/#primaryimage"},"image":{"@id":"https:\/\/www.em.com.br\/emfoco\/2025\/11\/28\/um-aposentado-teve-que-devolver-10-027-a-previdencia-social-por-estar-registrado-como-autonomo\/#primaryimage"},"thumbnailUrl":"https:\/\/www.em.com.br\/emfoco\/wp-content\/uploads\/2025\/11\/freepik__the-style-is-candid-image-photography-with-natural__76250-scaled.jpeg","datePublished":"2025-11-28T14:50:00+00:00","dateModified":"2025-11-28T14:01:03+00:00","author":{"@id":"https:\/\/www.em.com.br\/emfoco\/#\/schema\/person\/4a7a157aac450b98edc86f15a7434f0b"},"description":"Trabalhar como aut\u00f4nomo e receber aposentadoria pode gerar cobran\u00e7a. Veja o caso de um aposentado que teve que devolver quase R$ 10 mil.","breadcrumb":{"@id":"https:\/\/www.em.com.br\/emfoco\/2025\/11\/28\/um-aposentado-teve-que-devolver-10-027-a-previdencia-social-por-estar-registrado-como-autonomo\/#breadcrumb"},"inLanguage":"pt-BR","potentialAction":[{"@type":"ReadAction","target":["https:\/\/www.em.com.br\/emfoco\/2025\/11\/28\/um-aposentado-teve-que-devolver-10-027-a-previdencia-social-por-estar-registrado-como-autonomo\/"]}]},{"@type":"ImageObject","inLanguage":"pt-BR","@id":"https:\/\/www.em.com.br\/emfoco\/2025\/11\/28\/um-aposentado-teve-que-devolver-10-027-a-previdencia-social-por-estar-registrado-como-autonomo\/#primaryimage","url":"https:\/\/www.em.com.br\/emfoco\/wp-content\/uploads\/2025\/11\/freepik__the-style-is-candid-image-photography-with-natural__76250-scaled.jpeg","contentUrl":"https:\/\/www.em.com.br\/emfoco\/wp-content\/uploads\/2025\/11\/freepik__the-style-is-candid-image-photography-with-natural__76250-scaled.jpeg","width":2560,"height":1463,"caption":"Recebia aposentadoria e trabalhava por fora? Isso pode virar dor de cabe\u00e7a (Imagem ilustrativa)"},{"@type":"BreadcrumbList","@id":"https:\/\/www.em.com.br\/emfoco\/2025\/11\/28\/um-aposentado-teve-que-devolver-10-027-a-previdencia-social-por-estar-registrado-como-autonomo\/#breadcrumb","itemListElement":[{"@type":"ListItem","position":1,"name":"In\u00edcio","item":"https:\/\/www.em.com.br\/emfoco\/"},{"@type":"ListItem","position":2,"name":"Um aposentado teve que devolver 10.027 \u00e0 Previd\u00eancia Social por estar registrado como aut\u00f4nomo"}]},{"@type":"WebSite","@id":"https:\/\/www.em.com.br\/emfoco\/#website","url":"https:\/\/www.em.com.br\/emfoco\/","name":"Estado de Minas - Em foco","description":"Acompanhe as \u00faltimas not\u00edcias e fique bem informado sobre tudo o que acontece em Minas Gerais, Brasil e no mundo.","potentialAction":[{"@type":"SearchAction","target":{"@type":"EntryPoint","urlTemplate":"https:\/\/www.em.com.br\/emfoco\/?s={search_term_string}"},"query-input":{"@type":"PropertyValueSpecification","valueRequired":true,"valueName":"search_term_string"}}],"inLanguage":"pt-BR"},{"@type":"Person","@id":"https:\/\/www.em.com.br\/emfoco\/#\/schema\/person\/4a7a157aac450b98edc86f15a7434f0b","name":"Vanessa Tavares","image":{"@type":"ImageObject","inLanguage":"pt-BR","@id":"https:\/\/www.em.com.br\/emfoco\/#\/schema\/person\/image\/","url":"https:\/\/secure.gravatar.com\/avatar\/088c9372da58da00f00f8e508f13d635?s=96&d=mm&r=g","contentUrl":"https:\/\/secure.gravatar.com\/avatar\/088c9372da58da00f00f8e508f13d635?s=96&d=mm&r=g","caption":"Vanessa Tavares"},"sameAs":["https:\/\/www.em.com.br\/emfoco"],"url":"https:\/\/www.em.com.br\/emfoco\/author\/vanessamyth\/"}]}},"_links":{"self":[{"href":"https:\/\/www.em.com.br\/emfoco\/wp-json\/wp\/v2\/posts\/132975","targetHints":{"allow":["GET"]}}],"collection":[{"href":"https:\/\/www.em.com.br\/emfoco\/wp-json\/wp\/v2\/posts"}],"about":[{"href":"https:\/\/www.em.com.br\/emfoco\/wp-json\/wp\/v2\/types\/post"}],"author":[{"embeddable":true,"href":"https:\/\/www.em.com.br\/emfoco\/wp-json\/wp\/v2\/users\/19"}],"replies":[{"embeddable":true,"href":"https:\/\/www.em.com.br\/emfoco\/wp-json\/wp\/v2\/comments?post=132975"}],"version-history":[{"count":4,"href":"https:\/\/www.em.com.br\/emfoco\/wp-json\/wp\/v2\/posts\/132975\/revisions"}],"predecessor-version":[{"id":133005,"href":"https:\/\/www.em.com.br\/emfoco\/wp-json\/wp\/v2\/posts\/132975\/revisions\/133005"}],"wp:featuredmedia":[{"embeddable":true,"href":"https:\/\/www.em.com.br\/emfoco\/wp-json\/wp\/v2\/media\/132987"}],"wp:attachment":[{"href":"https:\/\/www.em.com.br\/emfoco\/wp-json\/wp\/v2\/media?parent=132975"}],"wp:term":[{"taxonomy":"category","embeddable":true,"href":"https:\/\/www.em.com.br\/emfoco\/wp-json\/wp\/v2\/categories?post=132975"},{"taxonomy":"post_tag","embeddable":true,"href":"https:\/\/www.em.com.br\/emfoco\/wp-json\/wp\/v2\/tags?post=132975"}],"curies":[{"name":"wp","href":"https:\/\/api.w.org\/{rel}","templated":true}]}}