{"id":13293,"date":"2025-01-24T09:20:14","date_gmt":"2025-01-24T12:20:14","guid":{"rendered":"https:\/\/www.em.com.br\/emfoco\/?p=13293"},"modified":"2025-01-24T00:39:24","modified_gmt":"2025-01-24T03:39:24","slug":"tem-direito-a-um-dinheiro-extra-em-2025","status":"publish","type":"post","link":"https:\/\/www.em.com.br\/emfoco\/2025\/01\/24\/tem-direito-a-um-dinheiro-extra-em-2025\/","title":{"rendered":"Tem direito a um dinheiro extra em 2025?"},"content":{"rendered":"\n<p>O Programa de Integra\u00e7\u00e3o Social (<a href=\"https:\/\/www.gov.br\/tesouronacional\/pt-br\/ativos-da-uniao\/fundos-governamentais\/pis-pasep\" target=\"_blank\" rel=\"noreferrer noopener\">PIS<\/a>) e o Programa de Forma\u00e7\u00e3o do Patrim\u00f4nio do Servidor P\u00fablico (<a href=\"https:\/\/www.em.com.br\/emfoco\/2025\/01\/23\/novidades-do-pis-pasep-2025-o-que-esperar\/\" target=\"_blank\" rel=\"noreferrer noopener\">PASEP<\/a>) s\u00e3o importantes benef\u00edcios destinados aos trabalhadores brasileiros. Para o ano de <strong>2025<\/strong>, ocorrer\u00e3o novidades no pagamento desses abonos, com o objetivo de ampliar o alcance e contribuir para a inclus\u00e3o social e econ\u00f4mica de milh\u00f5es de cidad\u00e3os.<\/p>\n\n\n\n<p>Entre as mudan\u00e7as mais relevantes, a antecipa\u00e7\u00e3o dos pagamentos aparece como um destaque, oferecendo a possibilidade de acesso mais cedo aos recursos pelos trabalhadores. Associado a isso, o Caixa Tem se torna uma ferramenta estrat\u00e9gica para facilitar o recebimento do benef\u00edcio, permitindo maior comodidade e agilidade no processo.<\/p>\n\n\n\n<h2 class=\"wp-block-heading\">Por que houve mudan\u00e7as nas regras do PIS\/PASEP 2025?<\/h2>\n\n\n\n<p>As altera\u00e7\u00f5es nas regras do PIS\/PASEP 2025 buscam responder a novas realidades econ\u00f4micas e sociais que impactam os trabalhadores. Em um cen\u00e1rio de desafios financeiros, a antecipa\u00e7\u00e3o dos pagamentos visa estimular o consumo e aquecer a economia nacional. Essa decis\u00e3o ainda est\u00e1 em an\u00e1lise pelo governo e depende de estudos quanto \u00e0 viabilidade financeira.<\/p>\n\n\n<div class=\"wp-block-image\">\n<figure class=\"aligncenter size-large\"><img loading=\"lazy\" decoding=\"async\" width=\"1024\" height=\"576\" src=\"https:\/\/www.em.com.br\/emfoco\/wp-content\/uploads\/2024\/12\/Brazil-Money_1735506339454-1024x576.jpg\" alt=\"\" class=\"wp-image-7526\" srcset=\"https:\/\/www.em.com.br\/emfoco\/wp-content\/uploads\/2024\/12\/Brazil-Money_1735506339454-1024x576.jpg 1024w, https:\/\/www.em.com.br\/emfoco\/wp-content\/uploads\/2024\/12\/Brazil-Money_1735506339454-300x169.jpg 300w, https:\/\/www.em.com.br\/emfoco\/wp-content\/uploads\/2024\/12\/Brazil-Money_1735506339454-768x432.jpg 768w, https:\/\/www.em.com.br\/emfoco\/wp-content\/uploads\/2024\/12\/Brazil-Money_1735506339454-750x422.jpg 750w, https:\/\/www.em.com.br\/emfoco\/wp-content\/uploads\/2024\/12\/Brazil-Money_1735506339454-1140x641.jpg 1140w, https:\/\/www.em.com.br\/emfoco\/wp-content\/uploads\/2024\/12\/Brazil-Money_1735506339454.jpg 1280w\" sizes=\"auto, (max-width: 1024px) 100vw, 1024px\" \/><figcaption class=\"wp-element-caption\">Dinheiro &#8211; Cr\u00e9ditos: depositphotos.com \/ rmcarvalhobsb<\/figcaption><\/figure><\/div>\n\n\n<p>Outra modifica\u00e7\u00e3o significativa \u00e9 a nova f\u00f3rmula de reajuste do <em>sal\u00e1rio m\u00ednimo<\/em>, que promete ganhos reais, mas limitados acima da infla\u00e7\u00e3o. Isso garante que o valor m\u00e1ximo do abono salarial seja reajustado pela infla\u00e7\u00e3o, a partir de 2026, ajustando o planejamento financeiro dos benefici\u00e1rios.<\/p>\n\n\n\n<h2 class=\"wp-block-heading\">Quem tem direito ao PIS\/PASEP 2025?<\/h2>\n\n\n\n<p>O abono salarial PIS\/PASEP \u00e9 destinado a trabalhadores formais e servidores p\u00fablicos que se enquadram em crit\u00e9rios espec\u00edficos. Para ter acesso ao benef\u00edcio em 2025, \u00e9 necess\u00e1rio atender aos seguintes requisitos:<\/p>\n\n\n\n<ul class=\"wp-block-list\">\n<li>Estar cadastrado no PIS\/PASEP h\u00e1 pelo menos cinco anos.<\/li>\n\n\n\n<li>Ter trabalhado com carteira assinada por, pelo menos, 30 dias durante o ano de 2023.<\/li>\n\n\n\n<li>Receber em m\u00e9dia at\u00e9 dois <strong>sal\u00e1rios m\u00ednimos<\/strong> mensais.<\/li>\n\n\n\n<li>O empregador deve ter informado corretamente os dados na Rela\u00e7\u00e3o Anual de Informa\u00e7\u00f5es Sociais (RAIS) do ano-base.<\/li>\n<\/ul>\n\n\n\n<p>\u00c9 importante que os trabalhadores fiquem atentos a todos os requisitos legais para garantir o recebimento do abono. Cumprir todos os crit\u00e9rios \u00e9 essencial para evitar surpresas e complica\u00e7\u00f5es na hora de acessar o benef\u00edcio.<\/p>\n\n\n\n<h2 class=\"wp-block-heading\">Qual ser\u00e1 o valor do PIS\/PASEP 2025?<\/h2>\n\n\n\n<p>O valor do abono salarial PIS\/PASEP em 2025 ser\u00e1 ajustado conforme o sal\u00e1rio m\u00ednimo previsto, que pode atingir R$ 1.502,00. O benef\u00edcio ser\u00e1 distribu\u00eddo proporcionalmente ao tempo de trabalho do benefici\u00e1rio em 2023, assegurando uma renda complementar significativa.<\/p>\n\n\n\n<p>Os pagamentos ser\u00e3o organizados em cinco lotes, come\u00e7ando em fevereiro e se estendendo at\u00e9 agosto. A Caixa Econ\u00f4mica Federal e do Banco do Brasil ficar\u00e3o respons\u00e1veis por divulgar o calend\u00e1rio detalhado. A previs\u00e3o or\u00e7ament\u00e1ria para custear o benef\u00edcio \u00e9 de R$ 30,6 bilh\u00f5es, mas ainda depende de aprova\u00e7\u00e3o final pelos \u00f3rg\u00e3os governamentais competentes.<\/p>\n\n\n\n<h2 class=\"wp-block-heading\">Como consultar o pagamento do PIS\/PASEP 2025?<\/h2>\n\n\n\n<p>Para que os trabalhadores tenham acesso \u00e0s informa\u00e7\u00f5es detalhadas sobre o abono salarial PIS\/PASEP, existem quatro principais canais de consulta, todos acess\u00edveis de maneira pr\u00e1tica:<\/p>\n\n\n\n<ol class=\"wp-block-list\">\n<li>Minist\u00e9rio do Trabalho e Previd\u00eancia.<\/li>\n\n\n\n<li>Aplicativo Carteira de Trabalho Digital.<\/li>\n\n\n\n<li>Site Gov.br.<\/li>\n\n\n\n<li>Central de atendimento telef\u00f4nico pelo n\u00famero 158.<\/li>\n<\/ol>\n\n\n\n<p>Para acessar os servi\u00e7os online, \u00e9 necess\u00e1rio um login junto ao site do Governo Federal. No caso de consultas telef\u00f4nicas, basta seguir as instru\u00e7\u00f5es da atendente virtual. A antecipa\u00e7\u00e3o dos pagamentos ainda est\u00e1 em discuss\u00e3o, e os benefici\u00e1rios devem acompanhar atentamente as decis\u00f5es finais.<\/p>\n","protected":false},"excerpt":{"rendered":"<p>O Programa de Integra\u00e7\u00e3o Social (PIS) e o Programa de Forma\u00e7\u00e3o do Patrim\u00f4nio do Servidor P\u00fablico (PASEP) s\u00e3o importantes benef\u00edcios destinados aos trabalhadores brasileiros. Para o ano de 2025, ocorrer\u00e3o novidades no pagamento desses abonos, com o objetivo de ampliar o alcance e contribuir para a inclus\u00e3o social e econ\u00f4mica de milh\u00f5es de cidad\u00e3os. Entre [&hellip;]<\/p>\n","protected":false},"author":7,"featured_media":4095,"comment_status":"open","ping_status":"open","sticky":false,"template":"","format":"standard","meta":{"jnews-multi-image_gallery":[],"jnews_single_post":{"format":"standard"},"jnews_primary_category":[],"jnews_social_meta":[],"jnews_override_counter":[],"footnotes":""},"categories":[28],"tags":[782,292,259,290,293,264],"class_list":["post-13293","post","type-post","status-publish","format-standard","has-post-thumbnail","hentry","category-economia","tag-782","tag-abono-salarial","tag-beneficio","tag-pasep","tag-pis","tag-trabalhadores"],"yoast_head":"<!-- This site is optimized with the Yoast SEO plugin v23.8 - https:\/\/yoast.com\/wordpress\/plugins\/seo\/ -->\n<title>Tem direito a um dinheiro extra em 2025? - Estado de Minas - Em foco<\/title>\n<meta name=\"description\" content=\"Veja as novidades para o pagamento do PIS\/PASEP 2025, destinado a trabalhadores brasileiros.\" \/>\n<meta name=\"robots\" content=\"index, follow, max-snippet:-1, max-image-preview:large, max-video-preview:-1\" \/>\n<link rel=\"canonical\" href=\"https:\/\/www.em.com.br\/emfoco\/2025\/01\/24\/tem-direito-a-um-dinheiro-extra-em-2025\/\" \/>\n<meta property=\"og:locale\" content=\"pt_BR\" \/>\n<meta property=\"og:type\" content=\"article\" \/>\n<meta property=\"og:title\" content=\"Tem direito a um dinheiro extra em 2025? - Estado de Minas - Em foco\" \/>\n<meta property=\"og:description\" content=\"Veja as novidades para o pagamento do PIS\/PASEP 2025, destinado a trabalhadores brasileiros.\" \/>\n<meta property=\"og:url\" content=\"https:\/\/www.em.com.br\/emfoco\/2025\/01\/24\/tem-direito-a-um-dinheiro-extra-em-2025\/\" \/>\n<meta property=\"og:site_name\" content=\"Estado de Minas - Em foco\" \/>\n<meta property=\"article:published_time\" content=\"2025-01-24T12:20:14+00:00\" \/>\n<meta property=\"article:modified_time\" content=\"2025-01-24T03:39:24+00:00\" \/>\n<meta property=\"og:image\" content=\"https:\/\/www.em.com.br\/emfoco\/wp-content\/uploads\/2024\/12\/Idoso-Brasileiro_1733800902102.jpg\" \/>\n\t<meta property=\"og:image:width\" content=\"1280\" \/>\n\t<meta property=\"og:image:height\" content=\"720\" \/>\n\t<meta property=\"og:image:type\" content=\"image\/jpeg\" \/>\n<meta name=\"author\" content=\"Kelvin\" \/>\n<meta name=\"twitter:card\" content=\"summary_large_image\" \/>\n<meta name=\"twitter:label1\" content=\"Escrito por\" \/>\n\t<meta name=\"twitter:data1\" content=\"Kelvin\" \/>\n\t<meta name=\"twitter:label2\" content=\"Est. tempo de leitura\" \/>\n\t<meta name=\"twitter:data2\" content=\"4 minutos\" \/>\n<!-- \/ Yoast SEO plugin. -->","yoast_head_json":{"title":"Tem direito a um dinheiro extra em 2025? - Estado de Minas - Em foco","description":"Veja as novidades para o pagamento do PIS\/PASEP 2025, destinado a trabalhadores brasileiros.","robots":{"index":"index","follow":"follow","max-snippet":"max-snippet:-1","max-image-preview":"max-image-preview:large","max-video-preview":"max-video-preview:-1"},"canonical":"https:\/\/www.em.com.br\/emfoco\/2025\/01\/24\/tem-direito-a-um-dinheiro-extra-em-2025\/","og_locale":"pt_BR","og_type":"article","og_title":"Tem direito a um dinheiro extra em 2025? - Estado de Minas - Em foco","og_description":"Veja as novidades para o pagamento do PIS\/PASEP 2025, destinado a trabalhadores brasileiros.","og_url":"https:\/\/www.em.com.br\/emfoco\/2025\/01\/24\/tem-direito-a-um-dinheiro-extra-em-2025\/","og_site_name":"Estado de Minas - Em foco","article_published_time":"2025-01-24T12:20:14+00:00","article_modified_time":"2025-01-24T03:39:24+00:00","og_image":[{"width":1280,"height":720,"url":"https:\/\/www.em.com.br\/emfoco\/wp-content\/uploads\/2024\/12\/Idoso-Brasileiro_1733800902102.jpg","type":"image\/jpeg"}],"author":"Kelvin","twitter_card":"summary_large_image","twitter_misc":{"Escrito por":"Kelvin","Est. tempo de leitura":"4 minutos"},"schema":{"@context":"https:\/\/schema.org","@graph":[{"@type":"WebPage","@id":"https:\/\/www.em.com.br\/emfoco\/2025\/01\/24\/tem-direito-a-um-dinheiro-extra-em-2025\/","url":"https:\/\/www.em.com.br\/emfoco\/2025\/01\/24\/tem-direito-a-um-dinheiro-extra-em-2025\/","name":"Tem direito a um dinheiro extra em 2025? - Estado de Minas - Em foco","isPartOf":{"@id":"https:\/\/www.em.com.br\/emfoco\/#website"},"primaryImageOfPage":{"@id":"https:\/\/www.em.com.br\/emfoco\/2025\/01\/24\/tem-direito-a-um-dinheiro-extra-em-2025\/#primaryimage"},"image":{"@id":"https:\/\/www.em.com.br\/emfoco\/2025\/01\/24\/tem-direito-a-um-dinheiro-extra-em-2025\/#primaryimage"},"thumbnailUrl":"https:\/\/www.em.com.br\/emfoco\/wp-content\/uploads\/2024\/12\/Idoso-Brasileiro_1733800902102.jpg","datePublished":"2025-01-24T12:20:14+00:00","dateModified":"2025-01-24T03:39:24+00:00","author":{"@id":"https:\/\/www.em.com.br\/emfoco\/#\/schema\/person\/fb0a7f48c6fbb94b83f413a80f61917d"},"description":"Veja as novidades para o pagamento do PIS\/PASEP 2025, destinado a trabalhadores brasileiros.","breadcrumb":{"@id":"https:\/\/www.em.com.br\/emfoco\/2025\/01\/24\/tem-direito-a-um-dinheiro-extra-em-2025\/#breadcrumb"},"inLanguage":"pt-BR","potentialAction":[{"@type":"ReadAction","target":["https:\/\/www.em.com.br\/emfoco\/2025\/01\/24\/tem-direito-a-um-dinheiro-extra-em-2025\/"]}]},{"@type":"ImageObject","inLanguage":"pt-BR","@id":"https:\/\/www.em.com.br\/emfoco\/2025\/01\/24\/tem-direito-a-um-dinheiro-extra-em-2025\/#primaryimage","url":"https:\/\/www.em.com.br\/emfoco\/wp-content\/uploads\/2024\/12\/Idoso-Brasileiro_1733800902102.jpg","contentUrl":"https:\/\/www.em.com.br\/emfoco\/wp-content\/uploads\/2024\/12\/Idoso-Brasileiro_1733800902102.jpg","width":1280,"height":720,"caption":"BPC - Cr\u00e9ditos: depositphotos.com \/ verganifotografia"},{"@type":"BreadcrumbList","@id":"https:\/\/www.em.com.br\/emfoco\/2025\/01\/24\/tem-direito-a-um-dinheiro-extra-em-2025\/#breadcrumb","itemListElement":[{"@type":"ListItem","position":1,"name":"In\u00edcio","item":"https:\/\/www.em.com.br\/emfoco\/"},{"@type":"ListItem","position":2,"name":"Tem direito a um dinheiro extra em 2025?"}]},{"@type":"WebSite","@id":"https:\/\/www.em.com.br\/emfoco\/#website","url":"https:\/\/www.em.com.br\/emfoco\/","name":"Estado de Minas - Em foco","description":"Acompanhe as \u00faltimas not\u00edcias e fique bem informado sobre tudo o que acontece em Minas Gerais, Brasil e no mundo.","potentialAction":[{"@type":"SearchAction","target":{"@type":"EntryPoint","urlTemplate":"https:\/\/www.em.com.br\/emfoco\/?s={search_term_string}"},"query-input":{"@type":"PropertyValueSpecification","valueRequired":true,"valueName":"search_term_string"}}],"inLanguage":"pt-BR"},{"@type":"Person","@id":"https:\/\/www.em.com.br\/emfoco\/#\/schema\/person\/fb0a7f48c6fbb94b83f413a80f61917d","name":"Kelvin","image":{"@type":"ImageObject","inLanguage":"pt-BR","@id":"https:\/\/www.em.com.br\/emfoco\/#\/schema\/person\/image\/","url":"https:\/\/secure.gravatar.com\/avatar\/e74f84337e6bf6c4c5e88fbdffa05270?s=96&d=mm&r=g","contentUrl":"https:\/\/secure.gravatar.com\/avatar\/e74f84337e6bf6c4c5e88fbdffa05270?s=96&d=mm&r=g","caption":"Kelvin"},"sameAs":["https:\/\/www.em.com.br\/emfoco"],"url":"https:\/\/www.em.com.br\/emfoco\/author\/kelvinmyth\/"}]}},"_links":{"self":[{"href":"https:\/\/www.em.com.br\/emfoco\/wp-json\/wp\/v2\/posts\/13293","targetHints":{"allow":["GET"]}}],"collection":[{"href":"https:\/\/www.em.com.br\/emfoco\/wp-json\/wp\/v2\/posts"}],"about":[{"href":"https:\/\/www.em.com.br\/emfoco\/wp-json\/wp\/v2\/types\/post"}],"author":[{"embeddable":true,"href":"https:\/\/www.em.com.br\/emfoco\/wp-json\/wp\/v2\/users\/7"}],"replies":[{"embeddable":true,"href":"https:\/\/www.em.com.br\/emfoco\/wp-json\/wp\/v2\/comments?post=13293"}],"version-history":[{"count":2,"href":"https:\/\/www.em.com.br\/emfoco\/wp-json\/wp\/v2\/posts\/13293\/revisions"}],"predecessor-version":[{"id":13295,"href":"https:\/\/www.em.com.br\/emfoco\/wp-json\/wp\/v2\/posts\/13293\/revisions\/13295"}],"wp:featuredmedia":[{"embeddable":true,"href":"https:\/\/www.em.com.br\/emfoco\/wp-json\/wp\/v2\/media\/4095"}],"wp:attachment":[{"href":"https:\/\/www.em.com.br\/emfoco\/wp-json\/wp\/v2\/media?parent=13293"}],"wp:term":[{"taxonomy":"category","embeddable":true,"href":"https:\/\/www.em.com.br\/emfoco\/wp-json\/wp\/v2\/categories?post=13293"},{"taxonomy":"post_tag","embeddable":true,"href":"https:\/\/www.em.com.br\/emfoco\/wp-json\/wp\/v2\/tags?post=13293"}],"curies":[{"name":"wp","href":"https:\/\/api.w.org\/{rel}","templated":true}]}}