{"id":132916,"date":"2025-12-01T12:35:00","date_gmt":"2025-12-01T15:35:00","guid":{"rendered":"https:\/\/www.em.com.br\/emfoco\/?p=132916"},"modified":"2025-11-27T23:09:02","modified_gmt":"2025-11-28T02:09:02","slug":"por-que-algumas-cozinhas-ficam-com-mau-cheiro-mesmo-limpas","status":"publish","type":"post","link":"https:\/\/www.em.com.br\/emfoco\/2025\/12\/01\/por-que-algumas-cozinhas-ficam-com-mau-cheiro-mesmo-limpas\/","title":{"rendered":"Por que algumas cozinhas ficam com mau cheiro mesmo limpas?"},"content":{"rendered":"\n<p>Muitas pessoas percebem que a <strong>cozinha<\/strong> continua com cheiro desagrad\u00e1vel mesmo ap\u00f3s uma boa limpeza, criando a sensa\u00e7\u00e3o de que algo invis\u00edvel est\u00e1 causando o problema. Esse odor persistente geralmente tem origem em pontos pouco intuitivos que acumulam res\u00edduos.<\/p>\n\n\n\n<h2 class=\"wp-block-heading\">O que realmente causa o mau cheiro que insiste em aparecer?<\/h2>\n\n\n\n<p>O principal motivo \u00e9 o ac\u00famulo de <strong>gordura microsc\u00f3pica<\/strong> que se deposita no piso, azulejos, frestas de arm\u00e1rios e laterais do fog\u00e3o. Mesmo impercept\u00edvel, essa pel\u00edcula ret\u00e9m odores e intensifica o cheiro em dias mais quentes.<\/p>\n\n\n\n<p>No ralo da pia, restos de alimentos se <strong>decomp\u00f5em<\/strong> mesmo ap\u00f3s a limpeza superficial. Quando a \u00e1gua escorre, o cheiro retorna imediatamente, revelando a presen\u00e7a de res\u00edduos grudados no sif\u00e3o e nas paredes internas do encanamento.<\/p>\n\n\n\n<figure class=\"wp-block-image size-large\"><img loading=\"lazy\" decoding=\"async\" width=\"1024\" height=\"576\" src=\"https:\/\/www.em.com.br\/emfoco\/wp-content\/uploads\/2025\/11\/Ralo-da-pia_1764295661702-1024x576.jpg\" alt=\"Por que algumas cozinhas ficam com mau cheiro mesmo limpas?\" class=\"wp-image-132939\" srcset=\"https:\/\/www.em.com.br\/emfoco\/wp-content\/uploads\/2025\/11\/Ralo-da-pia_1764295661702-1024x576.jpg 1024w, https:\/\/www.em.com.br\/emfoco\/wp-content\/uploads\/2025\/11\/Ralo-da-pia_1764295661702-300x169.jpg 300w, https:\/\/www.em.com.br\/emfoco\/wp-content\/uploads\/2025\/11\/Ralo-da-pia_1764295661702-768x432.jpg 768w, https:\/\/www.em.com.br\/emfoco\/wp-content\/uploads\/2025\/11\/Ralo-da-pia_1764295661702-750x422.jpg 750w, https:\/\/www.em.com.br\/emfoco\/wp-content\/uploads\/2025\/11\/Ralo-da-pia_1764295661702-1140x641.jpg 1140w, https:\/\/www.em.com.br\/emfoco\/wp-content\/uploads\/2025\/11\/Ralo-da-pia_1764295661702.jpg 1280w\" sizes=\"auto, (max-width: 1024px) 100vw, 1024px\" \/><figcaption class=\"wp-element-caption\">Objetos cotidianos ret\u00eam umidade e res\u00edduos que agravam o mau cheiro &#8211; Cr\u00e9ditos: depositphotos.com \/ smuayc<\/figcaption><\/figure>\n\n\n\n<p><em>Leia mais: <strong><a href=\"https:\/\/www.em.com.br\/emfoco\/2025\/11\/27\/sua-airfryer-deixou-tudo-com-gosto-de-queimado-o-erro-pode-estar-em-um-habito-diario\/\" target=\"_blank\" rel=\"noreferrer noopener\">Sua airfryer deixou tudo com gosto de queimado? O erro pode estar em um h\u00e1bito di\u00e1rio<\/a><\/strong><\/em><\/p>\n\n\n\n<h2 class=\"wp-block-heading\">Quais itens da cozinha escondem cheiro mesmo quando parecem limpos?<\/h2>\n\n\n\n<p>Al\u00e9m da gordura suspensa no ar, alguns objetos do dia a dia acumulam umidade e res\u00edduos que passam despercebidos. Esses itens silenciosos agravam o mau odor mesmo ap\u00f3s limpezas frequentes e precisam de aten\u00e7\u00e3o regular.<\/p>\n\n\n\n<ul class=\"wp-block-list\">\n<li><strong>Esponjas e panos \u00famidos<\/strong>, que acumulam bact\u00e9rias e liberam cheiro azedo ap\u00f3s horas apoiados na pia.<\/li>\n\n\n\n<li><strong>Lixeiras mal higienizadas<\/strong>, onde l\u00edquidos acumulados no fundo fermentam e geram odores fortes.<\/li>\n\n\n\n<li><strong>Tapetes e apoio da pia<\/strong>, que absorvem respingos de alimentos e permanecem \u00famidos por muito tempo.<\/li>\n<\/ul>\n\n\n\n<h2 class=\"wp-block-heading\">Como problemas no encanamento contribuem para o cheiro desagrad\u00e1vel?<\/h2>\n\n\n\n<p>Um dos fatores mais ignorados \u00e9 o <strong>sif\u00e3o mal vedado<\/strong>, que permite a libera\u00e7\u00e3o de gases do <strong><a href=\"https:\/\/www.servicoemcasa.com.br\/blog\/manutencao-domestica\/como-evitar-vazamentos-e-problemas-com-encanamento\" target=\"_blank\" rel=\"noreferrer noopener\">encanamento <\/a><\/strong>para o ambiente. Isso causa o cheiro de mofo ou azedo que aparece sem explica\u00e7\u00e3o ap\u00f3s lavar a lou\u00e7a.<\/p>\n\n\n\n<p>Outra causa comum \u00e9 o <strong>ralo sem tela<\/strong>, que deixa passar res\u00edduos s\u00f3lidos e facilita a decomposi\u00e7\u00e3o interna. A falta de ventila\u00e7\u00e3o adequada tamb\u00e9m agrava o problema, j\u00e1 que impede a renova\u00e7\u00e3o do ar da cozinha.<\/p>\n\n\n\n<figure class=\"wp-block-image size-large\"><img loading=\"lazy\" decoding=\"async\" width=\"1024\" height=\"576\" src=\"https:\/\/www.em.com.br\/emfoco\/wp-content\/uploads\/2025\/11\/Sifao-pia_1764295717026-1024x576.jpg\" alt=\"Por que algumas cozinhas ficam com mau cheiro mesmo limpas?\" class=\"wp-image-132940\" srcset=\"https:\/\/www.em.com.br\/emfoco\/wp-content\/uploads\/2025\/11\/Sifao-pia_1764295717026-1024x576.jpg 1024w, https:\/\/www.em.com.br\/emfoco\/wp-content\/uploads\/2025\/11\/Sifao-pia_1764295717026-300x169.jpg 300w, https:\/\/www.em.com.br\/emfoco\/wp-content\/uploads\/2025\/11\/Sifao-pia_1764295717026-768x432.jpg 768w, https:\/\/www.em.com.br\/emfoco\/wp-content\/uploads\/2025\/11\/Sifao-pia_1764295717026-750x422.jpg 750w, https:\/\/www.em.com.br\/emfoco\/wp-content\/uploads\/2025\/11\/Sifao-pia_1764295717026-1140x641.jpg 1140w, https:\/\/www.em.com.br\/emfoco\/wp-content\/uploads\/2025\/11\/Sifao-pia_1764295717026.jpg 1280w\" sizes=\"auto, (max-width: 1024px) 100vw, 1024px\" \/><figcaption class=\"wp-element-caption\">Vazamentos do sif\u00e3o liberam gases e causam odores dif\u00edceis de identificar &#8211; Cr\u00e9ditos: depositphotos.com \/ serezniy<\/figcaption><\/figure>\n\n\n\n<h2 class=\"wp-block-heading\">Quais h\u00e1bitos simples ajudam a eliminar o mau cheiro de vez?<\/h2>\n\n\n\n<p>Para manter o ambiente realmente fresco, \u00e9 essencial incluir alguns cuidados pr\u00e1ticos na rotina. Eles reduzem o ac\u00famulo de res\u00edduos invis\u00edveis e mant\u00eam a <strong>qualidade do ar<\/strong> por muito mais tempo.<\/p>\n\n\n\n<ul class=\"wp-block-list\">\n<li><strong>Lavar o ralo e o sif\u00e3o<\/strong> com frequ\u00eancia, removendo res\u00edduos que permanecem presos ap\u00f3s o uso di\u00e1rio da pia.<\/li>\n\n\n\n<li><strong>Trocar esponjas e panos<\/strong> semanalmente para evitar ac\u00famulo de bact\u00e9rias que causam cheiro forte.<\/li>\n\n\n\n<li><strong>Ventilar o ambiente<\/strong> diariamente, permitindo a sa\u00edda de gases e evitando a concentra\u00e7\u00e3o de odores persistentes.<\/li>\n<\/ul>\n","protected":false},"excerpt":{"rendered":"<p>Muitas pessoas percebem que a cozinha continua com cheiro desagrad\u00e1vel mesmo ap\u00f3s uma boa limpeza, criando a sensa\u00e7\u00e3o de que algo invis\u00edvel est\u00e1 causando o problema. Esse odor persistente geralmente tem origem em pontos pouco intuitivos que acumulam res\u00edduos. O que realmente causa o mau cheiro que insiste em aparecer? O principal motivo \u00e9 o [&hellip;]<\/p>\n","protected":false},"author":13,"featured_media":132937,"comment_status":"open","ping_status":"open","sticky":false,"template":"","format":"standard","meta":{"jnews-multi-image_gallery":[],"jnews_single_post":{"format":"standard"},"jnews_primary_category":[],"jnews_social_meta":[],"jnews_override_counter":[],"footnotes":""},"categories":[8819],"tags":[13918,12673,12139],"class_list":["post-132916","post","type-post","status-publish","format-standard","has-post-thumbnail","hentry","category-curiosidades","tag-cozinhas","tag-mau-cheiro","tag-odor"],"yoast_head":"<!-- This site is optimized with the Yoast SEO plugin v23.8 - https:\/\/yoast.com\/wordpress\/plugins\/seo\/ -->\n<title>Por que algumas cozinhas ficam com mau cheiro mesmo limpas? - Estado de Minas - Em foco<\/title>\n<meta name=\"description\" content=\"Mesmo ap\u00f3s a faxina, o cheiro ruim persiste? A causa pode estar em detalhes invis\u00edveis que acumulam gordura e res\u00edduos no dia a dia.\" \/>\n<meta name=\"robots\" content=\"index, follow, max-snippet:-1, max-image-preview:large, max-video-preview:-1\" \/>\n<link rel=\"canonical\" href=\"https:\/\/www.em.com.br\/emfoco\/2025\/12\/01\/por-que-algumas-cozinhas-ficam-com-mau-cheiro-mesmo-limpas\/\" \/>\n<meta property=\"og:locale\" content=\"pt_BR\" \/>\n<meta property=\"og:type\" content=\"article\" \/>\n<meta property=\"og:title\" content=\"Por que algumas cozinhas ficam com mau cheiro mesmo limpas? - Estado de Minas - Em foco\" \/>\n<meta property=\"og:description\" content=\"Mesmo ap\u00f3s a faxina, o cheiro ruim persiste? A causa pode estar em detalhes invis\u00edveis que acumulam gordura e res\u00edduos no dia a dia.\" \/>\n<meta property=\"og:url\" content=\"https:\/\/www.em.com.br\/emfoco\/2025\/12\/01\/por-que-algumas-cozinhas-ficam-com-mau-cheiro-mesmo-limpas\/\" \/>\n<meta property=\"og:site_name\" content=\"Estado de Minas - Em foco\" \/>\n<meta property=\"article:published_time\" content=\"2025-12-01T15:35:00+00:00\" \/>\n<meta property=\"article:modified_time\" content=\"2025-11-28T02:09:02+00:00\" \/>\n<meta property=\"og:image\" content=\"https:\/\/www.em.com.br\/emfoco\/wp-content\/uploads\/2025\/11\/Cozinha-mau-cheiro_1764295608914.jpg\" \/>\n\t<meta property=\"og:image:width\" content=\"1280\" \/>\n\t<meta property=\"og:image:height\" content=\"720\" \/>\n\t<meta property=\"og:image:type\" content=\"image\/jpeg\" \/>\n<meta name=\"author\" content=\"Gabriel Martins\" \/>\n<meta name=\"twitter:card\" content=\"summary_large_image\" \/>\n<meta name=\"twitter:label1\" content=\"Escrito por\" \/>\n\t<meta name=\"twitter:data1\" content=\"Gabriel Martins\" \/>\n\t<meta name=\"twitter:label2\" content=\"Est. tempo de leitura\" \/>\n\t<meta name=\"twitter:data2\" content=\"3 minutos\" \/>\n<!-- \/ Yoast SEO plugin. -->","yoast_head_json":{"title":"Por que algumas cozinhas ficam com mau cheiro mesmo limpas? - Estado de Minas - Em foco","description":"Mesmo ap\u00f3s a faxina, o cheiro ruim persiste? A causa pode estar em detalhes invis\u00edveis que acumulam gordura e res\u00edduos no dia a dia.","robots":{"index":"index","follow":"follow","max-snippet":"max-snippet:-1","max-image-preview":"max-image-preview:large","max-video-preview":"max-video-preview:-1"},"canonical":"https:\/\/www.em.com.br\/emfoco\/2025\/12\/01\/por-que-algumas-cozinhas-ficam-com-mau-cheiro-mesmo-limpas\/","og_locale":"pt_BR","og_type":"article","og_title":"Por que algumas cozinhas ficam com mau cheiro mesmo limpas? - Estado de Minas - Em foco","og_description":"Mesmo ap\u00f3s a faxina, o cheiro ruim persiste? A causa pode estar em detalhes invis\u00edveis que acumulam gordura e res\u00edduos no dia a dia.","og_url":"https:\/\/www.em.com.br\/emfoco\/2025\/12\/01\/por-que-algumas-cozinhas-ficam-com-mau-cheiro-mesmo-limpas\/","og_site_name":"Estado de Minas - Em foco","article_published_time":"2025-12-01T15:35:00+00:00","article_modified_time":"2025-11-28T02:09:02+00:00","og_image":[{"width":1280,"height":720,"url":"https:\/\/www.em.com.br\/emfoco\/wp-content\/uploads\/2025\/11\/Cozinha-mau-cheiro_1764295608914.jpg","type":"image\/jpeg"}],"author":"Gabriel Martins","twitter_card":"summary_large_image","twitter_misc":{"Escrito por":"Gabriel Martins","Est. tempo de leitura":"3 minutos"},"schema":{"@context":"https:\/\/schema.org","@graph":[{"@type":"WebPage","@id":"https:\/\/www.em.com.br\/emfoco\/2025\/12\/01\/por-que-algumas-cozinhas-ficam-com-mau-cheiro-mesmo-limpas\/","url":"https:\/\/www.em.com.br\/emfoco\/2025\/12\/01\/por-que-algumas-cozinhas-ficam-com-mau-cheiro-mesmo-limpas\/","name":"Por que algumas cozinhas ficam com mau cheiro mesmo limpas? - Estado de Minas - Em foco","isPartOf":{"@id":"https:\/\/www.em.com.br\/emfoco\/#website"},"primaryImageOfPage":{"@id":"https:\/\/www.em.com.br\/emfoco\/2025\/12\/01\/por-que-algumas-cozinhas-ficam-com-mau-cheiro-mesmo-limpas\/#primaryimage"},"image":{"@id":"https:\/\/www.em.com.br\/emfoco\/2025\/12\/01\/por-que-algumas-cozinhas-ficam-com-mau-cheiro-mesmo-limpas\/#primaryimage"},"thumbnailUrl":"https:\/\/www.em.com.br\/emfoco\/wp-content\/uploads\/2025\/11\/Cozinha-mau-cheiro_1764295608914.jpg","datePublished":"2025-12-01T15:35:00+00:00","dateModified":"2025-11-28T02:09:02+00:00","author":{"@id":"https:\/\/www.em.com.br\/emfoco\/#\/schema\/person\/1c9ddeab18b98abeffef834667bcf08a"},"description":"Mesmo ap\u00f3s a faxina, o cheiro ruim persiste? A causa pode estar em detalhes invis\u00edveis que acumulam gordura e res\u00edduos no dia a dia.","breadcrumb":{"@id":"https:\/\/www.em.com.br\/emfoco\/2025\/12\/01\/por-que-algumas-cozinhas-ficam-com-mau-cheiro-mesmo-limpas\/#breadcrumb"},"inLanguage":"pt-BR","potentialAction":[{"@type":"ReadAction","target":["https:\/\/www.em.com.br\/emfoco\/2025\/12\/01\/por-que-algumas-cozinhas-ficam-com-mau-cheiro-mesmo-limpas\/"]}]},{"@type":"ImageObject","inLanguage":"pt-BR","@id":"https:\/\/www.em.com.br\/emfoco\/2025\/12\/01\/por-que-algumas-cozinhas-ficam-com-mau-cheiro-mesmo-limpas\/#primaryimage","url":"https:\/\/www.em.com.br\/emfoco\/wp-content\/uploads\/2025\/11\/Cozinha-mau-cheiro_1764295608914.jpg","contentUrl":"https:\/\/www.em.com.br\/emfoco\/wp-content\/uploads\/2025\/11\/Cozinha-mau-cheiro_1764295608914.jpg","width":1280,"height":720,"caption":"Gordura invis\u00edvel e res\u00edduos no ralo s\u00e3o as principais causas - Cr\u00e9ditos: depositphotos.com \/ serezniy"},{"@type":"BreadcrumbList","@id":"https:\/\/www.em.com.br\/emfoco\/2025\/12\/01\/por-que-algumas-cozinhas-ficam-com-mau-cheiro-mesmo-limpas\/#breadcrumb","itemListElement":[{"@type":"ListItem","position":1,"name":"In\u00edcio","item":"https:\/\/www.em.com.br\/emfoco\/"},{"@type":"ListItem","position":2,"name":"Por que algumas cozinhas ficam com mau cheiro mesmo limpas?"}]},{"@type":"WebSite","@id":"https:\/\/www.em.com.br\/emfoco\/#website","url":"https:\/\/www.em.com.br\/emfoco\/","name":"Estado de Minas - Em foco","description":"Acompanhe as \u00faltimas not\u00edcias e fique bem informado sobre tudo o que acontece em Minas Gerais, Brasil e no mundo.","potentialAction":[{"@type":"SearchAction","target":{"@type":"EntryPoint","urlTemplate":"https:\/\/www.em.com.br\/emfoco\/?s={search_term_string}"},"query-input":{"@type":"PropertyValueSpecification","valueRequired":true,"valueName":"search_term_string"}}],"inLanguage":"pt-BR"},{"@type":"Person","@id":"https:\/\/www.em.com.br\/emfoco\/#\/schema\/person\/1c9ddeab18b98abeffef834667bcf08a","name":"Gabriel Martins","image":{"@type":"ImageObject","inLanguage":"pt-BR","@id":"https:\/\/www.em.com.br\/emfoco\/#\/schema\/person\/image\/","url":"https:\/\/secure.gravatar.com\/avatar\/f0f1e2efdfd88f1ad2cb08c5c2731e50?s=96&d=mm&r=g","contentUrl":"https:\/\/secure.gravatar.com\/avatar\/f0f1e2efdfd88f1ad2cb08c5c2731e50?s=96&d=mm&r=g","caption":"Gabriel Martins"},"sameAs":["https:\/\/www.em.com.br\/emfoco\/"],"url":"https:\/\/www.em.com.br\/emfoco\/author\/gabrielmartinsmyth\/"}]}},"_links":{"self":[{"href":"https:\/\/www.em.com.br\/emfoco\/wp-json\/wp\/v2\/posts\/132916","targetHints":{"allow":["GET"]}}],"collection":[{"href":"https:\/\/www.em.com.br\/emfoco\/wp-json\/wp\/v2\/posts"}],"about":[{"href":"https:\/\/www.em.com.br\/emfoco\/wp-json\/wp\/v2\/types\/post"}],"author":[{"embeddable":true,"href":"https:\/\/www.em.com.br\/emfoco\/wp-json\/wp\/v2\/users\/13"}],"replies":[{"embeddable":true,"href":"https:\/\/www.em.com.br\/emfoco\/wp-json\/wp\/v2\/comments?post=132916"}],"version-history":[{"count":1,"href":"https:\/\/www.em.com.br\/emfoco\/wp-json\/wp\/v2\/posts\/132916\/revisions"}],"predecessor-version":[{"id":132941,"href":"https:\/\/www.em.com.br\/emfoco\/wp-json\/wp\/v2\/posts\/132916\/revisions\/132941"}],"wp:featuredmedia":[{"embeddable":true,"href":"https:\/\/www.em.com.br\/emfoco\/wp-json\/wp\/v2\/media\/132937"}],"wp:attachment":[{"href":"https:\/\/www.em.com.br\/emfoco\/wp-json\/wp\/v2\/media?parent=132916"}],"wp:term":[{"taxonomy":"category","embeddable":true,"href":"https:\/\/www.em.com.br\/emfoco\/wp-json\/wp\/v2\/categories?post=132916"},{"taxonomy":"post_tag","embeddable":true,"href":"https:\/\/www.em.com.br\/emfoco\/wp-json\/wp\/v2\/tags?post=132916"}],"curies":[{"name":"wp","href":"https:\/\/api.w.org\/{rel}","templated":true}]}}