{"id":132915,"date":"2025-12-01T09:25:00","date_gmt":"2025-12-01T12:25:00","guid":{"rendered":"https:\/\/www.em.com.br\/emfoco\/?p=132915"},"modified":"2025-11-27T23:06:20","modified_gmt":"2025-11-28T02:06:20","slug":"franja-com-caimento-perfeito-e-efeito-lifting-natural-para-mulheres-que-amam-praticidade","status":"publish","type":"post","link":"https:\/\/www.em.com.br\/emfoco\/2025\/12\/01\/franja-com-caimento-perfeito-e-efeito-lifting-natural-para-mulheres-que-amam-praticidade\/","title":{"rendered":"Franja com caimento perfeito e efeito lifting natural para mulheres que amam praticidade"},"content":{"rendered":"\n<p>Um tipo de <strong>franja lateral<\/strong> pouco explorado est\u00e1 voltando \u00e0s tend\u00eancias e conquistando mulheres acima dos 30 por unir eleg\u00e2ncia, personalidade e um efeito de rejuvenescimento imediato, deixando o visual sofisticado sem esfor\u00e7o e com caimento moderno.<\/p>\n\n\n\n<h2 class=\"wp-block-heading\">Por que a franja lateral longa virou tend\u00eancia de novo?<\/h2>\n\n\n\n<p>A <strong>franja longa<\/strong> cria um caimento suave que acompanha o desenho do rosto, trazendo leveza e valorizando \u00e2ngulos naturais. Ela suaviza tra\u00e7os e d\u00e1 movimento, sendo ideal para quem busca modernidade sem exageros ou mudan\u00e7as radicais no cabelo.<\/p>\n\n\n\n<p>Esse estilo ajuda a equilibrar uma <strong>testa mais ampla<\/strong> ou ma\u00e7\u00e3s marcadas, al\u00e9m de <strong><a href=\"https:\/\/www.hopelingerie.com.br\/blog\/post\/alongamento-facial-autocuidado-tendencias?srsltid=AfmBOoonGgLpsAIt6yl40NntjmYPT1MOVFDYLoa4heNyT6Dc9lCCGsNn\" target=\"_blank\" rel=\"noreferrer noopener\">alongar visualmente o rosto<\/a><\/strong>. O resultado \u00e9 uma apar\u00eancia mais fresca e harm\u00f4nica, favorecendo especialmente mulheres acima dos 30 anos.<\/p>\n\n\n\n<figure class=\"wp-block-image size-large\"><img loading=\"lazy\" decoding=\"async\" width=\"1024\" height=\"576\" src=\"https:\/\/www.em.com.br\/emfoco\/wp-content\/uploads\/2025\/11\/IA-IMG-3-14-1024x576.jpg\" alt=\"Franja com caimento perfeito e efeito lifting natural para mulheres que amam praticidade\" class=\"wp-image-132935\" srcset=\"https:\/\/www.em.com.br\/emfoco\/wp-content\/uploads\/2025\/11\/IA-IMG-3-14-1024x576.jpg 1024w, https:\/\/www.em.com.br\/emfoco\/wp-content\/uploads\/2025\/11\/IA-IMG-3-14-300x169.jpg 300w, https:\/\/www.em.com.br\/emfoco\/wp-content\/uploads\/2025\/11\/IA-IMG-3-14-768x432.jpg 768w, https:\/\/www.em.com.br\/emfoco\/wp-content\/uploads\/2025\/11\/IA-IMG-3-14-750x422.jpg 750w, https:\/\/www.em.com.br\/emfoco\/wp-content\/uploads\/2025\/11\/IA-IMG-3-14-1140x641.jpg 1140w, https:\/\/www.em.com.br\/emfoco\/wp-content\/uploads\/2025\/11\/IA-IMG-3-14.jpg 1280w\" sizes=\"auto, (max-width: 1024px) 100vw, 1024px\" \/><figcaption class=\"wp-element-caption\">O caimento suave valoriza \u00e2ngulos faciais e suaviza linhas iniciais &#8211; Cr\u00e9ditos: Gemini<\/figcaption><\/figure>\n\n\n\n<h2 class=\"wp-block-heading\">Como ela pode combinar com diferentes cortes e estilos?<\/h2>\n\n\n\n<p>A versatilidade dessa <strong>franja estilosa<\/strong> permite que ela seja adaptada a qualquer textura de cabelo e situa\u00e7\u00e3o do dia a dia, mantendo naturalidade e movimento em penteados simples e pr\u00e1ticos.<\/p>\n\n\n\n<p>Para entender melhor como ela se encaixa em diferentes visuais, confira algumas formas modernas de usar a franja no dia a dia:<\/p>\n\n\n\n<ul class=\"wp-block-list\">\n<li>Funciona com cortes em <strong>camadas<\/strong> que criam dinamismo.<\/li>\n\n\n\n<li>Pode ser usada jogada para um lado com <strong>volume leve<\/strong>.<\/li>\n\n\n\n<li>Fica incr\u00edvel em penteados presos, mantendo <strong>charme<\/strong>.<\/li>\n<\/ul>\n\n\n\n<p><em>Leia mais: <strong><a href=\"https:\/\/www.em.com.br\/emfoco\/2025\/11\/27\/a-rotina-de-beleza-que-devolve-o-vico-e-a-hidratacao-para-quem-ja-passou-dos-50\/\" target=\"_blank\" rel=\"noreferrer noopener\">A rotina de beleza que devolve o vi\u00e7o e a hidrata\u00e7\u00e3o para quem j\u00e1 passou dos 50<\/a><\/strong><\/em><\/p>\n\n\n\n<h2 class=\"wp-block-heading\">Por que ela combina tanto com mulheres acima dos 30 anos?<\/h2>\n\n\n\n<p>A franja lateral oferece um toque de <strong>feminilidade<\/strong> sem parecer infantil. Ela suaviza o olhar, camufla linhas iniciais de express\u00e3o e traz um ar jovem sem recorrer a grandes transforma\u00e7\u00f5es ou procedimentos.<\/p>\n\n\n\n<p>Com visual \u201c<strong>elegante sem esfor\u00e7o<\/strong>\u201d, ela cresce de forma bonita e exige pouca manuten\u00e7\u00e3o. Bastam alguns minutos com escova ou os dedos para modelar, deixando o cabelo pronto para qualquer ocasi\u00e3o.<\/p>\n\n\n\n<p>A seguir veja dicas para fazer as franjas laterais em casa, compartilhada pelo canal do TikTok <strong>@cute_soofy:<\/strong><\/p>\n\n\n\n<blockquote class=\"tiktok-embed\" cite=\"https:\/\/www.tiktok.com\/@cute_soofy\/video\/7467655726849101086\" data-video-id=\"7467655726849101086\" style=\"max-width: 605px;min-width: 325px;\" > <section> <a target=\"_blank\" title=\"@cute_soofy\" href=\"https:\/\/www.tiktok.com\/@cute_soofy?refer=embed\">@cute_soofy<\/a> un mini tutorial de como me hago mi fleco\u2728\ud83c\udf80\ud83e\udee7  <a title=\"hair\" target=\"_blank\" href=\"https:\/\/www.tiktok.com\/tag\/hair?refer=embed\">#Hair<\/a> <a title=\"hairtutorial\" target=\"_blank\" href=\"https:\/\/www.tiktok.com\/tag\/hairtutorial?refer=embed\">#hairtutorial<\/a> <a title=\"bangstutorial\" target=\"_blank\" href=\"https:\/\/www.tiktok.com\/tag\/bangstutorial?refer=embed\">#bangstutorial<\/a> <a title=\"bangs\" target=\"_blank\" href=\"https:\/\/www.tiktok.com\/tag\/bangs?refer=embed\">#bangs<\/a> <a target=\"_blank\" title=\"\u266c Before I Move On - Mellina Tey\" href=\"https:\/\/www.tiktok.com\/music\/Before-I-Move-On-7351403003856160769?refer=embed\">\u266c Before I Move On &#8211; Mellina Tey<\/a> <\/section> <\/blockquote> <script async src=\"https:\/\/www.tiktok.com\/embed.js\"><\/script>\n\n\n\n<h2 class=\"wp-block-heading\">Como apostar no visual com praticidade e resultado r\u00e1pido?<\/h2>\n\n\n\n<p>Pequenos ajustes no corte fazem a <strong>franja lateral longa<\/strong> transformar o rosto instantaneamente e renovar a autoestima de quem deseja modernizar o visual com sutileza e sofistica\u00e7\u00e3o.<\/p>\n\n\n\n<p>Se a inten\u00e7\u00e3o \u00e9 adotar a tend\u00eancia com praticidade desde o primeiro corte, algumas orienta\u00e7\u00f5es podem ajudar a alcan\u00e7ar o efeito desejado:<\/p>\n\n\n\n<ul class=\"wp-block-list\">\n<li>Pe\u00e7a ao cabeleireiro um caimento que <strong>acompanhe o rosto<\/strong>.<\/li>\n\n\n\n<li>Finalize com produtos que valorizem o <strong>movimento natural<\/strong>.<\/li>\n\n\n\n<li>Aposte em escova r\u00e1pida para um <strong>efeito rejuvenescido<\/strong>.<\/li>\n<\/ul>\n","protected":false},"excerpt":{"rendered":"<p>Um tipo de franja lateral pouco explorado est\u00e1 voltando \u00e0s tend\u00eancias e conquistando mulheres acima dos 30 por unir eleg\u00e2ncia, personalidade e um efeito de rejuvenescimento imediato, deixando o visual sofisticado sem esfor\u00e7o e com caimento moderno. Por que a franja lateral longa virou tend\u00eancia de novo? A franja longa cria um caimento suave que [&hellip;]<\/p>\n","protected":false},"author":13,"featured_media":132933,"comment_status":"open","ping_status":"open","sticky":false,"template":"","format":"standard","meta":{"jnews-multi-image_gallery":[],"jnews_single_post":{"format":"standard"},"jnews_primary_category":[],"jnews_social_meta":[],"jnews_override_counter":[],"footnotes":""},"categories":[8819],"tags":[19425,17564,4977,19426],"class_list":["post-132915","post","type-post","status-publish","format-standard","has-post-thumbnail","hentry","category-curiosidades","tag-franja-lateral","tag-franjas","tag-moda","tag-tendencia-de-corte"],"yoast_head":"<!-- This site is optimized with the Yoast SEO plugin v23.8 - https:\/\/yoast.com\/wordpress\/plugins\/seo\/ -->\n<title>Franja com caimento perfeito e efeito lifting natural para mulheres que amam praticidade - Estado de Minas - Em foco<\/title>\n<meta name=\"description\" content=\"Estilo de franja que suaviza tra\u00e7os, camufla linhas e transforma o visual com praticidade. Ideal para mulheres acima dos 30.\" \/>\n<meta name=\"robots\" content=\"index, follow, max-snippet:-1, max-image-preview:large, max-video-preview:-1\" \/>\n<link rel=\"canonical\" href=\"https:\/\/www.em.com.br\/emfoco\/2025\/12\/01\/franja-com-caimento-perfeito-e-efeito-lifting-natural-para-mulheres-que-amam-praticidade\/\" \/>\n<meta property=\"og:locale\" content=\"pt_BR\" \/>\n<meta property=\"og:type\" content=\"article\" \/>\n<meta property=\"og:title\" content=\"Franja com caimento perfeito e efeito lifting natural para mulheres que amam praticidade - Estado de Minas - Em foco\" \/>\n<meta property=\"og:description\" content=\"Estilo de franja que suaviza tra\u00e7os, camufla linhas e transforma o visual com praticidade. Ideal para mulheres acima dos 30.\" \/>\n<meta property=\"og:url\" content=\"https:\/\/www.em.com.br\/emfoco\/2025\/12\/01\/franja-com-caimento-perfeito-e-efeito-lifting-natural-para-mulheres-que-amam-praticidade\/\" \/>\n<meta property=\"og:site_name\" content=\"Estado de Minas - Em foco\" \/>\n<meta property=\"article:published_time\" content=\"2025-12-01T12:25:00+00:00\" \/>\n<meta property=\"article:modified_time\" content=\"2025-11-28T02:06:20+00:00\" \/>\n<meta property=\"og:image\" content=\"https:\/\/www.em.com.br\/emfoco\/wp-content\/uploads\/2025\/11\/IA-IMG-2-25.jpg\" \/>\n\t<meta property=\"og:image:width\" content=\"1280\" \/>\n\t<meta property=\"og:image:height\" content=\"720\" \/>\n\t<meta property=\"og:image:type\" content=\"image\/jpeg\" \/>\n<meta name=\"author\" content=\"Gabriel Martins\" \/>\n<meta name=\"twitter:card\" content=\"summary_large_image\" \/>\n<meta name=\"twitter:label1\" content=\"Escrito por\" \/>\n\t<meta name=\"twitter:data1\" content=\"Gabriel Martins\" \/>\n\t<meta name=\"twitter:label2\" content=\"Est. tempo de leitura\" \/>\n\t<meta name=\"twitter:data2\" content=\"3 minutos\" \/>\n<!-- \/ Yoast SEO plugin. -->","yoast_head_json":{"title":"Franja com caimento perfeito e efeito lifting natural para mulheres que amam praticidade - Estado de Minas - Em foco","description":"Estilo de franja que suaviza tra\u00e7os, camufla linhas e transforma o visual com praticidade. Ideal para mulheres acima dos 30.","robots":{"index":"index","follow":"follow","max-snippet":"max-snippet:-1","max-image-preview":"max-image-preview:large","max-video-preview":"max-video-preview:-1"},"canonical":"https:\/\/www.em.com.br\/emfoco\/2025\/12\/01\/franja-com-caimento-perfeito-e-efeito-lifting-natural-para-mulheres-que-amam-praticidade\/","og_locale":"pt_BR","og_type":"article","og_title":"Franja com caimento perfeito e efeito lifting natural para mulheres que amam praticidade - Estado de Minas - Em foco","og_description":"Estilo de franja que suaviza tra\u00e7os, camufla linhas e transforma o visual com praticidade. Ideal para mulheres acima dos 30.","og_url":"https:\/\/www.em.com.br\/emfoco\/2025\/12\/01\/franja-com-caimento-perfeito-e-efeito-lifting-natural-para-mulheres-que-amam-praticidade\/","og_site_name":"Estado de Minas - Em foco","article_published_time":"2025-12-01T12:25:00+00:00","article_modified_time":"2025-11-28T02:06:20+00:00","og_image":[{"width":1280,"height":720,"url":"https:\/\/www.em.com.br\/emfoco\/wp-content\/uploads\/2025\/11\/IA-IMG-2-25.jpg","type":"image\/jpeg"}],"author":"Gabriel Martins","twitter_card":"summary_large_image","twitter_misc":{"Escrito por":"Gabriel Martins","Est. tempo de leitura":"3 minutos"},"schema":{"@context":"https:\/\/schema.org","@graph":[{"@type":"WebPage","@id":"https:\/\/www.em.com.br\/emfoco\/2025\/12\/01\/franja-com-caimento-perfeito-e-efeito-lifting-natural-para-mulheres-que-amam-praticidade\/","url":"https:\/\/www.em.com.br\/emfoco\/2025\/12\/01\/franja-com-caimento-perfeito-e-efeito-lifting-natural-para-mulheres-que-amam-praticidade\/","name":"Franja com caimento perfeito e efeito lifting natural para mulheres que amam praticidade - Estado de Minas - Em foco","isPartOf":{"@id":"https:\/\/www.em.com.br\/emfoco\/#website"},"primaryImageOfPage":{"@id":"https:\/\/www.em.com.br\/emfoco\/2025\/12\/01\/franja-com-caimento-perfeito-e-efeito-lifting-natural-para-mulheres-que-amam-praticidade\/#primaryimage"},"image":{"@id":"https:\/\/www.em.com.br\/emfoco\/2025\/12\/01\/franja-com-caimento-perfeito-e-efeito-lifting-natural-para-mulheres-que-amam-praticidade\/#primaryimage"},"thumbnailUrl":"https:\/\/www.em.com.br\/emfoco\/wp-content\/uploads\/2025\/11\/IA-IMG-2-25.jpg","datePublished":"2025-12-01T12:25:00+00:00","dateModified":"2025-11-28T02:06:20+00:00","author":{"@id":"https:\/\/www.em.com.br\/emfoco\/#\/schema\/person\/1c9ddeab18b98abeffef834667bcf08a"},"description":"Estilo de franja que suaviza tra\u00e7os, camufla linhas e transforma o visual com praticidade. Ideal para mulheres acima dos 30.","breadcrumb":{"@id":"https:\/\/www.em.com.br\/emfoco\/2025\/12\/01\/franja-com-caimento-perfeito-e-efeito-lifting-natural-para-mulheres-que-amam-praticidade\/#breadcrumb"},"inLanguage":"pt-BR","potentialAction":[{"@type":"ReadAction","target":["https:\/\/www.em.com.br\/emfoco\/2025\/12\/01\/franja-com-caimento-perfeito-e-efeito-lifting-natural-para-mulheres-que-amam-praticidade\/"]}]},{"@type":"ImageObject","inLanguage":"pt-BR","@id":"https:\/\/www.em.com.br\/emfoco\/2025\/12\/01\/franja-com-caimento-perfeito-e-efeito-lifting-natural-para-mulheres-que-amam-praticidade\/#primaryimage","url":"https:\/\/www.em.com.br\/emfoco\/wp-content\/uploads\/2025\/11\/IA-IMG-2-25.jpg","contentUrl":"https:\/\/www.em.com.br\/emfoco\/wp-content\/uploads\/2025\/11\/IA-IMG-2-25.jpg","width":1280,"height":720,"caption":"A franja lateral longa voltou trazendo eleg\u00e2ncia moderna e rejuvenescimento imediato - Cr\u00e9ditos: Gemini"},{"@type":"BreadcrumbList","@id":"https:\/\/www.em.com.br\/emfoco\/2025\/12\/01\/franja-com-caimento-perfeito-e-efeito-lifting-natural-para-mulheres-que-amam-praticidade\/#breadcrumb","itemListElement":[{"@type":"ListItem","position":1,"name":"In\u00edcio","item":"https:\/\/www.em.com.br\/emfoco\/"},{"@type":"ListItem","position":2,"name":"Franja com caimento perfeito e efeito lifting natural para mulheres que amam praticidade"}]},{"@type":"WebSite","@id":"https:\/\/www.em.com.br\/emfoco\/#website","url":"https:\/\/www.em.com.br\/emfoco\/","name":"Estado de Minas - Em foco","description":"Acompanhe as \u00faltimas not\u00edcias e fique bem informado sobre tudo o que acontece em Minas Gerais, Brasil e no mundo.","potentialAction":[{"@type":"SearchAction","target":{"@type":"EntryPoint","urlTemplate":"https:\/\/www.em.com.br\/emfoco\/?s={search_term_string}"},"query-input":{"@type":"PropertyValueSpecification","valueRequired":true,"valueName":"search_term_string"}}],"inLanguage":"pt-BR"},{"@type":"Person","@id":"https:\/\/www.em.com.br\/emfoco\/#\/schema\/person\/1c9ddeab18b98abeffef834667bcf08a","name":"Gabriel Martins","image":{"@type":"ImageObject","inLanguage":"pt-BR","@id":"https:\/\/www.em.com.br\/emfoco\/#\/schema\/person\/image\/","url":"https:\/\/secure.gravatar.com\/avatar\/f0f1e2efdfd88f1ad2cb08c5c2731e50?s=96&d=mm&r=g","contentUrl":"https:\/\/secure.gravatar.com\/avatar\/f0f1e2efdfd88f1ad2cb08c5c2731e50?s=96&d=mm&r=g","caption":"Gabriel Martins"},"sameAs":["https:\/\/www.em.com.br\/emfoco\/"],"url":"https:\/\/www.em.com.br\/emfoco\/author\/gabrielmartinsmyth\/"}]}},"_links":{"self":[{"href":"https:\/\/www.em.com.br\/emfoco\/wp-json\/wp\/v2\/posts\/132915","targetHints":{"allow":["GET"]}}],"collection":[{"href":"https:\/\/www.em.com.br\/emfoco\/wp-json\/wp\/v2\/posts"}],"about":[{"href":"https:\/\/www.em.com.br\/emfoco\/wp-json\/wp\/v2\/types\/post"}],"author":[{"embeddable":true,"href":"https:\/\/www.em.com.br\/emfoco\/wp-json\/wp\/v2\/users\/13"}],"replies":[{"embeddable":true,"href":"https:\/\/www.em.com.br\/emfoco\/wp-json\/wp\/v2\/comments?post=132915"}],"version-history":[{"count":1,"href":"https:\/\/www.em.com.br\/emfoco\/wp-json\/wp\/v2\/posts\/132915\/revisions"}],"predecessor-version":[{"id":132936,"href":"https:\/\/www.em.com.br\/emfoco\/wp-json\/wp\/v2\/posts\/132915\/revisions\/132936"}],"wp:featuredmedia":[{"embeddable":true,"href":"https:\/\/www.em.com.br\/emfoco\/wp-json\/wp\/v2\/media\/132933"}],"wp:attachment":[{"href":"https:\/\/www.em.com.br\/emfoco\/wp-json\/wp\/v2\/media?parent=132915"}],"wp:term":[{"taxonomy":"category","embeddable":true,"href":"https:\/\/www.em.com.br\/emfoco\/wp-json\/wp\/v2\/categories?post=132915"},{"taxonomy":"post_tag","embeddable":true,"href":"https:\/\/www.em.com.br\/emfoco\/wp-json\/wp\/v2\/tags?post=132915"}],"curies":[{"name":"wp","href":"https:\/\/api.w.org\/{rel}","templated":true}]}}