{"id":132914,"date":"2025-12-01T06:55:00","date_gmt":"2025-12-01T09:55:00","guid":{"rendered":"https:\/\/www.em.com.br\/emfoco\/?p=132914"},"modified":"2025-11-27T23:01:48","modified_gmt":"2025-11-28T02:01:48","slug":"mistura-natural-simples-alivia-estresse-e-refresca-a-pele-em-segundos-no-calor-extremo","status":"publish","type":"post","link":"https:\/\/www.em.com.br\/emfoco\/2025\/12\/01\/mistura-natural-simples-alivia-estresse-e-refresca-a-pele-em-segundos-no-calor-extremo\/","title":{"rendered":"Mistura natural simples alivia estresse e refresca a pele em segundos no calor extremo"},"content":{"rendered":"\n<p>Uma <strong>\u00e1gua arom\u00e1tica caseira<\/strong> simples virou a queridinha de quem busca reduzir o estresse e refrescar a pele no calor, unindo autocuidado, aroma relaxante e sensa\u00e7\u00e3o imediata de leveza para dias em que o corpo e a mente parecem sobrecarregados.<\/p>\n\n\n\n<h2 class=\"wp-block-heading\">Por que essa \u00e1gua arom\u00e1tica ganhou tanta popularidade no calor?<\/h2>\n\n\n\n<p>A combina\u00e7\u00e3o de<strong> \u00e1gua filtrada<\/strong>, <strong>hortel\u00e3 <\/strong>e <strong>lavanda <\/strong>se destacou por oferecer um <strong>efeito calmante natural<\/strong> aliado ao frescor imediato. O mentol presente nas <strong><a href=\"https:\/\/www.tuasaude.com\/beneficios-do-cha-de-hortela\/\" target=\"_blank\" rel=\"noreferrer noopener\">folhas de hortel\u00e3<\/a><\/strong> ajuda a equilibrar a temperatura da pele e aliviar aquele rubor t\u00edpico dos dias quentes.<\/p>\n\n\n\n<p>A lavanda age diretamente no <strong>sistema nervoso<\/strong>, diminuindo a tens\u00e3o, soltando a musculatura facial e proporcionando sensa\u00e7\u00e3o de calma em poucos minutos. O resultado \u00e9 um ritual simples que funciona como pausa mental e cuidado com a pele.<\/p>\n\n\n\n<figure class=\"wp-block-image size-large\"><img loading=\"lazy\" decoding=\"async\" width=\"1024\" height=\"576\" src=\"https:\/\/www.em.com.br\/emfoco\/wp-content\/uploads\/2025\/11\/IA-IMG-1-44-1024x576.jpg\" alt=\"Mistura natural simples alivia estresse e refresca a pele em segundos no calor extremo\" class=\"wp-image-132931\" srcset=\"https:\/\/www.em.com.br\/emfoco\/wp-content\/uploads\/2025\/11\/IA-IMG-1-44-1024x576.jpg 1024w, https:\/\/www.em.com.br\/emfoco\/wp-content\/uploads\/2025\/11\/IA-IMG-1-44-300x169.jpg 300w, https:\/\/www.em.com.br\/emfoco\/wp-content\/uploads\/2025\/11\/IA-IMG-1-44-768x432.jpg 768w, https:\/\/www.em.com.br\/emfoco\/wp-content\/uploads\/2025\/11\/IA-IMG-1-44-750x422.jpg 750w, https:\/\/www.em.com.br\/emfoco\/wp-content\/uploads\/2025\/11\/IA-IMG-1-44-1140x641.jpg 1140w, https:\/\/www.em.com.br\/emfoco\/wp-content\/uploads\/2025\/11\/IA-IMG-1-44.jpg 1280w\" sizes=\"auto, (max-width: 1024px) 100vw, 1024px\" \/><figcaption class=\"wp-element-caption\">Hortel\u00e3 oferece frescor imediato e reduz o vermelh\u00e3o causado pelo calor &#8211; Cr\u00e9ditos: Gemini<\/figcaption><\/figure>\n\n\n\n<p><em>Leia mais: <strong><a href=\"https:\/\/www.em.com.br\/emfoco\/2025\/11\/27\/como-conservar-tomate-por-mais-tempo-fora-da-geladeira-sem-perder-qualidade\/\" target=\"_blank\" rel=\"noreferrer noopener\">Como conservar tomate por mais tempo fora da geladeira sem perder qualidade<\/a><\/strong><\/em><\/p>\n\n\n\n<h2 class=\"wp-block-heading\">Quais ingredientes tornam essa receita t\u00e3o eficaz para pele e mente?<\/h2>\n\n\n\n<p>A for\u00e7a dessa receita est\u00e1 na uni\u00e3o de componentes naturais que refrescam, acalmam e reduzem o estresse. A seguir, confira os elementos essenciais da mistura e o motivo de cada um ajudar tanto no conforto t\u00e9rmico e emocional.<\/p>\n\n\n\n<ul class=\"wp-block-list\">\n<li><strong>\u00c1gua filtrada gelada<\/strong>, que hidrata a pele e reduz o aquecimento superficial causado pela exposi\u00e7\u00e3o ao calor intenso.<\/li>\n\n\n\n<li><strong>Folhas frescas de hortel\u00e3<\/strong>, ricas em mentol natural, respons\u00e1veis pela sensa\u00e7\u00e3o geladinha que alivia peso facial e rubor.<\/li>\n\n\n\n<li><strong>Gotas de \u00f3leo essencial de lavanda<\/strong>, reconhecidas por promover relaxamento profundo e diminuir sinais de estresse leve.<\/li>\n<\/ul>\n\n\n\n<h2 class=\"wp-block-heading\">Como essa \u00e1gua arom\u00e1tica atua diretamente na pele durante o calor?<\/h2>\n\n\n\n<p>Quando borrifada no rosto ou colo, a mistura ajuda a equilibrar a <strong>temperatura da pele<\/strong>, reduzindo rapidamente o vermelh\u00e3o causado pelo calor. Esse frescor diminui a sensa\u00e7\u00e3o de incha\u00e7o e oferece al\u00edvio imediato para quem sente o rosto pesado.<\/p>\n\n\n\n<p>A textura leve e o aroma suave estimulam um estado de <strong>bem-estar emocional<\/strong>, j\u00e1 que o mentol refresca enquanto a lavanda acalma. Muitas mulheres relatam sensa\u00e7\u00e3o de pausa mental, mais controle emocional e leveza instant\u00e2nea.<\/p>\n\n\n\n<p>Confira mais dicas de como cuidar a pele com misturas caseiras, compartilhada pelo canal do TikTok <strong>@edsonjunior1122:<\/strong><\/p>\n\n\n\n<blockquote class=\"tiktok-embed\" cite=\"https:\/\/www.tiktok.com\/@edsonjunior1122\/video\/7497748791328656646\" data-video-id=\"7497748791328656646\" style=\"max-width: 605px;min-width: 325px;\" > <section> <a target=\"_blank\" title=\"@edsonjunior1122\" href=\"https:\/\/www.tiktok.com\/@edsonjunior1122?refer=embed\">@edsonjunior1122<\/a> Misturinha caseira com amido de milho e soro fisiol\u00f3gico para poros dilatados, oleosidade em excesso, prote\u00e7\u00e3o e hidrata\u00e7\u00e3o. <a title=\"pelesaudavel\" target=\"_blank\" href=\"https:\/\/www.tiktok.com\/tag\/pelesaudavel?refer=embed\">#pelesaudavel<\/a> <a title=\"cuidadoscomapele\" target=\"_blank\" href=\"https:\/\/www.tiktok.com\/tag\/cuidadoscomapele?refer=embed\">#cuidadoscomapele<\/a> <a title=\"skincare\" target=\"_blank\" href=\"https:\/\/www.tiktok.com\/tag\/skincare?refer=embed\">#skincare<\/a> <a target=\"_blank\" title=\"\u266c som original - Edsonjunior\" href=\"https:\/\/www.tiktok.com\/music\/som-original-7497748974078888709?refer=embed\">\u266c som original &#8211; Edsonjunior<\/a> <\/section> <\/blockquote> <script async src=\"https:\/\/www.tiktok.com\/embed.js\"><\/script>\n\n\n\n<h2 class=\"wp-block-heading\">Qual a melhor forma de preparar, armazenar e usar essa \u00e1gua arom\u00e1tica?<\/h2>\n\n\n\n<p>Para potencializar o efeito gelado e garantir seguran\u00e7a, \u00e9 importante diluir corretamente o \u00f3leo essencial e armazenar tudo em frasco borrifador. A seguir, veja formas pr\u00e1ticas de usar a \u00e1gua durante a rotina.<\/p>\n\n\n\n<ul class=\"wp-block-list\">\n<li><strong>Guardar o frasco na geladeira<\/strong>, garantindo borrifadas ainda mais refrescantes para pele irritada pelo calor.<\/li>\n\n\n\n<li><strong>Aplicar ap\u00f3s o banho ou antes de dormir<\/strong>, criando um ritual de autocuidado que reduz ansiedade leve e melhora o humor.<\/li>\n\n\n\n<li><strong>Usar ao longo do dia<\/strong> sempre que sentir inc\u00f4modo t\u00e9rmico, cansa\u00e7o facial ou necessidade de um momento r\u00e1pido de pausa.<\/li>\n<\/ul>\n","protected":false},"excerpt":{"rendered":"<p>Uma \u00e1gua arom\u00e1tica caseira simples virou a queridinha de quem busca reduzir o estresse e refrescar a pele no calor, unindo autocuidado, aroma relaxante e sensa\u00e7\u00e3o imediata de leveza para dias em que o corpo e a mente parecem sobrecarregados. Por que essa \u00e1gua arom\u00e1tica ganhou tanta popularidade no calor? A combina\u00e7\u00e3o de \u00e1gua filtrada, [&hellip;]<\/p>\n","protected":false},"author":13,"featured_media":132930,"comment_status":"open","ping_status":"open","sticky":false,"template":"","format":"standard","meta":{"jnews-multi-image_gallery":[],"jnews_single_post":{"format":"standard"},"jnews_primary_category":[],"jnews_social_meta":[],"jnews_override_counter":[],"footnotes":""},"categories":[8819],"tags":[19423,19424],"class_list":["post-132914","post","type-post","status-publish","format-standard","has-post-thumbnail","hentry","category-curiosidades","tag-agua-aromatica","tag-efeito-calmante"],"yoast_head":"<!-- This site is optimized with the Yoast SEO plugin v23.8 - https:\/\/yoast.com\/wordpress\/plugins\/seo\/ -->\n<title>Mistura natural simples alivia estresse e refresca a pele em segundos no calor extremo - Estado de Minas - Em foco<\/title>\n<meta name=\"description\" content=\"\u00c1gua arom\u00e1tica com lavanda e hortel\u00e3 refresca a pele e reduz o estresse em dias quentes, promovendo al\u00edvio f\u00edsico e emocional r\u00e1pido.\" \/>\n<meta name=\"robots\" content=\"index, follow, max-snippet:-1, max-image-preview:large, max-video-preview:-1\" \/>\n<link rel=\"canonical\" href=\"https:\/\/www.em.com.br\/emfoco\/2025\/12\/01\/mistura-natural-simples-alivia-estresse-e-refresca-a-pele-em-segundos-no-calor-extremo\/\" \/>\n<meta property=\"og:locale\" content=\"pt_BR\" \/>\n<meta property=\"og:type\" content=\"article\" \/>\n<meta property=\"og:title\" content=\"Mistura natural simples alivia estresse e refresca a pele em segundos no calor extremo - Estado de Minas - Em foco\" \/>\n<meta property=\"og:description\" content=\"\u00c1gua arom\u00e1tica com lavanda e hortel\u00e3 refresca a pele e reduz o estresse em dias quentes, promovendo al\u00edvio f\u00edsico e emocional r\u00e1pido.\" \/>\n<meta property=\"og:url\" content=\"https:\/\/www.em.com.br\/emfoco\/2025\/12\/01\/mistura-natural-simples-alivia-estresse-e-refresca-a-pele-em-segundos-no-calor-extremo\/\" \/>\n<meta property=\"og:site_name\" content=\"Estado de Minas - Em foco\" \/>\n<meta property=\"article:published_time\" content=\"2025-12-01T09:55:00+00:00\" \/>\n<meta property=\"article:modified_time\" content=\"2025-11-28T02:01:48+00:00\" \/>\n<meta property=\"og:image\" content=\"https:\/\/www.em.com.br\/emfoco\/wp-content\/uploads\/2025\/11\/IA-IMG-67.jpg\" \/>\n\t<meta property=\"og:image:width\" content=\"1280\" \/>\n\t<meta property=\"og:image:height\" content=\"720\" \/>\n\t<meta property=\"og:image:type\" content=\"image\/jpeg\" \/>\n<meta name=\"author\" content=\"Gabriel Martins\" \/>\n<meta name=\"twitter:card\" content=\"summary_large_image\" \/>\n<meta name=\"twitter:label1\" content=\"Escrito por\" \/>\n\t<meta name=\"twitter:data1\" content=\"Gabriel Martins\" \/>\n\t<meta name=\"twitter:label2\" content=\"Est. tempo de leitura\" \/>\n\t<meta name=\"twitter:data2\" content=\"3 minutos\" \/>\n<!-- \/ Yoast SEO plugin. -->","yoast_head_json":{"title":"Mistura natural simples alivia estresse e refresca a pele em segundos no calor extremo - Estado de Minas - Em foco","description":"\u00c1gua arom\u00e1tica com lavanda e hortel\u00e3 refresca a pele e reduz o estresse em dias quentes, promovendo al\u00edvio f\u00edsico e emocional r\u00e1pido.","robots":{"index":"index","follow":"follow","max-snippet":"max-snippet:-1","max-image-preview":"max-image-preview:large","max-video-preview":"max-video-preview:-1"},"canonical":"https:\/\/www.em.com.br\/emfoco\/2025\/12\/01\/mistura-natural-simples-alivia-estresse-e-refresca-a-pele-em-segundos-no-calor-extremo\/","og_locale":"pt_BR","og_type":"article","og_title":"Mistura natural simples alivia estresse e refresca a pele em segundos no calor extremo - Estado de Minas - Em foco","og_description":"\u00c1gua arom\u00e1tica com lavanda e hortel\u00e3 refresca a pele e reduz o estresse em dias quentes, promovendo al\u00edvio f\u00edsico e emocional r\u00e1pido.","og_url":"https:\/\/www.em.com.br\/emfoco\/2025\/12\/01\/mistura-natural-simples-alivia-estresse-e-refresca-a-pele-em-segundos-no-calor-extremo\/","og_site_name":"Estado de Minas - Em foco","article_published_time":"2025-12-01T09:55:00+00:00","article_modified_time":"2025-11-28T02:01:48+00:00","og_image":[{"width":1280,"height":720,"url":"https:\/\/www.em.com.br\/emfoco\/wp-content\/uploads\/2025\/11\/IA-IMG-67.jpg","type":"image\/jpeg"}],"author":"Gabriel Martins","twitter_card":"summary_large_image","twitter_misc":{"Escrito por":"Gabriel Martins","Est. tempo de leitura":"3 minutos"},"schema":{"@context":"https:\/\/schema.org","@graph":[{"@type":"WebPage","@id":"https:\/\/www.em.com.br\/emfoco\/2025\/12\/01\/mistura-natural-simples-alivia-estresse-e-refresca-a-pele-em-segundos-no-calor-extremo\/","url":"https:\/\/www.em.com.br\/emfoco\/2025\/12\/01\/mistura-natural-simples-alivia-estresse-e-refresca-a-pele-em-segundos-no-calor-extremo\/","name":"Mistura natural simples alivia estresse e refresca a pele em segundos no calor extremo - Estado de Minas - Em foco","isPartOf":{"@id":"https:\/\/www.em.com.br\/emfoco\/#website"},"primaryImageOfPage":{"@id":"https:\/\/www.em.com.br\/emfoco\/2025\/12\/01\/mistura-natural-simples-alivia-estresse-e-refresca-a-pele-em-segundos-no-calor-extremo\/#primaryimage"},"image":{"@id":"https:\/\/www.em.com.br\/emfoco\/2025\/12\/01\/mistura-natural-simples-alivia-estresse-e-refresca-a-pele-em-segundos-no-calor-extremo\/#primaryimage"},"thumbnailUrl":"https:\/\/www.em.com.br\/emfoco\/wp-content\/uploads\/2025\/11\/IA-IMG-67.jpg","datePublished":"2025-12-01T09:55:00+00:00","dateModified":"2025-11-28T02:01:48+00:00","author":{"@id":"https:\/\/www.em.com.br\/emfoco\/#\/schema\/person\/1c9ddeab18b98abeffef834667bcf08a"},"description":"\u00c1gua arom\u00e1tica com lavanda e hortel\u00e3 refresca a pele e reduz o estresse em dias quentes, promovendo al\u00edvio f\u00edsico e emocional r\u00e1pido.","breadcrumb":{"@id":"https:\/\/www.em.com.br\/emfoco\/2025\/12\/01\/mistura-natural-simples-alivia-estresse-e-refresca-a-pele-em-segundos-no-calor-extremo\/#breadcrumb"},"inLanguage":"pt-BR","potentialAction":[{"@type":"ReadAction","target":["https:\/\/www.em.com.br\/emfoco\/2025\/12\/01\/mistura-natural-simples-alivia-estresse-e-refresca-a-pele-em-segundos-no-calor-extremo\/"]}]},{"@type":"ImageObject","inLanguage":"pt-BR","@id":"https:\/\/www.em.com.br\/emfoco\/2025\/12\/01\/mistura-natural-simples-alivia-estresse-e-refresca-a-pele-em-segundos-no-calor-extremo\/#primaryimage","url":"https:\/\/www.em.com.br\/emfoco\/wp-content\/uploads\/2025\/11\/IA-IMG-67.jpg","contentUrl":"https:\/\/www.em.com.br\/emfoco\/wp-content\/uploads\/2025\/11\/IA-IMG-67.jpg","width":1280,"height":720,"caption":"\u00c1gua arom\u00e1tica refrescante virou aliada essencial para pele e mente - Cr\u00e9ditos: Gemini"},{"@type":"BreadcrumbList","@id":"https:\/\/www.em.com.br\/emfoco\/2025\/12\/01\/mistura-natural-simples-alivia-estresse-e-refresca-a-pele-em-segundos-no-calor-extremo\/#breadcrumb","itemListElement":[{"@type":"ListItem","position":1,"name":"In\u00edcio","item":"https:\/\/www.em.com.br\/emfoco\/"},{"@type":"ListItem","position":2,"name":"Mistura natural simples alivia estresse e refresca a pele em segundos no calor extremo"}]},{"@type":"WebSite","@id":"https:\/\/www.em.com.br\/emfoco\/#website","url":"https:\/\/www.em.com.br\/emfoco\/","name":"Estado de Minas - Em foco","description":"Acompanhe as \u00faltimas not\u00edcias e fique bem informado sobre tudo o que acontece em Minas Gerais, Brasil e no mundo.","potentialAction":[{"@type":"SearchAction","target":{"@type":"EntryPoint","urlTemplate":"https:\/\/www.em.com.br\/emfoco\/?s={search_term_string}"},"query-input":{"@type":"PropertyValueSpecification","valueRequired":true,"valueName":"search_term_string"}}],"inLanguage":"pt-BR"},{"@type":"Person","@id":"https:\/\/www.em.com.br\/emfoco\/#\/schema\/person\/1c9ddeab18b98abeffef834667bcf08a","name":"Gabriel Martins","image":{"@type":"ImageObject","inLanguage":"pt-BR","@id":"https:\/\/www.em.com.br\/emfoco\/#\/schema\/person\/image\/","url":"https:\/\/secure.gravatar.com\/avatar\/f0f1e2efdfd88f1ad2cb08c5c2731e50?s=96&d=mm&r=g","contentUrl":"https:\/\/secure.gravatar.com\/avatar\/f0f1e2efdfd88f1ad2cb08c5c2731e50?s=96&d=mm&r=g","caption":"Gabriel Martins"},"sameAs":["https:\/\/www.em.com.br\/emfoco\/"],"url":"https:\/\/www.em.com.br\/emfoco\/author\/gabrielmartinsmyth\/"}]}},"_links":{"self":[{"href":"https:\/\/www.em.com.br\/emfoco\/wp-json\/wp\/v2\/posts\/132914","targetHints":{"allow":["GET"]}}],"collection":[{"href":"https:\/\/www.em.com.br\/emfoco\/wp-json\/wp\/v2\/posts"}],"about":[{"href":"https:\/\/www.em.com.br\/emfoco\/wp-json\/wp\/v2\/types\/post"}],"author":[{"embeddable":true,"href":"https:\/\/www.em.com.br\/emfoco\/wp-json\/wp\/v2\/users\/13"}],"replies":[{"embeddable":true,"href":"https:\/\/www.em.com.br\/emfoco\/wp-json\/wp\/v2\/comments?post=132914"}],"version-history":[{"count":1,"href":"https:\/\/www.em.com.br\/emfoco\/wp-json\/wp\/v2\/posts\/132914\/revisions"}],"predecessor-version":[{"id":132932,"href":"https:\/\/www.em.com.br\/emfoco\/wp-json\/wp\/v2\/posts\/132914\/revisions\/132932"}],"wp:featuredmedia":[{"embeddable":true,"href":"https:\/\/www.em.com.br\/emfoco\/wp-json\/wp\/v2\/media\/132930"}],"wp:attachment":[{"href":"https:\/\/www.em.com.br\/emfoco\/wp-json\/wp\/v2\/media?parent=132914"}],"wp:term":[{"taxonomy":"category","embeddable":true,"href":"https:\/\/www.em.com.br\/emfoco\/wp-json\/wp\/v2\/categories?post=132914"},{"taxonomy":"post_tag","embeddable":true,"href":"https:\/\/www.em.com.br\/emfoco\/wp-json\/wp\/v2\/tags?post=132914"}],"curies":[{"name":"wp","href":"https:\/\/api.w.org\/{rel}","templated":true}]}}