{"id":13285,"date":"2025-01-24T07:20:52","date_gmt":"2025-01-24T10:20:52","guid":{"rendered":"https:\/\/www.em.com.br\/emfoco\/?p=13285"},"modified":"2025-01-24T00:26:06","modified_gmt":"2025-01-24T03:26:06","slug":"fim-das-filas-confira","status":"publish","type":"post","link":"https:\/\/www.em.com.br\/emfoco\/2025\/01\/24\/fim-das-filas-confira\/","title":{"rendered":"Fim das filas? Confira!"},"content":{"rendered":"\n<p>No ano de 2025, os titulares do <a href=\"https:\/\/www.gov.br\/mds\/pt-br\/acoes-e-programas\/bolsa-familia\" target=\"_blank\" rel=\"noreferrer noopener\">Bolsa Fam\u00edlia<\/a> enfrentar\u00e3o altera\u00e7\u00f5es significativas com a introdu\u00e7\u00e3o do cadastro biom\u00e9trico <a href=\"https:\/\/www.em.com.br\/emfoco\/2025\/01\/23\/o-que-torna-minas-gerais-tao-especial\/\" target=\"_blank\" rel=\"noreferrer noopener\">obrigat\u00f3rio<\/a>. A medida, aprovada pelo Congresso, visa incrementar a seguran\u00e7a e combater fraudes no programa, modernizando sua administra\u00e7\u00e3o. A tecnologia oferece maior transpar\u00eancia na distribui\u00e7\u00e3o dos recursos, garantindo que apenas benefici\u00e1rios leg\u00edtimos acessem o servi\u00e7o.<\/p>\n\n\n\n<p>A iniciativa busca alinhar o Bolsa Fam\u00edlia a padr\u00f5es internacionais j\u00e1 aplicados em outras formas de assist\u00eancia social. O sistema biom\u00e9trico, que utiliza dados \u00fanicos como impress\u00f5es digitais, ser\u00e1 implantado em todo o pa\u00eds. Os benefici\u00e1rios contar\u00e3o com maior seguran\u00e7a no processamento e recebimento dos benef\u00edcios.<\/p>\n\n\n\n<h2 class=\"wp-block-heading\">Como Funcionar\u00e1 o Cadastro Biom\u00e9trico do Bolsa Fam\u00edlia?<\/h2>\n\n\n\n<p>A biometria no Bolsa Fam\u00edlia utilizar\u00e1 impress\u00f5es digitais para identificar os benefici\u00e1rios, minimizando as chances de fraude. Essa metodologia j\u00e1 \u00e9 empregada no Benef\u00edcio de Presta\u00e7\u00e3o Continuada (BPC) e agora ser\u00e1 expandida para o Bolsa Fam\u00edlia. O foco est\u00e1 na efici\u00eancia e na melhora do sistema de administra\u00e7\u00e3o dos pagamentos.<\/p>\n\n\n<div class=\"wp-block-image\">\n<figure class=\"aligncenter size-large\"><img loading=\"lazy\" decoding=\"async\" width=\"1024\" height=\"576\" src=\"https:\/\/www.em.com.br\/emfoco\/wp-content\/uploads\/2024\/11\/Biometria_1732875688227-1024x576.jpg\" alt=\"\" class=\"wp-image-2185\" srcset=\"https:\/\/www.em.com.br\/emfoco\/wp-content\/uploads\/2024\/11\/Biometria_1732875688227-1024x576.jpg 1024w, https:\/\/www.em.com.br\/emfoco\/wp-content\/uploads\/2024\/11\/Biometria_1732875688227-300x169.jpg 300w, https:\/\/www.em.com.br\/emfoco\/wp-content\/uploads\/2024\/11\/Biometria_1732875688227-768x432.jpg 768w, https:\/\/www.em.com.br\/emfoco\/wp-content\/uploads\/2024\/11\/Biometria_1732875688227-750x422.jpg 750w, https:\/\/www.em.com.br\/emfoco\/wp-content\/uploads\/2024\/11\/Biometria_1732875688227-1140x641.jpg 1140w, https:\/\/www.em.com.br\/emfoco\/wp-content\/uploads\/2024\/11\/Biometria_1732875688227.jpg 1280w\" sizes=\"auto, (max-width: 1024px) 100vw, 1024px\" \/><figcaption class=\"wp-element-caption\">Scanning fingerprint from finger. Biometric and security concept.<\/figcaption><\/figure><\/div>\n\n\n<p>A coleta biom\u00e9trica ser\u00e1 coordenada pelo Minist\u00e9rio do Desenvolvimento Social (MDS). As etapas do cadastro ser\u00e3o divulgadas previamente para que os benefici\u00e1rios saibam exatamente o que esperar. O cronograma incluir\u00e1 datas e locais, permitindo um processo organizado e abrangente.<\/p>\n\n\n\n<h2 class=\"wp-block-heading\">Quais S\u00e3o as Vantagens da Biometria para o Bolsa Fam\u00edlia?<\/h2>\n\n\n\n<p>A principal vantagem da implementa\u00e7\u00e3o da biometria \u00e9 a seguran\u00e7a aprimorada. Com base nas impress\u00f5es digitais \u00fanicas dos titulares, o sistema dificulta fraudes e roubos de identidade. Al\u00e9m disso, o processo traz praticidade ao dispensar a necessidade de documentos f\u00edsicos, j\u00e1 que a informa\u00e7\u00e3o biom\u00e9trica bastar\u00e1 para o acesso ao benef\u00edcio.<\/p>\n\n\n\n<p>Outros benef\u00edcios incluem o aumento da agilidade nos atendimentos e maior confiabilidade no recebimento do aux\u00edlio. Com a redu\u00e7\u00e3o das fraudes, os recursos chegar\u00e3o efetivamente \u00e0s pessoas que t\u00eam direito, melhorando a integridade do programa social.<\/p>\n\n\n\n<h2 class=\"wp-block-heading\">Etapas do Cadastro Biom\u00e9trico do Bolsa Fam\u00edlia<\/h2>\n\n\n\n<ol class=\"wp-block-list\">\n<li><strong>Convoca\u00e7\u00e3o:<\/strong> Os benefici\u00e1rios receber\u00e3o notifica\u00e7\u00f5es por meio do aplicativo do Bolsa Fam\u00edlia ou nos Centros de Refer\u00eancia de Assist\u00eancia Social (CRAS).<\/li>\n\n\n\n<li><strong>Comparecimento:<\/strong> Ap\u00f3s serem informados, os titulares dever\u00e3o se dirigir aos CRAS ou a unidades m\u00f3veis para efetuar o cadastramento.<\/li>\n\n\n\n<li><strong>Coleta de Dados:<\/strong> Durante o atendimento, suas impress\u00f5es digitais ser\u00e3o capturadas e integradas ao sistema do programa.<\/li>\n\n\n\n<li><strong>Atualiza\u00e7\u00e3o do Sistema:<\/strong> As informa\u00e7\u00f5es biom\u00e9tricas ser\u00e3o inseridas na base de dados para aumentar a seguran\u00e7a.<\/li>\n\n\n\n<li><strong>Confirma\u00e7\u00e3o:<\/strong> Os benefici\u00e1rios receber\u00e3o uma confirma\u00e7\u00e3o ap\u00f3s a conclus\u00e3o do cadastro com sucesso.<\/li>\n<\/ol>\n\n\n\n<h2 class=\"wp-block-heading\">Recomenda\u00e7\u00f5es para os Benefici\u00e1rios do Bolsa Fam\u00edlia<\/h2>\n\n\n\n<p>\u00c9 importante que os titulares do Bolsa Fam\u00edlia aguardem a convoca\u00e7\u00e3o oficial antes de procurarem qualquer local de atendimento. Manter as informa\u00e7\u00f5es atualizadas no Cadastro \u00danico (Cad\u00danico) tamb\u00e9m \u00e9 crucial para evitar problemas durante o processo de biometria.<\/p>\n\n\n\n<p>Ainda que a biometria elimine os documentos f\u00edsicos, \u00e9 recomend\u00e1vel levar os documentos pessoais para o cadastramento inicial. Essa medida garante que o processo ocorra sem contratempos ou erros.<\/p>\n","protected":false},"excerpt":{"rendered":"<p>No ano de 2025, os titulares do Bolsa Fam\u00edlia enfrentar\u00e3o altera\u00e7\u00f5es significativas com a introdu\u00e7\u00e3o do cadastro biom\u00e9trico obrigat\u00f3rio. A medida, aprovada pelo Congresso, visa incrementar a seguran\u00e7a e combater fraudes no programa, modernizando sua administra\u00e7\u00e3o. A tecnologia oferece maior transpar\u00eancia na distribui\u00e7\u00e3o dos recursos, garantindo que apenas benefici\u00e1rios leg\u00edtimos acessem o servi\u00e7o. A iniciativa [&hellip;]<\/p>\n","protected":false},"author":7,"featured_media":2182,"comment_status":"open","ping_status":"open","sticky":false,"template":"","format":"standard","meta":{"jnews-multi-image_gallery":[],"jnews_single_post":{"format":"standard"},"jnews_primary_category":[],"jnews_social_meta":[],"jnews_override_counter":[],"footnotes":""},"categories":[28],"tags":[498,209,3360,163,182],"class_list":["post-13285","post","type-post","status-publish","format-standard","has-post-thumbnail","hentry","category-economia","tag-assistencia-social","tag-bolsa-familia","tag-cadastro-biometrico","tag-fraude","tag-seguranca"],"yoast_head":"<!-- This site is optimized with the Yoast SEO plugin v23.8 - https:\/\/yoast.com\/wordpress\/plugins\/seo\/ -->\n<title>Fim das filas? Confira! - Estado de Minas - Em foco<\/title>\n<meta name=\"description\" content=\"Novo sistema biom\u00e9trico de seguran\u00e7a do Bolsa Fam\u00edlia ser\u00e1 implementado em 2025 para combater fraudes e melhorar a efici\u00eancia do programa social brasileiro.\" \/>\n<meta name=\"robots\" content=\"index, follow, max-snippet:-1, max-image-preview:large, max-video-preview:-1\" \/>\n<link rel=\"canonical\" href=\"https:\/\/www.em.com.br\/emfoco\/2025\/01\/24\/fim-das-filas-confira\/\" \/>\n<meta property=\"og:locale\" content=\"pt_BR\" \/>\n<meta property=\"og:type\" content=\"article\" \/>\n<meta property=\"og:title\" content=\"Fim das filas? Confira! - Estado de Minas - Em foco\" \/>\n<meta property=\"og:description\" content=\"Novo sistema biom\u00e9trico de seguran\u00e7a do Bolsa Fam\u00edlia ser\u00e1 implementado em 2025 para combater fraudes e melhorar a efici\u00eancia do programa social brasileiro.\" \/>\n<meta property=\"og:url\" content=\"https:\/\/www.em.com.br\/emfoco\/2025\/01\/24\/fim-das-filas-confira\/\" \/>\n<meta property=\"og:site_name\" content=\"Estado de Minas - Em foco\" \/>\n<meta property=\"article:published_time\" content=\"2025-01-24T10:20:52+00:00\" \/>\n<meta property=\"article:modified_time\" content=\"2025-01-24T03:26:06+00:00\" \/>\n<meta property=\"og:image\" content=\"https:\/\/www.em.com.br\/emfoco\/wp-content\/uploads\/2024\/11\/Bolsa-familia_1732875432173.jpg\" \/>\n\t<meta property=\"og:image:width\" content=\"1280\" \/>\n\t<meta property=\"og:image:height\" content=\"720\" \/>\n\t<meta property=\"og:image:type\" content=\"image\/jpeg\" \/>\n<meta name=\"author\" content=\"Kelvin\" \/>\n<meta name=\"twitter:card\" content=\"summary_large_image\" \/>\n<meta name=\"twitter:label1\" content=\"Escrito por\" \/>\n\t<meta name=\"twitter:data1\" content=\"Kelvin\" \/>\n\t<meta name=\"twitter:label2\" content=\"Est. tempo de leitura\" \/>\n\t<meta name=\"twitter:data2\" content=\"3 minutos\" \/>\n<!-- \/ Yoast SEO plugin. -->","yoast_head_json":{"title":"Fim das filas? Confira! - Estado de Minas - Em foco","description":"Novo sistema biom\u00e9trico de seguran\u00e7a do Bolsa Fam\u00edlia ser\u00e1 implementado em 2025 para combater fraudes e melhorar a efici\u00eancia do programa social brasileiro.","robots":{"index":"index","follow":"follow","max-snippet":"max-snippet:-1","max-image-preview":"max-image-preview:large","max-video-preview":"max-video-preview:-1"},"canonical":"https:\/\/www.em.com.br\/emfoco\/2025\/01\/24\/fim-das-filas-confira\/","og_locale":"pt_BR","og_type":"article","og_title":"Fim das filas? Confira! - Estado de Minas - Em foco","og_description":"Novo sistema biom\u00e9trico de seguran\u00e7a do Bolsa Fam\u00edlia ser\u00e1 implementado em 2025 para combater fraudes e melhorar a efici\u00eancia do programa social brasileiro.","og_url":"https:\/\/www.em.com.br\/emfoco\/2025\/01\/24\/fim-das-filas-confira\/","og_site_name":"Estado de Minas - Em foco","article_published_time":"2025-01-24T10:20:52+00:00","article_modified_time":"2025-01-24T03:26:06+00:00","og_image":[{"width":1280,"height":720,"url":"https:\/\/www.em.com.br\/emfoco\/wp-content\/uploads\/2024\/11\/Bolsa-familia_1732875432173.jpg","type":"image\/jpeg"}],"author":"Kelvin","twitter_card":"summary_large_image","twitter_misc":{"Escrito por":"Kelvin","Est. tempo de leitura":"3 minutos"},"schema":{"@context":"https:\/\/schema.org","@graph":[{"@type":"WebPage","@id":"https:\/\/www.em.com.br\/emfoco\/2025\/01\/24\/fim-das-filas-confira\/","url":"https:\/\/www.em.com.br\/emfoco\/2025\/01\/24\/fim-das-filas-confira\/","name":"Fim das filas? Confira! - Estado de Minas - Em foco","isPartOf":{"@id":"https:\/\/www.em.com.br\/emfoco\/#website"},"primaryImageOfPage":{"@id":"https:\/\/www.em.com.br\/emfoco\/2025\/01\/24\/fim-das-filas-confira\/#primaryimage"},"image":{"@id":"https:\/\/www.em.com.br\/emfoco\/2025\/01\/24\/fim-das-filas-confira\/#primaryimage"},"thumbnailUrl":"https:\/\/www.em.com.br\/emfoco\/wp-content\/uploads\/2024\/11\/Bolsa-familia_1732875432173.jpg","datePublished":"2025-01-24T10:20:52+00:00","dateModified":"2025-01-24T03:26:06+00:00","author":{"@id":"https:\/\/www.em.com.br\/emfoco\/#\/schema\/person\/fb0a7f48c6fbb94b83f413a80f61917d"},"description":"Novo sistema biom\u00e9trico de seguran\u00e7a do Bolsa Fam\u00edlia ser\u00e1 implementado em 2025 para combater fraudes e melhorar a efici\u00eancia do programa social brasileiro.","breadcrumb":{"@id":"https:\/\/www.em.com.br\/emfoco\/2025\/01\/24\/fim-das-filas-confira\/#breadcrumb"},"inLanguage":"pt-BR","potentialAction":[{"@type":"ReadAction","target":["https:\/\/www.em.com.br\/emfoco\/2025\/01\/24\/fim-das-filas-confira\/"]}]},{"@type":"ImageObject","inLanguage":"pt-BR","@id":"https:\/\/www.em.com.br\/emfoco\/2025\/01\/24\/fim-das-filas-confira\/#primaryimage","url":"https:\/\/www.em.com.br\/emfoco\/wp-content\/uploads\/2024\/11\/Bolsa-familia_1732875432173.jpg","contentUrl":"https:\/\/www.em.com.br\/emfoco\/wp-content\/uploads\/2024\/11\/Bolsa-familia_1732875432173.jpg","width":1280,"height":720,"caption":"Cart\u00e3o bolsa familia - Cr\u00e9ditos: depositphotos.com \/ joasouza"},{"@type":"BreadcrumbList","@id":"https:\/\/www.em.com.br\/emfoco\/2025\/01\/24\/fim-das-filas-confira\/#breadcrumb","itemListElement":[{"@type":"ListItem","position":1,"name":"In\u00edcio","item":"https:\/\/www.em.com.br\/emfoco\/"},{"@type":"ListItem","position":2,"name":"Fim das filas? Confira!"}]},{"@type":"WebSite","@id":"https:\/\/www.em.com.br\/emfoco\/#website","url":"https:\/\/www.em.com.br\/emfoco\/","name":"Estado de Minas - Em foco","description":"Acompanhe as \u00faltimas not\u00edcias e fique bem informado sobre tudo o que acontece em Minas Gerais, Brasil e no mundo.","potentialAction":[{"@type":"SearchAction","target":{"@type":"EntryPoint","urlTemplate":"https:\/\/www.em.com.br\/emfoco\/?s={search_term_string}"},"query-input":{"@type":"PropertyValueSpecification","valueRequired":true,"valueName":"search_term_string"}}],"inLanguage":"pt-BR"},{"@type":"Person","@id":"https:\/\/www.em.com.br\/emfoco\/#\/schema\/person\/fb0a7f48c6fbb94b83f413a80f61917d","name":"Kelvin","image":{"@type":"ImageObject","inLanguage":"pt-BR","@id":"https:\/\/www.em.com.br\/emfoco\/#\/schema\/person\/image\/","url":"https:\/\/secure.gravatar.com\/avatar\/e74f84337e6bf6c4c5e88fbdffa05270?s=96&d=mm&r=g","contentUrl":"https:\/\/secure.gravatar.com\/avatar\/e74f84337e6bf6c4c5e88fbdffa05270?s=96&d=mm&r=g","caption":"Kelvin"},"sameAs":["https:\/\/www.em.com.br\/emfoco"],"url":"https:\/\/www.em.com.br\/emfoco\/author\/kelvinmyth\/"}]}},"_links":{"self":[{"href":"https:\/\/www.em.com.br\/emfoco\/wp-json\/wp\/v2\/posts\/13285","targetHints":{"allow":["GET"]}}],"collection":[{"href":"https:\/\/www.em.com.br\/emfoco\/wp-json\/wp\/v2\/posts"}],"about":[{"href":"https:\/\/www.em.com.br\/emfoco\/wp-json\/wp\/v2\/types\/post"}],"author":[{"embeddable":true,"href":"https:\/\/www.em.com.br\/emfoco\/wp-json\/wp\/v2\/users\/7"}],"replies":[{"embeddable":true,"href":"https:\/\/www.em.com.br\/emfoco\/wp-json\/wp\/v2\/comments?post=13285"}],"version-history":[{"count":2,"href":"https:\/\/www.em.com.br\/emfoco\/wp-json\/wp\/v2\/posts\/13285\/revisions"}],"predecessor-version":[{"id":13287,"href":"https:\/\/www.em.com.br\/emfoco\/wp-json\/wp\/v2\/posts\/13285\/revisions\/13287"}],"wp:featuredmedia":[{"embeddable":true,"href":"https:\/\/www.em.com.br\/emfoco\/wp-json\/wp\/v2\/media\/2182"}],"wp:attachment":[{"href":"https:\/\/www.em.com.br\/emfoco\/wp-json\/wp\/v2\/media?parent=13285"}],"wp:term":[{"taxonomy":"category","embeddable":true,"href":"https:\/\/www.em.com.br\/emfoco\/wp-json\/wp\/v2\/categories?post=13285"},{"taxonomy":"post_tag","embeddable":true,"href":"https:\/\/www.em.com.br\/emfoco\/wp-json\/wp\/v2\/tags?post=13285"}],"curies":[{"name":"wp","href":"https:\/\/api.w.org\/{rel}","templated":true}]}}