{"id":132829,"date":"2025-11-29T17:25:00","date_gmt":"2025-11-29T20:25:00","guid":{"rendered":"https:\/\/www.em.com.br\/emfoco\/?p=132829"},"modified":"2025-11-27T23:53:25","modified_gmt":"2025-11-28T02:53:25","slug":"como-evitar-imprevistos-nas-viagens-de-fim-de-ano-com-as-mudancas-das-regras-de-bagagem","status":"publish","type":"post","link":"https:\/\/www.em.com.br\/emfoco\/2025\/11\/29\/como-evitar-imprevistos-nas-viagens-de-fim-de-ano-com-as-mudancas-das-regras-de-bagagem\/","title":{"rendered":"Como evitar imprevistos nas viagens de fim de ano com as mudan\u00e7as das regras de bagagem"},"content":{"rendered":"\n<p>O per\u00edodo de Ano Novo \u00e9 um dos mais movimentados do turismo e traz maior volume de passageiros, exigindo aten\u00e7\u00e3o das companhias a\u00e9reas para evitar atrasos, transtornos e problemas com bagagem, especialmente diante de recentes mudan\u00e7as nas regras e direitos dos consumidores.<\/p>\n\n\n\n<h2 class=\"wp-block-heading\">Veja quais s\u00e3o as novas regras de bagagem adotadas pela ANAC<\/h2>\n\n\n<div class=\"wp-block-image\">\n<figure class=\"aligncenter size-large\"><img loading=\"lazy\" decoding=\"async\" width=\"1024\" height=\"576\" src=\"https:\/\/www.em.com.br\/emfoco\/wp-content\/uploads\/2025\/10\/bagagem-de-mao_1760988564165-1024x576.jpg\" alt=\"Senado define direito a levar bagagem de m\u00e3o sem custo\" class=\"wp-image-118993\" srcset=\"https:\/\/www.em.com.br\/emfoco\/wp-content\/uploads\/2025\/10\/bagagem-de-mao_1760988564165-1024x576.jpg 1024w, https:\/\/www.em.com.br\/emfoco\/wp-content\/uploads\/2025\/10\/bagagem-de-mao_1760988564165-300x169.jpg 300w, https:\/\/www.em.com.br\/emfoco\/wp-content\/uploads\/2025\/10\/bagagem-de-mao_1760988564165-768x432.jpg 768w, https:\/\/www.em.com.br\/emfoco\/wp-content\/uploads\/2025\/10\/bagagem-de-mao_1760988564165-750x422.jpg 750w, https:\/\/www.em.com.br\/emfoco\/wp-content\/uploads\/2025\/10\/bagagem-de-mao_1760988564165-1140x641.jpg 1140w, https:\/\/www.em.com.br\/emfoco\/wp-content\/uploads\/2025\/10\/bagagem-de-mao_1760988564165.jpg 1280w\" sizes=\"auto, (max-width: 1024px) 100vw, 1024px\" \/><figcaption class=\"wp-element-caption\">Evite imprevistos com as novas regras de bagagem &#8211; Cr\u00e9ditos: depositphotos.com \/ edmond77<\/figcaption><\/figure><\/div>\n\n\n<p>A <strong>Ag\u00eancia Nacional de Avia\u00e7\u00e3o Civil<\/strong> (ANAC) implementou diretrizes atualizadas com objetivos de garantir justi\u00e7a, transpar\u00eancia e efici\u00eancia no transporte de bagagens. As regras abrangem limites de peso e dimens\u00f5es para bagagem de m\u00e3o, assim como informa\u00e7\u00f5es claras sobre taxas de bagagem despachada e compensa\u00e7\u00f5es em caso de extravio ou danos.<\/p>\n\n\n\n<p>Essas normas foram criadas para alinhar pr\u00e1ticas do setor no <strong>Brasil <\/strong>a padr\u00f5es internacionais, e j\u00e1 trazem impactos positivos para passageiros, que agora t\u00eam mais previsibilidade na hora de embarcar com seus pertences.<\/p>\n\n\n\n<h2 class=\"wp-block-heading\">Entenda os limites e cobran\u00e7as das bagagens de m\u00e3o e despachadas<\/h2>\n\n\n\n<p>Os viajantes devem se atentar aos limites estabelecidos para bagagens de m\u00e3o, geralmente at\u00e9 10 kg, e dimens\u00f5es espec\u00edficas para evitar taxas extras ou problemas no embarque. As empresas precisam informar de forma clara todas as tarifas referentes a despacho de malas, prevenindo cobran\u00e7as abusivas ou surpresas.<\/p>\n\n\n\n<p>Para facilitar o planejamento, confira abaixo os principais pontos dessas regras de bagagem:<\/p>\n\n\n\n<ul class=\"wp-block-list\">\n<li><strong>Bagagem de m\u00e3o<\/strong>: limite de at\u00e9 10 kg e dimens\u00f5es m\u00e1ximas especificadas pela companhia<\/li>\n\n\n\n<li><strong>Bagagem despachada<\/strong>: valores das tarifas devem ser informados previamente<\/li>\n\n\n\n<li>Direito \u00e0 indeniza\u00e7\u00e3o em caso de dano, extravio ou perda<\/li>\n<\/ul>\n\n\n\n<p>Leia mais: <a href=\"https:\/\/www.em.com.br\/emfoco\/2025\/11\/25\/mudancas-na-previdencia-veja-as-regras-atualizadas-do-inss-e-os-criterios-essenciais\/\" target=\"_blank\" rel=\"noreferrer noopener\">Mudan\u00e7as na Previd\u00eancia? Veja as regras atualizadas do INSS e os crit\u00e9rios essenciais<\/a><\/p>\n\n\n\n<h2 class=\"wp-block-heading\">Quais s\u00e3o as mudan\u00e7as na indeniza\u00e7\u00e3o por atraso ou extravio de bagagem<\/h2>\n\n\n\n<p>As normas de indeniza\u00e7\u00e3o a passageiros foram revisadas para garantir compensa\u00e7\u00f5es mais justas e r\u00e1pidas. Agora, eventuais falhas das companhias que causem atrasos expressivos ou extravio de bagagens geram direito a valores maiores de indeniza\u00e7\u00e3o.<\/p>\n\n\n\n<p>Essa mudan\u00e7a refor\u00e7a a necessidade das empresas investirem em log\u00edstica e bom atendimento, elevando o padr\u00e3o de servi\u00e7o oferecido aos clientes durante per\u00edodos de alta demanda.<\/p>\n\n\n\n<h2 class=\"wp-block-heading\">Veja como se preparar para viajar durante o Ano Novo sem imprevistos<\/h2>\n\n\n<div class=\"wp-block-image\">\n<figure class=\"aligncenter size-large\"><img loading=\"lazy\" decoding=\"async\" width=\"1024\" height=\"576\" src=\"https:\/\/www.em.com.br\/emfoco\/wp-content\/uploads\/2025\/09\/aviao_1756939538723-1024x576.jpg\" alt=\"Avi\u00f5es Embraer E2 prometem at\u00e9 20% menos consumo de combust\u00edvel e mais conforto\" class=\"wp-image-109522\" srcset=\"https:\/\/www.em.com.br\/emfoco\/wp-content\/uploads\/2025\/09\/aviao_1756939538723-1024x576.jpg 1024w, https:\/\/www.em.com.br\/emfoco\/wp-content\/uploads\/2025\/09\/aviao_1756939538723-300x169.jpg 300w, https:\/\/www.em.com.br\/emfoco\/wp-content\/uploads\/2025\/09\/aviao_1756939538723-768x432.jpg 768w, https:\/\/www.em.com.br\/emfoco\/wp-content\/uploads\/2025\/09\/aviao_1756939538723-750x422.jpg 750w, https:\/\/www.em.com.br\/emfoco\/wp-content\/uploads\/2025\/09\/aviao_1756939538723-1140x641.jpg 1140w, https:\/\/www.em.com.br\/emfoco\/wp-content\/uploads\/2025\/09\/aviao_1756939538723.jpg 1280w\" sizes=\"auto, (max-width: 1024px) 100vw, 1024px\" \/><figcaption class=\"wp-element-caption\">Evite imprevistos com as novas regras de bagagem &#8211; Cr\u00e9ditos: depositphotos.com \/ KostyaKlimenko<\/figcaption><\/figure><\/div>\n\n\n<p>Manter-se informado sobre seus direitos e deveres antes de viajar \u00e9 essencial para evitar desconfortos. Isso inclui consultar pol\u00edticas atualizadas das companhias a\u00e9reas e regras locais do destino, al\u00e9m de considerar a contrata\u00e7\u00e3o de seguro viagem.<\/p>\n\n\n\n<p>Nesse contexto, \u00e9 \u00fatil criar um plano de a\u00e7\u00e3o para lidar com poss\u00edveis imprevistos, como atrasos, mudan\u00e7as de itiner\u00e1rio ou problemas com bagagem.<\/p>\n\n\n\n<p>Em caso de extravio ou dano \u00e0 bagagem, o passageiro tem direito a indeniza\u00e7\u00e3o, conforme estabelecido pela <strong><a href=\"https:\/\/www.anac.gov.br\/assuntos\/legislacao\/legislacao-1\/resolucoes\/resolucoes-2016\/resolucao-no-400-13-12-2016\" target=\"_blank\" rel=\"noreferrer noopener\">Resolu\u00e7\u00e3o n\u00ba 400 da ANAC<\/a><\/strong>. Isso refor\u00e7a a import\u00e2ncia de conhecer e reivindicar esses direitos quando necess\u00e1rio. Al\u00e9m disso, relatar imediatamente o problema no aeroporto pode agilizar o processo de compensa\u00e7\u00e3o.<\/p>\n\n\n\n<p>Leia mais: <a href=\"https:\/\/www.em.com.br\/emfoco\/2025\/11\/26\/mudancas-no-inss-em-2026-exigem-atencao-para-evitar-atrasos-na-aposentadoria\/\" target=\"_blank\" rel=\"noreferrer noopener\">Mudan\u00e7as no INSS em 2026 exigem aten\u00e7\u00e3o para evitar atrasos na aposentadoria<\/a><\/p>\n\n\n\n<h2 class=\"wp-block-heading\">A implementa\u00e7\u00e3o das regras de bagagem realmente protege o passageiro<\/h2>\n\n\n\n<p>Apesar dos avan\u00e7os nas normas, o cumprimento e a fiscaliza\u00e7\u00e3o ainda representam desafios e requerem aten\u00e7\u00e3o constante. Passageiros atentos e bem informados t\u00eam papel fundamental na garantia de seus direitos e no incentivo \u00e0 qualidade dos servi\u00e7os oferecidos.<\/p>\n\n\n\n<p>A melhor forma de garantir uma viagem tranquila \u00e9 compreender plenamente as regras, preparar-se para poss\u00edveis contratempos e estar pronto para reivindicar os direitos assegurados pela legisla\u00e7\u00e3o vigente.<\/p>\n\n\n\n<p>Entender as recentes atualiza\u00e7\u00f5es das regras da <strong>ANAC <\/strong>e suas consequ\u00eancias permite decis\u00f5es mais seguras, trazendo tranquilidade e seguran\u00e7a aos passageiros durante as viagens de fim de ano.<\/p>\n","protected":false},"excerpt":{"rendered":"<p>O per\u00edodo de Ano Novo \u00e9 um dos mais movimentados do turismo e traz maior volume de passageiros, exigindo aten\u00e7\u00e3o das companhias a\u00e9reas para evitar atrasos, transtornos e problemas com bagagem, especialmente diante de recentes mudan\u00e7as nas regras e direitos dos consumidores. Veja quais s\u00e3o as novas regras de bagagem adotadas pela ANAC A Ag\u00eancia [&hellip;]<\/p>\n","protected":false},"author":20,"featured_media":118992,"comment_status":"open","ping_status":"open","sticky":false,"template":"","format":"standard","meta":{"jnews-multi-image_gallery":[],"jnews_single_post":{"format":"standard"},"jnews_primary_category":[],"jnews_social_meta":[],"jnews_override_counter":[],"footnotes":""},"categories":[28,1],"tags":[1152,1128],"class_list":["post-132829","post","type-post","status-publish","format-standard","has-post-thumbnail","hentry","category-economia","category-noticias","tag-ano-novo","tag-viagem"],"yoast_head":"<!-- This site is optimized with the Yoast SEO plugin v23.8 - https:\/\/yoast.com\/wordpress\/plugins\/seo\/ -->\n<title>Como evitar imprevistos nas viagens de fim de ano com as mudan\u00e7as das regras de bagagem - Estado de Minas - Em foco<\/title>\n<meta name=\"description\" content=\"Como evitar imprevistos nas viagens de fim de ano diante das mudan\u00e7as nas regras de bagagem, garantindo voos tranquilos e sem surpresas extras.\" \/>\n<meta name=\"robots\" content=\"index, follow, max-snippet:-1, max-image-preview:large, max-video-preview:-1\" \/>\n<link rel=\"canonical\" href=\"https:\/\/www.em.com.br\/emfoco\/2025\/11\/29\/como-evitar-imprevistos-nas-viagens-de-fim-de-ano-com-as-mudancas-das-regras-de-bagagem\/\" \/>\n<meta property=\"og:locale\" content=\"pt_BR\" \/>\n<meta property=\"og:type\" content=\"article\" \/>\n<meta property=\"og:title\" content=\"Como evitar imprevistos nas viagens de fim de ano com as mudan\u00e7as das regras de bagagem - Estado de Minas - Em foco\" \/>\n<meta property=\"og:description\" content=\"Como evitar imprevistos nas viagens de fim de ano diante das mudan\u00e7as nas regras de bagagem, garantindo voos tranquilos e sem surpresas extras.\" \/>\n<meta property=\"og:url\" content=\"https:\/\/www.em.com.br\/emfoco\/2025\/11\/29\/como-evitar-imprevistos-nas-viagens-de-fim-de-ano-com-as-mudancas-das-regras-de-bagagem\/\" \/>\n<meta property=\"og:site_name\" content=\"Estado de Minas - Em foco\" \/>\n<meta property=\"article:published_time\" content=\"2025-11-29T20:25:00+00:00\" \/>\n<meta property=\"article:modified_time\" content=\"2025-11-28T02:53:25+00:00\" \/>\n<meta property=\"og:image\" content=\"https:\/\/www.em.com.br\/emfoco\/wp-content\/uploads\/2025\/10\/bagagem-de-mao_1760988556965.jpg\" \/>\n\t<meta property=\"og:image:width\" content=\"1280\" \/>\n\t<meta property=\"og:image:height\" content=\"720\" \/>\n\t<meta property=\"og:image:type\" content=\"image\/jpeg\" \/>\n<meta name=\"author\" content=\"Ingrid Diniz\" \/>\n<meta name=\"twitter:card\" content=\"summary_large_image\" \/>\n<meta name=\"twitter:label1\" content=\"Escrito por\" \/>\n\t<meta name=\"twitter:data1\" content=\"Ingrid Diniz\" \/>\n\t<meta name=\"twitter:label2\" content=\"Est. tempo de leitura\" \/>\n\t<meta name=\"twitter:data2\" content=\"4 minutos\" \/>\n<!-- \/ Yoast SEO plugin. -->","yoast_head_json":{"title":"Como evitar imprevistos nas viagens de fim de ano com as mudan\u00e7as das regras de bagagem - Estado de Minas - Em foco","description":"Como evitar imprevistos nas viagens de fim de ano diante das mudan\u00e7as nas regras de bagagem, garantindo voos tranquilos e sem surpresas extras.","robots":{"index":"index","follow":"follow","max-snippet":"max-snippet:-1","max-image-preview":"max-image-preview:large","max-video-preview":"max-video-preview:-1"},"canonical":"https:\/\/www.em.com.br\/emfoco\/2025\/11\/29\/como-evitar-imprevistos-nas-viagens-de-fim-de-ano-com-as-mudancas-das-regras-de-bagagem\/","og_locale":"pt_BR","og_type":"article","og_title":"Como evitar imprevistos nas viagens de fim de ano com as mudan\u00e7as das regras de bagagem - Estado de Minas - Em foco","og_description":"Como evitar imprevistos nas viagens de fim de ano diante das mudan\u00e7as nas regras de bagagem, garantindo voos tranquilos e sem surpresas extras.","og_url":"https:\/\/www.em.com.br\/emfoco\/2025\/11\/29\/como-evitar-imprevistos-nas-viagens-de-fim-de-ano-com-as-mudancas-das-regras-de-bagagem\/","og_site_name":"Estado de Minas - Em foco","article_published_time":"2025-11-29T20:25:00+00:00","article_modified_time":"2025-11-28T02:53:25+00:00","og_image":[{"width":1280,"height":720,"url":"https:\/\/www.em.com.br\/emfoco\/wp-content\/uploads\/2025\/10\/bagagem-de-mao_1760988556965.jpg","type":"image\/jpeg"}],"author":"Ingrid Diniz","twitter_card":"summary_large_image","twitter_misc":{"Escrito por":"Ingrid Diniz","Est. tempo de leitura":"4 minutos"},"schema":{"@context":"https:\/\/schema.org","@graph":[{"@type":"WebPage","@id":"https:\/\/www.em.com.br\/emfoco\/2025\/11\/29\/como-evitar-imprevistos-nas-viagens-de-fim-de-ano-com-as-mudancas-das-regras-de-bagagem\/","url":"https:\/\/www.em.com.br\/emfoco\/2025\/11\/29\/como-evitar-imprevistos-nas-viagens-de-fim-de-ano-com-as-mudancas-das-regras-de-bagagem\/","name":"Como evitar imprevistos nas viagens de fim de ano com as mudan\u00e7as das regras de bagagem - Estado de Minas - Em foco","isPartOf":{"@id":"https:\/\/www.em.com.br\/emfoco\/#website"},"primaryImageOfPage":{"@id":"https:\/\/www.em.com.br\/emfoco\/2025\/11\/29\/como-evitar-imprevistos-nas-viagens-de-fim-de-ano-com-as-mudancas-das-regras-de-bagagem\/#primaryimage"},"image":{"@id":"https:\/\/www.em.com.br\/emfoco\/2025\/11\/29\/como-evitar-imprevistos-nas-viagens-de-fim-de-ano-com-as-mudancas-das-regras-de-bagagem\/#primaryimage"},"thumbnailUrl":"https:\/\/www.em.com.br\/emfoco\/wp-content\/uploads\/2025\/10\/bagagem-de-mao_1760988556965.jpg","datePublished":"2025-11-29T20:25:00+00:00","dateModified":"2025-11-28T02:53:25+00:00","author":{"@id":"https:\/\/www.em.com.br\/emfoco\/#\/schema\/person\/649e610b4eb8fff87ff394e54fe17b2b"},"description":"Como evitar imprevistos nas viagens de fim de ano diante das mudan\u00e7as nas regras de bagagem, garantindo voos tranquilos e sem surpresas extras.","breadcrumb":{"@id":"https:\/\/www.em.com.br\/emfoco\/2025\/11\/29\/como-evitar-imprevistos-nas-viagens-de-fim-de-ano-com-as-mudancas-das-regras-de-bagagem\/#breadcrumb"},"inLanguage":"pt-BR","potentialAction":[{"@type":"ReadAction","target":["https:\/\/www.em.com.br\/emfoco\/2025\/11\/29\/como-evitar-imprevistos-nas-viagens-de-fim-de-ano-com-as-mudancas-das-regras-de-bagagem\/"]}]},{"@type":"ImageObject","inLanguage":"pt-BR","@id":"https:\/\/www.em.com.br\/emfoco\/2025\/11\/29\/como-evitar-imprevistos-nas-viagens-de-fim-de-ano-com-as-mudancas-das-regras-de-bagagem\/#primaryimage","url":"https:\/\/www.em.com.br\/emfoco\/wp-content\/uploads\/2025\/10\/bagagem-de-mao_1760988556965.jpg","contentUrl":"https:\/\/www.em.com.br\/emfoco\/wp-content\/uploads\/2025\/10\/bagagem-de-mao_1760988556965.jpg","width":1280,"height":720,"caption":"Ressarcimento r\u00e1pido para bagagem com imprevistos - Cr\u00e9ditos: depositphotos.com \/ AllaSerebrina"},{"@type":"BreadcrumbList","@id":"https:\/\/www.em.com.br\/emfoco\/2025\/11\/29\/como-evitar-imprevistos-nas-viagens-de-fim-de-ano-com-as-mudancas-das-regras-de-bagagem\/#breadcrumb","itemListElement":[{"@type":"ListItem","position":1,"name":"In\u00edcio","item":"https:\/\/www.em.com.br\/emfoco\/"},{"@type":"ListItem","position":2,"name":"Como evitar imprevistos nas viagens de fim de ano com as mudan\u00e7as das regras de bagagem"}]},{"@type":"WebSite","@id":"https:\/\/www.em.com.br\/emfoco\/#website","url":"https:\/\/www.em.com.br\/emfoco\/","name":"Estado de Minas - Em foco","description":"Acompanhe as \u00faltimas not\u00edcias e fique bem informado sobre tudo o que acontece em Minas Gerais, Brasil e no mundo.","potentialAction":[{"@type":"SearchAction","target":{"@type":"EntryPoint","urlTemplate":"https:\/\/www.em.com.br\/emfoco\/?s={search_term_string}"},"query-input":{"@type":"PropertyValueSpecification","valueRequired":true,"valueName":"search_term_string"}}],"inLanguage":"pt-BR"},{"@type":"Person","@id":"https:\/\/www.em.com.br\/emfoco\/#\/schema\/person\/649e610b4eb8fff87ff394e54fe17b2b","name":"Ingrid Diniz","image":{"@type":"ImageObject","inLanguage":"pt-BR","@id":"https:\/\/www.em.com.br\/emfoco\/#\/schema\/person\/image\/","url":"https:\/\/secure.gravatar.com\/avatar\/a3baa1449ec5c39b4c42babc9d4f3951?s=96&d=mm&r=g","contentUrl":"https:\/\/secure.gravatar.com\/avatar\/a3baa1449ec5c39b4c42babc9d4f3951?s=96&d=mm&r=g","caption":"Ingrid Diniz"},"sameAs":["https:\/\/www.em.com.br\/"],"url":"https:\/\/www.em.com.br\/emfoco\/author\/ingridmyth\/"}]}},"_links":{"self":[{"href":"https:\/\/www.em.com.br\/emfoco\/wp-json\/wp\/v2\/posts\/132829","targetHints":{"allow":["GET"]}}],"collection":[{"href":"https:\/\/www.em.com.br\/emfoco\/wp-json\/wp\/v2\/posts"}],"about":[{"href":"https:\/\/www.em.com.br\/emfoco\/wp-json\/wp\/v2\/types\/post"}],"author":[{"embeddable":true,"href":"https:\/\/www.em.com.br\/emfoco\/wp-json\/wp\/v2\/users\/20"}],"replies":[{"embeddable":true,"href":"https:\/\/www.em.com.br\/emfoco\/wp-json\/wp\/v2\/comments?post=132829"}],"version-history":[{"count":1,"href":"https:\/\/www.em.com.br\/emfoco\/wp-json\/wp\/v2\/posts\/132829\/revisions"}],"predecessor-version":[{"id":132956,"href":"https:\/\/www.em.com.br\/emfoco\/wp-json\/wp\/v2\/posts\/132829\/revisions\/132956"}],"wp:featuredmedia":[{"embeddable":true,"href":"https:\/\/www.em.com.br\/emfoco\/wp-json\/wp\/v2\/media\/118992"}],"wp:attachment":[{"href":"https:\/\/www.em.com.br\/emfoco\/wp-json\/wp\/v2\/media?parent=132829"}],"wp:term":[{"taxonomy":"category","embeddable":true,"href":"https:\/\/www.em.com.br\/emfoco\/wp-json\/wp\/v2\/categories?post=132829"},{"taxonomy":"post_tag","embeddable":true,"href":"https:\/\/www.em.com.br\/emfoco\/wp-json\/wp\/v2\/tags?post=132829"}],"curies":[{"name":"wp","href":"https:\/\/api.w.org\/{rel}","templated":true}]}}