{"id":13282,"date":"2025-01-24T07:00:13","date_gmt":"2025-01-24T10:00:13","guid":{"rendered":"https:\/\/www.em.com.br\/emfoco\/?p=13282"},"modified":"2025-01-24T00:22:51","modified_gmt":"2025-01-24T03:22:51","slug":"quanto-voce-realmente-gasta-com-combustivel","status":"publish","type":"post","link":"https:\/\/www.em.com.br\/emfoco\/2025\/01\/24\/quanto-voce-realmente-gasta-com-combustivel\/","title":{"rendered":"Quanto voc\u00ea realmente gasta com combust\u00edvel?"},"content":{"rendered":"\n<p>A efici\u00eancia energ\u00e9tica de ve\u00edculos tornou-se um tema central nas discuss\u00f5es sobre sustentabilidade e economia no setor automobil\u00edstico. Com o <a href=\"https:\/\/www.em.com.br\/emfoco\/2025\/01\/18\/aumento-do-inss-em-2025-confira\/\" target=\"_blank\" rel=\"noreferrer noopener\">aumento <\/a>de modelos h\u00edbridos e el\u00e9tricos no mercado brasileiro, o Instituto Nacional de Metrologia, Qualidade e Tecnologia (<a href=\"https:\/\/www.gov.br\/inmetro\/pt-br\" target=\"_blank\" rel=\"noreferrer noopener\">Inmetro<\/a>) tem desempenhado um papel crucial na avalia\u00e7\u00e3o do consumo de combust\u00edvel. Recentemente, o Inmetro divulgou uma lista abrangente de quase 1.200 modelos, cobrindo um amplo espectro de op\u00e7\u00f5es, desde ve\u00edculos movidos a gasolina, \u00e1lcool, at\u00e9 os modernos h\u00edbridos e el\u00e9tricos.<\/p>\n\n\n\n<p>Essa avalia\u00e7\u00e3o faz parte do Programa Brasileiro de Etiquetagem Veicular, que visa informar os consumidores sobre a efici\u00eancia dos carros, semelhante ao que ocorre com eletrodom\u00e9sticos. As notas de efici\u00eancia variam de &#8220;A&#8221;, para os mais econ\u00f4micos, at\u00e9 &#8220;E&#8221;, para os menos eficientes. Esses dados n\u00e3o apenas ajudam os consumidores a tomar decis\u00f5es mais informadas, mas tamb\u00e9m incentivam as montadoras a investirem em tecnologias mais limpas e eficientes.<\/p>\n\n\n<div class=\"wp-block-image\">\n<figure class=\"aligncenter size-large\"><img loading=\"lazy\" decoding=\"async\" width=\"1024\" height=\"576\" src=\"https:\/\/www.em.com.br\/emfoco\/wp-content\/uploads\/2025\/01\/Economizar-combustivel_1735777268662-1024x576.jpg\" alt=\"\" class=\"wp-image-7943\" srcset=\"https:\/\/www.em.com.br\/emfoco\/wp-content\/uploads\/2025\/01\/Economizar-combustivel_1735777268662-1024x576.jpg 1024w, https:\/\/www.em.com.br\/emfoco\/wp-content\/uploads\/2025\/01\/Economizar-combustivel_1735777268662-300x169.jpg 300w, https:\/\/www.em.com.br\/emfoco\/wp-content\/uploads\/2025\/01\/Economizar-combustivel_1735777268662-768x432.jpg 768w, https:\/\/www.em.com.br\/emfoco\/wp-content\/uploads\/2025\/01\/Economizar-combustivel_1735777268662-750x422.jpg 750w, https:\/\/www.em.com.br\/emfoco\/wp-content\/uploads\/2025\/01\/Economizar-combustivel_1735777268662-1140x641.jpg 1140w, https:\/\/www.em.com.br\/emfoco\/wp-content\/uploads\/2025\/01\/Economizar-combustivel_1735777268662.jpg 1280w\" sizes=\"auto, (max-width: 1024px) 100vw, 1024px\" \/><figcaption class=\"wp-element-caption\">Gasolina &#8211; Cr\u00e9ditos: depositphotos.com \/ pixpack<\/figcaption><\/figure><\/div>\n\n\n<h2 class=\"wp-block-heading\">Quais s\u00e3o os crit\u00e9rios para avalia\u00e7\u00e3o de consumo de ve\u00edculos?<\/h2>\n\n\n\n<p>Para determinar a efici\u00eancia de um ve\u00edculo, o Inmetro considera diversos fatores. O consumo \u00e9 medido em termos de megajoules por quil\u00f4metro (MJ\/km) e quil\u00f4metros por litro (km\/l). As avalia\u00e7\u00f5es acontecem em condi\u00e7\u00f5es controladas, garantindo padroniza\u00e7\u00e3o e comparabilidade entre os modelos. Esse m\u00e9todo permite que o consumidor saiba quanto um carro gasta de energia para se locomover, destacando os modelos mais vantajosos em termos de economia de combust\u00edvel.<\/p>\n\n\n\n<p>Os testes do Inmetro refletem situa\u00e7\u00f5es reais de tr\u00e1fego urbano e estrada, proporcionando uma vis\u00e3o hol\u00edstica do desempenho dos ve\u00edculos. A nota atribu\u00edda pelo Inmetro serve como uma refer\u00eancia r\u00e1pida para os consumidores, e modelos que alcan\u00e7am notas mais elevadas s\u00e3o considerados mais eficientes e sustent\u00e1veis.<\/p>\n\n\n\n<h2 class=\"wp-block-heading\">Carros h\u00edbridos: uma tend\u00eancia crescente no Brasil?<\/h2>\n\n\n\n<p>Os ve\u00edculos h\u00edbridos est\u00e3o ganhando popularidade no Brasil, conforme evidenciado na lista do Inmetro, que destacou modelos como o Fiat Pulse e o Fastback Hybrid. O aumento na produ\u00e7\u00e3o e comercializa\u00e7\u00e3o de h\u00edbridos nacionais est\u00e1 alinhado \u00e0 crescente demanda por op\u00e7\u00f5es mais eco-friendly entre os consumidores brasileiros. Esses modelos oferecem uma combina\u00e7\u00e3o de motores de combust\u00e3o interna e el\u00e9tricos, resultando em menor emiss\u00e3o de poluentes e consumo eficiente.<\/p>\n\n\n\n<p>Al\u00e9m disso, a implementa\u00e7\u00e3o do Proconve L8 trouxe normas mais rigorosas para a emiss\u00e3o de poluentes, incentivando montadoras a adotarem tecnologias inovadoras. Essa tend\u00eancia n\u00e3o apenas ajuda a reduzir o impacto ambiental dos ve\u00edculos, mas tamb\u00e9m atua como um impulso para que a ind\u00fastria automobil\u00edstica em geral se torne cada vez mais consciente de seu papel na preserva\u00e7\u00e3o ambiental.<\/p>\n\n\n\n<h2 class=\"wp-block-heading\">Por que escolher ve\u00edculos eficientes?<\/h2>\n\n\n\n<p>A escolha por ve\u00edculos com alta efici\u00eancia energ\u00e9tica traz benef\u00edcios que v\u00e3o al\u00e9m da economia no consumo de combust\u00edvel. Modelos mais eficientes costumam ter um impacto ambiental reduzido, uma caracter\u00edstica cada vez mais valorizada pelos consumidores conscientes. Al\u00e9m disso, os incentivos fiscais e pol\u00edticas governamentais favorecem a aquisi\u00e7\u00e3o de carros que emitem menos poluentes, tornando-os op\u00e7\u00f5es atrativas do ponto de vista financeiro.<\/p>\n\n\n\n<p>Para o futuro, a combina\u00e7\u00e3o de inova\u00e7\u00f5es tecnol\u00f3gicas, regulamenta\u00e7\u00f5es ambientais e mudan\u00e7as nas prefer\u00eancias dos consumidores sugere que a tend\u00eancia de efici\u00eancia energ\u00e9tica deve continuar em ascens\u00e3o. Com isso, tanto os consumidores quanto os fabricantes participam ativamente da transi\u00e7\u00e3o para um cen\u00e1rio mais sustent\u00e1vel no setor automotivo.<\/p>\n","protected":false},"excerpt":{"rendered":"<p>A efici\u00eancia energ\u00e9tica de ve\u00edculos tornou-se um tema central nas discuss\u00f5es sobre sustentabilidade e economia no setor automobil\u00edstico. Com o aumento de modelos h\u00edbridos e el\u00e9tricos no mercado brasileiro, o Instituto Nacional de Metrologia, Qualidade e Tecnologia (Inmetro) tem desempenhado um papel crucial na avalia\u00e7\u00e3o do consumo de combust\u00edvel. Recentemente, o Inmetro divulgou uma lista [&hellip;]<\/p>\n","protected":false},"author":7,"featured_media":6289,"comment_status":"open","ping_status":"open","sticky":false,"template":"","format":"standard","meta":{"jnews-multi-image_gallery":[],"jnews_single_post":{"format":"standard"},"jnews_primary_category":[],"jnews_social_meta":[],"jnews_override_counter":[],"footnotes":""},"categories":[27],"tags":[818,2338,1957,2075,2074],"class_list":["post-13282","post","type-post","status-publish","format-standard","has-post-thumbnail","hentry","category-carros","tag-carro","tag-combustivel","tag-eficiencia-energetica","tag-hibrido","tag-veiculo-eletrico"],"yoast_head":"<!-- This site is optimized with the Yoast SEO plugin v23.8 - https:\/\/yoast.com\/wordpress\/plugins\/seo\/ -->\n<title>Quanto voc\u00ea realmente gasta com combust\u00edvel? - Estado de Minas - Em foco<\/title>\n<meta name=\"description\" content=\"Artigo sobre a efici\u00eancia energ\u00e9tica de ve\u00edculos no Brasil, discutindo a populariza\u00e7\u00e3o de carros h\u00edbridos e a atua\u00e7\u00e3o do Inmetro na avalia\u00e7\u00e3o do consumo de combust\u00edvel.\" \/>\n<meta name=\"robots\" content=\"index, follow, max-snippet:-1, max-image-preview:large, max-video-preview:-1\" \/>\n<link rel=\"canonical\" href=\"https:\/\/www.em.com.br\/emfoco\/2025\/01\/24\/quanto-voce-realmente-gasta-com-combustivel\/\" \/>\n<meta property=\"og:locale\" content=\"pt_BR\" \/>\n<meta property=\"og:type\" content=\"article\" \/>\n<meta property=\"og:title\" content=\"Quanto voc\u00ea realmente gasta com combust\u00edvel? - Estado de Minas - Em foco\" \/>\n<meta property=\"og:description\" content=\"Artigo sobre a efici\u00eancia energ\u00e9tica de ve\u00edculos no Brasil, discutindo a populariza\u00e7\u00e3o de carros h\u00edbridos e a atua\u00e7\u00e3o do Inmetro na avalia\u00e7\u00e3o do consumo de combust\u00edvel.\" \/>\n<meta property=\"og:url\" content=\"https:\/\/www.em.com.br\/emfoco\/2025\/01\/24\/quanto-voce-realmente-gasta-com-combustivel\/\" \/>\n<meta property=\"og:site_name\" content=\"Estado de Minas - Em foco\" \/>\n<meta property=\"article:published_time\" content=\"2025-01-24T10:00:13+00:00\" \/>\n<meta property=\"article:modified_time\" content=\"2025-01-24T03:22:51+00:00\" \/>\n<meta property=\"og:image\" content=\"https:\/\/www.em.com.br\/emfoco\/wp-content\/uploads\/2024\/12\/Posto-de-Gasolina_1734918845847.jpg\" \/>\n\t<meta property=\"og:image:width\" content=\"1280\" \/>\n\t<meta property=\"og:image:height\" content=\"720\" \/>\n\t<meta property=\"og:image:type\" content=\"image\/jpeg\" \/>\n<meta name=\"author\" content=\"Kelvin\" \/>\n<meta name=\"twitter:card\" content=\"summary_large_image\" \/>\n<meta name=\"twitter:label1\" content=\"Escrito por\" \/>\n\t<meta name=\"twitter:data1\" content=\"Kelvin\" \/>\n\t<meta name=\"twitter:label2\" content=\"Est. tempo de leitura\" \/>\n\t<meta name=\"twitter:data2\" content=\"4 minutos\" \/>\n<!-- \/ Yoast SEO plugin. -->","yoast_head_json":{"title":"Quanto voc\u00ea realmente gasta com combust\u00edvel? - Estado de Minas - Em foco","description":"Artigo sobre a efici\u00eancia energ\u00e9tica de ve\u00edculos no Brasil, discutindo a populariza\u00e7\u00e3o de carros h\u00edbridos e a atua\u00e7\u00e3o do Inmetro na avalia\u00e7\u00e3o do consumo de combust\u00edvel.","robots":{"index":"index","follow":"follow","max-snippet":"max-snippet:-1","max-image-preview":"max-image-preview:large","max-video-preview":"max-video-preview:-1"},"canonical":"https:\/\/www.em.com.br\/emfoco\/2025\/01\/24\/quanto-voce-realmente-gasta-com-combustivel\/","og_locale":"pt_BR","og_type":"article","og_title":"Quanto voc\u00ea realmente gasta com combust\u00edvel? - Estado de Minas - Em foco","og_description":"Artigo sobre a efici\u00eancia energ\u00e9tica de ve\u00edculos no Brasil, discutindo a populariza\u00e7\u00e3o de carros h\u00edbridos e a atua\u00e7\u00e3o do Inmetro na avalia\u00e7\u00e3o do consumo de combust\u00edvel.","og_url":"https:\/\/www.em.com.br\/emfoco\/2025\/01\/24\/quanto-voce-realmente-gasta-com-combustivel\/","og_site_name":"Estado de Minas - Em foco","article_published_time":"2025-01-24T10:00:13+00:00","article_modified_time":"2025-01-24T03:22:51+00:00","og_image":[{"width":1280,"height":720,"url":"https:\/\/www.em.com.br\/emfoco\/wp-content\/uploads\/2024\/12\/Posto-de-Gasolina_1734918845847.jpg","type":"image\/jpeg"}],"author":"Kelvin","twitter_card":"summary_large_image","twitter_misc":{"Escrito por":"Kelvin","Est. tempo de leitura":"4 minutos"},"schema":{"@context":"https:\/\/schema.org","@graph":[{"@type":"WebPage","@id":"https:\/\/www.em.com.br\/emfoco\/2025\/01\/24\/quanto-voce-realmente-gasta-com-combustivel\/","url":"https:\/\/www.em.com.br\/emfoco\/2025\/01\/24\/quanto-voce-realmente-gasta-com-combustivel\/","name":"Quanto voc\u00ea realmente gasta com combust\u00edvel? - Estado de Minas - Em foco","isPartOf":{"@id":"https:\/\/www.em.com.br\/emfoco\/#website"},"primaryImageOfPage":{"@id":"https:\/\/www.em.com.br\/emfoco\/2025\/01\/24\/quanto-voce-realmente-gasta-com-combustivel\/#primaryimage"},"image":{"@id":"https:\/\/www.em.com.br\/emfoco\/2025\/01\/24\/quanto-voce-realmente-gasta-com-combustivel\/#primaryimage"},"thumbnailUrl":"https:\/\/www.em.com.br\/emfoco\/wp-content\/uploads\/2024\/12\/Posto-de-Gasolina_1734918845847.jpg","datePublished":"2025-01-24T10:00:13+00:00","dateModified":"2025-01-24T03:22:51+00:00","author":{"@id":"https:\/\/www.em.com.br\/emfoco\/#\/schema\/person\/fb0a7f48c6fbb94b83f413a80f61917d"},"description":"Artigo sobre a efici\u00eancia energ\u00e9tica de ve\u00edculos no Brasil, discutindo a populariza\u00e7\u00e3o de carros h\u00edbridos e a atua\u00e7\u00e3o do Inmetro na avalia\u00e7\u00e3o do consumo de combust\u00edvel.","breadcrumb":{"@id":"https:\/\/www.em.com.br\/emfoco\/2025\/01\/24\/quanto-voce-realmente-gasta-com-combustivel\/#breadcrumb"},"inLanguage":"pt-BR","potentialAction":[{"@type":"ReadAction","target":["https:\/\/www.em.com.br\/emfoco\/2025\/01\/24\/quanto-voce-realmente-gasta-com-combustivel\/"]}]},{"@type":"ImageObject","inLanguage":"pt-BR","@id":"https:\/\/www.em.com.br\/emfoco\/2025\/01\/24\/quanto-voce-realmente-gasta-com-combustivel\/#primaryimage","url":"https:\/\/www.em.com.br\/emfoco\/wp-content\/uploads\/2024\/12\/Posto-de-Gasolina_1734918845847.jpg","contentUrl":"https:\/\/www.em.com.br\/emfoco\/wp-content\/uploads\/2024\/12\/Posto-de-Gasolina_1734918845847.jpg","width":1280,"height":720,"caption":"Combustivel - Cr\u00e9ditos: depositphotos.com \/ IgorVetushko"},{"@type":"BreadcrumbList","@id":"https:\/\/www.em.com.br\/emfoco\/2025\/01\/24\/quanto-voce-realmente-gasta-com-combustivel\/#breadcrumb","itemListElement":[{"@type":"ListItem","position":1,"name":"In\u00edcio","item":"https:\/\/www.em.com.br\/emfoco\/"},{"@type":"ListItem","position":2,"name":"Quanto voc\u00ea realmente gasta com combust\u00edvel?"}]},{"@type":"WebSite","@id":"https:\/\/www.em.com.br\/emfoco\/#website","url":"https:\/\/www.em.com.br\/emfoco\/","name":"Estado de Minas - Em foco","description":"Acompanhe as \u00faltimas not\u00edcias e fique bem informado sobre tudo o que acontece em Minas Gerais, Brasil e no mundo.","potentialAction":[{"@type":"SearchAction","target":{"@type":"EntryPoint","urlTemplate":"https:\/\/www.em.com.br\/emfoco\/?s={search_term_string}"},"query-input":{"@type":"PropertyValueSpecification","valueRequired":true,"valueName":"search_term_string"}}],"inLanguage":"pt-BR"},{"@type":"Person","@id":"https:\/\/www.em.com.br\/emfoco\/#\/schema\/person\/fb0a7f48c6fbb94b83f413a80f61917d","name":"Kelvin","image":{"@type":"ImageObject","inLanguage":"pt-BR","@id":"https:\/\/www.em.com.br\/emfoco\/#\/schema\/person\/image\/","url":"https:\/\/secure.gravatar.com\/avatar\/e74f84337e6bf6c4c5e88fbdffa05270?s=96&d=mm&r=g","contentUrl":"https:\/\/secure.gravatar.com\/avatar\/e74f84337e6bf6c4c5e88fbdffa05270?s=96&d=mm&r=g","caption":"Kelvin"},"sameAs":["https:\/\/www.em.com.br\/emfoco"],"url":"https:\/\/www.em.com.br\/emfoco\/author\/kelvinmyth\/"}]}},"_links":{"self":[{"href":"https:\/\/www.em.com.br\/emfoco\/wp-json\/wp\/v2\/posts\/13282","targetHints":{"allow":["GET"]}}],"collection":[{"href":"https:\/\/www.em.com.br\/emfoco\/wp-json\/wp\/v2\/posts"}],"about":[{"href":"https:\/\/www.em.com.br\/emfoco\/wp-json\/wp\/v2\/types\/post"}],"author":[{"embeddable":true,"href":"https:\/\/www.em.com.br\/emfoco\/wp-json\/wp\/v2\/users\/7"}],"replies":[{"embeddable":true,"href":"https:\/\/www.em.com.br\/emfoco\/wp-json\/wp\/v2\/comments?post=13282"}],"version-history":[{"count":2,"href":"https:\/\/www.em.com.br\/emfoco\/wp-json\/wp\/v2\/posts\/13282\/revisions"}],"predecessor-version":[{"id":13284,"href":"https:\/\/www.em.com.br\/emfoco\/wp-json\/wp\/v2\/posts\/13282\/revisions\/13284"}],"wp:featuredmedia":[{"embeddable":true,"href":"https:\/\/www.em.com.br\/emfoco\/wp-json\/wp\/v2\/media\/6289"}],"wp:attachment":[{"href":"https:\/\/www.em.com.br\/emfoco\/wp-json\/wp\/v2\/media?parent=13282"}],"wp:term":[{"taxonomy":"category","embeddable":true,"href":"https:\/\/www.em.com.br\/emfoco\/wp-json\/wp\/v2\/categories?post=13282"},{"taxonomy":"post_tag","embeddable":true,"href":"https:\/\/www.em.com.br\/emfoco\/wp-json\/wp\/v2\/tags?post=13282"}],"curies":[{"name":"wp","href":"https:\/\/api.w.org\/{rel}","templated":true}]}}