{"id":132792,"date":"2025-11-30T18:05:00","date_gmt":"2025-11-30T21:05:00","guid":{"rendered":"https:\/\/www.em.com.br\/emfoco\/?p=132792"},"modified":"2025-11-27T17:49:52","modified_gmt":"2025-11-27T20:49:52","slug":"fim-de-ano-chegando-e-essa-cidade-do-espirito-santo-esta-pronta-para-te-surpreender","status":"publish","type":"post","link":"https:\/\/www.em.com.br\/emfoco\/2025\/11\/30\/fim-de-ano-chegando-e-essa-cidade-do-espirito-santo-esta-pronta-para-te-surpreender\/","title":{"rendered":"Fim de ano chegando e essa cidade do Esp\u00edrito Santo est\u00e1 pronta para te surpreender"},"content":{"rendered":"\n<p>A <strong>cidade de Guarapari<\/strong> vive um momento de renova\u00e7\u00e3o que ampliou seu apelo tur\u00edstico e promete uma temporada 2025\/2026 lotada, unindo praias famosas, \u00e1reas modernizadas e novos atrativos que movimentam visitantes de todo o pa\u00eds.<\/p>\n\n\n\n<h2 class=\"wp-block-heading\">O que explica o novo auge tur\u00edstico que Guarapari est\u00e1 vivendo?<\/h2>\n\n\n\n<p>Guarapari ganhou for\u00e7a ap\u00f3s a <strong>revitaliza\u00e7\u00e3o das orlas<\/strong> e a moderniza\u00e7\u00e3o de espa\u00e7os tradicionais, especialmente na <strong><a href=\"https:\/\/www.tripadvisor.com.br\/Attraction_Review-g941641-d2408019-Reviews-Praia_do_Morro-Guarapari_State_of_Espirito_Santo.html\" target=\"_blank\" rel=\"noreferrer noopener\">Praia do Morro<\/a><\/strong>, onde ilumina\u00e7\u00e3o refor\u00e7ada, ciclovias amplas e \u00e1reas de conviv\u00eancia transformaram o local em um dos mais procurados da regi\u00e3o.<\/p>\n\n\n\n<p>A cidade tamb\u00e9m vive o impacto de melhorias na <strong>infraestrutura urbana<\/strong>, que elevaram a qualidade da experi\u00eancia de quem chega para curtir o ver\u00e3o. Bares, quiosques e restaurantes passaram a oferecer ambientes mais integrados e gastron\u00f4micos.<\/p>\n\n\n\n<p><em>Leia mais: <strong><a href=\"https:\/\/www.em.com.br\/emfoco\/2025\/11\/14\/3-pequenas-cidades-brasileiras-que-se-tornaram-exemplo-em-turismo-sustentavel\/\" target=\"_blank\" rel=\"noreferrer noopener\">3 pequenas cidades brasileiras que se tornaram exemplo em turismo sustent\u00e1vel<\/a><\/strong><\/em><\/p>\n\n\n\n<h2 class=\"wp-block-heading\">Quais novos atrativos est\u00e3o impulsionando o movimento recorde na cidade?<\/h2>\n\n\n\n<p>As interven\u00e7\u00f5es recentes criaram um clima de cidade viva, com op\u00e7\u00f5es culturais, naturais e gastron\u00f4micas bem distribu\u00eddas pela orla. Para entender o que deixou <strong>Guarapari<\/strong> ainda mais atrativa, veja os novos destaques que est\u00e3o puxando o turismo.<\/p>\n\n\n\n<ul class=\"wp-block-list\">\n<li><strong>Praia do Morro modernizada<\/strong>, com ciclovias, acessibilidade ampliada, ilumina\u00e7\u00e3o em LED e espa\u00e7os para esportes ao ar livre, atraindo visitantes ao longo de todo o dia.<\/li>\n\n\n\n<li><strong>Requalifica\u00e7\u00e3o do centro<\/strong>, que ganhou novos bares, quiosques reformados e \u00e1reas de gastronomia com vista para o mar, valorizando a paisagem local.<\/li>\n\n\n\n<li><strong>Novo circuito de passeios de barco<\/strong>, que leva turistas a mirantes naturais, enseadas preservadas e rotas que exibem o melhor das \u00e1guas claras da cidade.<\/li>\n<\/ul>\n\n\n\n<figure class=\"wp-block-image size-large\"><img loading=\"lazy\" decoding=\"async\" width=\"1024\" height=\"576\" src=\"https:\/\/www.em.com.br\/emfoco\/wp-content\/uploads\/2025\/11\/Guarapari-_1764276296753-1024x576.jpg\" alt=\"Fim de ano chegando e essa cidade do Esp\u00edrito Santo est\u00e1 pronta para te surpreender\" class=\"wp-image-132798\" srcset=\"https:\/\/www.em.com.br\/emfoco\/wp-content\/uploads\/2025\/11\/Guarapari-_1764276296753-1024x576.jpg 1024w, https:\/\/www.em.com.br\/emfoco\/wp-content\/uploads\/2025\/11\/Guarapari-_1764276296753-300x169.jpg 300w, https:\/\/www.em.com.br\/emfoco\/wp-content\/uploads\/2025\/11\/Guarapari-_1764276296753-768x432.jpg 768w, https:\/\/www.em.com.br\/emfoco\/wp-content\/uploads\/2025\/11\/Guarapari-_1764276296753-750x422.jpg 750w, https:\/\/www.em.com.br\/emfoco\/wp-content\/uploads\/2025\/11\/Guarapari-_1764276296753-1140x641.jpg 1140w, https:\/\/www.em.com.br\/emfoco\/wp-content\/uploads\/2025\/11\/Guarapari-_1764276296753.jpg 1280w\" sizes=\"auto, (max-width: 1024px) 100vw, 1024px\" \/><figcaption class=\"wp-element-caption\">Praia de Guarapari, Esp\u00edrito Santo &#8211; Cr\u00e9ditos: depositphotos.com \/ henrias<\/figcaption><\/figure>\n\n\n\n<h2 class=\"wp-block-heading\">Como os pontos tradicionais ganharam ainda mais destaque ap\u00f3s as obras?<\/h2>\n\n\n\n<p>A regi\u00e3o de Mea\u00edpe voltou ao cen\u00e1rio principal depois de uma ampla <strong>recupera\u00e7\u00e3o da faixa de areia<\/strong>, tornando a praia novamente ideal para banho, caminhadas e encontros \u00e0 beira-mar durante a alta temporada.<\/p>\n\n\n\n<p>O <strong>Parque Paulo C\u00e9sar Vinha<\/strong> tamb\u00e9m cresceu em popularidade, reunindo trilhas entre restingas, lagoas avermelhadas e mirantes naturais que oferecem contato direto com a natureza preservada e cen\u00e1rios perfeitos para fotos.<\/p>\n\n\n\n<h2 class=\"wp-block-heading\">Quais experi\u00eancias complementares fazem Guarapari brilhar no ver\u00e3o?<\/h2>\n\n\n\n<p>Al\u00e9m das praias tradicionais, novos mirantes, feiras culturais e eventos de ver\u00e3o refor\u00e7am o clima animado da cidade. Para aproveitar o melhor dessas experi\u00eancias e sentir o esp\u00edrito vibrante da regi\u00e3o, confira as sugest\u00f5es abaixo.<\/p>\n\n\n\n<ul class=\"wp-block-list\">\n<li><strong>Amanhecer na Praia do Morro<\/strong>, que concentra esportes, quiosques modernos e \u00e1reas ideais para come\u00e7ar o dia com energia.<\/li>\n\n\n\n<li><strong>Tarde em Mea\u00edpe<\/strong>, combinando gastronomia local com a praia renovada e perfeita para banhos tranquilos.<\/li>\n\n\n\n<li><strong>P\u00f4r do sol em Peracanga ou mirantes novos<\/strong>, garantindo vistas panor\u00e2micas das \u00e1guas calmas de Setib\u00e3o, Bacutia e regi\u00f5es pr\u00f3ximas.<\/li>\n<\/ul>\n\n\n\n<p>Confira mais dicas para planejar sua viagem a Guarapari sem problemas, compartilhadas pelo canal do YouTube <strong>@Trip Partiu:<\/strong><\/p>\n\n\n\n<figure class=\"wp-block-embed is-type-video is-provider-youtube wp-block-embed-youtube wp-embed-aspect-16-9 wp-has-aspect-ratio\"><div class=\"wp-block-embed__wrapper\">\n<div class=\"jeg_video_container jeg_video_content\"><iframe loading=\"lazy\" title=\"GUARAPARI ESP\u00cdRITO SANTO - melhores praias + pre\u00e7os\" width=\"500\" height=\"281\" src=\"https:\/\/www.youtube.com\/embed\/q_VNIc7BY6I?feature=oembed\" frameborder=\"0\" allow=\"accelerometer; autoplay; clipboard-write; encrypted-media; gyroscope; picture-in-picture; web-share\" referrerpolicy=\"strict-origin-when-cross-origin\" allowfullscreen><\/iframe><\/div>\n<\/div><\/figure>\n\n\n\n<h2 class=\"wp-block-heading\">Qual \u00e9 o roteiro ideal para explorar Guarapari no auge do ver\u00e3o?<\/h2>\n\n\n\n<p>Para aproveitar a cidade renovada, o ideal \u00e9 iniciar o dia na <strong>Praia do Morro<\/strong>, seguir para Mea\u00edpe no in\u00edcio da tarde e incluir uma trilha no Parque Paulo C\u00e9sar Vinha, explorando lagoas e \u00e1reas naturais preservadas.<\/p>\n\n\n\n<p>No fim do dia, Peracanga e os novos mirantes oferecem o cen\u00e1rio perfeito para fechar o passeio. Assim, o visitante vivencia um roteiro que combina natureza, infraestrutura e atrativos modernos.<\/p>\n\n\n\n<ul class=\"wp-block-list\">\n<li><strong>Manh\u00e3 na Praia do Morro<\/strong>, com caminhada, banho e clima de ver\u00e3o ativo.<\/li>\n\n\n\n<li><strong>Trilhas no Parque Paulo C\u00e9sar Vinha<\/strong>, explorando restingas e lagoas \u00fanicas.<\/li>\n\n\n\n<li><strong>P\u00f4r do sol em Peracanga ou em mirantes<\/strong>, encerrando o dia com paisagens inesquec\u00edveis.<\/li>\n<\/ul>\n","protected":false},"excerpt":{"rendered":"<p>A cidade de Guarapari vive um momento de renova\u00e7\u00e3o que ampliou seu apelo tur\u00edstico e promete uma temporada 2025\/2026 lotada, unindo praias famosas, \u00e1reas modernizadas e novos atrativos que movimentam visitantes de todo o pa\u00eds. O que explica o novo auge tur\u00edstico que Guarapari est\u00e1 vivendo? Guarapari ganhou for\u00e7a ap\u00f3s a revitaliza\u00e7\u00e3o das orlas e [&hellip;]<\/p>\n","protected":false},"author":13,"featured_media":132797,"comment_status":"open","ping_status":"open","sticky":false,"template":"","format":"standard","meta":{"jnews-multi-image_gallery":[],"jnews_single_post":{"format":"standard"},"jnews_primary_category":[],"jnews_social_meta":[],"jnews_override_counter":[],"footnotes":""},"categories":[26],"tags":[10608,19415,321],"class_list":["post-132792","post","type-post","status-publish","format-standard","has-post-thumbnail","hentry","category-cidades","tag-cidade-litoranea","tag-guarapari","tag-praias"],"yoast_head":"<!-- This site is optimized with the Yoast SEO plugin v23.8 - https:\/\/yoast.com\/wordpress\/plugins\/seo\/ -->\n<title>Fim de ano chegando e essa cidade do Esp\u00edrito Santo est\u00e1 pronta para te surpreender - Estado de Minas - Em foco<\/title>\n<meta name=\"description\" content=\"De praia renovada a mirantes com vista panor\u00e2mica, essa cidade se destaca como o novo xod\u00f3 do ver\u00e3o brasileiro.\" \/>\n<meta name=\"robots\" content=\"index, follow, max-snippet:-1, max-image-preview:large, max-video-preview:-1\" \/>\n<link rel=\"canonical\" href=\"https:\/\/www.em.com.br\/emfoco\/2025\/11\/30\/fim-de-ano-chegando-e-essa-cidade-do-espirito-santo-esta-pronta-para-te-surpreender\/\" \/>\n<meta property=\"og:locale\" content=\"pt_BR\" \/>\n<meta property=\"og:type\" content=\"article\" \/>\n<meta property=\"og:title\" content=\"Fim de ano chegando e essa cidade do Esp\u00edrito Santo est\u00e1 pronta para te surpreender - Estado de Minas - Em foco\" \/>\n<meta property=\"og:description\" content=\"De praia renovada a mirantes com vista panor\u00e2mica, essa cidade se destaca como o novo xod\u00f3 do ver\u00e3o brasileiro.\" \/>\n<meta property=\"og:url\" content=\"https:\/\/www.em.com.br\/emfoco\/2025\/11\/30\/fim-de-ano-chegando-e-essa-cidade-do-espirito-santo-esta-pronta-para-te-surpreender\/\" \/>\n<meta property=\"og:site_name\" content=\"Estado de Minas - Em foco\" \/>\n<meta property=\"article:published_time\" content=\"2025-11-30T21:05:00+00:00\" \/>\n<meta property=\"article:modified_time\" content=\"2025-11-27T20:49:52+00:00\" \/>\n<meta property=\"og:image\" content=\"https:\/\/www.em.com.br\/emfoco\/wp-content\/uploads\/2025\/11\/Guarapari-_1764276251533.jpg\" \/>\n\t<meta property=\"og:image:width\" content=\"1280\" \/>\n\t<meta property=\"og:image:height\" content=\"720\" \/>\n\t<meta property=\"og:image:type\" content=\"image\/jpeg\" \/>\n<meta name=\"author\" content=\"Gabriel Martins\" \/>\n<meta name=\"twitter:card\" content=\"summary_large_image\" \/>\n<meta name=\"twitter:label1\" content=\"Escrito por\" \/>\n\t<meta name=\"twitter:data1\" content=\"Gabriel Martins\" \/>\n\t<meta name=\"twitter:label2\" content=\"Est. tempo de leitura\" \/>\n\t<meta name=\"twitter:data2\" content=\"4 minutos\" \/>\n<!-- \/ Yoast SEO plugin. -->","yoast_head_json":{"title":"Fim de ano chegando e essa cidade do Esp\u00edrito Santo est\u00e1 pronta para te surpreender - Estado de Minas - Em foco","description":"De praia renovada a mirantes com vista panor\u00e2mica, essa cidade se destaca como o novo xod\u00f3 do ver\u00e3o brasileiro.","robots":{"index":"index","follow":"follow","max-snippet":"max-snippet:-1","max-image-preview":"max-image-preview:large","max-video-preview":"max-video-preview:-1"},"canonical":"https:\/\/www.em.com.br\/emfoco\/2025\/11\/30\/fim-de-ano-chegando-e-essa-cidade-do-espirito-santo-esta-pronta-para-te-surpreender\/","og_locale":"pt_BR","og_type":"article","og_title":"Fim de ano chegando e essa cidade do Esp\u00edrito Santo est\u00e1 pronta para te surpreender - Estado de Minas - Em foco","og_description":"De praia renovada a mirantes com vista panor\u00e2mica, essa cidade se destaca como o novo xod\u00f3 do ver\u00e3o brasileiro.","og_url":"https:\/\/www.em.com.br\/emfoco\/2025\/11\/30\/fim-de-ano-chegando-e-essa-cidade-do-espirito-santo-esta-pronta-para-te-surpreender\/","og_site_name":"Estado de Minas - Em foco","article_published_time":"2025-11-30T21:05:00+00:00","article_modified_time":"2025-11-27T20:49:52+00:00","og_image":[{"width":1280,"height":720,"url":"https:\/\/www.em.com.br\/emfoco\/wp-content\/uploads\/2025\/11\/Guarapari-_1764276251533.jpg","type":"image\/jpeg"}],"author":"Gabriel Martins","twitter_card":"summary_large_image","twitter_misc":{"Escrito por":"Gabriel Martins","Est. tempo de leitura":"4 minutos"},"schema":{"@context":"https:\/\/schema.org","@graph":[{"@type":"WebPage","@id":"https:\/\/www.em.com.br\/emfoco\/2025\/11\/30\/fim-de-ano-chegando-e-essa-cidade-do-espirito-santo-esta-pronta-para-te-surpreender\/","url":"https:\/\/www.em.com.br\/emfoco\/2025\/11\/30\/fim-de-ano-chegando-e-essa-cidade-do-espirito-santo-esta-pronta-para-te-surpreender\/","name":"Fim de ano chegando e essa cidade do Esp\u00edrito Santo est\u00e1 pronta para te surpreender - Estado de Minas - Em foco","isPartOf":{"@id":"https:\/\/www.em.com.br\/emfoco\/#website"},"primaryImageOfPage":{"@id":"https:\/\/www.em.com.br\/emfoco\/2025\/11\/30\/fim-de-ano-chegando-e-essa-cidade-do-espirito-santo-esta-pronta-para-te-surpreender\/#primaryimage"},"image":{"@id":"https:\/\/www.em.com.br\/emfoco\/2025\/11\/30\/fim-de-ano-chegando-e-essa-cidade-do-espirito-santo-esta-pronta-para-te-surpreender\/#primaryimage"},"thumbnailUrl":"https:\/\/www.em.com.br\/emfoco\/wp-content\/uploads\/2025\/11\/Guarapari-_1764276251533.jpg","datePublished":"2025-11-30T21:05:00+00:00","dateModified":"2025-11-27T20:49:52+00:00","author":{"@id":"https:\/\/www.em.com.br\/emfoco\/#\/schema\/person\/1c9ddeab18b98abeffef834667bcf08a"},"description":"De praia renovada a mirantes com vista panor\u00e2mica, essa cidade se destaca como o novo xod\u00f3 do ver\u00e3o brasileiro.","breadcrumb":{"@id":"https:\/\/www.em.com.br\/emfoco\/2025\/11\/30\/fim-de-ano-chegando-e-essa-cidade-do-espirito-santo-esta-pronta-para-te-surpreender\/#breadcrumb"},"inLanguage":"pt-BR","potentialAction":[{"@type":"ReadAction","target":["https:\/\/www.em.com.br\/emfoco\/2025\/11\/30\/fim-de-ano-chegando-e-essa-cidade-do-espirito-santo-esta-pronta-para-te-surpreender\/"]}]},{"@type":"ImageObject","inLanguage":"pt-BR","@id":"https:\/\/www.em.com.br\/emfoco\/2025\/11\/30\/fim-de-ano-chegando-e-essa-cidade-do-espirito-santo-esta-pronta-para-te-surpreender\/#primaryimage","url":"https:\/\/www.em.com.br\/emfoco\/wp-content\/uploads\/2025\/11\/Guarapari-_1764276251533.jpg","contentUrl":"https:\/\/www.em.com.br\/emfoco\/wp-content\/uploads\/2025\/11\/Guarapari-_1764276251533.jpg","width":1280,"height":720,"caption":"Cidade de Guarapari, Esp\u00edrito Santo - Cr\u00e9ditos: depositphotos.com \/ losak.napior"},{"@type":"BreadcrumbList","@id":"https:\/\/www.em.com.br\/emfoco\/2025\/11\/30\/fim-de-ano-chegando-e-essa-cidade-do-espirito-santo-esta-pronta-para-te-surpreender\/#breadcrumb","itemListElement":[{"@type":"ListItem","position":1,"name":"In\u00edcio","item":"https:\/\/www.em.com.br\/emfoco\/"},{"@type":"ListItem","position":2,"name":"Fim de ano chegando e essa cidade do Esp\u00edrito Santo est\u00e1 pronta para te surpreender"}]},{"@type":"WebSite","@id":"https:\/\/www.em.com.br\/emfoco\/#website","url":"https:\/\/www.em.com.br\/emfoco\/","name":"Estado de Minas - Em foco","description":"Acompanhe as \u00faltimas not\u00edcias e fique bem informado sobre tudo o que acontece em Minas Gerais, Brasil e no mundo.","potentialAction":[{"@type":"SearchAction","target":{"@type":"EntryPoint","urlTemplate":"https:\/\/www.em.com.br\/emfoco\/?s={search_term_string}"},"query-input":{"@type":"PropertyValueSpecification","valueRequired":true,"valueName":"search_term_string"}}],"inLanguage":"pt-BR"},{"@type":"Person","@id":"https:\/\/www.em.com.br\/emfoco\/#\/schema\/person\/1c9ddeab18b98abeffef834667bcf08a","name":"Gabriel Martins","image":{"@type":"ImageObject","inLanguage":"pt-BR","@id":"https:\/\/www.em.com.br\/emfoco\/#\/schema\/person\/image\/","url":"https:\/\/secure.gravatar.com\/avatar\/f0f1e2efdfd88f1ad2cb08c5c2731e50?s=96&d=mm&r=g","contentUrl":"https:\/\/secure.gravatar.com\/avatar\/f0f1e2efdfd88f1ad2cb08c5c2731e50?s=96&d=mm&r=g","caption":"Gabriel Martins"},"sameAs":["https:\/\/www.em.com.br\/emfoco\/"],"url":"https:\/\/www.em.com.br\/emfoco\/author\/gabrielmartinsmyth\/"}]}},"_links":{"self":[{"href":"https:\/\/www.em.com.br\/emfoco\/wp-json\/wp\/v2\/posts\/132792","targetHints":{"allow":["GET"]}}],"collection":[{"href":"https:\/\/www.em.com.br\/emfoco\/wp-json\/wp\/v2\/posts"}],"about":[{"href":"https:\/\/www.em.com.br\/emfoco\/wp-json\/wp\/v2\/types\/post"}],"author":[{"embeddable":true,"href":"https:\/\/www.em.com.br\/emfoco\/wp-json\/wp\/v2\/users\/13"}],"replies":[{"embeddable":true,"href":"https:\/\/www.em.com.br\/emfoco\/wp-json\/wp\/v2\/comments?post=132792"}],"version-history":[{"count":1,"href":"https:\/\/www.em.com.br\/emfoco\/wp-json\/wp\/v2\/posts\/132792\/revisions"}],"predecessor-version":[{"id":132806,"href":"https:\/\/www.em.com.br\/emfoco\/wp-json\/wp\/v2\/posts\/132792\/revisions\/132806"}],"wp:featuredmedia":[{"embeddable":true,"href":"https:\/\/www.em.com.br\/emfoco\/wp-json\/wp\/v2\/media\/132797"}],"wp:attachment":[{"href":"https:\/\/www.em.com.br\/emfoco\/wp-json\/wp\/v2\/media?parent=132792"}],"wp:term":[{"taxonomy":"category","embeddable":true,"href":"https:\/\/www.em.com.br\/emfoco\/wp-json\/wp\/v2\/categories?post=132792"},{"taxonomy":"post_tag","embeddable":true,"href":"https:\/\/www.em.com.br\/emfoco\/wp-json\/wp\/v2\/tags?post=132792"}],"curies":[{"name":"wp","href":"https:\/\/api.w.org\/{rel}","templated":true}]}}