{"id":132791,"date":"2025-11-30T15:05:00","date_gmt":"2025-11-30T18:05:00","guid":{"rendered":"https:\/\/www.em.com.br\/emfoco\/?p=132791"},"modified":"2025-11-27T17:48:56","modified_gmt":"2025-11-27T20:48:56","slug":"a-cidade-mais-vibrante-do-nordeste-que-quase-ninguem-explorou-por-completo","status":"publish","type":"post","link":"https:\/\/www.em.com.br\/emfoco\/2025\/11\/30\/a-cidade-mais-vibrante-do-nordeste-que-quase-ninguem-explorou-por-completo\/","title":{"rendered":"A cidade mais vibrante do Nordeste que quase ningu\u00e9m explorou por completo"},"content":{"rendered":"\n<p>Recife, capital pernambucana, vive expans\u00e3o acelerada e se destaca como destino que une hist\u00f3ria, lazer, tecnologia e forte identidade cultural. A cidade atrai visitantes com praias urbanas, gastronomia marcante e op\u00e7\u00f5es culturais que mostram um Nordeste criativo e inovador.<\/p>\n\n\n\n<h2 class=\"wp-block-heading\">Por que Recife se tornou um destino t\u00e3o atrativo no Nordeste?<\/h2>\n\n\n\n<p>A vibrante <strong>cidade do Recife<\/strong> re\u00fane tradi\u00e7\u00e3o e modernidade em harmonia, oferecendo experi\u00eancias completas em um s\u00f3 lugar. O <strong>Marco Zero<\/strong> \u00e9 o ponto de partida para conhecer pr\u00e9dios hist\u00f3ricos restaurados, cultura viva e museus que celebram o Nordeste de forma moderna e interativa.<\/p>\n\n\n\n<p>O clima quente o ano todo fortalece o turismo, com a <strong><a href=\"https:\/\/www.tripadvisor.com.br\/Attraction_Review-g304560-d318355-Reviews-Boa_Viagem_Beach-Recife_State_of_Pernambuco.html\" target=\"_blank\" rel=\"noreferrer noopener\">praia de Boa Viagem<\/a><\/strong> garantindo lazer pr\u00e1tico e vista deslumbrante da orla. A produ\u00e7\u00e3o art\u00edstica, o frevo e ritmos locais refor\u00e7am o esp\u00edrito alegre de um destino cheio de personalidade.<\/p>\n\n\n\n<h2 class=\"wp-block-heading\">Quais atra\u00e7\u00f5es n\u00e3o podem faltar no roteiro pela capital pernambucana?<\/h2>\n\n\n\n<p>O Recife Antigo concentra parte dos principais pontos tur\u00edsticos, com locais que traduzem a ess\u00eancia criativa e hist\u00f3rica da cidade. Veja alguns que enriquecem ainda mais o passeio:<\/p>\n\n\n\n<ul class=\"wp-block-list\">\n<li><strong>Marco Zero<\/strong> com vista para o Parque das Esculturas e in\u00edcio perfeito para explorar o centro hist\u00f3rico.<\/li>\n\n\n\n<li><strong>Pa\u00e7o do Frevo<\/strong> e Cais do Sert\u00e3o, onde tecnologia e mem\u00f3ria cultural se conectam de forma interativa.<\/li>\n\n\n\n<li><strong>Rua do Bom Jesus<\/strong>, famosa mundialmente pela est\u00e9tica e pela vida art\u00edstica efervescente.<\/li>\n<\/ul>\n\n\n\n<figure class=\"wp-block-image size-large\"><img loading=\"lazy\" decoding=\"async\" width=\"1024\" height=\"576\" src=\"https:\/\/www.em.com.br\/emfoco\/wp-content\/uploads\/2025\/04\/Recife-Pernambuco_1744470051782-1024x576.jpg\" alt=\"A capital nordestina que mistura hist\u00f3ria vibrante com inova\u00e7\u00e3o de ponta\" class=\"wp-image-37852\" srcset=\"https:\/\/www.em.com.br\/emfoco\/wp-content\/uploads\/2025\/04\/Recife-Pernambuco_1744470051782-1024x576.jpg 1024w, https:\/\/www.em.com.br\/emfoco\/wp-content\/uploads\/2025\/04\/Recife-Pernambuco_1744470051782-300x169.jpg 300w, https:\/\/www.em.com.br\/emfoco\/wp-content\/uploads\/2025\/04\/Recife-Pernambuco_1744470051782-768x432.jpg 768w, https:\/\/www.em.com.br\/emfoco\/wp-content\/uploads\/2025\/04\/Recife-Pernambuco_1744470051782-750x422.jpg 750w, https:\/\/www.em.com.br\/emfoco\/wp-content\/uploads\/2025\/04\/Recife-Pernambuco_1744470051782-1140x641.jpg 1140w, https:\/\/www.em.com.br\/emfoco\/wp-content\/uploads\/2025\/04\/Recife-Pernambuco_1744470051782.jpg 1280w\" sizes=\"auto, (max-width: 1024px) 100vw, 1024px\" \/><figcaption class=\"wp-element-caption\">Recife, Pernambuco &#8211; Cr\u00e9ditos: depositphotos.com \/ mbastos<\/figcaption><\/figure>\n\n\n\n<p><em>Leia mais: <strong><a href=\"https:\/\/www.em.com.br\/emfoco\/2025\/11\/14\/3-pequenas-cidades-brasileiras-que-se-tornaram-exemplo-em-turismo-sustentavel\/\" target=\"_blank\" rel=\"noreferrer noopener\">3 pequenas cidades brasileiras que se tornaram exemplo em turismo sustent\u00e1vel<\/a><\/strong><\/em><\/p>\n\n\n\n<h2 class=\"wp-block-heading\">Como a cultura local transforma a experi\u00eancia do visitante?<\/h2>\n\n\n\n<p>O <strong>frevo<\/strong>, o maracatu e express\u00f5es art\u00edsticas regionais ganham as ruas com for\u00e7a, especialmente em celebra\u00e7\u00f5es populares. O <strong>Carnaval<\/strong> envolve turistas com alegria genu\u00edna, refor\u00e7ando o car\u00e1ter criativo e \u00fanico da cidade.<\/p>\n\n\n\n<p>Locais como o <strong>Instituto Ricardo Brennand<\/strong> e a Oficina Brennand mostram a riqueza hist\u00f3rica e pl\u00e1stica pernambucana. Feiras, mercados e a gastronomia com ingredientes do litoral fortalecem o charme recifense.<\/p>\n\n\n\n<h2 class=\"wp-block-heading\">Qual a melhor \u00e9poca para viajar e aproveitar tudo ao m\u00e1ximo?<\/h2>\n\n\n\n<p>O clima tropical mant\u00e9m temperaturas elevadas e <strong>\u00e1gua morna<\/strong> o ano inteiro, excelente para quem ama praia e passeios ao ar livre. A chuva \u00e9 mais comum entre abril e julho, mas o turismo cultural segue movimentado.<\/p>\n\n\n\n<ul class=\"wp-block-list\">\n<li>Ver\u00e3o com mais dias ensolarados para aproveitar a orla e piscinas naturais.<\/li>\n\n\n\n<li>Eventos culturais intensificam a alta temporada e a atmosfera festiva da cidade.<\/li>\n\n\n\n<li>\u00d3tima op\u00e7\u00e3o para quem gosta de experi\u00eancias ao ar livre durante todo o ano.<\/li>\n<\/ul>\n\n\n\n<p>A seguir voc\u00ea pode acompanhar dicas de roteiros incr\u00edveis por Recife, compartilhado pelo canal do YouTube <strong>@Tesouros do Brasil:<\/strong><\/p>\n\n\n\n<figure class=\"wp-block-embed is-type-video is-provider-youtube wp-block-embed-youtube wp-embed-aspect-16-9 wp-has-aspect-ratio\"><div class=\"wp-block-embed__wrapper\">\n<div class=\"jeg_video_container jeg_video_content\"><iframe loading=\"lazy\" title=\"O QUE FAZER EM RECIFE - ROTEIRO DE 3 DIAS: passeios imperd\u00edveis, praias, restaurantes\" width=\"500\" height=\"281\" src=\"https:\/\/www.youtube.com\/embed\/8xT67sRf4vU?feature=oembed\" frameborder=\"0\" allow=\"accelerometer; autoplay; clipboard-write; encrypted-media; gyroscope; picture-in-picture; web-share\" referrerpolicy=\"strict-origin-when-cross-origin\" allowfullscreen><\/iframe><\/div>\n<\/div><\/figure>\n\n\n\n<h2 class=\"wp-block-heading\">O que faz Recife continuar surpreendendo quem visita?<\/h2>\n\n\n\n<p>Al\u00e9m dos cl\u00e1ssicos tur\u00edsticos, a cidade se reinventa com <strong>espa\u00e7os revitalizados<\/strong>, projetos criativos e iniciativas que incentivam economia cultural e conviv\u00eancia urbana. Essa energia transforma cada viagem em descoberta.<\/p>\n\n\n\n<ul class=\"wp-block-list\">\n<li>Vida noturna que mescla casarios hist\u00f3ricos com m\u00fasica ao vivo e inova\u00e7\u00e3o.<\/li>\n\n\n\n<li>F\u00e1cil acesso a destinos pr\u00f3ximos como Olinda e Porto de Galinhas.<\/li>\n\n\n\n<li><strong>Hospitalidade<\/strong> que marca o visitante e cria mem\u00f3rias duradouras.<\/li>\n<\/ul>\n","protected":false},"excerpt":{"rendered":"<p>Recife, capital pernambucana, vive expans\u00e3o acelerada e se destaca como destino que une hist\u00f3ria, lazer, tecnologia e forte identidade cultural. A cidade atrai visitantes com praias urbanas, gastronomia marcante e op\u00e7\u00f5es culturais que mostram um Nordeste criativo e inovador. Por que Recife se tornou um destino t\u00e3o atrativo no Nordeste? A vibrante cidade do Recife [&hellip;]<\/p>\n","protected":false},"author":13,"featured_media":132796,"comment_status":"open","ping_status":"open","sticky":false,"template":"","format":"standard","meta":{"jnews-multi-image_gallery":[],"jnews_single_post":{"format":"standard"},"jnews_primary_category":[],"jnews_social_meta":[],"jnews_override_counter":[],"footnotes":""},"categories":[26],"tags":[19414,1503,1191,14484],"class_list":["post-132791","post","type-post","status-publish","format-standard","has-post-thumbnail","hentry","category-cidades","tag-cidade-vibrante","tag-pernambuco","tag-recife","tag-viagem-turistica"],"yoast_head":"<!-- This site is optimized with the Yoast SEO plugin v23.8 - https:\/\/yoast.com\/wordpress\/plugins\/seo\/ -->\n<title>A cidade mais vibrante do Nordeste que quase ningu\u00e9m explorou por completo - Estado de Minas - Em foco<\/title>\n<meta name=\"description\" content=\"A capital pernambucana surpreende com atra\u00e7\u00f5es hist\u00f3ricas, arte, m\u00fasica e orla paradis\u00edaca. Uma experi\u00eancia completa o ano todo.\" \/>\n<meta name=\"robots\" content=\"index, follow, max-snippet:-1, max-image-preview:large, max-video-preview:-1\" \/>\n<link rel=\"canonical\" href=\"https:\/\/www.em.com.br\/emfoco\/2025\/11\/30\/a-cidade-mais-vibrante-do-nordeste-que-quase-ninguem-explorou-por-completo\/\" \/>\n<meta property=\"og:locale\" content=\"pt_BR\" \/>\n<meta property=\"og:type\" content=\"article\" \/>\n<meta property=\"og:title\" content=\"A cidade mais vibrante do Nordeste que quase ningu\u00e9m explorou por completo - Estado de Minas - Em foco\" \/>\n<meta property=\"og:description\" content=\"A capital pernambucana surpreende com atra\u00e7\u00f5es hist\u00f3ricas, arte, m\u00fasica e orla paradis\u00edaca. Uma experi\u00eancia completa o ano todo.\" \/>\n<meta property=\"og:url\" content=\"https:\/\/www.em.com.br\/emfoco\/2025\/11\/30\/a-cidade-mais-vibrante-do-nordeste-que-quase-ninguem-explorou-por-completo\/\" \/>\n<meta property=\"og:site_name\" content=\"Estado de Minas - Em foco\" \/>\n<meta property=\"article:published_time\" content=\"2025-11-30T18:05:00+00:00\" \/>\n<meta property=\"article:modified_time\" content=\"2025-11-27T20:48:56+00:00\" \/>\n<meta property=\"og:image\" content=\"https:\/\/www.em.com.br\/emfoco\/wp-content\/uploads\/2025\/11\/Recife-Pernambuco_1764276215519.jpg\" \/>\n\t<meta property=\"og:image:width\" content=\"1280\" \/>\n\t<meta property=\"og:image:height\" content=\"720\" \/>\n\t<meta property=\"og:image:type\" content=\"image\/jpeg\" \/>\n<meta name=\"author\" content=\"Gabriel Martins\" \/>\n<meta name=\"twitter:card\" content=\"summary_large_image\" \/>\n<meta name=\"twitter:label1\" content=\"Escrito por\" \/>\n\t<meta name=\"twitter:data1\" content=\"Gabriel Martins\" \/>\n\t<meta name=\"twitter:label2\" content=\"Est. tempo de leitura\" \/>\n\t<meta name=\"twitter:data2\" content=\"4 minutos\" \/>\n<!-- \/ Yoast SEO plugin. -->","yoast_head_json":{"title":"A cidade mais vibrante do Nordeste que quase ningu\u00e9m explorou por completo - Estado de Minas - Em foco","description":"A capital pernambucana surpreende com atra\u00e7\u00f5es hist\u00f3ricas, arte, m\u00fasica e orla paradis\u00edaca. Uma experi\u00eancia completa o ano todo.","robots":{"index":"index","follow":"follow","max-snippet":"max-snippet:-1","max-image-preview":"max-image-preview:large","max-video-preview":"max-video-preview:-1"},"canonical":"https:\/\/www.em.com.br\/emfoco\/2025\/11\/30\/a-cidade-mais-vibrante-do-nordeste-que-quase-ninguem-explorou-por-completo\/","og_locale":"pt_BR","og_type":"article","og_title":"A cidade mais vibrante do Nordeste que quase ningu\u00e9m explorou por completo - Estado de Minas - Em foco","og_description":"A capital pernambucana surpreende com atra\u00e7\u00f5es hist\u00f3ricas, arte, m\u00fasica e orla paradis\u00edaca. Uma experi\u00eancia completa o ano todo.","og_url":"https:\/\/www.em.com.br\/emfoco\/2025\/11\/30\/a-cidade-mais-vibrante-do-nordeste-que-quase-ninguem-explorou-por-completo\/","og_site_name":"Estado de Minas - Em foco","article_published_time":"2025-11-30T18:05:00+00:00","article_modified_time":"2025-11-27T20:48:56+00:00","og_image":[{"width":1280,"height":720,"url":"https:\/\/www.em.com.br\/emfoco\/wp-content\/uploads\/2025\/11\/Recife-Pernambuco_1764276215519.jpg","type":"image\/jpeg"}],"author":"Gabriel Martins","twitter_card":"summary_large_image","twitter_misc":{"Escrito por":"Gabriel Martins","Est. tempo de leitura":"4 minutos"},"schema":{"@context":"https:\/\/schema.org","@graph":[{"@type":"WebPage","@id":"https:\/\/www.em.com.br\/emfoco\/2025\/11\/30\/a-cidade-mais-vibrante-do-nordeste-que-quase-ninguem-explorou-por-completo\/","url":"https:\/\/www.em.com.br\/emfoco\/2025\/11\/30\/a-cidade-mais-vibrante-do-nordeste-que-quase-ninguem-explorou-por-completo\/","name":"A cidade mais vibrante do Nordeste que quase ningu\u00e9m explorou por completo - Estado de Minas - Em foco","isPartOf":{"@id":"https:\/\/www.em.com.br\/emfoco\/#website"},"primaryImageOfPage":{"@id":"https:\/\/www.em.com.br\/emfoco\/2025\/11\/30\/a-cidade-mais-vibrante-do-nordeste-que-quase-ninguem-explorou-por-completo\/#primaryimage"},"image":{"@id":"https:\/\/www.em.com.br\/emfoco\/2025\/11\/30\/a-cidade-mais-vibrante-do-nordeste-que-quase-ninguem-explorou-por-completo\/#primaryimage"},"thumbnailUrl":"https:\/\/www.em.com.br\/emfoco\/wp-content\/uploads\/2025\/11\/Recife-Pernambuco_1764276215519.jpg","datePublished":"2025-11-30T18:05:00+00:00","dateModified":"2025-11-27T20:48:56+00:00","author":{"@id":"https:\/\/www.em.com.br\/emfoco\/#\/schema\/person\/1c9ddeab18b98abeffef834667bcf08a"},"description":"A capital pernambucana surpreende com atra\u00e7\u00f5es hist\u00f3ricas, arte, m\u00fasica e orla paradis\u00edaca. Uma experi\u00eancia completa o ano todo.","breadcrumb":{"@id":"https:\/\/www.em.com.br\/emfoco\/2025\/11\/30\/a-cidade-mais-vibrante-do-nordeste-que-quase-ninguem-explorou-por-completo\/#breadcrumb"},"inLanguage":"pt-BR","potentialAction":[{"@type":"ReadAction","target":["https:\/\/www.em.com.br\/emfoco\/2025\/11\/30\/a-cidade-mais-vibrante-do-nordeste-que-quase-ninguem-explorou-por-completo\/"]}]},{"@type":"ImageObject","inLanguage":"pt-BR","@id":"https:\/\/www.em.com.br\/emfoco\/2025\/11\/30\/a-cidade-mais-vibrante-do-nordeste-que-quase-ninguem-explorou-por-completo\/#primaryimage","url":"https:\/\/www.em.com.br\/emfoco\/wp-content\/uploads\/2025\/11\/Recife-Pernambuco_1764276215519.jpg","contentUrl":"https:\/\/www.em.com.br\/emfoco\/wp-content\/uploads\/2025\/11\/Recife-Pernambuco_1764276215519.jpg","width":1280,"height":720,"caption":"Cidade de Recife, Pernambuco - Cr\u00e9ditos: depositphotos.com \/ gustavofrazao"},{"@type":"BreadcrumbList","@id":"https:\/\/www.em.com.br\/emfoco\/2025\/11\/30\/a-cidade-mais-vibrante-do-nordeste-que-quase-ninguem-explorou-por-completo\/#breadcrumb","itemListElement":[{"@type":"ListItem","position":1,"name":"In\u00edcio","item":"https:\/\/www.em.com.br\/emfoco\/"},{"@type":"ListItem","position":2,"name":"A cidade mais vibrante do Nordeste que quase ningu\u00e9m explorou por completo"}]},{"@type":"WebSite","@id":"https:\/\/www.em.com.br\/emfoco\/#website","url":"https:\/\/www.em.com.br\/emfoco\/","name":"Estado de Minas - Em foco","description":"Acompanhe as \u00faltimas not\u00edcias e fique bem informado sobre tudo o que acontece em Minas Gerais, Brasil e no mundo.","potentialAction":[{"@type":"SearchAction","target":{"@type":"EntryPoint","urlTemplate":"https:\/\/www.em.com.br\/emfoco\/?s={search_term_string}"},"query-input":{"@type":"PropertyValueSpecification","valueRequired":true,"valueName":"search_term_string"}}],"inLanguage":"pt-BR"},{"@type":"Person","@id":"https:\/\/www.em.com.br\/emfoco\/#\/schema\/person\/1c9ddeab18b98abeffef834667bcf08a","name":"Gabriel Martins","image":{"@type":"ImageObject","inLanguage":"pt-BR","@id":"https:\/\/www.em.com.br\/emfoco\/#\/schema\/person\/image\/","url":"https:\/\/secure.gravatar.com\/avatar\/f0f1e2efdfd88f1ad2cb08c5c2731e50?s=96&d=mm&r=g","contentUrl":"https:\/\/secure.gravatar.com\/avatar\/f0f1e2efdfd88f1ad2cb08c5c2731e50?s=96&d=mm&r=g","caption":"Gabriel Martins"},"sameAs":["https:\/\/www.em.com.br\/emfoco\/"],"url":"https:\/\/www.em.com.br\/emfoco\/author\/gabrielmartinsmyth\/"}]}},"_links":{"self":[{"href":"https:\/\/www.em.com.br\/emfoco\/wp-json\/wp\/v2\/posts\/132791","targetHints":{"allow":["GET"]}}],"collection":[{"href":"https:\/\/www.em.com.br\/emfoco\/wp-json\/wp\/v2\/posts"}],"about":[{"href":"https:\/\/www.em.com.br\/emfoco\/wp-json\/wp\/v2\/types\/post"}],"author":[{"embeddable":true,"href":"https:\/\/www.em.com.br\/emfoco\/wp-json\/wp\/v2\/users\/13"}],"replies":[{"embeddable":true,"href":"https:\/\/www.em.com.br\/emfoco\/wp-json\/wp\/v2\/comments?post=132791"}],"version-history":[{"count":1,"href":"https:\/\/www.em.com.br\/emfoco\/wp-json\/wp\/v2\/posts\/132791\/revisions"}],"predecessor-version":[{"id":132804,"href":"https:\/\/www.em.com.br\/emfoco\/wp-json\/wp\/v2\/posts\/132791\/revisions\/132804"}],"wp:featuredmedia":[{"embeddable":true,"href":"https:\/\/www.em.com.br\/emfoco\/wp-json\/wp\/v2\/media\/132796"}],"wp:attachment":[{"href":"https:\/\/www.em.com.br\/emfoco\/wp-json\/wp\/v2\/media?parent=132791"}],"wp:term":[{"taxonomy":"category","embeddable":true,"href":"https:\/\/www.em.com.br\/emfoco\/wp-json\/wp\/v2\/categories?post=132791"},{"taxonomy":"post_tag","embeddable":true,"href":"https:\/\/www.em.com.br\/emfoco\/wp-json\/wp\/v2\/tags?post=132791"}],"curies":[{"name":"wp","href":"https:\/\/api.w.org\/{rel}","templated":true}]}}