{"id":132756,"date":"2025-11-30T21:45:00","date_gmt":"2025-12-01T00:45:00","guid":{"rendered":"https:\/\/www.em.com.br\/emfoco\/?p=132756"},"modified":"2025-12-01T10:04:21","modified_gmt":"2025-12-01T13:04:21","slug":"o-erro-silencioso-que-faz-sua-geladeira-gastar-mais-e-diminuir-a-durabilidade-dos-alimentos","status":"publish","type":"post","link":"https:\/\/www.em.com.br\/emfoco\/2025\/11\/30\/o-erro-silencioso-que-faz-sua-geladeira-gastar-mais-e-diminuir-a-durabilidade-dos-alimentos\/","title":{"rendered":"O erro silencioso que faz sua geladeira gastar mais e diminuir a durabilidade dos alimentos"},"content":{"rendered":"\n<p>Um <strong>erro comum na rotina dom\u00e9stica<\/strong> faz muitas geladeiras gastarem mais energia e estragarem alimentos mais r\u00e1pido, porque esse h\u00e1bito passa despercebido e interfere diretamente na circula\u00e7\u00e3o de ar frio dentro do eletrodom\u00e9stico.<\/p>\n\n\n\n<h2 class=\"wp-block-heading\">Por que esse erro silencioso faz a geladeira trabalhar mais do que deveria?<\/h2>\n\n\n\n<p>O problema acontece quando o morador <strong>lota demais a geladeira<\/strong> ou bloqueia as sa\u00eddas de ar, impedindo que o ar gelado circule entre as prateleiras. Com isso, o motor trabalha em dobro para compensar a perda de refrigera\u00e7\u00e3o.<\/p>\n\n\n\n<p>Quando potes, garrafas e recipientes ficam encostados nas paredes internas, o <strong>sensor de temperatura<\/strong> perde a precis\u00e3o. Isso for\u00e7a o compressor a ligar com mais frequ\u00eancia, gerando consumo elevado e reduzindo a vida \u00fatil do aparelho.<\/p>\n\n\n\n<figure class=\"wp-block-image is-resized\"><img decoding=\"async\" src=\"https:\/\/www.em.com.br\/emfoco\/wp-content\/uploads\/2025\/11\/mosaico_1764274699339-1024x576.jpg\" alt=\"\" style=\"width:1170px;height:auto\"\/><figcaption class=\"wp-element-caption\">O excesso de itens bloqueia o ar frio e faz a geladeira gastar mais &#8211; Cr\u00e9ditos: depositphotos.com \/ IgorVetushko &#8211; depositphotos.com \/ F01photo<\/figcaption><\/figure>\n\n\n\n<p><em>Leia mais: <strong><a href=\"https:\/\/www.em.com.br\/emfoco\/2025\/11\/24\/reduzi-minha-conta-de-luz-com-um-ajuste-que-ninguem-me-ensinou-no-chuveiro\/\" target=\"_blank\" rel=\"noreferrer noopener\">Reduzi minha conta de luz com um ajuste que ningu\u00e9m me ensinou no chuveiro<\/a><\/strong><\/em><\/p>\n\n\n\n<h2 class=\"wp-block-heading\">Quais h\u00e1bitos agravam ainda mais esse problema no dia a dia?<\/h2>\n\n\n\n<p>Algumas atitudes comuns pioram o bloqueio da circula\u00e7\u00e3o de ar e tornam a refrigera\u00e7\u00e3o irregular. Para entender como evitar falhas de resfriamento e desperd\u00edcio, veja os h\u00e1bitos que mais atrapalham o desempenho da <strong>geladeira<\/strong>.<\/p>\n\n\n\n<ul class=\"wp-block-list\">\n<li><strong>Manter a porta aberta por longos per\u00edodos<\/strong>, fazendo o ar frio escapar e obrigando o compressor a funcionar sem pausa.<\/li>\n\n\n\n<li><strong>Deixar a borracha de veda\u00e7\u00e3o ressecada<\/strong>, permitindo entrada de ar quente e prejudicando a estabiliza\u00e7\u00e3o da temperatura interna.<\/li>\n\n\n\n<li><strong>Ac\u00famulo de gelo nas prateleiras<\/strong>, diminuindo o espa\u00e7o \u00fatil e bloqueando passagens importantes de ar refrigerado.<\/li>\n<\/ul>\n\n\n\n<h2 class=\"wp-block-heading\">Como o bloqueio da ventila\u00e7\u00e3o acelera o apodrecimento dos alimentos?<\/h2>\n\n\n\n<p>Ao impedir a circula\u00e7\u00e3o adequada, criam-se <strong><a href=\"https:\/\/www.reddit.com\/r\/AskCulinary\/comments\/15xi97o\/is_it_true_that_you_shouldnt_put_hot_food_in_the\/?tl=pt-br\" target=\"_blank\" rel=\"noreferrer noopener\">zonas quentes<\/a><\/strong> dentro do refrigerador, onde frutas, verduras, latic\u00ednios e carnes deterioram mais r\u00e1pido. Isso acontece porque o ar frio n\u00e3o atinge todas as \u00e1reas de maneira uniforme.<\/p>\n\n\n\n<p>Al\u00e9m disso, colocar alimentos quentes ou recipientes destampados dentro da geladeira provoca <strong>condensa\u00e7\u00e3o excessiva<\/strong>, aumentando a umidade interna e levando o motor a trabalhar mais, o que impacta diretamente na conserva\u00e7\u00e3o dos alimentos.<\/p>\n\n\n\n<figure class=\"wp-block-image size-large\"><img loading=\"lazy\" decoding=\"async\" width=\"1024\" height=\"576\" src=\"https:\/\/www.em.com.br\/emfoco\/wp-content\/uploads\/2025\/11\/Geladeira-cheia_1764274791350-1024x576.jpg\" alt=\"O erro silencioso que faz sua geladeira gastar mais e diminuir a durabilidade dos alimentos\" class=\"wp-image-132789\" srcset=\"https:\/\/www.em.com.br\/emfoco\/wp-content\/uploads\/2025\/11\/Geladeira-cheia_1764274791350-1024x576.jpg 1024w, https:\/\/www.em.com.br\/emfoco\/wp-content\/uploads\/2025\/11\/Geladeira-cheia_1764274791350-300x169.jpg 300w, https:\/\/www.em.com.br\/emfoco\/wp-content\/uploads\/2025\/11\/Geladeira-cheia_1764274791350-768x432.jpg 768w, https:\/\/www.em.com.br\/emfoco\/wp-content\/uploads\/2025\/11\/Geladeira-cheia_1764274791350-750x422.jpg 750w, https:\/\/www.em.com.br\/emfoco\/wp-content\/uploads\/2025\/11\/Geladeira-cheia_1764274791350-1140x641.jpg 1140w, https:\/\/www.em.com.br\/emfoco\/wp-content\/uploads\/2025\/11\/Geladeira-cheia_1764274791350.jpg 1280w\" sizes=\"auto, (max-width: 1024px) 100vw, 1024px\" \/><figcaption class=\"wp-element-caption\">Zonas quentes internas estragam alimentos r\u00e1pido e aumentam a umidade &#8211; Cr\u00e9ditos: depositphotos.com \/ ArenaCreative<\/figcaption><\/figure>\n\n\n\n<h2 class=\"wp-block-heading\">O que fazer para economizar energia e conservar os alimentos por mais tempo?<\/h2>\n\n\n\n<p>Para que o eletrodom\u00e9stico funcione corretamente, \u00e9 fundamental manter espa\u00e7o entre os itens e garantir que nenhuma sa\u00edda de ar esteja obstru\u00edda. Por isso, adotar pr\u00e1ticas simples ajuda a preservar o <strong>refrigera\u00e7\u00e3o eficiente<\/strong>.<\/p>\n\n\n\n<ul class=\"wp-block-list\">\n<li><strong>Deixar \u00e1reas livres perto das sa\u00eddas de ar<\/strong>, garantindo que o ar gelado circule de forma constante entre as prateleiras.<\/li>\n\n\n\n<li><strong>Organizar potes e garrafas com espa\u00e7amento<\/strong>, evitando empilhamentos que confundem a leitura do sensor de temperatura.<\/li>\n\n\n\n<li><strong>Evitar alimentos quentes ou destampados<\/strong>, reduzindo a umidade, a condensa\u00e7\u00e3o e o esfor\u00e7o do compressor.<\/li>\n<\/ul>\n","protected":false},"excerpt":{"rendered":"<p>Um erro comum na rotina dom\u00e9stica faz muitas geladeiras gastarem mais energia e estragarem alimentos mais r\u00e1pido, porque esse h\u00e1bito passa despercebido e interfere diretamente na circula\u00e7\u00e3o de ar frio dentro do eletrodom\u00e9stico. Por que esse erro silencioso faz a geladeira trabalhar mais do que deveria? O problema acontece quando o morador lota demais a [&hellip;]<\/p>\n","protected":false},"author":13,"featured_media":133393,"comment_status":"open","ping_status":"open","sticky":false,"template":"","format":"standard","meta":{"jnews-multi-image_gallery":[],"jnews_single_post":{"format":"standard"},"jnews_primary_category":[],"jnews_social_meta":[],"jnews_override_counter":[],"footnotes":""},"categories":[8819],"tags":[16886,6936,7291],"class_list":["post-132756","post","type-post","status-publish","format-standard","has-post-thumbnail","hentry","category-curiosidades","tag-conta-de-energia","tag-dicas-de-economia","tag-geladeira"],"yoast_head":"<!-- This site is optimized with the Yoast SEO plugin v23.8 - https:\/\/yoast.com\/wordpress\/plugins\/seo\/ -->\n<title>O erro silencioso que faz sua geladeira gastar mais e diminuir a durabilidade dos alimentos - Estado de Minas - Em foco<\/title>\n<meta name=\"description\" content=\"Um erro comum na organiza\u00e7\u00e3o da geladeira pode estar elevando o consumo de energia e estragando seus alimentos antes da hora.\" \/>\n<meta name=\"robots\" content=\"index, follow, max-snippet:-1, max-image-preview:large, max-video-preview:-1\" \/>\n<link rel=\"canonical\" href=\"https:\/\/www.em.com.br\/emfoco\/2025\/11\/30\/o-erro-silencioso-que-faz-sua-geladeira-gastar-mais-e-diminuir-a-durabilidade-dos-alimentos\/\" \/>\n<meta property=\"og:locale\" content=\"pt_BR\" \/>\n<meta property=\"og:type\" content=\"article\" \/>\n<meta property=\"og:title\" content=\"O erro silencioso que faz sua geladeira gastar mais e diminuir a durabilidade dos alimentos - Estado de Minas - Em foco\" \/>\n<meta property=\"og:description\" content=\"Um erro comum na organiza\u00e7\u00e3o da geladeira pode estar elevando o consumo de energia e estragando seus alimentos antes da hora.\" \/>\n<meta property=\"og:url\" content=\"https:\/\/www.em.com.br\/emfoco\/2025\/11\/30\/o-erro-silencioso-que-faz-sua-geladeira-gastar-mais-e-diminuir-a-durabilidade-dos-alimentos\/\" \/>\n<meta property=\"og:site_name\" content=\"Estado de Minas - Em foco\" \/>\n<meta property=\"article:published_time\" content=\"2025-12-01T00:45:00+00:00\" \/>\n<meta property=\"article:modified_time\" content=\"2025-12-01T13:04:21+00:00\" \/>\n<meta property=\"og:image\" content=\"https:\/\/www.em.com.br\/emfoco\/wp-content\/uploads\/2025\/11\/IA-IMG-2-24-1024x576-1.jpg\" \/>\n\t<meta property=\"og:image:width\" content=\"1280\" \/>\n\t<meta property=\"og:image:height\" content=\"720\" \/>\n\t<meta property=\"og:image:type\" content=\"image\/jpeg\" \/>\n<meta name=\"author\" content=\"Gabriel Martins\" \/>\n<meta name=\"twitter:card\" content=\"summary_large_image\" \/>\n<meta name=\"twitter:label1\" content=\"Escrito por\" \/>\n\t<meta name=\"twitter:data1\" content=\"Gabriel Martins\" \/>\n\t<meta name=\"twitter:label2\" content=\"Est. tempo de leitura\" \/>\n\t<meta name=\"twitter:data2\" content=\"4 minutos\" \/>\n<!-- \/ Yoast SEO plugin. -->","yoast_head_json":{"title":"O erro silencioso que faz sua geladeira gastar mais e diminuir a durabilidade dos alimentos - Estado de Minas - Em foco","description":"Um erro comum na organiza\u00e7\u00e3o da geladeira pode estar elevando o consumo de energia e estragando seus alimentos antes da hora.","robots":{"index":"index","follow":"follow","max-snippet":"max-snippet:-1","max-image-preview":"max-image-preview:large","max-video-preview":"max-video-preview:-1"},"canonical":"https:\/\/www.em.com.br\/emfoco\/2025\/11\/30\/o-erro-silencioso-que-faz-sua-geladeira-gastar-mais-e-diminuir-a-durabilidade-dos-alimentos\/","og_locale":"pt_BR","og_type":"article","og_title":"O erro silencioso que faz sua geladeira gastar mais e diminuir a durabilidade dos alimentos - Estado de Minas - Em foco","og_description":"Um erro comum na organiza\u00e7\u00e3o da geladeira pode estar elevando o consumo de energia e estragando seus alimentos antes da hora.","og_url":"https:\/\/www.em.com.br\/emfoco\/2025\/11\/30\/o-erro-silencioso-que-faz-sua-geladeira-gastar-mais-e-diminuir-a-durabilidade-dos-alimentos\/","og_site_name":"Estado de Minas - Em foco","article_published_time":"2025-12-01T00:45:00+00:00","article_modified_time":"2025-12-01T13:04:21+00:00","og_image":[{"width":1280,"height":720,"url":"https:\/\/www.em.com.br\/emfoco\/wp-content\/uploads\/2025\/11\/IA-IMG-2-24-1024x576-1.jpg","type":"image\/jpeg"}],"author":"Gabriel Martins","twitter_card":"summary_large_image","twitter_misc":{"Escrito por":"Gabriel Martins","Est. tempo de leitura":"4 minutos"},"schema":{"@context":"https:\/\/schema.org","@graph":[{"@type":"WebPage","@id":"https:\/\/www.em.com.br\/emfoco\/2025\/11\/30\/o-erro-silencioso-que-faz-sua-geladeira-gastar-mais-e-diminuir-a-durabilidade-dos-alimentos\/","url":"https:\/\/www.em.com.br\/emfoco\/2025\/11\/30\/o-erro-silencioso-que-faz-sua-geladeira-gastar-mais-e-diminuir-a-durabilidade-dos-alimentos\/","name":"O erro silencioso que faz sua geladeira gastar mais e diminuir a durabilidade dos alimentos - Estado de Minas - Em foco","isPartOf":{"@id":"https:\/\/www.em.com.br\/emfoco\/#website"},"primaryImageOfPage":{"@id":"https:\/\/www.em.com.br\/emfoco\/2025\/11\/30\/o-erro-silencioso-que-faz-sua-geladeira-gastar-mais-e-diminuir-a-durabilidade-dos-alimentos\/#primaryimage"},"image":{"@id":"https:\/\/www.em.com.br\/emfoco\/2025\/11\/30\/o-erro-silencioso-que-faz-sua-geladeira-gastar-mais-e-diminuir-a-durabilidade-dos-alimentos\/#primaryimage"},"thumbnailUrl":"https:\/\/www.em.com.br\/emfoco\/wp-content\/uploads\/2025\/11\/IA-IMG-2-24-1024x576-1.jpg","datePublished":"2025-12-01T00:45:00+00:00","dateModified":"2025-12-01T13:04:21+00:00","author":{"@id":"https:\/\/www.em.com.br\/emfoco\/#\/schema\/person\/1c9ddeab18b98abeffef834667bcf08a"},"description":"Um erro comum na organiza\u00e7\u00e3o da geladeira pode estar elevando o consumo de energia e estragando seus alimentos antes da hora.","breadcrumb":{"@id":"https:\/\/www.em.com.br\/emfoco\/2025\/11\/30\/o-erro-silencioso-que-faz-sua-geladeira-gastar-mais-e-diminuir-a-durabilidade-dos-alimentos\/#breadcrumb"},"inLanguage":"pt-BR","potentialAction":[{"@type":"ReadAction","target":["https:\/\/www.em.com.br\/emfoco\/2025\/11\/30\/o-erro-silencioso-que-faz-sua-geladeira-gastar-mais-e-diminuir-a-durabilidade-dos-alimentos\/"]}]},{"@type":"ImageObject","inLanguage":"pt-BR","@id":"https:\/\/www.em.com.br\/emfoco\/2025\/11\/30\/o-erro-silencioso-que-faz-sua-geladeira-gastar-mais-e-diminuir-a-durabilidade-dos-alimentos\/#primaryimage","url":"https:\/\/www.em.com.br\/emfoco\/wp-content\/uploads\/2025\/11\/IA-IMG-2-24-1024x576-1.jpg","contentUrl":"https:\/\/www.em.com.br\/emfoco\/wp-content\/uploads\/2025\/11\/IA-IMG-2-24-1024x576-1.jpg","width":1280,"height":720,"caption":"Itens encostados travam o ar frio e confundem o sensor interno - Cr\u00e9ditos: Gemini"},{"@type":"BreadcrumbList","@id":"https:\/\/www.em.com.br\/emfoco\/2025\/11\/30\/o-erro-silencioso-que-faz-sua-geladeira-gastar-mais-e-diminuir-a-durabilidade-dos-alimentos\/#breadcrumb","itemListElement":[{"@type":"ListItem","position":1,"name":"In\u00edcio","item":"https:\/\/www.em.com.br\/emfoco\/"},{"@type":"ListItem","position":2,"name":"O erro silencioso que faz sua geladeira gastar mais e diminuir a durabilidade dos alimentos"}]},{"@type":"WebSite","@id":"https:\/\/www.em.com.br\/emfoco\/#website","url":"https:\/\/www.em.com.br\/emfoco\/","name":"Estado de Minas - Em foco","description":"Acompanhe as \u00faltimas not\u00edcias e fique bem informado sobre tudo o que acontece em Minas Gerais, Brasil e no mundo.","potentialAction":[{"@type":"SearchAction","target":{"@type":"EntryPoint","urlTemplate":"https:\/\/www.em.com.br\/emfoco\/?s={search_term_string}"},"query-input":{"@type":"PropertyValueSpecification","valueRequired":true,"valueName":"search_term_string"}}],"inLanguage":"pt-BR"},{"@type":"Person","@id":"https:\/\/www.em.com.br\/emfoco\/#\/schema\/person\/1c9ddeab18b98abeffef834667bcf08a","name":"Gabriel Martins","image":{"@type":"ImageObject","inLanguage":"pt-BR","@id":"https:\/\/www.em.com.br\/emfoco\/#\/schema\/person\/image\/","url":"https:\/\/secure.gravatar.com\/avatar\/f0f1e2efdfd88f1ad2cb08c5c2731e50?s=96&d=mm&r=g","contentUrl":"https:\/\/secure.gravatar.com\/avatar\/f0f1e2efdfd88f1ad2cb08c5c2731e50?s=96&d=mm&r=g","caption":"Gabriel Martins"},"sameAs":["https:\/\/www.em.com.br\/emfoco\/"],"url":"https:\/\/www.em.com.br\/emfoco\/author\/gabrielmartinsmyth\/"}]}},"_links":{"self":[{"href":"https:\/\/www.em.com.br\/emfoco\/wp-json\/wp\/v2\/posts\/132756","targetHints":{"allow":["GET"]}}],"collection":[{"href":"https:\/\/www.em.com.br\/emfoco\/wp-json\/wp\/v2\/posts"}],"about":[{"href":"https:\/\/www.em.com.br\/emfoco\/wp-json\/wp\/v2\/types\/post"}],"author":[{"embeddable":true,"href":"https:\/\/www.em.com.br\/emfoco\/wp-json\/wp\/v2\/users\/13"}],"replies":[{"embeddable":true,"href":"https:\/\/www.em.com.br\/emfoco\/wp-json\/wp\/v2\/comments?post=132756"}],"version-history":[{"count":2,"href":"https:\/\/www.em.com.br\/emfoco\/wp-json\/wp\/v2\/posts\/132756\/revisions"}],"predecessor-version":[{"id":133395,"href":"https:\/\/www.em.com.br\/emfoco\/wp-json\/wp\/v2\/posts\/132756\/revisions\/133395"}],"wp:featuredmedia":[{"embeddable":true,"href":"https:\/\/www.em.com.br\/emfoco\/wp-json\/wp\/v2\/media\/133393"}],"wp:attachment":[{"href":"https:\/\/www.em.com.br\/emfoco\/wp-json\/wp\/v2\/media?parent=132756"}],"wp:term":[{"taxonomy":"category","embeddable":true,"href":"https:\/\/www.em.com.br\/emfoco\/wp-json\/wp\/v2\/categories?post=132756"},{"taxonomy":"post_tag","embeddable":true,"href":"https:\/\/www.em.com.br\/emfoco\/wp-json\/wp\/v2\/tags?post=132756"}],"curies":[{"name":"wp","href":"https:\/\/api.w.org\/{rel}","templated":true}]}}