{"id":132649,"date":"2025-11-28T20:15:00","date_gmt":"2025-11-28T23:15:00","guid":{"rendered":"https:\/\/www.em.com.br\/emfoco\/?p=132649"},"modified":"2025-11-27T20:16:09","modified_gmt":"2025-11-27T23:16:09","slug":"aprenda-a-fazer-um-rack-de-tv-com-caixotes-de-madeira-sem-ter-que-gastar-muito-dinheiro","status":"publish","type":"post","link":"https:\/\/www.em.com.br\/emfoco\/2025\/11\/28\/aprenda-a-fazer-um-rack-de-tv-com-caixotes-de-madeira-sem-ter-que-gastar-muito-dinheiro\/","title":{"rendered":"Aprenda a fazer um rack de TV com caixotes de madeira sem ter que gastar muito dinheiro"},"content":{"rendered":"\n<p>Montar um&nbsp;<strong>rack de TV<\/strong>&nbsp;usando caixotes de madeira \u00e9 uma solu\u00e7\u00e3o criativa, acess\u00edvel e que adiciona personalidade \u00e0 decora\u00e7\u00e3o da sala, aproveitando materiais simples como caixotes de pinus para transformar o ambiente de maneira pr\u00e1tica e estilosa.<\/p>\n\n\n\n<h2 class=\"wp-block-heading\">Como iniciar um projeto de rack de TV feito com caixotes?<\/h2>\n\n\n\n<p>O in\u00edcio desse projeto <a href=\"https:\/\/www.em.com.br\/emfoco\/2025\/11\/27\/veja-como-fazer-esta-luminaria-original-e-funcional-feita-com-aquele-ralador-que-voce-nao-usa-mais\/\" target=\"_blank\" rel=\"noreferrer noopener\">DIY <\/a>exige planejamento e a escolha de materiais adequados. \u00c9 fundamental coletar caixotes de madeira de tamanhos uniformes, garantindo melhor resultado visual e funcionalidade para o m\u00f3vel.<\/p>\n\n\n\n<p>Depois de reunir os caixotes, o processo de prepara\u00e7\u00e3o come\u00e7a com o lixamento das pe\u00e7as para suavizar superf\u00edcies, evitando farpas. A aplica\u00e7\u00e3o de selante \u00e9 essencial, pois protege a madeira e confere um acabamento mais duradouro e profissional.<br><br>No v\u00eddeo abaixo, voc\u00ea poder\u00e1 ver como montar seu pr\u00f3prio rack:<\/p>\n\n\n\n<figure class=\"wp-block-embed is-type-video is-provider-youtube wp-block-embed-youtube wp-embed-aspect-16-9 wp-has-aspect-ratio\"><div class=\"wp-block-embed__wrapper\">\n<div class=\"jeg_video_container jeg_video_content\"><iframe loading=\"lazy\" title=\"DIY - RACK para TV e CAIXOTES de PINUS\" width=\"500\" height=\"281\" src=\"https:\/\/www.youtube.com\/embed\/Ko-CvDqSjYU?feature=oembed\" frameborder=\"0\" allow=\"accelerometer; autoplay; clipboard-write; encrypted-media; gyroscope; picture-in-picture; web-share\" referrerpolicy=\"strict-origin-when-cross-origin\" allowfullscreen><\/iframe><\/div>\n<\/div><\/figure>\n\n\n\n<h2 class=\"wp-block-heading\">Quais passos garantem a montagem est\u00e1vel dos caixotes?<\/h2>\n\n\n\n<p>Para garantir estabilidade e seguran\u00e7a, a montagem exige colagem das partes principais e refor\u00e7o com parafusos. Voc\u00ea pode instalar rod\u00edzios na base caso queira facilitar a mobilidade.<\/p>\n\n\n\n<p>Antes de montar, lembre-se que um dos caixotes pode funcionar como gaveta. Para isso, basta fazer um furo frontal, criando um puxador pr\u00e1tico e funcional.<\/p>\n\n\n\n<h2 class=\"wp-block-heading\">Como construir o rack principal usando os caixotes?<\/h2>\n\n\n\n<p>Com os caixotes prontos, voc\u00ea deve organizar a montagem do rack principal. Uma t\u00e1bua grande serve como tampa, enquanto p\u00e9s laterais s\u00e3o fixados com cola de madeira e chapas met\u00e1licas para garantir firmeza.<\/p>\n\n\n\n<p>A instala\u00e7\u00e3o do rack na parede exige suportes em L, pois proporcionam estabilidade extra e seguran\u00e7a \u2014 assim, o m\u00f3vel suporta o peso da TV e outros objetos, evitando acidentes.<\/p>\n\n\n\n<figure class=\"wp-block-image size-large\"><img loading=\"lazy\" decoding=\"async\" width=\"1024\" height=\"576\" src=\"https:\/\/www.em.com.br\/emfoco\/wp-content\/uploads\/2025\/11\/Gemini_Generated_Image_iovie0iovie0iovi-1-1024x576.png\" alt=\"\" class=\"wp-image-132868\" srcset=\"https:\/\/www.em.com.br\/emfoco\/wp-content\/uploads\/2025\/11\/Gemini_Generated_Image_iovie0iovie0iovi-1-1024x576.png 1024w, https:\/\/www.em.com.br\/emfoco\/wp-content\/uploads\/2025\/11\/Gemini_Generated_Image_iovie0iovie0iovi-1-300x169.png 300w, https:\/\/www.em.com.br\/emfoco\/wp-content\/uploads\/2025\/11\/Gemini_Generated_Image_iovie0iovie0iovi-1-768x432.png 768w, https:\/\/www.em.com.br\/emfoco\/wp-content\/uploads\/2025\/11\/Gemini_Generated_Image_iovie0iovie0iovi-1-750x422.png 750w, https:\/\/www.em.com.br\/emfoco\/wp-content\/uploads\/2025\/11\/Gemini_Generated_Image_iovie0iovie0iovi-1-1140x641.png 1140w, https:\/\/www.em.com.br\/emfoco\/wp-content\/uploads\/2025\/11\/Gemini_Generated_Image_iovie0iovie0iovi-1.png 1280w\" sizes=\"auto, (max-width: 1024px) 100vw, 1024px\" \/><figcaption class=\"wp-element-caption\">O rack de caixotes mais pr\u00e1tico do momento \u00e9 o novo xod\u00f3 da casa<\/figcaption><\/figure>\n\n\n\n<h2 class=\"wp-block-heading\">Quais s\u00e3o as formas de finalizar e personalizar o rack de caixotes?<\/h2>\n\n\n\n<p>Ap\u00f3s montar a estrutura, basta encaixar os caixotes na parte inferior, ideal para armazenar objetos e dar um toque moderno ao m\u00f3vel. Nesta etapa, voc\u00ea pode explorar diferentes formas de personaliza\u00e7\u00e3o.<\/p>\n\n\n\n<p>Para facilitar esse processo, veja algumas dicas pr\u00e1ticas para finalizar o projeto:<\/p>\n\n\n\n<ul class=\"wp-block-list\">\n<li>Verifique a simetria ao encaixar os caixotes.<\/li>\n\n\n\n<li>Pinte ou envernize conforme a decora\u00e7\u00e3o da sala.<\/li>\n\n\n\n<li>Adicione almofadas, plantas ou LED para mais personalidade.<\/li>\n<\/ul>\n\n\n\n<h2 class=\"wp-block-heading\">Por que montar um rack de caixotes \u00e9 uma escolha interessante?<\/h2>\n\n\n\n<p>O<a href=\"https:\/\/br.pinterest.com\/terezasmalarmes\/ideias-com-caixote\/\"> <\/a><a href=\"https:\/\/br.pinterest.com\/terezasmalarmes\/ideias-com-caixote\/\" target=\"_blank\" rel=\"noreferrer noopener\">projeto DIY com caixotes de madeira<\/a> \u00e9 econ\u00f4mico, r\u00e1pido e se adapta facilmente a diversos estilos decorativos. Ele permite praticidade, sem abrir m\u00e3o da est\u00e9tica e ainda estimula o aprendizado de t\u00e9cnicas b\u00e1sicas de marcenaria.<\/p>\n\n\n\n<p>Al\u00e9m disso, como os caixotes podem ser encontrados em v\u00e1rias formas e acabamentos, voc\u00ea cria facilmente um m\u00f3vel exclusivo e personalizado para a sua casa, transformando o ambiente com criatividade e pouco investimento.<\/p>\n\n\n\n<p><\/p>\n","protected":false},"excerpt":{"rendered":"<p>Montar um&nbsp;rack de TV&nbsp;usando caixotes de madeira \u00e9 uma solu\u00e7\u00e3o criativa, acess\u00edvel e que adiciona personalidade \u00e0 decora\u00e7\u00e3o da sala, aproveitando materiais simples como caixotes de pinus para transformar o ambiente de maneira pr\u00e1tica e estilosa. Como iniciar um projeto de rack de TV feito com caixotes? O in\u00edcio desse projeto DIY exige planejamento e [&hellip;]<\/p>\n","protected":false},"author":11,"featured_media":132869,"comment_status":"open","ping_status":"open","sticky":false,"template":"","format":"standard","meta":{"jnews-multi-image_gallery":[],"jnews_single_post":{"format":"standard"},"jnews_primary_category":[],"jnews_social_meta":[],"jnews_override_counter":[],"footnotes":""},"categories":[8819,1],"tags":[4687,17223,19422,6489],"class_list":["post-132649","post","type-post","status-publish","format-standard","has-post-thumbnail","hentry","category-curiosidades","category-noticias","tag-decoracao","tag-madeira","tag-rack","tag-sala"],"yoast_head":"<!-- This site is optimized with the Yoast SEO plugin v23.8 - https:\/\/yoast.com\/wordpress\/plugins\/seo\/ -->\n<title>Aprenda a fazer um rack de TV com caixotes de madeira sem ter que gastar muito dinheiro - Estado de Minas - Em foco<\/title>\n<meta name=\"description\" content=\"Caixotes est\u00e3o virando febre na decora\u00e7\u00e3o com um rack pr\u00e1tico e moderno. Um truque f\u00e1cil deixa tudo mais bonito e faz o projeto ganhar destaque.\" \/>\n<meta name=\"robots\" content=\"index, follow, max-snippet:-1, max-image-preview:large, max-video-preview:-1\" \/>\n<link rel=\"canonical\" href=\"https:\/\/www.em.com.br\/emfoco\/2025\/11\/28\/aprenda-a-fazer-um-rack-de-tv-com-caixotes-de-madeira-sem-ter-que-gastar-muito-dinheiro\/\" \/>\n<meta property=\"og:locale\" content=\"pt_BR\" \/>\n<meta property=\"og:type\" content=\"article\" \/>\n<meta property=\"og:title\" content=\"Aprenda a fazer um rack de TV com caixotes de madeira sem ter que gastar muito dinheiro - Estado de Minas - Em foco\" \/>\n<meta property=\"og:description\" content=\"Caixotes est\u00e3o virando febre na decora\u00e7\u00e3o com um rack pr\u00e1tico e moderno. Um truque f\u00e1cil deixa tudo mais bonito e faz o projeto ganhar destaque.\" \/>\n<meta property=\"og:url\" content=\"https:\/\/www.em.com.br\/emfoco\/2025\/11\/28\/aprenda-a-fazer-um-rack-de-tv-com-caixotes-de-madeira-sem-ter-que-gastar-muito-dinheiro\/\" \/>\n<meta property=\"og:site_name\" content=\"Estado de Minas - Em foco\" \/>\n<meta property=\"article:published_time\" content=\"2025-11-28T23:15:00+00:00\" \/>\n<meta property=\"article:modified_time\" content=\"2025-11-27T23:16:09+00:00\" \/>\n<meta property=\"og:image\" content=\"https:\/\/www.em.com.br\/emfoco\/wp-content\/uploads\/2025\/11\/Gemini_Generated_Image_vgbdzbvgbdzbvgbd-1.png\" \/>\n\t<meta property=\"og:image:width\" content=\"1280\" \/>\n\t<meta property=\"og:image:height\" content=\"720\" \/>\n\t<meta property=\"og:image:type\" content=\"image\/png\" \/>\n<meta name=\"author\" content=\"Andre\u0301 Rangel\u00a0\" \/>\n<meta name=\"twitter:card\" content=\"summary_large_image\" \/>\n<meta name=\"twitter:label1\" content=\"Escrito por\" \/>\n\t<meta name=\"twitter:data1\" content=\"Andre\u0301 Rangel\u00a0\" \/>\n\t<meta name=\"twitter:label2\" content=\"Est. tempo de leitura\" \/>\n\t<meta name=\"twitter:data2\" content=\"3 minutos\" \/>\n<!-- \/ Yoast SEO plugin. -->","yoast_head_json":{"title":"Aprenda a fazer um rack de TV com caixotes de madeira sem ter que gastar muito dinheiro - Estado de Minas - Em foco","description":"Caixotes est\u00e3o virando febre na decora\u00e7\u00e3o com um rack pr\u00e1tico e moderno. Um truque f\u00e1cil deixa tudo mais bonito e faz o projeto ganhar destaque.","robots":{"index":"index","follow":"follow","max-snippet":"max-snippet:-1","max-image-preview":"max-image-preview:large","max-video-preview":"max-video-preview:-1"},"canonical":"https:\/\/www.em.com.br\/emfoco\/2025\/11\/28\/aprenda-a-fazer-um-rack-de-tv-com-caixotes-de-madeira-sem-ter-que-gastar-muito-dinheiro\/","og_locale":"pt_BR","og_type":"article","og_title":"Aprenda a fazer um rack de TV com caixotes de madeira sem ter que gastar muito dinheiro - Estado de Minas - Em foco","og_description":"Caixotes est\u00e3o virando febre na decora\u00e7\u00e3o com um rack pr\u00e1tico e moderno. Um truque f\u00e1cil deixa tudo mais bonito e faz o projeto ganhar destaque.","og_url":"https:\/\/www.em.com.br\/emfoco\/2025\/11\/28\/aprenda-a-fazer-um-rack-de-tv-com-caixotes-de-madeira-sem-ter-que-gastar-muito-dinheiro\/","og_site_name":"Estado de Minas - Em foco","article_published_time":"2025-11-28T23:15:00+00:00","article_modified_time":"2025-11-27T23:16:09+00:00","og_image":[{"width":1280,"height":720,"url":"https:\/\/www.em.com.br\/emfoco\/wp-content\/uploads\/2025\/11\/Gemini_Generated_Image_vgbdzbvgbdzbvgbd-1.png","type":"image\/png"}],"author":"Andre\u0301 Rangel\u00a0","twitter_card":"summary_large_image","twitter_misc":{"Escrito por":"Andre\u0301 Rangel\u00a0","Est. tempo de leitura":"3 minutos"},"schema":{"@context":"https:\/\/schema.org","@graph":[{"@type":"WebPage","@id":"https:\/\/www.em.com.br\/emfoco\/2025\/11\/28\/aprenda-a-fazer-um-rack-de-tv-com-caixotes-de-madeira-sem-ter-que-gastar-muito-dinheiro\/","url":"https:\/\/www.em.com.br\/emfoco\/2025\/11\/28\/aprenda-a-fazer-um-rack-de-tv-com-caixotes-de-madeira-sem-ter-que-gastar-muito-dinheiro\/","name":"Aprenda a fazer um rack de TV com caixotes de madeira sem ter que gastar muito dinheiro - Estado de Minas - Em foco","isPartOf":{"@id":"https:\/\/www.em.com.br\/emfoco\/#website"},"primaryImageOfPage":{"@id":"https:\/\/www.em.com.br\/emfoco\/2025\/11\/28\/aprenda-a-fazer-um-rack-de-tv-com-caixotes-de-madeira-sem-ter-que-gastar-muito-dinheiro\/#primaryimage"},"image":{"@id":"https:\/\/www.em.com.br\/emfoco\/2025\/11\/28\/aprenda-a-fazer-um-rack-de-tv-com-caixotes-de-madeira-sem-ter-que-gastar-muito-dinheiro\/#primaryimage"},"thumbnailUrl":"https:\/\/www.em.com.br\/emfoco\/wp-content\/uploads\/2025\/11\/Gemini_Generated_Image_vgbdzbvgbdzbvgbd-1.png","datePublished":"2025-11-28T23:15:00+00:00","dateModified":"2025-11-27T23:16:09+00:00","author":{"@id":"https:\/\/www.em.com.br\/emfoco\/#\/schema\/person\/60eda09c1fedf0d6891f4cef4b60b8b8"},"description":"Caixotes est\u00e3o virando febre na decora\u00e7\u00e3o com um rack pr\u00e1tico e moderno. Um truque f\u00e1cil deixa tudo mais bonito e faz o projeto ganhar destaque.","breadcrumb":{"@id":"https:\/\/www.em.com.br\/emfoco\/2025\/11\/28\/aprenda-a-fazer-um-rack-de-tv-com-caixotes-de-madeira-sem-ter-que-gastar-muito-dinheiro\/#breadcrumb"},"inLanguage":"pt-BR","potentialAction":[{"@type":"ReadAction","target":["https:\/\/www.em.com.br\/emfoco\/2025\/11\/28\/aprenda-a-fazer-um-rack-de-tv-com-caixotes-de-madeira-sem-ter-que-gastar-muito-dinheiro\/"]}]},{"@type":"ImageObject","inLanguage":"pt-BR","@id":"https:\/\/www.em.com.br\/emfoco\/2025\/11\/28\/aprenda-a-fazer-um-rack-de-tv-com-caixotes-de-madeira-sem-ter-que-gastar-muito-dinheiro\/#primaryimage","url":"https:\/\/www.em.com.br\/emfoco\/wp-content\/uploads\/2025\/11\/Gemini_Generated_Image_vgbdzbvgbdzbvgbd-1.png","contentUrl":"https:\/\/www.em.com.br\/emfoco\/wp-content\/uploads\/2025\/11\/Gemini_Generated_Image_vgbdzbvgbdzbvgbd-1.png","width":1280,"height":720,"caption":"O truque com caixotes que deixa o rack mais bonito sem gastar muito"},{"@type":"BreadcrumbList","@id":"https:\/\/www.em.com.br\/emfoco\/2025\/11\/28\/aprenda-a-fazer-um-rack-de-tv-com-caixotes-de-madeira-sem-ter-que-gastar-muito-dinheiro\/#breadcrumb","itemListElement":[{"@type":"ListItem","position":1,"name":"In\u00edcio","item":"https:\/\/www.em.com.br\/emfoco\/"},{"@type":"ListItem","position":2,"name":"Aprenda a fazer um rack de TV com caixotes de madeira sem ter que gastar muito dinheiro"}]},{"@type":"WebSite","@id":"https:\/\/www.em.com.br\/emfoco\/#website","url":"https:\/\/www.em.com.br\/emfoco\/","name":"Estado de Minas - Em foco","description":"Acompanhe as \u00faltimas not\u00edcias e fique bem informado sobre tudo o que acontece em Minas Gerais, Brasil e no mundo.","potentialAction":[{"@type":"SearchAction","target":{"@type":"EntryPoint","urlTemplate":"https:\/\/www.em.com.br\/emfoco\/?s={search_term_string}"},"query-input":{"@type":"PropertyValueSpecification","valueRequired":true,"valueName":"search_term_string"}}],"inLanguage":"pt-BR"},{"@type":"Person","@id":"https:\/\/www.em.com.br\/emfoco\/#\/schema\/person\/60eda09c1fedf0d6891f4cef4b60b8b8","name":"Andre\u0301 Rangel\u00a0","image":{"@type":"ImageObject","inLanguage":"pt-BR","@id":"https:\/\/www.em.com.br\/emfoco\/#\/schema\/person\/image\/","url":"https:\/\/secure.gravatar.com\/avatar\/6234dc814c77c8ef6d8bba622c787efc?s=96&d=mm&r=g","contentUrl":"https:\/\/secure.gravatar.com\/avatar\/6234dc814c77c8ef6d8bba622c787efc?s=96&d=mm&r=g","caption":"Andre\u0301 Rangel\u00a0"},"url":"https:\/\/www.em.com.br\/emfoco\/author\/luizmyth\/"}]}},"_links":{"self":[{"href":"https:\/\/www.em.com.br\/emfoco\/wp-json\/wp\/v2\/posts\/132649","targetHints":{"allow":["GET"]}}],"collection":[{"href":"https:\/\/www.em.com.br\/emfoco\/wp-json\/wp\/v2\/posts"}],"about":[{"href":"https:\/\/www.em.com.br\/emfoco\/wp-json\/wp\/v2\/types\/post"}],"author":[{"embeddable":true,"href":"https:\/\/www.em.com.br\/emfoco\/wp-json\/wp\/v2\/users\/11"}],"replies":[{"embeddable":true,"href":"https:\/\/www.em.com.br\/emfoco\/wp-json\/wp\/v2\/comments?post=132649"}],"version-history":[{"count":6,"href":"https:\/\/www.em.com.br\/emfoco\/wp-json\/wp\/v2\/posts\/132649\/revisions"}],"predecessor-version":[{"id":132900,"href":"https:\/\/www.em.com.br\/emfoco\/wp-json\/wp\/v2\/posts\/132649\/revisions\/132900"}],"wp:featuredmedia":[{"embeddable":true,"href":"https:\/\/www.em.com.br\/emfoco\/wp-json\/wp\/v2\/media\/132869"}],"wp:attachment":[{"href":"https:\/\/www.em.com.br\/emfoco\/wp-json\/wp\/v2\/media?parent=132649"}],"wp:term":[{"taxonomy":"category","embeddable":true,"href":"https:\/\/www.em.com.br\/emfoco\/wp-json\/wp\/v2\/categories?post=132649"},{"taxonomy":"post_tag","embeddable":true,"href":"https:\/\/www.em.com.br\/emfoco\/wp-json\/wp\/v2\/tags?post=132649"}],"curies":[{"name":"wp","href":"https:\/\/api.w.org\/{rel}","templated":true}]}}