{"id":132618,"date":"2025-11-28T19:25:00","date_gmt":"2025-11-28T22:25:00","guid":{"rendered":"https:\/\/www.em.com.br\/emfoco\/?p=132618"},"modified":"2025-11-27T20:16:00","modified_gmt":"2025-11-27T23:16:00","slug":"pontas-secas-nao-melhoram-novo-alerta-mostra-que-certos-cuidados-caseiros-podem-estar-fazendo-o-efeito-contrario","status":"publish","type":"post","link":"https:\/\/www.em.com.br\/emfoco\/2025\/11\/28\/pontas-secas-nao-melhoram-novo-alerta-mostra-que-certos-cuidados-caseiros-podem-estar-fazendo-o-efeito-contrario\/","title":{"rendered":"Pontas secas n\u00e3o melhoram? Novo alerta mostra que certos cuidados caseiros podem estar fazendo o efeito contr\u00e1rio"},"content":{"rendered":"\n<p>As pontas duplas representam um desafio frequente para a sa\u00fade capilar, agravadas ainda mais pelo ressecamento, que compromete o brilho e a resist\u00eancia dos fios, tornando-os mais fracos e predispostos \u00e0 quebra. Compreender as causas desses problemas e adotar uma rotina de cuidados adequada \u00e9 fundamental para restaurar e preservar a vitalidade do cabelo.<\/p>\n\n\n\n<h2 class=\"wp-block-heading\">Quais fatores causam pontas duplas e pontas secas?<\/h2>\n\n\n\n<p>O surgimento de <a href=\"https:\/\/www.loreal-paris.com.br\/pontas-duplas-e-ressecadas-4-cuidados-e-tratamentos-para-fazer-em-casa-e-em-poucos-minutinhos\" target=\"_blank\" rel=\"noreferrer noopener\">pontas duplas e secas<\/a> est\u00e1 geralmente relacionado ao uso excessivo de ferramentas t\u00e9rmicas, processos qu\u00edmicos e \u00e0 exposi\u00e7\u00e3o ao ambiente, como sol, vento e polui\u00e7\u00e3o. Al\u00e9m disso, lavar os fios com \u00e1gua muito quente e uma alimenta\u00e7\u00e3o inadequada afetam a sa\u00fade do cabelo e contribuem para o surgimento desses danos.<\/p>\n\n\n\n<p>Evitar tais pr\u00e1ticas nocivas \u00e9 estrat\u00e9gico na preven\u00e7\u00e3o e tratamento de pontas prejudicadas. Entender essas origens auxilia na cria\u00e7\u00e3o de uma rotina mais saud\u00e1vel para os cabelos.<\/p>\n\n\n\n<figure class=\"wp-block-image\"><img decoding=\"async\" src=\"https:\/\/www.em.com.br\/emfoco\/wp-content\/uploads\/2025\/08\/queda-de-cabelo_1756416774470-1024x576.jpg\" alt=\"\"\/><figcaption class=\"wp-element-caption\">As pontas mais saud\u00e1veis v\u00eam deste cuidado inesperado &#8211; Cr\u00e9ditos: depositphotos.com \/ IgorVetushko<\/figcaption><\/figure>\n\n\n\n<h2 class=\"wp-block-heading\">Como acontece a forma\u00e7\u00e3o de pontas duplas?<\/h2>\n\n\n\n<p>O processo de forma\u00e7\u00e3o das pontas duplas come\u00e7a quando a cut\u00edcula, camada protetora externa dos fios, sofre agress\u00f5es e danos constantes. Ferramentas de calor como o&nbsp;<strong>Secador de Cabelo<\/strong>&nbsp;e&nbsp;<strong>Chapinha<\/strong>&nbsp;e procedimentos qu\u00edmicos frequentes enfraquecem a estrutura capilar, tornando-a propensa \u00e0 abertura das pontas.<\/p>\n\n\n\n<p>A diminui\u00e7\u00e3o ou o uso consciente dessas t\u00e9cnicas \u00e9 fundamental para evitar a forma\u00e7\u00e3o de pontas duplas e preservar a integridade dos fios.<\/p>\n\n\n\n<h2 class=\"wp-block-heading\">Quais pr\u00e1ticas ajudam a evitar pontas secas e duplas?<\/h2>\n\n\n\n<p>Adotar medidas simples e preventivas faz uma grande diferen\u00e7a para a sa\u00fade capilar. O uso de <a href=\"https:\/\/www.em.com.br\/emfoco\/2025\/10\/30\/diga-adeus-ao-cabelo-opaco-com-estas-mascaras-caseiras-super-nutritivas\/\" target=\"_blank\" rel=\"noreferrer noopener\">m\u00e1scaras hidratantes<\/a> e protetores t\u00e9rmicos, aliados a produtos adequados para cada tipo de cabelo, s\u00e3o pr\u00e1ticas recomendadas por especialistas.<\/p>\n\n\n\n<p>A seguir, confira h\u00e1bitos indispens\u00e1veis que ajudam a manter as pontas saud\u00e1veis ao longo do tempo:<\/p>\n\n\n\n<ul class=\"wp-block-list\">\n<li><strong>Hidrata\u00e7\u00e3o intensa:<\/strong>&nbsp;Tratamentos semanais com m\u00e1scaras nutritivas devolvem a umidade e trazem brilho<\/li>\n\n\n\n<li><strong>Uso de protetores t\u00e9rmicos:<\/strong> Atenuam danos causados por calor de chapinhas e secadores<\/li>\n\n\n\n<li><strong>Lavagem e secagem adequadas: <\/strong>Preferir \u00e1gua morna e secagem suave com toalha minimizam o ressecamento<\/li>\n\n\n\n<li><strong>Corte regular: <\/strong>Aparar a cada dois ou tr\u00eas meses remove as pontas danificadas e previne danos futuros<\/li>\n<\/ul>\n\n\n\n<figure class=\"wp-block-image\"><img decoding=\"async\" src=\"https:\/\/www.em.com.br\/emfoco\/wp-content\/uploads\/2025\/06\/cabelo-ruim_1749830547685-1024x576.jpg\" alt=\"\"\/><figcaption class=\"wp-element-caption\">Cabelo ressecado &#8211; Cr\u00e9ditos: depositphotos.com \/ AndrewLozovyi<\/figcaption><\/figure>\n\n\n\n<h2 class=\"wp-block-heading\">Como o cabeleireiro contribui para a sa\u00fade das pontas?<\/h2>\n\n\n\n<p>Consultas constantes com um&nbsp;<strong>Cabeleireiro Profissional<\/strong>&nbsp;s\u00e3o essenciais para identificar e tratar danos precocemente. O profissional avalia as necessidades do fio e indica os melhores tratamentos e produtos para cada caso.<\/p>\n\n\n\n<p>A recomenda\u00e7\u00e3o e o acompanhamento individualizados s\u00e3o decisivos para preservar as pontas e garantir resultados satisfat\u00f3rios a longo prazo.<\/p>\n\n\n\n<h2 class=\"wp-block-heading\">Alimenta\u00e7\u00e3o balanceada favorece fios saud\u00e1veis?<\/h2>\n\n\n\n<p>Uma alimenta\u00e7\u00e3o rica em nutrientes, especialmente vitaminas e prote\u00ednas, \u00e9 fundamental para manter o cabelo forte e resistente. Ela atua de dentro para fora, prevenindo problemas como secura e forma\u00e7\u00e3o de pontas duplas.<\/p>\n\n\n\n<p>Al\u00e9m disso, cuidados di\u00e1rios suaves, como evitar pentear de forma agressiva ou usar produtos inadequados, contribuem diretamente para a manuten\u00e7\u00e3o da sa\u00fade capilar.<\/p>\n\n\n\n<style>\n.enquete-box {\n    border: 2px solid #d6d6d6;\n    padding: 20px;\n    border-radius: 12px;\n    max-width: 520px;\n    background: #fafafa;\n    margin-bottom: 40px;\n    font-family: Arial, sans-serif;\n}\n.enquete-box h3 {\n    margin-bottom: 15px;\n    font-size: 20px;\n    color: #333;\n}\n.enquete-option {\n    width: 100%;\n    padding: 12px;\n    margin-bottom: 10px;\n    border-radius: 8px;\n    border: none;\n    background: #ffffff;\n    cursor: pointer;\n    box-shadow: 0 0 4px rgba(0,0,0,0.1);\n    text-align: left;\n    transition: background 0.2s;\n    position: relative;\n}\n.enquete-option:hover { background: #e3f0ff; }\n.enquete-option:disabled {\n    background: #eeeeee;\n    cursor: not-allowed;\n}\n.result-popup {\n    margin-top: 8px;\n    font-size: 14px;\n    padding: 10px;\n    border-radius: 6px;\n}\n.result-correct {\n    background: #e7ffe7;\n    border-left: 3px solid #1dbf1d;\n}\n.result-wrong {\n    background: #ffe7e7;\n    border-left: 3px solid #ff3b3b;\n}\n<\/style>\n\n<div class=\"enquete-box\" id=\"enquete1\">\n    <h3>Pergunta: Qual \u00e9 a principal causa das pontas duplas?<\/h3>\n\n    <button class=\"enquete-option\" onclick=\"votar(this,'enquete1',0)\">Uso excessivo de chapinha e secador<\/button> <!-- Correta -->\n    <button class=\"enquete-option\" onclick=\"votar(this,'enquete1',1)\">Beber pouca \u00e1gua<\/button>\n    <button class=\"enquete-option\" onclick=\"votar(this,'enquete1',2)\">Dormir pouco<\/button>\n    <button class=\"enquete-option\" onclick=\"votar(this,'enquete1',3)\">Aplicar shampoo seco<\/button>\n<\/div>\n\n<script>\nfunction votar(botao, enqueteId, opcaoIndex) {\n    const voteKey = \"enquete-votou-\" + enqueteId;\n\n    \/\/ bloquear m\u00faltiplos votos\n    if (localStorage.getItem(voteKey)) {\n        alert(\"Voc\u00ea j\u00e1 respondeu esta pergunta.\");\n        return;\n    }\n\n    \/\/ define qual op\u00e7\u00e3o \u00e9 a correta\n    const respostaCorreta = 0;  \/\/ ALTERE AQUI se quiser mudar a op\u00e7\u00e3o correta (0 = primeira)\n\n    \/\/ salva que a pessoa j\u00e1 votou\n    localStorage.setItem(voteKey, \"true\");\n\n    \/\/ desativar todos os bot\u00f5es\n    const botoes = document.querySelectorAll(`#${enqueteId} .enquete-option`);\n    botoes.forEach(btn => btn.disabled = true);\n\n    \/\/ remove pop-up anterior (se tiver)\n    const oldPopup = botao.querySelector(\".result-popup\");\n    if (oldPopup) oldPopup.remove();\n\n    \/\/ cria feedback\n    const div = document.createElement(\"div\");\n    div.className = \"result-popup \" + (opcaoIndex === respostaCorreta ? \"result-correct\" : \"result-wrong\");\n\n    \/\/ mensagens\n    if (opcaoIndex === respostaCorreta) {\n        div.innerHTML = \"<strong>\u2714 Resposta correta!<\/strong><br>O uso excessivo de ferramentas de calor \u00e9 realmente a principal causa.\";\n    } else {\n        div.innerHTML = \"<strong>\u2718 Resposta incorreta.<\/strong><br>A resposta correta \u00e9: <em>Uso excessivo de chapinha e secador.<\/em>\";\n    }\n\n    botao.appendChild(div);\n}\n<\/script>\n\n\n\n<p><\/p>\n","protected":false},"excerpt":{"rendered":"<p>As pontas duplas representam um desafio frequente para a sa\u00fade capilar, agravadas ainda mais pelo ressecamento, que compromete o brilho e a resist\u00eancia dos fios, tornando-os mais fracos e predispostos \u00e0 quebra. Compreender as causas desses problemas e adotar uma rotina de cuidados adequada \u00e9 fundamental para restaurar e preservar a vitalidade do cabelo. Quais [&hellip;]<\/p>\n","protected":false},"author":11,"featured_media":132872,"comment_status":"open","ping_status":"open","sticky":false,"template":"","format":"standard","meta":{"jnews-multi-image_gallery":[],"jnews_single_post":{"format":"standard"},"jnews_primary_category":[],"jnews_social_meta":[],"jnews_override_counter":[],"footnotes":""},"categories":[8819,1],"tags":[4905,4941,17365,18937],"class_list":["post-132618","post","type-post","status-publish","format-standard","has-post-thumbnail","hentry","category-curiosidades","category-noticias","tag-cabelo","tag-hidratacao","tag-pontas-duplas","tag-pontas-secas"],"yoast_head":"<!-- This site is optimized with the Yoast SEO plugin v23.8 - https:\/\/yoast.com\/wordpress\/plugins\/seo\/ -->\n<title>Pontas secas n\u00e3o melhoram? Novo alerta mostra que certos cuidados caseiros podem estar fazendo o efeito contr\u00e1rio - Estado de Minas - Em foco<\/title>\n<meta name=\"description\" content=\"Pontas secas e duplas est\u00e3o com solu\u00e7\u00e3o mais f\u00e1cil do que muitos imaginam. Um truque querido pelos cabeleireiros vem surpreendendo pelo resultado.\" \/>\n<meta name=\"robots\" content=\"index, follow, max-snippet:-1, max-image-preview:large, max-video-preview:-1\" \/>\n<link rel=\"canonical\" href=\"https:\/\/www.em.com.br\/emfoco\/2025\/11\/28\/pontas-secas-nao-melhoram-novo-alerta-mostra-que-certos-cuidados-caseiros-podem-estar-fazendo-o-efeito-contrario\/\" \/>\n<meta property=\"og:locale\" content=\"pt_BR\" \/>\n<meta property=\"og:type\" content=\"article\" \/>\n<meta property=\"og:title\" content=\"Pontas secas n\u00e3o melhoram? Novo alerta mostra que certos cuidados caseiros podem estar fazendo o efeito contr\u00e1rio - Estado de Minas - Em foco\" \/>\n<meta property=\"og:description\" content=\"Pontas secas e duplas est\u00e3o com solu\u00e7\u00e3o mais f\u00e1cil do que muitos imaginam. Um truque querido pelos cabeleireiros vem surpreendendo pelo resultado.\" \/>\n<meta property=\"og:url\" content=\"https:\/\/www.em.com.br\/emfoco\/2025\/11\/28\/pontas-secas-nao-melhoram-novo-alerta-mostra-que-certos-cuidados-caseiros-podem-estar-fazendo-o-efeito-contrario\/\" \/>\n<meta property=\"og:site_name\" content=\"Estado de Minas - Em foco\" \/>\n<meta property=\"article:published_time\" content=\"2025-11-28T22:25:00+00:00\" \/>\n<meta property=\"article:modified_time\" content=\"2025-11-27T23:16:00+00:00\" \/>\n<meta property=\"og:image\" content=\"https:\/\/www.em.com.br\/emfoco\/wp-content\/uploads\/2025\/11\/Gemini_Generated_Image_xmeuklxmeuklxmeu-1.png\" \/>\n\t<meta property=\"og:image:width\" content=\"1280\" \/>\n\t<meta property=\"og:image:height\" content=\"720\" \/>\n\t<meta property=\"og:image:type\" content=\"image\/png\" \/>\n<meta name=\"author\" content=\"Andre\u0301 Rangel\u00a0\" \/>\n<meta name=\"twitter:card\" content=\"summary_large_image\" \/>\n<meta name=\"twitter:label1\" content=\"Escrito por\" \/>\n\t<meta name=\"twitter:data1\" content=\"Andre\u0301 Rangel\u00a0\" \/>\n\t<meta name=\"twitter:label2\" content=\"Est. tempo de leitura\" \/>\n\t<meta name=\"twitter:data2\" content=\"4 minutos\" \/>\n<!-- \/ Yoast SEO plugin. -->","yoast_head_json":{"title":"Pontas secas n\u00e3o melhoram? Novo alerta mostra que certos cuidados caseiros podem estar fazendo o efeito contr\u00e1rio - Estado de Minas - Em foco","description":"Pontas secas e duplas est\u00e3o com solu\u00e7\u00e3o mais f\u00e1cil do que muitos imaginam. Um truque querido pelos cabeleireiros vem surpreendendo pelo resultado.","robots":{"index":"index","follow":"follow","max-snippet":"max-snippet:-1","max-image-preview":"max-image-preview:large","max-video-preview":"max-video-preview:-1"},"canonical":"https:\/\/www.em.com.br\/emfoco\/2025\/11\/28\/pontas-secas-nao-melhoram-novo-alerta-mostra-que-certos-cuidados-caseiros-podem-estar-fazendo-o-efeito-contrario\/","og_locale":"pt_BR","og_type":"article","og_title":"Pontas secas n\u00e3o melhoram? Novo alerta mostra que certos cuidados caseiros podem estar fazendo o efeito contr\u00e1rio - Estado de Minas - Em foco","og_description":"Pontas secas e duplas est\u00e3o com solu\u00e7\u00e3o mais f\u00e1cil do que muitos imaginam. Um truque querido pelos cabeleireiros vem surpreendendo pelo resultado.","og_url":"https:\/\/www.em.com.br\/emfoco\/2025\/11\/28\/pontas-secas-nao-melhoram-novo-alerta-mostra-que-certos-cuidados-caseiros-podem-estar-fazendo-o-efeito-contrario\/","og_site_name":"Estado de Minas - Em foco","article_published_time":"2025-11-28T22:25:00+00:00","article_modified_time":"2025-11-27T23:16:00+00:00","og_image":[{"width":1280,"height":720,"url":"https:\/\/www.em.com.br\/emfoco\/wp-content\/uploads\/2025\/11\/Gemini_Generated_Image_xmeuklxmeuklxmeu-1.png","type":"image\/png"}],"author":"Andre\u0301 Rangel\u00a0","twitter_card":"summary_large_image","twitter_misc":{"Escrito por":"Andre\u0301 Rangel\u00a0","Est. tempo de leitura":"4 minutos"},"schema":{"@context":"https:\/\/schema.org","@graph":[{"@type":"WebPage","@id":"https:\/\/www.em.com.br\/emfoco\/2025\/11\/28\/pontas-secas-nao-melhoram-novo-alerta-mostra-que-certos-cuidados-caseiros-podem-estar-fazendo-o-efeito-contrario\/","url":"https:\/\/www.em.com.br\/emfoco\/2025\/11\/28\/pontas-secas-nao-melhoram-novo-alerta-mostra-que-certos-cuidados-caseiros-podem-estar-fazendo-o-efeito-contrario\/","name":"Pontas secas n\u00e3o melhoram? Novo alerta mostra que certos cuidados caseiros podem estar fazendo o efeito contr\u00e1rio - Estado de Minas - Em foco","isPartOf":{"@id":"https:\/\/www.em.com.br\/emfoco\/#website"},"primaryImageOfPage":{"@id":"https:\/\/www.em.com.br\/emfoco\/2025\/11\/28\/pontas-secas-nao-melhoram-novo-alerta-mostra-que-certos-cuidados-caseiros-podem-estar-fazendo-o-efeito-contrario\/#primaryimage"},"image":{"@id":"https:\/\/www.em.com.br\/emfoco\/2025\/11\/28\/pontas-secas-nao-melhoram-novo-alerta-mostra-que-certos-cuidados-caseiros-podem-estar-fazendo-o-efeito-contrario\/#primaryimage"},"thumbnailUrl":"https:\/\/www.em.com.br\/emfoco\/wp-content\/uploads\/2025\/11\/Gemini_Generated_Image_xmeuklxmeuklxmeu-1.png","datePublished":"2025-11-28T22:25:00+00:00","dateModified":"2025-11-27T23:16:00+00:00","author":{"@id":"https:\/\/www.em.com.br\/emfoco\/#\/schema\/person\/60eda09c1fedf0d6891f4cef4b60b8b8"},"description":"Pontas secas e duplas est\u00e3o com solu\u00e7\u00e3o mais f\u00e1cil do que muitos imaginam. Um truque querido pelos cabeleireiros vem surpreendendo pelo resultado.","breadcrumb":{"@id":"https:\/\/www.em.com.br\/emfoco\/2025\/11\/28\/pontas-secas-nao-melhoram-novo-alerta-mostra-que-certos-cuidados-caseiros-podem-estar-fazendo-o-efeito-contrario\/#breadcrumb"},"inLanguage":"pt-BR","potentialAction":[{"@type":"ReadAction","target":["https:\/\/www.em.com.br\/emfoco\/2025\/11\/28\/pontas-secas-nao-melhoram-novo-alerta-mostra-que-certos-cuidados-caseiros-podem-estar-fazendo-o-efeito-contrario\/"]}]},{"@type":"ImageObject","inLanguage":"pt-BR","@id":"https:\/\/www.em.com.br\/emfoco\/2025\/11\/28\/pontas-secas-nao-melhoram-novo-alerta-mostra-que-certos-cuidados-caseiros-podem-estar-fazendo-o-efeito-contrario\/#primaryimage","url":"https:\/\/www.em.com.br\/emfoco\/wp-content\/uploads\/2025\/11\/Gemini_Generated_Image_xmeuklxmeuklxmeu-1.png","contentUrl":"https:\/\/www.em.com.br\/emfoco\/wp-content\/uploads\/2025\/11\/Gemini_Generated_Image_xmeuklxmeuklxmeu-1.png","width":1280,"height":720,"caption":"O cabelo pede socorro"},{"@type":"BreadcrumbList","@id":"https:\/\/www.em.com.br\/emfoco\/2025\/11\/28\/pontas-secas-nao-melhoram-novo-alerta-mostra-que-certos-cuidados-caseiros-podem-estar-fazendo-o-efeito-contrario\/#breadcrumb","itemListElement":[{"@type":"ListItem","position":1,"name":"In\u00edcio","item":"https:\/\/www.em.com.br\/emfoco\/"},{"@type":"ListItem","position":2,"name":"Pontas secas n\u00e3o melhoram? Novo alerta mostra que certos cuidados caseiros podem estar fazendo o efeito contr\u00e1rio"}]},{"@type":"WebSite","@id":"https:\/\/www.em.com.br\/emfoco\/#website","url":"https:\/\/www.em.com.br\/emfoco\/","name":"Estado de Minas - Em foco","description":"Acompanhe as \u00faltimas not\u00edcias e fique bem informado sobre tudo o que acontece em Minas Gerais, Brasil e no mundo.","potentialAction":[{"@type":"SearchAction","target":{"@type":"EntryPoint","urlTemplate":"https:\/\/www.em.com.br\/emfoco\/?s={search_term_string}"},"query-input":{"@type":"PropertyValueSpecification","valueRequired":true,"valueName":"search_term_string"}}],"inLanguage":"pt-BR"},{"@type":"Person","@id":"https:\/\/www.em.com.br\/emfoco\/#\/schema\/person\/60eda09c1fedf0d6891f4cef4b60b8b8","name":"Andre\u0301 Rangel\u00a0","image":{"@type":"ImageObject","inLanguage":"pt-BR","@id":"https:\/\/www.em.com.br\/emfoco\/#\/schema\/person\/image\/","url":"https:\/\/secure.gravatar.com\/avatar\/6234dc814c77c8ef6d8bba622c787efc?s=96&d=mm&r=g","contentUrl":"https:\/\/secure.gravatar.com\/avatar\/6234dc814c77c8ef6d8bba622c787efc?s=96&d=mm&r=g","caption":"Andre\u0301 Rangel\u00a0"},"url":"https:\/\/www.em.com.br\/emfoco\/author\/luizmyth\/"}]}},"_links":{"self":[{"href":"https:\/\/www.em.com.br\/emfoco\/wp-json\/wp\/v2\/posts\/132618","targetHints":{"allow":["GET"]}}],"collection":[{"href":"https:\/\/www.em.com.br\/emfoco\/wp-json\/wp\/v2\/posts"}],"about":[{"href":"https:\/\/www.em.com.br\/emfoco\/wp-json\/wp\/v2\/types\/post"}],"author":[{"embeddable":true,"href":"https:\/\/www.em.com.br\/emfoco\/wp-json\/wp\/v2\/users\/11"}],"replies":[{"embeddable":true,"href":"https:\/\/www.em.com.br\/emfoco\/wp-json\/wp\/v2\/comments?post=132618"}],"version-history":[{"count":7,"href":"https:\/\/www.em.com.br\/emfoco\/wp-json\/wp\/v2\/posts\/132618\/revisions"}],"predecessor-version":[{"id":132906,"href":"https:\/\/www.em.com.br\/emfoco\/wp-json\/wp\/v2\/posts\/132618\/revisions\/132906"}],"wp:featuredmedia":[{"embeddable":true,"href":"https:\/\/www.em.com.br\/emfoco\/wp-json\/wp\/v2\/media\/132872"}],"wp:attachment":[{"href":"https:\/\/www.em.com.br\/emfoco\/wp-json\/wp\/v2\/media?parent=132618"}],"wp:term":[{"taxonomy":"category","embeddable":true,"href":"https:\/\/www.em.com.br\/emfoco\/wp-json\/wp\/v2\/categories?post=132618"},{"taxonomy":"post_tag","embeddable":true,"href":"https:\/\/www.em.com.br\/emfoco\/wp-json\/wp\/v2\/tags?post=132618"}],"curies":[{"name":"wp","href":"https:\/\/api.w.org\/{rel}","templated":true}]}}