{"id":132607,"date":"2025-11-29T14:15:00","date_gmt":"2025-11-29T17:15:00","guid":{"rendered":"https:\/\/www.em.com.br\/emfoco\/?p=132607"},"modified":"2025-11-27T18:20:01","modified_gmt":"2025-11-27T21:20:01","slug":"comprou-online-veja-seus-direitos-para-trocar-ou-devolver-presentes-de-natal","status":"publish","type":"post","link":"https:\/\/www.em.com.br\/emfoco\/2025\/11\/29\/comprou-online-veja-seus-direitos-para-trocar-ou-devolver-presentes-de-natal\/","title":{"rendered":"Comprou online? Veja seus direitos para trocar ou devolver presentes de Natal"},"content":{"rendered":"\n<p>O per\u00edodo natalino \u00e9 conhecido por uma intensa movimenta\u00e7\u00e3o de compras e troca de presentes, o que frequentemente gera d\u00favidas sobre como proceder em caso de devolu\u00e7\u00e3o, principalmente quando o item recebido n\u00e3o atende \u00e0s expectativas ou apresenta algum problema. No <strong>Brasil<\/strong>, a legisla\u00e7\u00e3o protege o consumidor em diversas situa\u00e7\u00f5es, assegurando direitos importantes durante as transa\u00e7\u00f5es t\u00edpicas desta \u00e9poca.<\/p>\n\n\n\n<h2 class=\"wp-block-heading\">Quais s\u00e3o as regras do C\u00f3digo de Defesa do Consumidor sobre devolu\u00e7\u00f5es na \u00e9poca do Natal<\/h2>\n\n\n<div class=\"wp-block-image\">\n<figure class=\"aligncenter size-large\"><img loading=\"lazy\" decoding=\"async\" width=\"1024\" height=\"576\" src=\"https:\/\/www.em.com.br\/emfoco\/wp-content\/uploads\/2025\/11\/natal-presentes_1763788572845-1024x576.jpg\" alt=\"\" class=\"wp-image-132814\" srcset=\"https:\/\/www.em.com.br\/emfoco\/wp-content\/uploads\/2025\/11\/natal-presentes_1763788572845-1024x576.jpg 1024w, https:\/\/www.em.com.br\/emfoco\/wp-content\/uploads\/2025\/11\/natal-presentes_1763788572845-300x169.jpg 300w, https:\/\/www.em.com.br\/emfoco\/wp-content\/uploads\/2025\/11\/natal-presentes_1763788572845-768x432.jpg 768w, https:\/\/www.em.com.br\/emfoco\/wp-content\/uploads\/2025\/11\/natal-presentes_1763788572845-750x422.jpg 750w, https:\/\/www.em.com.br\/emfoco\/wp-content\/uploads\/2025\/11\/natal-presentes_1763788572845-1140x641.jpg 1140w, https:\/\/www.em.com.br\/emfoco\/wp-content\/uploads\/2025\/11\/natal-presentes_1763788572845.jpg 1280w\" sizes=\"auto, (max-width: 1024px) 100vw, 1024px\" \/><figcaption class=\"wp-element-caption\">Direitos para trocar ou devolver presentes de Natal compras online &#8211; Cr\u00e9ditos: depositphotos.com \/ AntonMatyukha<\/figcaption><\/figure><\/div>\n\n\n<p>O <strong>C\u00f3digo de Defesa do Consumidor (<a href=\"https:\/\/www.planalto.gov.br\/ccivil_03\/leis\/l8078compilado.htm\" target=\"_blank\" rel=\"noreferrer noopener\">CDC<\/a>)<\/strong> serve como refer\u00eancia principal nas rela\u00e7\u00f5es comerciais, garantindo ao consumidor o chamado direito de arrependimento. Este direito vale para compras feitas fora de lojas f\u00edsicas, como pela internet, telefone ou cat\u00e1logo, permitindo a devolu\u00e7\u00e3o do produto em at\u00e9 sete dias corridos ap\u00f3s o recebimento.<\/p>\n\n\n\n<p>Durante as compras de <strong>Natal<\/strong>, em que a ansiedade e a pressa s\u00e3o comuns, fazer valer este direito pode ser decisivo para uma experi\u00eancia positiva. Fique atento aos prazos e guarde sempre comprovantes, pois eles s\u00e3o essenciais em poss\u00edveis solicita\u00e7\u00f5es de devolu\u00e7\u00e3o.<\/p>\n\n\n\n<h2 class=\"wp-block-heading\">Entenda como funciona o estorno do frete na compra online<\/h2>\n\n\n\n<p>No caso das compras online, uma d\u00favida frequente \u00e9 sobre o estorno do valor do frete na devolu\u00e7\u00e3o por arrependimento. Segundo o <strong>artigo 49 do C\u00f3digo de Defesa do Consumidor<\/strong>, ao exercer o direito de arrependimento dentro do prazo de sete dias, o consumidor tem direito ao reembolso integral de todos os valores pagos, incluindo o frete. <\/p>\n\n\n\n<p>Al\u00e9m disso, caber\u00e1 \u00e0 loja arcar com o custo do frete reverso (de devolu\u00e7\u00e3o), devendo fornecer as orienta\u00e7\u00f5es e meios necess\u00e1rios para que o consumidor devolva o produto sem custos adicionais. Portanto, ao solicitar o arrependimento, todo o montante desembolsado (produto e entrega) deve ser restitu\u00eddo, tornando esse processo uma obriga\u00e7\u00e3o legal das empresas em compras virtuais.<\/p>\n\n\n\n<p>Leia mais: <a href=\"https:\/\/www.em.com.br\/emfoco\/2025\/11\/27\/quer-um-natal-mais-elegante-e-acolhedor-essa-guirlanda-natural-e-a-escolha-perfeita\/\" target=\"_blank\" rel=\"noreferrer noopener\">Quer um Natal mais elegante e acolhedor? Essa guirlanda natural \u00e9 a escolha perfeita<\/a><\/p>\n\n\n\n<h2 class=\"wp-block-heading\">Quando as lojas s\u00e3o obrigadas a aceitar a devolu\u00e7\u00e3o dos produtos<\/h2>\n\n\n\n<p>Al\u00e9m do direito de arrependimento, a lei obriga as lojas a aceitarem devolu\u00e7\u00f5es em casos de produtos com defeito. Existem prazos diferentes para produtos dur\u00e1veis e n\u00e3o dur\u00e1veis, permitindo ao cliente reclamar e garantir seu direito, caso o defeito n\u00e3o seja resolvido rapidamente.<\/p>\n\n\n\n<p>Ao perceber um problema no item adquirido, \u00e9 fundamental conhecer os prazos para reivindicar seus direitos. Veja abaixo os principais prazos e op\u00e7\u00f5es de solu\u00e7\u00e3o nesses casos:<\/p>\n\n\n\n<ul class=\"wp-block-list\">\n<li>30 dias para reclamar de produtos n\u00e3o dur\u00e1veis, como roupas;<\/li>\n\n\n\n<li>90 dias para produtos dur\u00e1veis, como eletr\u00f4nicos e utens\u00edlios dom\u00e9sticos;<\/li>\n\n\n\n<li>Se o defeito n\u00e3o for solucionado em at\u00e9 30 dias, o consumidor pode optar por troca, devolu\u00e7\u00e3o do dinheiro ou abatimento proporcional do valor pago.<\/li>\n<\/ul>\n\n\n\n<h2 class=\"wp-block-heading\">\u00c9 obrigat\u00f3rio aceitar devolu\u00e7\u00f5es em lojas f\u00edsicas em todas as situa\u00e7\u00f5es<\/h2>\n\n\n\n<p>Nas lojas f\u00edsicas, n\u00e3o h\u00e1 obrigatoriedade de aceitar devolu\u00e7\u00f5es quando o produto n\u00e3o apresenta defeito. No entanto, muitas empresas desenvolvem pol\u00edticas comerciais flex\u00edveis para encantar e fidelizar clientes, permitindo trocas e devolu\u00e7\u00f5es especialmente nesta \u00e9poca do ano.<\/p>\n\n\n\n<p>Por isso, \u00e9 fundamental que o consumidor consulte a pol\u00edtica interna da loja antes de finalizar a compra. Essa simples atitude evita surpresas negativas e poss\u00edveis contratempos ap\u00f3s a troca de presentes.<\/p>\n\n\n\n<h2 class=\"wp-block-heading\">Cuidados essenciais ao comprar presentes de Natal online<\/h2>\n\n\n<div class=\"wp-block-image\">\n<figure class=\"aligncenter size-large\"><img loading=\"lazy\" decoding=\"async\" width=\"1024\" height=\"576\" src=\"https:\/\/www.em.com.br\/emfoco\/wp-content\/uploads\/2025\/11\/natal-presentes_1763788591005-1024x576.jpg\" alt=\"\" class=\"wp-image-132812\" srcset=\"https:\/\/www.em.com.br\/emfoco\/wp-content\/uploads\/2025\/11\/natal-presentes_1763788591005-1024x576.jpg 1024w, https:\/\/www.em.com.br\/emfoco\/wp-content\/uploads\/2025\/11\/natal-presentes_1763788591005-300x169.jpg 300w, https:\/\/www.em.com.br\/emfoco\/wp-content\/uploads\/2025\/11\/natal-presentes_1763788591005-768x432.jpg 768w, https:\/\/www.em.com.br\/emfoco\/wp-content\/uploads\/2025\/11\/natal-presentes_1763788591005-750x422.jpg 750w, https:\/\/www.em.com.br\/emfoco\/wp-content\/uploads\/2025\/11\/natal-presentes_1763788591005-1140x641.jpg 1140w, https:\/\/www.em.com.br\/emfoco\/wp-content\/uploads\/2025\/11\/natal-presentes_1763788591005.jpg 1280w\" sizes=\"auto, (max-width: 1024px) 100vw, 1024px\" \/><figcaption class=\"wp-element-caption\">Direitos para trocar ou devolver presentes de Natal compras online &#8211; Cr\u00e9ditos: depositphotos.com \/ IgorVetushko<\/figcaption><\/figure><\/div>\n\n\n<p>Ao optar por compras virtuais, o consumidor deve redobrar a aten\u00e7\u00e3o em detalhes como prazos de entrega, confirma\u00e7\u00e3o de pedidos e, principalmente, entendimento de como funciona a pol\u00edtica de devolu\u00e7\u00e3o oferecida pela loja.<\/p>\n\n\n\n<p>Beber da experi\u00eancia de outros consumidores \u00e9 uma boa estrat\u00e9gia, pesquisar a reputa\u00e7\u00e3o da loja e revisar coment\u00e1rios pode evitar erros e garantir uma experi\u00eancia de compra mais segura.<\/p>\n\n\n\n<p>Leia mais: <a href=\"https:\/\/www.em.com.br\/emfoco\/2025\/11\/27\/como-fugir-do-obvio-e-montar-looks-elegantes-com-as-tendencias-natalinas-de-2025\/\" target=\"_blank\" rel=\"noreferrer noopener\">As cores delicadas que deixa o visual natalino mais elegante e sofisticado<\/a><\/p>\n\n\n\n<h2 class=\"wp-block-heading\">Compreender seus direitos torna a experi\u00eancia natalina mais segura<\/h2>\n\n\n\n<p>Conhecer a legisla\u00e7\u00e3o e as normas internas de cada com\u00e9rcio permite que o consumidor atue com seguran\u00e7a e tranquilidade durante o <strong>Natal<\/strong>. <\/p>\n\n\n\n<p>Assim, \u00e9 poss\u00edvel aproveitar as festas, tendo a certeza de que as eventuais necessidades de troca ou devolu\u00e7\u00e3o estar\u00e3o amparadas pela lei e pelas boas pr\u00e1ticas do mercado. N\u00e3o perca o prazo de 7 dias! Guarde a nota fiscal eletr\u00f4nica e acione o fornecedor imediatamente ap\u00f3s a entrega.<\/p>\n","protected":false},"excerpt":{"rendered":"<p>O per\u00edodo natalino \u00e9 conhecido por uma intensa movimenta\u00e7\u00e3o de compras e troca de presentes, o que frequentemente gera d\u00favidas sobre como proceder em caso de devolu\u00e7\u00e3o, principalmente quando o item recebido n\u00e3o atende \u00e0s expectativas ou apresenta algum problema. No Brasil, a legisla\u00e7\u00e3o protege o consumidor em diversas situa\u00e7\u00f5es, assegurando direitos importantes durante as [&hellip;]<\/p>\n","protected":false},"author":20,"featured_media":132813,"comment_status":"open","ping_status":"open","sticky":false,"template":"","format":"standard","meta":{"jnews-multi-image_gallery":[],"jnews_single_post":{"format":"standard"},"jnews_primary_category":[],"jnews_social_meta":[],"jnews_override_counter":[],"footnotes":""},"categories":[28,1],"tags":[1928,649,743,10146],"class_list":["post-132607","post","type-post","status-publish","format-standard","has-post-thumbnail","hentry","category-economia","category-noticias","tag-compras","tag-devolucao","tag-natal","tag-presentes"],"yoast_head":"<!-- This site is optimized with the Yoast SEO plugin v23.8 - https:\/\/yoast.com\/wordpress\/plugins\/seo\/ -->\n<title>Comprou online? Veja seus direitos para trocar ou devolver presentes de Natal - Estado de Minas - Em foco<\/title>\n<meta name=\"description\" content=\"Veja seus direitos para trocar ou devolver presentes de Natal, garantindo processos simples, prazos corretos e menos dor de cabe\u00e7a.\" \/>\n<meta name=\"robots\" content=\"index, follow, max-snippet:-1, max-image-preview:large, max-video-preview:-1\" \/>\n<link rel=\"canonical\" href=\"https:\/\/www.em.com.br\/emfoco\/2025\/11\/29\/comprou-online-veja-seus-direitos-para-trocar-ou-devolver-presentes-de-natal\/\" \/>\n<meta property=\"og:locale\" content=\"pt_BR\" \/>\n<meta property=\"og:type\" content=\"article\" \/>\n<meta property=\"og:title\" content=\"Comprou online? Veja seus direitos para trocar ou devolver presentes de Natal - Estado de Minas - Em foco\" \/>\n<meta property=\"og:description\" content=\"Veja seus direitos para trocar ou devolver presentes de Natal, garantindo processos simples, prazos corretos e menos dor de cabe\u00e7a.\" \/>\n<meta property=\"og:url\" content=\"https:\/\/www.em.com.br\/emfoco\/2025\/11\/29\/comprou-online-veja-seus-direitos-para-trocar-ou-devolver-presentes-de-natal\/\" \/>\n<meta property=\"og:site_name\" content=\"Estado de Minas - Em foco\" \/>\n<meta property=\"article:published_time\" content=\"2025-11-29T17:15:00+00:00\" \/>\n<meta property=\"article:modified_time\" content=\"2025-11-27T21:20:01+00:00\" \/>\n<meta property=\"og:image\" content=\"https:\/\/www.em.com.br\/emfoco\/wp-content\/uploads\/2025\/11\/natal-presentes_1763788582175.jpg\" \/>\n\t<meta property=\"og:image:width\" content=\"1280\" \/>\n\t<meta property=\"og:image:height\" content=\"720\" \/>\n\t<meta property=\"og:image:type\" content=\"image\/jpeg\" \/>\n<meta name=\"author\" content=\"Ingrid Diniz\" \/>\n<meta name=\"twitter:card\" content=\"summary_large_image\" \/>\n<meta name=\"twitter:label1\" content=\"Escrito por\" \/>\n\t<meta name=\"twitter:data1\" content=\"Ingrid Diniz\" \/>\n\t<meta name=\"twitter:label2\" content=\"Est. tempo de leitura\" \/>\n\t<meta name=\"twitter:data2\" content=\"5 minutos\" \/>\n<!-- \/ Yoast SEO plugin. -->","yoast_head_json":{"title":"Comprou online? Veja seus direitos para trocar ou devolver presentes de Natal - Estado de Minas - Em foco","description":"Veja seus direitos para trocar ou devolver presentes de Natal, garantindo processos simples, prazos corretos e menos dor de cabe\u00e7a.","robots":{"index":"index","follow":"follow","max-snippet":"max-snippet:-1","max-image-preview":"max-image-preview:large","max-video-preview":"max-video-preview:-1"},"canonical":"https:\/\/www.em.com.br\/emfoco\/2025\/11\/29\/comprou-online-veja-seus-direitos-para-trocar-ou-devolver-presentes-de-natal\/","og_locale":"pt_BR","og_type":"article","og_title":"Comprou online? Veja seus direitos para trocar ou devolver presentes de Natal - Estado de Minas - Em foco","og_description":"Veja seus direitos para trocar ou devolver presentes de Natal, garantindo processos simples, prazos corretos e menos dor de cabe\u00e7a.","og_url":"https:\/\/www.em.com.br\/emfoco\/2025\/11\/29\/comprou-online-veja-seus-direitos-para-trocar-ou-devolver-presentes-de-natal\/","og_site_name":"Estado de Minas - Em foco","article_published_time":"2025-11-29T17:15:00+00:00","article_modified_time":"2025-11-27T21:20:01+00:00","og_image":[{"width":1280,"height":720,"url":"https:\/\/www.em.com.br\/emfoco\/wp-content\/uploads\/2025\/11\/natal-presentes_1763788582175.jpg","type":"image\/jpeg"}],"author":"Ingrid Diniz","twitter_card":"summary_large_image","twitter_misc":{"Escrito por":"Ingrid Diniz","Est. tempo de leitura":"5 minutos"},"schema":{"@context":"https:\/\/schema.org","@graph":[{"@type":"WebPage","@id":"https:\/\/www.em.com.br\/emfoco\/2025\/11\/29\/comprou-online-veja-seus-direitos-para-trocar-ou-devolver-presentes-de-natal\/","url":"https:\/\/www.em.com.br\/emfoco\/2025\/11\/29\/comprou-online-veja-seus-direitos-para-trocar-ou-devolver-presentes-de-natal\/","name":"Comprou online? Veja seus direitos para trocar ou devolver presentes de Natal - Estado de Minas - Em foco","isPartOf":{"@id":"https:\/\/www.em.com.br\/emfoco\/#website"},"primaryImageOfPage":{"@id":"https:\/\/www.em.com.br\/emfoco\/2025\/11\/29\/comprou-online-veja-seus-direitos-para-trocar-ou-devolver-presentes-de-natal\/#primaryimage"},"image":{"@id":"https:\/\/www.em.com.br\/emfoco\/2025\/11\/29\/comprou-online-veja-seus-direitos-para-trocar-ou-devolver-presentes-de-natal\/#primaryimage"},"thumbnailUrl":"https:\/\/www.em.com.br\/emfoco\/wp-content\/uploads\/2025\/11\/natal-presentes_1763788582175.jpg","datePublished":"2025-11-29T17:15:00+00:00","dateModified":"2025-11-27T21:20:01+00:00","author":{"@id":"https:\/\/www.em.com.br\/emfoco\/#\/schema\/person\/649e610b4eb8fff87ff394e54fe17b2b"},"description":"Veja seus direitos para trocar ou devolver presentes de Natal, garantindo processos simples, prazos corretos e menos dor de cabe\u00e7a.","breadcrumb":{"@id":"https:\/\/www.em.com.br\/emfoco\/2025\/11\/29\/comprou-online-veja-seus-direitos-para-trocar-ou-devolver-presentes-de-natal\/#breadcrumb"},"inLanguage":"pt-BR","potentialAction":[{"@type":"ReadAction","target":["https:\/\/www.em.com.br\/emfoco\/2025\/11\/29\/comprou-online-veja-seus-direitos-para-trocar-ou-devolver-presentes-de-natal\/"]}]},{"@type":"ImageObject","inLanguage":"pt-BR","@id":"https:\/\/www.em.com.br\/emfoco\/2025\/11\/29\/comprou-online-veja-seus-direitos-para-trocar-ou-devolver-presentes-de-natal\/#primaryimage","url":"https:\/\/www.em.com.br\/emfoco\/wp-content\/uploads\/2025\/11\/natal-presentes_1763788582175.jpg","contentUrl":"https:\/\/www.em.com.br\/emfoco\/wp-content\/uploads\/2025\/11\/natal-presentes_1763788582175.jpg","width":1280,"height":720,"caption":"Direitos para trocar ou devolver presentes de Natal compras online - Cr\u00e9ditos: depositphotos.com \/ AntonMatyukha"},{"@type":"BreadcrumbList","@id":"https:\/\/www.em.com.br\/emfoco\/2025\/11\/29\/comprou-online-veja-seus-direitos-para-trocar-ou-devolver-presentes-de-natal\/#breadcrumb","itemListElement":[{"@type":"ListItem","position":1,"name":"In\u00edcio","item":"https:\/\/www.em.com.br\/emfoco\/"},{"@type":"ListItem","position":2,"name":"Comprou online? Veja seus direitos para trocar ou devolver presentes de Natal"}]},{"@type":"WebSite","@id":"https:\/\/www.em.com.br\/emfoco\/#website","url":"https:\/\/www.em.com.br\/emfoco\/","name":"Estado de Minas - Em foco","description":"Acompanhe as \u00faltimas not\u00edcias e fique bem informado sobre tudo o que acontece em Minas Gerais, Brasil e no mundo.","potentialAction":[{"@type":"SearchAction","target":{"@type":"EntryPoint","urlTemplate":"https:\/\/www.em.com.br\/emfoco\/?s={search_term_string}"},"query-input":{"@type":"PropertyValueSpecification","valueRequired":true,"valueName":"search_term_string"}}],"inLanguage":"pt-BR"},{"@type":"Person","@id":"https:\/\/www.em.com.br\/emfoco\/#\/schema\/person\/649e610b4eb8fff87ff394e54fe17b2b","name":"Ingrid Diniz","image":{"@type":"ImageObject","inLanguage":"pt-BR","@id":"https:\/\/www.em.com.br\/emfoco\/#\/schema\/person\/image\/","url":"https:\/\/secure.gravatar.com\/avatar\/a3baa1449ec5c39b4c42babc9d4f3951?s=96&d=mm&r=g","contentUrl":"https:\/\/secure.gravatar.com\/avatar\/a3baa1449ec5c39b4c42babc9d4f3951?s=96&d=mm&r=g","caption":"Ingrid Diniz"},"sameAs":["https:\/\/www.em.com.br\/"],"url":"https:\/\/www.em.com.br\/emfoco\/author\/ingridmyth\/"}]}},"_links":{"self":[{"href":"https:\/\/www.em.com.br\/emfoco\/wp-json\/wp\/v2\/posts\/132607","targetHints":{"allow":["GET"]}}],"collection":[{"href":"https:\/\/www.em.com.br\/emfoco\/wp-json\/wp\/v2\/posts"}],"about":[{"href":"https:\/\/www.em.com.br\/emfoco\/wp-json\/wp\/v2\/types\/post"}],"author":[{"embeddable":true,"href":"https:\/\/www.em.com.br\/emfoco\/wp-json\/wp\/v2\/users\/20"}],"replies":[{"embeddable":true,"href":"https:\/\/www.em.com.br\/emfoco\/wp-json\/wp\/v2\/comments?post=132607"}],"version-history":[{"count":1,"href":"https:\/\/www.em.com.br\/emfoco\/wp-json\/wp\/v2\/posts\/132607\/revisions"}],"predecessor-version":[{"id":132824,"href":"https:\/\/www.em.com.br\/emfoco\/wp-json\/wp\/v2\/posts\/132607\/revisions\/132824"}],"wp:featuredmedia":[{"embeddable":true,"href":"https:\/\/www.em.com.br\/emfoco\/wp-json\/wp\/v2\/media\/132813"}],"wp:attachment":[{"href":"https:\/\/www.em.com.br\/emfoco\/wp-json\/wp\/v2\/media?parent=132607"}],"wp:term":[{"taxonomy":"category","embeddable":true,"href":"https:\/\/www.em.com.br\/emfoco\/wp-json\/wp\/v2\/categories?post=132607"},{"taxonomy":"post_tag","embeddable":true,"href":"https:\/\/www.em.com.br\/emfoco\/wp-json\/wp\/v2\/tags?post=132607"}],"curies":[{"name":"wp","href":"https:\/\/api.w.org\/{rel}","templated":true}]}}