{"id":132605,"date":"2025-11-29T11:45:00","date_gmt":"2025-11-29T14:45:00","guid":{"rendered":"https:\/\/www.em.com.br\/emfoco\/?p=132605"},"modified":"2025-11-27T16:03:03","modified_gmt":"2025-11-27T19:03:03","slug":"detalhe-no-micro-ondas-que-indica-que-ele-perdeu-protecao","status":"publish","type":"post","link":"https:\/\/www.em.com.br\/emfoco\/2025\/11\/29\/detalhe-no-micro-ondas-que-indica-que-ele-perdeu-protecao\/","title":{"rendered":"Detalhe no micro-ondas que indica que ele perdeu prote\u00e7\u00e3o"},"content":{"rendered":"\n<p>Os micro-ondas, presentes em grande parte das cozinhas modernas pela sua efici\u00eancia e praticidade, geram d\u00favidas sobre seguran\u00e7a devido \u00e0 emiss\u00e3o de radia\u00e7\u00e3o, mesmo em n\u00edveis controlados. Um fator essencial para o uso seguro desses aparelhos \u00e9 o conjunto de micro-interruptores de porta que impede o funcionamento quando a porta est\u00e1 mal fechada.<\/p>\n\n\n\n<h2 class=\"wp-block-heading\">Como funciona a seguran\u00e7a do micro-ondas?<\/h2>\n\n\n<div class=\"wp-block-image\">\n<figure class=\"aligncenter size-large\"><img loading=\"lazy\" decoding=\"async\" width=\"1024\" height=\"576\" src=\"https:\/\/www.em.com.br\/emfoco\/wp-content\/uploads\/2025\/11\/micro-ondas_1763782132051-1024x576.jpg\" alt=\"\" class=\"wp-image-132714\" srcset=\"https:\/\/www.em.com.br\/emfoco\/wp-content\/uploads\/2025\/11\/micro-ondas_1763782132051-1024x576.jpg 1024w, https:\/\/www.em.com.br\/emfoco\/wp-content\/uploads\/2025\/11\/micro-ondas_1763782132051-300x169.jpg 300w, https:\/\/www.em.com.br\/emfoco\/wp-content\/uploads\/2025\/11\/micro-ondas_1763782132051-768x432.jpg 768w, https:\/\/www.em.com.br\/emfoco\/wp-content\/uploads\/2025\/11\/micro-ondas_1763782132051-750x422.jpg 750w, https:\/\/www.em.com.br\/emfoco\/wp-content\/uploads\/2025\/11\/micro-ondas_1763782132051-1140x641.jpg 1140w, https:\/\/www.em.com.br\/emfoco\/wp-content\/uploads\/2025\/11\/micro-ondas_1763782132051.jpg 1280w\" sizes=\"auto, (max-width: 1024px) 100vw, 1024px\" \/><figcaption class=\"wp-element-caption\">Sinal de que o micro-ondas perdeu prote\u00e7\u00e3o &#8211; Cr\u00e9ditos: depositphotos.com \/ HayDmitriy<\/figcaption><\/figure><\/div>\n\n\n<p>O sistema de seguran\u00e7a utiliza micro-interruptores, chamados <strong>interlocks<\/strong>, que evitam o acionamento do equipamento se a porta n\u00e3o estiver bem fechada e vedada. Essa trava \u00e9 ativada automaticamente e impede a gera\u00e7\u00e3o de micro-ondas caso haja qualquer problema no fechamento.<\/p>\n\n\n\n<p>Al\u00e9m dos interlocks, a porta do micro-ondas possui uma malha met\u00e1lica perfurada, conhecida como \u201c<strong><a href=\"https:\/\/revistahumanidades.com.br\/arquivos_up\/artigos\/a290.pdf\" target=\"_blank\" rel=\"noreferrer noopener\">Tela de Faraday<\/a><\/strong>\u201d. Essa tela \u00e9 projetada para bloquear o escape de radia\u00e7\u00e3o de micro-ondas do interior do aparelho para o ambiente externo. Os pequenos furos limitam o comprimento de onda que pode atravessar, permitindo que voc\u00ea veja o alimento, mas n\u00e3o deixando as micro-ondas passarem, assim protegendo os usu\u00e1rios contra vazamentos diretos.<\/p>\n\n\n\n<p>Ao garantir que o micro-ondas s\u00f3 funcione quando a porta est\u00e1 corretamente alinhada, os interruptores protegem contra vazamento de radia\u00e7\u00e3o. Este mecanismo \u00e9 fundamental para a integridade do aparelho e seguran\u00e7a dos usu\u00e1rios. Alguns modelos avan\u00e7ados j\u00e1 apresentam sensores extras que refor\u00e7am essa prote\u00e7\u00e3o, aumentando a confiabilidade do sistema.<\/p>\n\n\n\n<h2 class=\"wp-block-heading\">Como fazer o teste visual da porta e veda\u00e7\u00e3o?<\/h2>\n\n\n\n<p>Uma solu\u00e7\u00e3o imediata e simples para qualquer usu\u00e1rio avaliar poss\u00edveis problemas de veda\u00e7\u00e3o \u00e9 o chamado &#8220;<strong>teste da luz<\/strong>&#8220;. Para realizar, coloque uma lanterna ou at\u00e9 mesmo o flash de um celular aceso dentro do micro-ondas (com o aparelho desligado da tomada). Feche a porta e observe com aten\u00e7\u00e3o em volta da veda\u00e7\u00e3o, especialmente nas laterais e na regi\u00e3o do fecho. <\/p>\n\n\n\n<p>Caso perceba qualquer passagem de luz para fora, \u00e9 sinal de que a veda\u00e7\u00e3o pode estar comprometida, indicando a necessidade de manuten\u00e7\u00e3o ou substitui\u00e7\u00e3o da porta. Este teste r\u00e1pido n\u00e3o dispensa avalia\u00e7\u00f5es t\u00e9cnicas, mas \u00e9 uma forma pr\u00e1tica de identificar falhas evidentes em casa.<\/p>\n\n\n\n<h2 class=\"wp-block-heading\">Quais limita\u00e7\u00f5es existem nos interlocks?<\/h2>\n\n\n\n<p>Os interlocks s\u00e3o eficientes, mas n\u00e3o s\u00e3o infal\u00edveis. Eles n\u00e3o identificam falhas internas como corros\u00e3o ou desgaste invis\u00edvel na blindagem met\u00e1lica, que podem gerar riscos de vazamento de micro-ondas.<\/p>\n\n\n\n<p>Para garantir uma prote\u00e7\u00e3o mais completa, \u00e9 importante ficar atento a poss\u00edveis sinais de falha e acompanhar com outros m\u00e9todos de verifica\u00e7\u00e3o, como mostrado a seguir:<\/p>\n\n\n\n<ul class=\"wp-block-list\">\n<li>Realizar inspe\u00e7\u00e3o visual peri\u00f3dica na porta e veda\u00e7\u00e3o.<\/li>\n\n\n\n<li>Utilizar detectores externos para medir poss\u00edveis vazamentos de radia\u00e7\u00e3o.<\/li>\n\n\n\n<li>Acompanhar ru\u00eddos ou odores incomuns que possam indicar defeito interno.<\/li>\n<\/ul>\n\n\n\n<p>Leia mais: <a href=\"https:\/\/www.em.com.br\/emfoco\/2025\/11\/26\/quer-comprar-eletronicos-no-fim-do-ano-evite-gastos-e-compre-apenas-o-que-vale\/\" target=\"_blank\" rel=\"noreferrer noopener\">Quer comprar eletr\u00f4nicos no fim do ano? Evite gastos e compre apenas o que vale<\/a><\/p>\n\n\n\n<h2 class=\"wp-block-heading\">Como refor\u00e7ar a seguran\u00e7a do aparelho?<\/h2>\n\n\n<div class=\"wp-block-image\">\n<figure class=\"aligncenter size-large\"><img loading=\"lazy\" decoding=\"async\" width=\"1024\" height=\"576\" src=\"https:\/\/www.em.com.br\/emfoco\/wp-content\/uploads\/2025\/11\/micro-ondas_1763782154337-1024x576.jpg\" alt=\"\" class=\"wp-image-132713\" srcset=\"https:\/\/www.em.com.br\/emfoco\/wp-content\/uploads\/2025\/11\/micro-ondas_1763782154337-1024x576.jpg 1024w, https:\/\/www.em.com.br\/emfoco\/wp-content\/uploads\/2025\/11\/micro-ondas_1763782154337-300x169.jpg 300w, https:\/\/www.em.com.br\/emfoco\/wp-content\/uploads\/2025\/11\/micro-ondas_1763782154337-768x432.jpg 768w, https:\/\/www.em.com.br\/emfoco\/wp-content\/uploads\/2025\/11\/micro-ondas_1763782154337-750x422.jpg 750w, https:\/\/www.em.com.br\/emfoco\/wp-content\/uploads\/2025\/11\/micro-ondas_1763782154337-1140x641.jpg 1140w, https:\/\/www.em.com.br\/emfoco\/wp-content\/uploads\/2025\/11\/micro-ondas_1763782154337.jpg 1280w\" sizes=\"auto, (max-width: 1024px) 100vw, 1024px\" \/><figcaption class=\"wp-element-caption\">Sinal de que o micro-ondas perdeu prote\u00e7\u00e3o &#8211; Cr\u00e9ditos: depositphotos.com \/ HayDmitriy<\/figcaption><\/figure><\/div>\n\n\n<p>Al\u00e9m de confiar no sistema de interlocks, o refor\u00e7o da seguran\u00e7a passa por manuten\u00e7\u00f5es regulares e boas pr\u00e1ticas de uso. A inspe\u00e7\u00e3o visual e a substitui\u00e7\u00e3o imediata de componentes danificados s\u00e3o estrat\u00e9gias eficazes para evitar riscos.<\/p>\n\n\n\n<p>O uso cont\u00ednuo de medidores de vazamento e o acompanhamento t\u00e9cnico peri\u00f3dico s\u00e3o importantes, assim como manter limpo o interior do aparelho para evitar ac\u00famulo de res\u00edduos que prejudiquem o funcionamento. Evitar o uso de objetos met\u00e1licos danificados ou n\u00e3o recomendados tamb\u00e9m ajuda a prevenir acidentes e protege o funcionamento do dispositivo.<\/p>\n\n\n\n<p>Leia mais: <a href=\"https:\/\/www.em.com.br\/emfoco\/2025\/11\/19\/o-segredo-da-limpeza-correta-prolonga-a-vida-util-dos-seus-eletronicos\/\" target=\"_blank\" rel=\"noreferrer noopener\">O segredo da limpeza correta prolonga a vida \u00fatil dos seus eletr\u00f4nicos<\/a><\/p>\n\n\n\n<h2 class=\"wp-block-heading\">Por que uni\u00e3o de tecnologia e manuten\u00e7\u00e3o?<\/h2>\n\n\n\n<p>A uni\u00e3o entre sistemas de seguran\u00e7a integrados e pr\u00e1ticas de manuten\u00e7\u00e3o preventiva oferece a prote\u00e7\u00e3o mais robusta para os usu\u00e1rios. Dessa forma, evita-se n\u00e3o s\u00f3 o risco de vazamento de radia\u00e7\u00e3o, mas tamb\u00e9m se obt\u00e9m maior durabilidade e desempenho do aparelho.<\/p>\n\n\n\n<p>Pr\u00e1ticas prudentes aumentam a tranquilidade ao usar o micro-ondas e asseguram que a tecnologia cumpra seu papel, preservando a sa\u00fade e a funcionalidade no cotidiano dom\u00e9stico. N\u00e3o confie apenas na trava. Fa\u00e7a a inspe\u00e7\u00e3o visual da sua porta hoje e garanta a prote\u00e7\u00e3o da sua fam\u00edlia<\/p>\n","protected":false},"excerpt":{"rendered":"<p>Os micro-ondas, presentes em grande parte das cozinhas modernas pela sua efici\u00eancia e praticidade, geram d\u00favidas sobre seguran\u00e7a devido \u00e0 emiss\u00e3o de radia\u00e7\u00e3o, mesmo em n\u00edveis controlados. Um fator essencial para o uso seguro desses aparelhos \u00e9 o conjunto de micro-interruptores de porta que impede o funcionamento quando a porta est\u00e1 mal fechada. Como funciona [&hellip;]<\/p>\n","protected":false},"author":20,"featured_media":107593,"comment_status":"open","ping_status":"open","sticky":false,"template":"","format":"standard","meta":{"jnews-multi-image_gallery":[],"jnews_single_post":{"format":"standard"},"jnews_primary_category":[],"jnews_social_meta":[],"jnews_override_counter":[],"footnotes":""},"categories":[28,1],"tags":[3563,868,5582],"class_list":["post-132605","post","type-post","status-publish","format-standard","has-post-thumbnail","hentry","category-economia","category-noticias","tag-cozinha","tag-energia","tag-micro-ondas"],"yoast_head":"<!-- This site is optimized with the Yoast SEO plugin v23.8 - https:\/\/yoast.com\/wordpress\/plugins\/seo\/ -->\n<title>Detalhe no micro-ondas que indica que ele perdeu prote\u00e7\u00e3o - Estado de Minas - Em foco<\/title>\n<meta name=\"description\" content=\"Detalhe no micro-ondas que indica perda de prote\u00e7\u00e3o, alertando para riscos de uso e necessidade de verificar desgaste e seguran\u00e7a do aparelho.\" \/>\n<meta name=\"robots\" content=\"index, follow, max-snippet:-1, max-image-preview:large, max-video-preview:-1\" \/>\n<link rel=\"canonical\" href=\"https:\/\/www.em.com.br\/emfoco\/2025\/11\/29\/detalhe-no-micro-ondas-que-indica-que-ele-perdeu-protecao\/\" \/>\n<meta property=\"og:locale\" content=\"pt_BR\" \/>\n<meta property=\"og:type\" content=\"article\" \/>\n<meta property=\"og:title\" content=\"Detalhe no micro-ondas que indica que ele perdeu prote\u00e7\u00e3o - Estado de Minas - Em foco\" \/>\n<meta property=\"og:description\" content=\"Detalhe no micro-ondas que indica perda de prote\u00e7\u00e3o, alertando para riscos de uso e necessidade de verificar desgaste e seguran\u00e7a do aparelho.\" \/>\n<meta property=\"og:url\" content=\"https:\/\/www.em.com.br\/emfoco\/2025\/11\/29\/detalhe-no-micro-ondas-que-indica-que-ele-perdeu-protecao\/\" \/>\n<meta property=\"og:site_name\" content=\"Estado de Minas - Em foco\" \/>\n<meta property=\"article:published_time\" content=\"2025-11-29T14:45:00+00:00\" \/>\n<meta property=\"article:modified_time\" content=\"2025-11-27T19:03:03+00:00\" \/>\n<meta property=\"og:image\" content=\"https:\/\/www.em.com.br\/emfoco\/wp-content\/uploads\/2025\/09\/micro-ondas_1756870944791.jpg\" \/>\n\t<meta property=\"og:image:width\" content=\"1280\" \/>\n\t<meta property=\"og:image:height\" content=\"720\" \/>\n\t<meta property=\"og:image:type\" content=\"image\/jpeg\" \/>\n<meta name=\"author\" content=\"Ingrid Diniz\" \/>\n<meta name=\"twitter:card\" content=\"summary_large_image\" \/>\n<meta name=\"twitter:label1\" content=\"Escrito por\" \/>\n\t<meta name=\"twitter:data1\" content=\"Ingrid Diniz\" \/>\n\t<meta name=\"twitter:label2\" content=\"Est. tempo de leitura\" \/>\n\t<meta name=\"twitter:data2\" content=\"5 minutos\" \/>\n<!-- \/ Yoast SEO plugin. -->","yoast_head_json":{"title":"Detalhe no micro-ondas que indica que ele perdeu prote\u00e7\u00e3o - Estado de Minas - Em foco","description":"Detalhe no micro-ondas que indica perda de prote\u00e7\u00e3o, alertando para riscos de uso e necessidade de verificar desgaste e seguran\u00e7a do aparelho.","robots":{"index":"index","follow":"follow","max-snippet":"max-snippet:-1","max-image-preview":"max-image-preview:large","max-video-preview":"max-video-preview:-1"},"canonical":"https:\/\/www.em.com.br\/emfoco\/2025\/11\/29\/detalhe-no-micro-ondas-que-indica-que-ele-perdeu-protecao\/","og_locale":"pt_BR","og_type":"article","og_title":"Detalhe no micro-ondas que indica que ele perdeu prote\u00e7\u00e3o - Estado de Minas - Em foco","og_description":"Detalhe no micro-ondas que indica perda de prote\u00e7\u00e3o, alertando para riscos de uso e necessidade de verificar desgaste e seguran\u00e7a do aparelho.","og_url":"https:\/\/www.em.com.br\/emfoco\/2025\/11\/29\/detalhe-no-micro-ondas-que-indica-que-ele-perdeu-protecao\/","og_site_name":"Estado de Minas - Em foco","article_published_time":"2025-11-29T14:45:00+00:00","article_modified_time":"2025-11-27T19:03:03+00:00","og_image":[{"width":1280,"height":720,"url":"https:\/\/www.em.com.br\/emfoco\/wp-content\/uploads\/2025\/09\/micro-ondas_1756870944791.jpg","type":"image\/jpeg"}],"author":"Ingrid Diniz","twitter_card":"summary_large_image","twitter_misc":{"Escrito por":"Ingrid Diniz","Est. tempo de leitura":"5 minutos"},"schema":{"@context":"https:\/\/schema.org","@graph":[{"@type":"WebPage","@id":"https:\/\/www.em.com.br\/emfoco\/2025\/11\/29\/detalhe-no-micro-ondas-que-indica-que-ele-perdeu-protecao\/","url":"https:\/\/www.em.com.br\/emfoco\/2025\/11\/29\/detalhe-no-micro-ondas-que-indica-que-ele-perdeu-protecao\/","name":"Detalhe no micro-ondas que indica que ele perdeu prote\u00e7\u00e3o - Estado de Minas - Em foco","isPartOf":{"@id":"https:\/\/www.em.com.br\/emfoco\/#website"},"primaryImageOfPage":{"@id":"https:\/\/www.em.com.br\/emfoco\/2025\/11\/29\/detalhe-no-micro-ondas-que-indica-que-ele-perdeu-protecao\/#primaryimage"},"image":{"@id":"https:\/\/www.em.com.br\/emfoco\/2025\/11\/29\/detalhe-no-micro-ondas-que-indica-que-ele-perdeu-protecao\/#primaryimage"},"thumbnailUrl":"https:\/\/www.em.com.br\/emfoco\/wp-content\/uploads\/2025\/09\/micro-ondas_1756870944791.jpg","datePublished":"2025-11-29T14:45:00+00:00","dateModified":"2025-11-27T19:03:03+00:00","author":{"@id":"https:\/\/www.em.com.br\/emfoco\/#\/schema\/person\/649e610b4eb8fff87ff394e54fe17b2b"},"description":"Detalhe no micro-ondas que indica perda de prote\u00e7\u00e3o, alertando para riscos de uso e necessidade de verificar desgaste e seguran\u00e7a do aparelho.","breadcrumb":{"@id":"https:\/\/www.em.com.br\/emfoco\/2025\/11\/29\/detalhe-no-micro-ondas-que-indica-que-ele-perdeu-protecao\/#breadcrumb"},"inLanguage":"pt-BR","potentialAction":[{"@type":"ReadAction","target":["https:\/\/www.em.com.br\/emfoco\/2025\/11\/29\/detalhe-no-micro-ondas-que-indica-que-ele-perdeu-protecao\/"]}]},{"@type":"ImageObject","inLanguage":"pt-BR","@id":"https:\/\/www.em.com.br\/emfoco\/2025\/11\/29\/detalhe-no-micro-ondas-que-indica-que-ele-perdeu-protecao\/#primaryimage","url":"https:\/\/www.em.com.br\/emfoco\/wp-content\/uploads\/2025\/09\/micro-ondas_1756870944791.jpg","contentUrl":"https:\/\/www.em.com.br\/emfoco\/wp-content\/uploads\/2025\/09\/micro-ondas_1756870944791.jpg","width":1280,"height":720,"caption":"Sinal de que o micro-ondas perdeu prote\u00e7\u00e3o - Cr\u00e9ditos: depositphotos.com \/ HayDmitriy"},{"@type":"BreadcrumbList","@id":"https:\/\/www.em.com.br\/emfoco\/2025\/11\/29\/detalhe-no-micro-ondas-que-indica-que-ele-perdeu-protecao\/#breadcrumb","itemListElement":[{"@type":"ListItem","position":1,"name":"In\u00edcio","item":"https:\/\/www.em.com.br\/emfoco\/"},{"@type":"ListItem","position":2,"name":"Detalhe no micro-ondas que indica que ele perdeu prote\u00e7\u00e3o"}]},{"@type":"WebSite","@id":"https:\/\/www.em.com.br\/emfoco\/#website","url":"https:\/\/www.em.com.br\/emfoco\/","name":"Estado de Minas - Em foco","description":"Acompanhe as \u00faltimas not\u00edcias e fique bem informado sobre tudo o que acontece em Minas Gerais, Brasil e no mundo.","potentialAction":[{"@type":"SearchAction","target":{"@type":"EntryPoint","urlTemplate":"https:\/\/www.em.com.br\/emfoco\/?s={search_term_string}"},"query-input":{"@type":"PropertyValueSpecification","valueRequired":true,"valueName":"search_term_string"}}],"inLanguage":"pt-BR"},{"@type":"Person","@id":"https:\/\/www.em.com.br\/emfoco\/#\/schema\/person\/649e610b4eb8fff87ff394e54fe17b2b","name":"Ingrid Diniz","image":{"@type":"ImageObject","inLanguage":"pt-BR","@id":"https:\/\/www.em.com.br\/emfoco\/#\/schema\/person\/image\/","url":"https:\/\/secure.gravatar.com\/avatar\/a3baa1449ec5c39b4c42babc9d4f3951?s=96&d=mm&r=g","contentUrl":"https:\/\/secure.gravatar.com\/avatar\/a3baa1449ec5c39b4c42babc9d4f3951?s=96&d=mm&r=g","caption":"Ingrid Diniz"},"sameAs":["https:\/\/www.em.com.br\/"],"url":"https:\/\/www.em.com.br\/emfoco\/author\/ingridmyth\/"}]}},"_links":{"self":[{"href":"https:\/\/www.em.com.br\/emfoco\/wp-json\/wp\/v2\/posts\/132605","targetHints":{"allow":["GET"]}}],"collection":[{"href":"https:\/\/www.em.com.br\/emfoco\/wp-json\/wp\/v2\/posts"}],"about":[{"href":"https:\/\/www.em.com.br\/emfoco\/wp-json\/wp\/v2\/types\/post"}],"author":[{"embeddable":true,"href":"https:\/\/www.em.com.br\/emfoco\/wp-json\/wp\/v2\/users\/20"}],"replies":[{"embeddable":true,"href":"https:\/\/www.em.com.br\/emfoco\/wp-json\/wp\/v2\/comments?post=132605"}],"version-history":[{"count":1,"href":"https:\/\/www.em.com.br\/emfoco\/wp-json\/wp\/v2\/posts\/132605\/revisions"}],"predecessor-version":[{"id":132725,"href":"https:\/\/www.em.com.br\/emfoco\/wp-json\/wp\/v2\/posts\/132605\/revisions\/132725"}],"wp:featuredmedia":[{"embeddable":true,"href":"https:\/\/www.em.com.br\/emfoco\/wp-json\/wp\/v2\/media\/107593"}],"wp:attachment":[{"href":"https:\/\/www.em.com.br\/emfoco\/wp-json\/wp\/v2\/media?parent=132605"}],"wp:term":[{"taxonomy":"category","embeddable":true,"href":"https:\/\/www.em.com.br\/emfoco\/wp-json\/wp\/v2\/categories?post=132605"},{"taxonomy":"post_tag","embeddable":true,"href":"https:\/\/www.em.com.br\/emfoco\/wp-json\/wp\/v2\/tags?post=132605"}],"curies":[{"name":"wp","href":"https:\/\/api.w.org\/{rel}","templated":true}]}}