{"id":132587,"date":"2025-11-28T14:45:00","date_gmt":"2025-11-28T17:45:00","guid":{"rendered":"https:\/\/www.em.com.br\/emfoco\/?p=132587"},"modified":"2025-11-27T23:33:43","modified_gmt":"2025-11-28T02:33:43","slug":"a-lembrancinha-que-parecia-simples-mas-emocionou-todos-no-meu-casamento-e-voce-pode-fazer-em-casa","status":"publish","type":"post","link":"https:\/\/www.em.com.br\/emfoco\/2025\/11\/28\/a-lembrancinha-que-parecia-simples-mas-emocionou-todos-no-meu-casamento-e-voce-pode-fazer-em-casa\/","title":{"rendered":"A lembrancinha que parecia simples, mas emocionou todos no meu casamento e voc\u00ea pode fazer em casa"},"content":{"rendered":"\n<p>\u2014 Amiga, eu estou perdida! N\u00e3o fa\u00e7o ideia do que escolher como lembrancinha para o casamento\u2026 Quero algo especial, mas todas as ideias parecem t\u00e3o comuns.<br>\u2014 Calma, eu tenho uma sugest\u00e3o incr\u00edvel que vai surpreender todo mundo: velas decorativas personalizadas! J\u00e1 pensou? Al\u00e9m de elegantes, elas t\u00eam um significado lindo para celebrar esse momento t\u00e3o especial. <\/p>\n\n\n\n<p>Preparar um casamento envolve diversas escolhas e detalhes importantes, e a sele\u00e7\u00e3o das lembrancinhas \u00e9 uma maneira carinhosa de agradecer quem compartilhou esse momento inesquec\u00edvel.<\/p>\n\n\n\n<h2 class=\"wp-block-heading\">Quais s\u00e3o as vantagens de apostar em velas decorativas personalizadas para casamento<\/h2>\n\n\n\n<p>As <a href=\"https:\/\/www.em.com.br\/emfoco\/2025\/10\/13\/como-fazer-suas-proprias-velas-aromaticas-e-transformar-a-sua-casa\/\" target=\"_blank\" rel=\"noreferrer noopener\">velas decorativas <\/a>s\u00e3o uma alternativa moderna e elegante para lembrancinhas de casamento, pois simbolizam luz e o in\u00edcio de uma nova etapa para o casal. Elas v\u00e3o al\u00e9m do visual, trazendo um significado especial e emocional.<\/p>\n\n\n\n<p>Al\u00e9m disso, s\u00e3o vers\u00e1teis e agradam diferentes estilos de convidados. Por serem sustent\u00e1veis e personaliz\u00e1veis, permitem agregar valor e prop\u00f3sito \u00e0s lembran\u00e7as. No v\u00eddeo abaixo, veja uma ideia incr\u00edvel de lembrancinha:<\/p>\n\n\n\n<figure class=\"wp-block-embed is-type-video is-provider-tiktok wp-block-embed-tiktok\"><div class=\"wp-block-embed__wrapper\">\n<blockquote class=\"tiktok-embed\" cite=\"https:\/\/www.tiktok.com\/@gabrielkreulich\/video\/7340397889786531078\" data-video-id=\"7340397889786531078\" data-embed-from=\"oembed\" style=\"max-width:605px; min-width:325px;\"> <section> <a target=\"_blank\" title=\"@gabrielkreulich\" href=\"https:\/\/www.tiktok.com\/@gabrielkreulich?refer=embed\">@gabrielkreulich<\/a> <p>\u26a0\ufe0f ATEN\u00c7\u00c3O!!! Nenhuma flor foi ROUBADA durante a grava\u00e7\u00e3o desse v\u00eddeo!! <a title=\"art\" target=\"_blank\" href=\"https:\/\/www.tiktok.com\/tag\/art?refer=embed\">#art<\/a> <a title=\"arte\" target=\"_blank\" href=\"https:\/\/www.tiktok.com\/tag\/arte?refer=embed\">#arte<\/a> <a title=\"artesanato\" target=\"_blank\" href=\"https:\/\/www.tiktok.com\/tag\/artesanato?refer=embed\">#artesanato<\/a> <a title=\"velas\" target=\"_blank\" href=\"https:\/\/www.tiktok.com\/tag\/velas?refer=embed\">#velas<\/a> <a title=\"casamento\" target=\"_blank\" href=\"https:\/\/www.tiktok.com\/tag\/casamento?refer=embed\">#casamento<\/a> <a title=\"lembrancinha\" target=\"_blank\" href=\"https:\/\/www.tiktok.com\/tag\/lembrancinha?refer=embed\">#lembrancinha<\/a> <a title=\"velasaromaticas\" target=\"_blank\" href=\"https:\/\/www.tiktok.com\/tag\/velasaromaticas?refer=embed\">#velasaromaticas<\/a> <a title=\"velasdecorativas\" target=\"_blank\" href=\"https:\/\/www.tiktok.com\/tag\/velasdecorativas?refer=embed\">#velasdecorativas<\/a> <\/p> <a target=\"_blank\" title=\"\u266c som original - Gabriel Kreulich\" href=\"https:\/\/www.tiktok.com\/music\/som-original-7340397913207540485?refer=embed\">\u266c som original &#8211; Gabriel Kreulich<\/a> <\/section> <\/blockquote> <script async src=\"https:\/\/www.tiktok.com\/embed.js\"><\/script>\n<\/div><\/figure>\n\n\n\n<h2 class=\"wp-block-heading\">O que voc\u00ea precisa para fazer velas decorativas em casa<\/h2>\n\n\n\n<p>Para quem deseja criar as pr\u00f3prias velas, \u00e9 importante reunir todos os materiais antes de come\u00e7ar a produ\u00e7\u00e3o. Isso garante praticidade e seguran\u00e7a durante o processo artesanal.<\/p>\n\n\n\n<p>Confira abaixo os principais itens necess\u00e1rios para confeccionar as velas em casa:<\/p>\n\n\n\n<ul class=\"wp-block-list\">\n<li><strong>Cera<\/strong>&nbsp;natural, como soja ou abelha, indicada por sua queima lenta e menor impacto ambiental<\/li>\n\n\n\n<li>Pavios adequados ao tamanho dos recipientes<\/li>\n\n\n\n<li>Frascos ou moldes de vidro recicl\u00e1vel, ou silicone<\/li>\n\n\n\n<li>\u00d3leos essenciais para personalizar a fragr\u00e2ncia<\/li>\n\n\n\n<li>Corantes pr\u00f3prios para cera, para variar as cores das velas<\/li>\n<\/ul>\n\n\n\n<h2 class=\"wp-block-heading\">Como fazer velas decorativas seguindo um passo a passo simples<\/h2>\n\n\n\n<p>O processo de produ\u00e7\u00e3o das velas decorativas \u00e9 simples, mas requer aten\u00e7\u00e3o para garantir um acabamento bonito e seguro. \u00c9 importante manter o cuidado em todas as etapas para evitar acidentes ou falhas na lembrancinha.<\/p>\n\n\n\n<ol class=\"wp-block-list\">\n<li>Derreta a cera em banho-maria at\u00e9 ficar completamente l\u00edquida.<\/li>\n\n\n\n<li>Coloque o pavio centralizado no recipiente ou molde escolhido.<\/li>\n\n\n\n<li>Adicione os \u00f3leos essenciais e corantes, misturando para padronizar aroma e cor.<\/li>\n\n\n\n<li>Despeje a cera nos moldes, cuidando para manter o pavio centralizado.<\/li>\n\n\n\n<li>Deixe endurecer completamente antes de desenformar ou fechar.<\/li>\n<\/ol>\n\n\n\n<figure class=\"wp-block-image size-large\"><img loading=\"lazy\" decoding=\"async\" width=\"1024\" height=\"576\" src=\"https:\/\/www.em.com.br\/emfoco\/wp-content\/uploads\/2025\/11\/Gemini_Generated_Image_a1du71a1du71a1du-1-1024x576.png\" alt=\"\" class=\"wp-image-132886\" srcset=\"https:\/\/www.em.com.br\/emfoco\/wp-content\/uploads\/2025\/11\/Gemini_Generated_Image_a1du71a1du71a1du-1-1024x576.png 1024w, https:\/\/www.em.com.br\/emfoco\/wp-content\/uploads\/2025\/11\/Gemini_Generated_Image_a1du71a1du71a1du-1-300x169.png 300w, https:\/\/www.em.com.br\/emfoco\/wp-content\/uploads\/2025\/11\/Gemini_Generated_Image_a1du71a1du71a1du-1-768x432.png 768w, https:\/\/www.em.com.br\/emfoco\/wp-content\/uploads\/2025\/11\/Gemini_Generated_Image_a1du71a1du71a1du-1-750x422.png 750w, https:\/\/www.em.com.br\/emfoco\/wp-content\/uploads\/2025\/11\/Gemini_Generated_Image_a1du71a1du71a1du-1-1140x641.png 1140w, https:\/\/www.em.com.br\/emfoco\/wp-content\/uploads\/2025\/11\/Gemini_Generated_Image_a1du71a1du71a1du-1.png 1280w\" sizes=\"auto, (max-width: 1024px) 100vw, 1024px\" \/><\/figure>\n\n\n\n<h2 class=\"wp-block-heading\">Como personalizar velas decorativas para casamento com criatividade<\/h2>\n\n\n\n<p>\u00c9 poss\u00edvel explorar <a href=\"https:\/\/www.westwing.com.br\/guiar\/velas-personalizadas\/\" target=\"_blank\" rel=\"noreferrer noopener\">muitas formas de personalizar as velas <\/a>para torn\u00e1-las \u00fanicas e especiais. Essa personaliza\u00e7\u00e3o pode refletir a identidade do casal e o tema da celebra\u00e7\u00e3o, proporcionando uma experi\u00eancia diferenciada ao convidado.<\/p>\n\n\n\n<p>Antes de decidir, veja como incorporar detalhes criativos \u00e0s velas e transforme cada lembrancinha:<\/p>\n\n\n\n<ul class=\"wp-block-list\">\n<li>Etiquetas com mensagens especiais, nomes ou datas<\/li>\n\n\n\n<li>Fitas de cetim e la\u00e7os personalizados<\/li>\n\n\n\n<li>Flores secas delicadamente aplicadas ao recipiente<\/li>\n\n\n\n<li>Pequenos pingentes ou detalhes na paleta de cores do evento<\/li>\n<\/ul>\n\n\n\n<h2 class=\"wp-block-heading\">Por que presentear convidados com velas decorativas \u00e9 t\u00e3o especial<\/h2>\n\n\n\n<p>Velas feitas \u00e0 m\u00e3o, especialmente personalizadas, v\u00e3o al\u00e9m de um simples presente: s\u00e3o mem\u00f3rias afetivas que criam v\u00ednculos duradouros entre anfitri\u00f5es e convidados. Toda vez que um familiar ou amigo acende a vela, revive as emo\u00e7\u00f5es do casamento.<\/p>\n\n\n\n<p>Ao produzir as pr\u00f3prias lembrancinhas, al\u00e9m de economizar, voc\u00ea adiciona um toque art\u00edstico e aut\u00eantico. Assim, seu agradecimento se transforma em uma lembran\u00e7a cheia de carinho e significado. Com certeza, suas velas personalizadas ser\u00e3o um sucesso e emocionar\u00e3o a todos!<\/p>\n\n\n\n<p><\/p>\n","protected":false},"excerpt":{"rendered":"<p>\u2014 Amiga, eu estou perdida! N\u00e3o fa\u00e7o ideia do que escolher como lembrancinha para o casamento\u2026 Quero algo especial, mas todas as ideias parecem t\u00e3o comuns.\u2014 Calma, eu tenho uma sugest\u00e3o incr\u00edvel que vai surpreender todo mundo: velas decorativas personalizadas! J\u00e1 pensou? Al\u00e9m de elegantes, elas t\u00eam um significado lindo para celebrar esse momento t\u00e3o [&hellip;]<\/p>\n","protected":false},"author":11,"featured_media":132887,"comment_status":"open","ping_status":"open","sticky":false,"template":"","format":"standard","meta":{"jnews-multi-image_gallery":[],"jnews_single_post":{"format":"standard"},"jnews_primary_category":[],"jnews_social_meta":[],"jnews_override_counter":[],"footnotes":""},"categories":[8819,1],"tags":[6291,12113,16506],"class_list":["post-132587","post","type-post","status-publish","format-standard","has-post-thumbnail","hentry","category-curiosidades","category-noticias","tag-casamento","tag-velas","tag-velas-artesanais"],"yoast_head":"<!-- This site is optimized with the Yoast SEO plugin v23.8 - https:\/\/yoast.com\/wordpress\/plugins\/seo\/ -->\n<title>A lembrancinha que parecia simples, mas emocionou todos no meu casamento e voc\u00ea pode fazer em casa - Estado de Minas - Em foco<\/title>\n<meta name=\"description\" content=\"As velas decorativas personalizadas se tornaram lembrancinhas queridas por noivos, unindo beleza, significado e criatividade para surpreender convidados.\" \/>\n<meta name=\"robots\" content=\"index, follow, max-snippet:-1, max-image-preview:large, max-video-preview:-1\" \/>\n<link rel=\"canonical\" href=\"https:\/\/www.em.com.br\/emfoco\/2025\/11\/28\/a-lembrancinha-que-parecia-simples-mas-emocionou-todos-no-meu-casamento-e-voce-pode-fazer-em-casa\/\" \/>\n<meta property=\"og:locale\" content=\"pt_BR\" \/>\n<meta property=\"og:type\" content=\"article\" \/>\n<meta property=\"og:title\" content=\"A lembrancinha que parecia simples, mas emocionou todos no meu casamento e voc\u00ea pode fazer em casa - Estado de Minas - Em foco\" \/>\n<meta property=\"og:description\" content=\"As velas decorativas personalizadas se tornaram lembrancinhas queridas por noivos, unindo beleza, significado e criatividade para surpreender convidados.\" \/>\n<meta property=\"og:url\" content=\"https:\/\/www.em.com.br\/emfoco\/2025\/11\/28\/a-lembrancinha-que-parecia-simples-mas-emocionou-todos-no-meu-casamento-e-voce-pode-fazer-em-casa\/\" \/>\n<meta property=\"og:site_name\" content=\"Estado de Minas - Em foco\" \/>\n<meta property=\"article:published_time\" content=\"2025-11-28T17:45:00+00:00\" \/>\n<meta property=\"article:modified_time\" content=\"2025-11-28T02:33:43+00:00\" \/>\n<meta property=\"og:image\" content=\"https:\/\/www.em.com.br\/emfoco\/wp-content\/uploads\/2025\/11\/Gemini_Generated_Image_95eucl95eucl95eu-1.png\" \/>\n\t<meta property=\"og:image:width\" content=\"1280\" \/>\n\t<meta property=\"og:image:height\" content=\"720\" \/>\n\t<meta property=\"og:image:type\" content=\"image\/png\" \/>\n<meta name=\"author\" content=\"Andre\u0301 Rangel\u00a0\" \/>\n<meta name=\"twitter:card\" content=\"summary_large_image\" \/>\n<meta name=\"twitter:label1\" content=\"Escrito por\" \/>\n\t<meta name=\"twitter:data1\" content=\"Andre\u0301 Rangel\u00a0\" \/>\n\t<meta name=\"twitter:label2\" content=\"Est. tempo de leitura\" \/>\n\t<meta name=\"twitter:data2\" content=\"4 minutos\" \/>\n<!-- \/ Yoast SEO plugin. -->","yoast_head_json":{"title":"A lembrancinha que parecia simples, mas emocionou todos no meu casamento e voc\u00ea pode fazer em casa - Estado de Minas - Em foco","description":"As velas decorativas personalizadas se tornaram lembrancinhas queridas por noivos, unindo beleza, significado e criatividade para surpreender convidados.","robots":{"index":"index","follow":"follow","max-snippet":"max-snippet:-1","max-image-preview":"max-image-preview:large","max-video-preview":"max-video-preview:-1"},"canonical":"https:\/\/www.em.com.br\/emfoco\/2025\/11\/28\/a-lembrancinha-que-parecia-simples-mas-emocionou-todos-no-meu-casamento-e-voce-pode-fazer-em-casa\/","og_locale":"pt_BR","og_type":"article","og_title":"A lembrancinha que parecia simples, mas emocionou todos no meu casamento e voc\u00ea pode fazer em casa - Estado de Minas - Em foco","og_description":"As velas decorativas personalizadas se tornaram lembrancinhas queridas por noivos, unindo beleza, significado e criatividade para surpreender convidados.","og_url":"https:\/\/www.em.com.br\/emfoco\/2025\/11\/28\/a-lembrancinha-que-parecia-simples-mas-emocionou-todos-no-meu-casamento-e-voce-pode-fazer-em-casa\/","og_site_name":"Estado de Minas - Em foco","article_published_time":"2025-11-28T17:45:00+00:00","article_modified_time":"2025-11-28T02:33:43+00:00","og_image":[{"width":1280,"height":720,"url":"https:\/\/www.em.com.br\/emfoco\/wp-content\/uploads\/2025\/11\/Gemini_Generated_Image_95eucl95eucl95eu-1.png","type":"image\/png"}],"author":"Andre\u0301 Rangel\u00a0","twitter_card":"summary_large_image","twitter_misc":{"Escrito por":"Andre\u0301 Rangel\u00a0","Est. tempo de leitura":"4 minutos"},"schema":{"@context":"https:\/\/schema.org","@graph":[{"@type":"WebPage","@id":"https:\/\/www.em.com.br\/emfoco\/2025\/11\/28\/a-lembrancinha-que-parecia-simples-mas-emocionou-todos-no-meu-casamento-e-voce-pode-fazer-em-casa\/","url":"https:\/\/www.em.com.br\/emfoco\/2025\/11\/28\/a-lembrancinha-que-parecia-simples-mas-emocionou-todos-no-meu-casamento-e-voce-pode-fazer-em-casa\/","name":"A lembrancinha que parecia simples, mas emocionou todos no meu casamento e voc\u00ea pode fazer em casa - Estado de Minas - Em foco","isPartOf":{"@id":"https:\/\/www.em.com.br\/emfoco\/#website"},"primaryImageOfPage":{"@id":"https:\/\/www.em.com.br\/emfoco\/2025\/11\/28\/a-lembrancinha-que-parecia-simples-mas-emocionou-todos-no-meu-casamento-e-voce-pode-fazer-em-casa\/#primaryimage"},"image":{"@id":"https:\/\/www.em.com.br\/emfoco\/2025\/11\/28\/a-lembrancinha-que-parecia-simples-mas-emocionou-todos-no-meu-casamento-e-voce-pode-fazer-em-casa\/#primaryimage"},"thumbnailUrl":"https:\/\/www.em.com.br\/emfoco\/wp-content\/uploads\/2025\/11\/Gemini_Generated_Image_95eucl95eucl95eu-1.png","datePublished":"2025-11-28T17:45:00+00:00","dateModified":"2025-11-28T02:33:43+00:00","author":{"@id":"https:\/\/www.em.com.br\/emfoco\/#\/schema\/person\/60eda09c1fedf0d6891f4cef4b60b8b8"},"description":"As velas decorativas personalizadas se tornaram lembrancinhas queridas por noivos, unindo beleza, significado e criatividade para surpreender convidados.","breadcrumb":{"@id":"https:\/\/www.em.com.br\/emfoco\/2025\/11\/28\/a-lembrancinha-que-parecia-simples-mas-emocionou-todos-no-meu-casamento-e-voce-pode-fazer-em-casa\/#breadcrumb"},"inLanguage":"pt-BR","potentialAction":[{"@type":"ReadAction","target":["https:\/\/www.em.com.br\/emfoco\/2025\/11\/28\/a-lembrancinha-que-parecia-simples-mas-emocionou-todos-no-meu-casamento-e-voce-pode-fazer-em-casa\/"]}]},{"@type":"ImageObject","inLanguage":"pt-BR","@id":"https:\/\/www.em.com.br\/emfoco\/2025\/11\/28\/a-lembrancinha-que-parecia-simples-mas-emocionou-todos-no-meu-casamento-e-voce-pode-fazer-em-casa\/#primaryimage","url":"https:\/\/www.em.com.br\/emfoco\/wp-content\/uploads\/2025\/11\/Gemini_Generated_Image_95eucl95eucl95eu-1.png","contentUrl":"https:\/\/www.em.com.br\/emfoco\/wp-content\/uploads\/2025\/11\/Gemini_Generated_Image_95eucl95eucl95eu-1.png","width":1280,"height":720,"caption":"Lembrancinhas para emocionar"},{"@type":"BreadcrumbList","@id":"https:\/\/www.em.com.br\/emfoco\/2025\/11\/28\/a-lembrancinha-que-parecia-simples-mas-emocionou-todos-no-meu-casamento-e-voce-pode-fazer-em-casa\/#breadcrumb","itemListElement":[{"@type":"ListItem","position":1,"name":"In\u00edcio","item":"https:\/\/www.em.com.br\/emfoco\/"},{"@type":"ListItem","position":2,"name":"A lembrancinha que parecia simples, mas emocionou todos no meu casamento e voc\u00ea pode fazer em casa"}]},{"@type":"WebSite","@id":"https:\/\/www.em.com.br\/emfoco\/#website","url":"https:\/\/www.em.com.br\/emfoco\/","name":"Estado de Minas - Em foco","description":"Acompanhe as \u00faltimas not\u00edcias e fique bem informado sobre tudo o que acontece em Minas Gerais, Brasil e no mundo.","potentialAction":[{"@type":"SearchAction","target":{"@type":"EntryPoint","urlTemplate":"https:\/\/www.em.com.br\/emfoco\/?s={search_term_string}"},"query-input":{"@type":"PropertyValueSpecification","valueRequired":true,"valueName":"search_term_string"}}],"inLanguage":"pt-BR"},{"@type":"Person","@id":"https:\/\/www.em.com.br\/emfoco\/#\/schema\/person\/60eda09c1fedf0d6891f4cef4b60b8b8","name":"Andre\u0301 Rangel\u00a0","image":{"@type":"ImageObject","inLanguage":"pt-BR","@id":"https:\/\/www.em.com.br\/emfoco\/#\/schema\/person\/image\/","url":"https:\/\/secure.gravatar.com\/avatar\/6234dc814c77c8ef6d8bba622c787efc?s=96&d=mm&r=g","contentUrl":"https:\/\/secure.gravatar.com\/avatar\/6234dc814c77c8ef6d8bba622c787efc?s=96&d=mm&r=g","caption":"Andre\u0301 Rangel\u00a0"},"url":"https:\/\/www.em.com.br\/emfoco\/author\/luizmyth\/"}]}},"_links":{"self":[{"href":"https:\/\/www.em.com.br\/emfoco\/wp-json\/wp\/v2\/posts\/132587","targetHints":{"allow":["GET"]}}],"collection":[{"href":"https:\/\/www.em.com.br\/emfoco\/wp-json\/wp\/v2\/posts"}],"about":[{"href":"https:\/\/www.em.com.br\/emfoco\/wp-json\/wp\/v2\/types\/post"}],"author":[{"embeddable":true,"href":"https:\/\/www.em.com.br\/emfoco\/wp-json\/wp\/v2\/users\/11"}],"replies":[{"embeddable":true,"href":"https:\/\/www.em.com.br\/emfoco\/wp-json\/wp\/v2\/comments?post=132587"}],"version-history":[{"count":4,"href":"https:\/\/www.em.com.br\/emfoco\/wp-json\/wp\/v2\/posts\/132587\/revisions"}],"predecessor-version":[{"id":132893,"href":"https:\/\/www.em.com.br\/emfoco\/wp-json\/wp\/v2\/posts\/132587\/revisions\/132893"}],"wp:featuredmedia":[{"embeddable":true,"href":"https:\/\/www.em.com.br\/emfoco\/wp-json\/wp\/v2\/media\/132887"}],"wp:attachment":[{"href":"https:\/\/www.em.com.br\/emfoco\/wp-json\/wp\/v2\/media?parent=132587"}],"wp:term":[{"taxonomy":"category","embeddable":true,"href":"https:\/\/www.em.com.br\/emfoco\/wp-json\/wp\/v2\/categories?post=132587"},{"taxonomy":"post_tag","embeddable":true,"href":"https:\/\/www.em.com.br\/emfoco\/wp-json\/wp\/v2\/tags?post=132587"}],"curies":[{"name":"wp","href":"https:\/\/api.w.org\/{rel}","templated":true}]}}