{"id":132580,"date":"2025-11-30T13:05:00","date_gmt":"2025-11-30T16:05:00","guid":{"rendered":"https:\/\/www.em.com.br\/emfoco\/?p=132580"},"modified":"2025-11-27T14:19:00","modified_gmt":"2025-11-27T17:19:00","slug":"itens-da-casa-que-consomem-energia-mesmo-desligados-e-pesam-na-sua-conta","status":"publish","type":"post","link":"https:\/\/www.em.com.br\/emfoco\/2025\/11\/30\/itens-da-casa-que-consomem-energia-mesmo-desligados-e-pesam-na-sua-conta\/","title":{"rendered":"Itens da casa que consomem energia mesmo desligados e pesam na sua conta"},"content":{"rendered":"\n<p>V\u00e1rios <strong>itens da casa que consomem energia<\/strong> continuam ligados no modo standby, mesmo quando parecem desligados. Esse gasto invis\u00edvel pode chegar a <strong>R$ 80 por m\u00eas<\/strong>, impactando a conta de luz sem que o consumidor perceba.<\/p>\n\n\n\n<h2 class=\"wp-block-heading\">Por que aparelhos \u201cdesligados\u201d continuam gastando energia?<\/h2>\n\n\n\n<p>Muitos equipamentos ficam em <strong>modo standby<\/strong> para atualizar sistemas, receber comandos remotos ou manter rel\u00f3gios e pain\u00e9is ativos. Mesmo sem uso, continuam consumindo energia e isso pode representar uma parte significativa da conta mensal.<\/p>\n\n\n\n<p>Essa chamada <strong><a href=\"https:\/\/tsshara.com.br\/blog\/energia-eletrica\/modo-stand-by-saiba-sobre-consumo-invisivel\/\" target=\"_blank\" rel=\"noreferrer noopener\">carga fantasma<\/a><\/strong> costuma representar entre 8% e 15% do gasto mensal de uma casa comum. Quanto mais aparelhos conectados e antigos forem, maior o desperd\u00edcio di\u00e1rio sem qualquer benef\u00edcio real ao usu\u00e1rio.<\/p>\n\n\n\n<figure class=\"wp-block-image size-large\"><img loading=\"lazy\" decoding=\"async\" width=\"1024\" height=\"576\" src=\"https:\/\/www.em.com.br\/emfoco\/wp-content\/uploads\/2025\/11\/Televisao_1764263862956-1024x576.jpg\" alt=\"Itens da casa que consomem energia mesmo desligados e pesam na sua conta\" class=\"wp-image-132644\" srcset=\"https:\/\/www.em.com.br\/emfoco\/wp-content\/uploads\/2025\/11\/Televisao_1764263862956-1024x576.jpg 1024w, https:\/\/www.em.com.br\/emfoco\/wp-content\/uploads\/2025\/11\/Televisao_1764263862956-300x169.jpg 300w, https:\/\/www.em.com.br\/emfoco\/wp-content\/uploads\/2025\/11\/Televisao_1764263862956-768x432.jpg 768w, https:\/\/www.em.com.br\/emfoco\/wp-content\/uploads\/2025\/11\/Televisao_1764263862956-750x422.jpg 750w, https:\/\/www.em.com.br\/emfoco\/wp-content\/uploads\/2025\/11\/Televisao_1764263862956-1140x641.jpg 1140w, https:\/\/www.em.com.br\/emfoco\/wp-content\/uploads\/2025\/11\/Televisao_1764263862956.jpg 1280w\" sizes=\"auto, (max-width: 1024px) 100vw, 1024px\" \/><figcaption class=\"wp-element-caption\">Standby mant\u00e9m sistemas ativos e consome energia mesmo sem uso &#8211; Cr\u00e9ditos: depositphotos.com \/ MingPhoto<\/figcaption><\/figure>\n\n\n\n<h2 class=\"wp-block-heading\">Quais aparelhos mais consomem energia no modo standby?<\/h2>\n\n\n\n<p>Alguns equipamentos s\u00e3o verdadeiros vil\u00f5es e podem estar ligados 24 horas. Veja abaixo os que mais contribuem para o consumo oculto:<\/p>\n\n\n\n<ul class=\"wp-block-list\">\n<li><strong>Televisores modernos<\/strong>: ficam parcialmente ativos aguardando o controle remoto e atualiza\u00e7\u00f5es.<\/li>\n\n\n\n<li><strong>Roteadores e videogames<\/strong>: funcionam o tempo inteiro e mant\u00eam sistemas conectados.<\/li>\n\n\n\n<li><strong>Micro-ondas e fornos digitais<\/strong>: pain\u00e9is e rel\u00f3gios exigem energia constante para operar.<\/li>\n<\/ul>\n\n\n\n<p><em>Leia mais: <strong><a href=\"https:\/\/www.em.com.br\/emfoco\/2025\/11\/24\/reduzi-minha-conta-de-luz-com-um-ajuste-que-ninguem-me-ensinou-no-chuveiro\/\" target=\"_blank\" rel=\"noreferrer noopener\">Reduzi minha conta de luz com um ajuste que ningu\u00e9m me ensinou no chuveiro<\/a><\/strong><\/em><\/p>\n\n\n\n<h2 class=\"wp-block-heading\">Quanto esse desperd\u00edcio pode pesar na conta de luz?<\/h2>\n\n\n\n<p>Especialistas afirmam que deixar tudo conectado pode gerar at\u00e9 <strong>R$ 80 mensais<\/strong> em desperd\u00edcio. Isso ocorre porque diversos aparelhos seguem consumindo energia m\u00ednima, mas em conjunto o impacto financeiro se torna bem maior.<\/p>\n\n\n\n<p>Eletrodom\u00e9sticos mais antigos, com baixa <strong>efici\u00eancia energ\u00e9tica<\/strong>, elevam ainda mais esse gasto. Eles utilizam mais energia apenas para manter fun\u00e7\u00f5es b\u00e1sicas que n\u00e3o trazem vantagem pr\u00e1tica ao dia a dia.<\/p>\n\n\n\n<p>Confira a seguir mais dicas compartilhadas pelo canal do TikTok <strong>@oisraelpimentel<\/strong> de como economizar energia em casa:<\/p>\n\n\n\n<blockquote class=\"tiktok-embed\" cite=\"https:\/\/www.tiktok.com\/@oisraelpimentel\/video\/7377857522436214022\" data-video-id=\"7377857522436214022\" style=\"max-width: 605px;min-width: 325px;\" > <section> <a target=\"_blank\" title=\"@oisraelpimentel\" href=\"https:\/\/www.tiktok.com\/@oisraelpimentel?refer=embed\">@oisraelpimentel<\/a> como econimizar energia economizar dimunuir conta  Como reduzir sua conta de luz, ai vai 4 dicas de como Como reduzir a sua energia el\u00e9trica e consequentemente diminuindo sua conta de luz Como reduzir sua conta de luz  \ud83d\udd0c\ud83d\udca1 Est\u00e1 cansado de pagar caro na conta de luz? Ent\u00e3o, voc\u00ea precisa ver estas dicas! \ud83d\udca1 \ud83d\udd0c  Neste v\u00eddeo, compartilho 4 dicas pr\u00e1ticas e eficazes para economizar energia e reduzir sua conta de luz. Desde pequenos ajustes em sua rotina at\u00e9 o uso de dispositivos mais eficientes, essas dicas v\u00e3o fazer a diferen\u00e7a no seu bolso!   Com essas dicas, voc\u00ea pode come\u00e7ar a economizar imediatamente e ver a diferen\u00e7a na sua pr\u00f3xima fatura de energia!   \ud83d\udccc Dicas para economizar energia: 1. Verifique sua geladeira  2. Desligue eletr\u00f4nicos da tomada na hora de ir dormir  3. Diminua o tempo do banho  4. Cadastre-se no programa Tarifa Branca para reduzir o valor da sua conta de luz   N\u00e3o se esque\u00e7a de curtir o v\u00eddeo, se inscrever no canal e ativar as notifica\u00e7\u00f5es para mais dicas como estas. Compartilhe com seus amigos e fam\u00edlia para que todos possam economizar juntos! <a title=\"agoravoc\u00easabe\" target=\"_blank\" href=\"https:\/\/www.tiktok.com\/tag\/agoravoc%C3%AAsabe?refer=embed\">#agoravoc\u00easabe<\/a> <a title=\"euteensino\" target=\"_blank\" href=\"https:\/\/www.tiktok.com\/tag\/euteensino?refer=embed\">#euteensino<\/a> <a title=\"aprendanotiktok\" target=\"_blank\" href=\"https:\/\/www.tiktok.com\/tag\/aprendanotiktok?refer=embed\">#aprendanotiktok<\/a> <a title=\"aprendamais\" target=\"_blank\" href=\"https:\/\/www.tiktok.com\/tag\/aprendamais?refer=embed\">#aprendamais<\/a>  <a title=\"dicaparacasa\" target=\"_blank\" href=\"https:\/\/www.tiktok.com\/tag\/dicaparacasa?refer=embed\">#dicaparacasa<\/a> <a title=\"comoeconomizar\" target=\"_blank\" href=\"https:\/\/www.tiktok.com\/tag\/comoeconomizar?refer=embed\">#comoeconomizar<\/a> <a title=\"contadeluz\" target=\"_blank\" href=\"https:\/\/www.tiktok.com\/tag\/contadeluz?refer=embed\">#contadeluz<\/a> <a target=\"_blank\" title=\"\u266c som original - Educa\u00e7\u00e3o financeira - oisraelpimentel Pobre Sincero\" href=\"https:\/\/www.tiktok.com\/music\/som-original-Educa\u00e7\u00e3o-financeira-7377858336898992901?refer=embed\">\u266c som original &#8211; Educa\u00e7\u00e3o financeira &#8211; oisraelpimentel Pobre Sincero<\/a> <\/section> <\/blockquote> <script async src=\"https:\/\/www.tiktok.com\/embed.js\"><\/script>\n\n\n\n<h2 class=\"wp-block-heading\">O que d\u00e1 para fazer para evitar esse consumo silencioso?<\/h2>\n\n\n\n<p>Pequenas mudan\u00e7as de h\u00e1bito ajudam a eliminar o gasto invis\u00edvel na rotina. Veja solu\u00e7\u00f5es simples que fazem diferen\u00e7a rapidamente:<\/p>\n\n\n\n<ul class=\"wp-block-list\">\n<li>Usar <strong>filtros de linha<\/strong> com bot\u00e3o geral para desligar v\u00e1rios aparelhos de uma vez.<\/li>\n\n\n\n<li>Retirar <strong>carregadores<\/strong> e eletr\u00f4nicos da tomada quando n\u00e3o estiverem em uso.<\/li>\n\n\n\n<li>Instalar <strong>timers inteligentes<\/strong> para controlar o tempo de funcionamento cont\u00ednuo.<\/li>\n<\/ul>\n","protected":false},"excerpt":{"rendered":"<p>V\u00e1rios itens da casa que consomem energia continuam ligados no modo standby, mesmo quando parecem desligados. Esse gasto invis\u00edvel pode chegar a R$ 80 por m\u00eas, impactando a conta de luz sem que o consumidor perceba. Por que aparelhos \u201cdesligados\u201d continuam gastando energia? Muitos equipamentos ficam em modo standby para atualizar sistemas, receber comandos remotos [&hellip;]<\/p>\n","protected":false},"author":13,"featured_media":132643,"comment_status":"open","ping_status":"open","sticky":false,"template":"","format":"standard","meta":{"jnews-multi-image_gallery":[],"jnews_single_post":{"format":"standard"},"jnews_primary_category":[],"jnews_social_meta":[],"jnews_override_counter":[],"footnotes":""},"categories":[8819],"tags":[11955,1018,19398],"class_list":["post-132580","post","type-post","status-publish","format-standard","has-post-thumbnail","hentry","category-curiosidades","tag-consumo-de-energia","tag-conta-de-luz","tag-eletrodomestico-2"],"yoast_head":"<!-- This site is optimized with the Yoast SEO plugin v23.8 - https:\/\/yoast.com\/wordpress\/plugins\/seo\/ -->\n<title>Itens da casa que consomem energia mesmo desligados e pesam na sua conta - Estado de Minas - Em foco<\/title>\n<meta name=\"description\" content=\"Mesmo desligados, v\u00e1rios itens da casa continuam consumindo energia. Veja quais s\u00e3o e como evitar esse gasto oculto na sua conta.\" \/>\n<meta name=\"robots\" content=\"index, follow, max-snippet:-1, max-image-preview:large, max-video-preview:-1\" \/>\n<link rel=\"canonical\" href=\"https:\/\/www.em.com.br\/emfoco\/2025\/11\/30\/itens-da-casa-que-consomem-energia-mesmo-desligados-e-pesam-na-sua-conta\/\" \/>\n<meta property=\"og:locale\" content=\"pt_BR\" \/>\n<meta property=\"og:type\" content=\"article\" \/>\n<meta property=\"og:title\" content=\"Itens da casa que consomem energia mesmo desligados e pesam na sua conta - Estado de Minas - Em foco\" \/>\n<meta property=\"og:description\" content=\"Mesmo desligados, v\u00e1rios itens da casa continuam consumindo energia. Veja quais s\u00e3o e como evitar esse gasto oculto na sua conta.\" \/>\n<meta property=\"og:url\" content=\"https:\/\/www.em.com.br\/emfoco\/2025\/11\/30\/itens-da-casa-que-consomem-energia-mesmo-desligados-e-pesam-na-sua-conta\/\" \/>\n<meta property=\"og:site_name\" content=\"Estado de Minas - Em foco\" \/>\n<meta property=\"article:published_time\" content=\"2025-11-30T16:05:00+00:00\" \/>\n<meta property=\"article:modified_time\" content=\"2025-11-27T17:19:00+00:00\" \/>\n<meta property=\"og:image\" content=\"https:\/\/www.em.com.br\/emfoco\/wp-content\/uploads\/2025\/11\/mosaico_1764263777409.jpg\" \/>\n\t<meta property=\"og:image:width\" content=\"1280\" \/>\n\t<meta property=\"og:image:height\" content=\"720\" \/>\n\t<meta property=\"og:image:type\" content=\"image\/jpeg\" \/>\n<meta name=\"author\" content=\"Gabriel Martins\" \/>\n<meta name=\"twitter:card\" content=\"summary_large_image\" \/>\n<meta name=\"twitter:label1\" content=\"Escrito por\" \/>\n\t<meta name=\"twitter:data1\" content=\"Gabriel Martins\" \/>\n\t<meta name=\"twitter:label2\" content=\"Est. tempo de leitura\" \/>\n\t<meta name=\"twitter:data2\" content=\"3 minutos\" \/>\n<!-- \/ Yoast SEO plugin. -->","yoast_head_json":{"title":"Itens da casa que consomem energia mesmo desligados e pesam na sua conta - Estado de Minas - Em foco","description":"Mesmo desligados, v\u00e1rios itens da casa continuam consumindo energia. Veja quais s\u00e3o e como evitar esse gasto oculto na sua conta.","robots":{"index":"index","follow":"follow","max-snippet":"max-snippet:-1","max-image-preview":"max-image-preview:large","max-video-preview":"max-video-preview:-1"},"canonical":"https:\/\/www.em.com.br\/emfoco\/2025\/11\/30\/itens-da-casa-que-consomem-energia-mesmo-desligados-e-pesam-na-sua-conta\/","og_locale":"pt_BR","og_type":"article","og_title":"Itens da casa que consomem energia mesmo desligados e pesam na sua conta - Estado de Minas - Em foco","og_description":"Mesmo desligados, v\u00e1rios itens da casa continuam consumindo energia. Veja quais s\u00e3o e como evitar esse gasto oculto na sua conta.","og_url":"https:\/\/www.em.com.br\/emfoco\/2025\/11\/30\/itens-da-casa-que-consomem-energia-mesmo-desligados-e-pesam-na-sua-conta\/","og_site_name":"Estado de Minas - Em foco","article_published_time":"2025-11-30T16:05:00+00:00","article_modified_time":"2025-11-27T17:19:00+00:00","og_image":[{"width":1280,"height":720,"url":"https:\/\/www.em.com.br\/emfoco\/wp-content\/uploads\/2025\/11\/mosaico_1764263777409.jpg","type":"image\/jpeg"}],"author":"Gabriel Martins","twitter_card":"summary_large_image","twitter_misc":{"Escrito por":"Gabriel Martins","Est. tempo de leitura":"3 minutos"},"schema":{"@context":"https:\/\/schema.org","@graph":[{"@type":"WebPage","@id":"https:\/\/www.em.com.br\/emfoco\/2025\/11\/30\/itens-da-casa-que-consomem-energia-mesmo-desligados-e-pesam-na-sua-conta\/","url":"https:\/\/www.em.com.br\/emfoco\/2025\/11\/30\/itens-da-casa-que-consomem-energia-mesmo-desligados-e-pesam-na-sua-conta\/","name":"Itens da casa que consomem energia mesmo desligados e pesam na sua conta - Estado de Minas - Em foco","isPartOf":{"@id":"https:\/\/www.em.com.br\/emfoco\/#website"},"primaryImageOfPage":{"@id":"https:\/\/www.em.com.br\/emfoco\/2025\/11\/30\/itens-da-casa-que-consomem-energia-mesmo-desligados-e-pesam-na-sua-conta\/#primaryimage"},"image":{"@id":"https:\/\/www.em.com.br\/emfoco\/2025\/11\/30\/itens-da-casa-que-consomem-energia-mesmo-desligados-e-pesam-na-sua-conta\/#primaryimage"},"thumbnailUrl":"https:\/\/www.em.com.br\/emfoco\/wp-content\/uploads\/2025\/11\/mosaico_1764263777409.jpg","datePublished":"2025-11-30T16:05:00+00:00","dateModified":"2025-11-27T17:19:00+00:00","author":{"@id":"https:\/\/www.em.com.br\/emfoco\/#\/schema\/person\/1c9ddeab18b98abeffef834667bcf08a"},"description":"Mesmo desligados, v\u00e1rios itens da casa continuam consumindo energia. Veja quais s\u00e3o e como evitar esse gasto oculto na sua conta.","breadcrumb":{"@id":"https:\/\/www.em.com.br\/emfoco\/2025\/11\/30\/itens-da-casa-que-consomem-energia-mesmo-desligados-e-pesam-na-sua-conta\/#breadcrumb"},"inLanguage":"pt-BR","potentialAction":[{"@type":"ReadAction","target":["https:\/\/www.em.com.br\/emfoco\/2025\/11\/30\/itens-da-casa-que-consomem-energia-mesmo-desligados-e-pesam-na-sua-conta\/"]}]},{"@type":"ImageObject","inLanguage":"pt-BR","@id":"https:\/\/www.em.com.br\/emfoco\/2025\/11\/30\/itens-da-casa-que-consomem-energia-mesmo-desligados-e-pesam-na-sua-conta\/#primaryimage","url":"https:\/\/www.em.com.br\/emfoco\/wp-content\/uploads\/2025\/11\/mosaico_1764263777409.jpg","contentUrl":"https:\/\/www.em.com.br\/emfoco\/wp-content\/uploads\/2025\/11\/mosaico_1764263777409.jpg","width":1280,"height":720,"caption":"Aparelhos em standby gastam energia invis\u00edvel e aumentam muito a conta - Cr\u00e9ditos: depositphotos.com \/ viperagp - depositphotos.com \/ vchalup2"},{"@type":"BreadcrumbList","@id":"https:\/\/www.em.com.br\/emfoco\/2025\/11\/30\/itens-da-casa-que-consomem-energia-mesmo-desligados-e-pesam-na-sua-conta\/#breadcrumb","itemListElement":[{"@type":"ListItem","position":1,"name":"In\u00edcio","item":"https:\/\/www.em.com.br\/emfoco\/"},{"@type":"ListItem","position":2,"name":"Itens da casa que consomem energia mesmo desligados e pesam na sua conta"}]},{"@type":"WebSite","@id":"https:\/\/www.em.com.br\/emfoco\/#website","url":"https:\/\/www.em.com.br\/emfoco\/","name":"Estado de Minas - Em foco","description":"Acompanhe as \u00faltimas not\u00edcias e fique bem informado sobre tudo o que acontece em Minas Gerais, Brasil e no mundo.","potentialAction":[{"@type":"SearchAction","target":{"@type":"EntryPoint","urlTemplate":"https:\/\/www.em.com.br\/emfoco\/?s={search_term_string}"},"query-input":{"@type":"PropertyValueSpecification","valueRequired":true,"valueName":"search_term_string"}}],"inLanguage":"pt-BR"},{"@type":"Person","@id":"https:\/\/www.em.com.br\/emfoco\/#\/schema\/person\/1c9ddeab18b98abeffef834667bcf08a","name":"Gabriel Martins","image":{"@type":"ImageObject","inLanguage":"pt-BR","@id":"https:\/\/www.em.com.br\/emfoco\/#\/schema\/person\/image\/","url":"https:\/\/secure.gravatar.com\/avatar\/f0f1e2efdfd88f1ad2cb08c5c2731e50?s=96&d=mm&r=g","contentUrl":"https:\/\/secure.gravatar.com\/avatar\/f0f1e2efdfd88f1ad2cb08c5c2731e50?s=96&d=mm&r=g","caption":"Gabriel Martins"},"sameAs":["https:\/\/www.em.com.br\/emfoco\/"],"url":"https:\/\/www.em.com.br\/emfoco\/author\/gabrielmartinsmyth\/"}]}},"_links":{"self":[{"href":"https:\/\/www.em.com.br\/emfoco\/wp-json\/wp\/v2\/posts\/132580","targetHints":{"allow":["GET"]}}],"collection":[{"href":"https:\/\/www.em.com.br\/emfoco\/wp-json\/wp\/v2\/posts"}],"about":[{"href":"https:\/\/www.em.com.br\/emfoco\/wp-json\/wp\/v2\/types\/post"}],"author":[{"embeddable":true,"href":"https:\/\/www.em.com.br\/emfoco\/wp-json\/wp\/v2\/users\/13"}],"replies":[{"embeddable":true,"href":"https:\/\/www.em.com.br\/emfoco\/wp-json\/wp\/v2\/comments?post=132580"}],"version-history":[{"count":1,"href":"https:\/\/www.em.com.br\/emfoco\/wp-json\/wp\/v2\/posts\/132580\/revisions"}],"predecessor-version":[{"id":132646,"href":"https:\/\/www.em.com.br\/emfoco\/wp-json\/wp\/v2\/posts\/132580\/revisions\/132646"}],"wp:featuredmedia":[{"embeddable":true,"href":"https:\/\/www.em.com.br\/emfoco\/wp-json\/wp\/v2\/media\/132643"}],"wp:attachment":[{"href":"https:\/\/www.em.com.br\/emfoco\/wp-json\/wp\/v2\/media?parent=132580"}],"wp:term":[{"taxonomy":"category","embeddable":true,"href":"https:\/\/www.em.com.br\/emfoco\/wp-json\/wp\/v2\/categories?post=132580"},{"taxonomy":"post_tag","embeddable":true,"href":"https:\/\/www.em.com.br\/emfoco\/wp-json\/wp\/v2\/tags?post=132580"}],"curies":[{"name":"wp","href":"https:\/\/api.w.org\/{rel}","templated":true}]}}