{"id":132562,"date":"2025-11-28T10:25:00","date_gmt":"2025-11-28T13:25:00","guid":{"rendered":"https:\/\/www.em.com.br\/emfoco\/?p=132562"},"modified":"2025-11-27T19:00:58","modified_gmt":"2025-11-27T22:00:58","slug":"chega-de-manchas-na-pele-com-esses-cremes-clareadores-que-estao-a-mudar-a-vida-das-mulheres-com-mais-de-50","status":"publish","type":"post","link":"https:\/\/www.em.com.br\/emfoco\/2025\/11\/28\/chega-de-manchas-na-pele-com-esses-cremes-clareadores-que-estao-a-mudar-a-vida-das-mulheres-com-mais-de-50\/","title":{"rendered":"Chega de manchas na pele com esses cremes clareadores que est\u00e3o a mudar a vida das mulheres com mais de 50"},"content":{"rendered":"\n<p><strong>Hiperpigmenta\u00e7\u00e3o<\/strong>&nbsp;\u00e9 uma condi\u00e7\u00e3o comum caracterizada por manchas escuras na pele, resultantes do excesso de produ\u00e7\u00e3o de melanina. Suas causas variam desde predisposi\u00e7\u00e3o gen\u00e9tica at\u00e9 fatores ambientais como exposi\u00e7\u00e3o solar, al\u00e9m de influ\u00eancia hormonal e processos inflamat\u00f3rios.<\/p>\n\n\n\n<h2 class=\"wp-block-heading\">Como diferenciar os principais tipos de hiperpigmenta\u00e7\u00e3o e suas causas<\/h2>\n\n\n\n<p>Os tipos mais frequentes incluem o melasma, vinculado a altera\u00e7\u00f5es hormonais e comum durante a gravidez, e as manchas p\u00f3s-inflamat\u00f3rias, geralmente decorrentes de <a href=\"https:\/\/www.em.com.br\/emfoco\/2025\/11\/25\/a-rotina-natural-que-seca-a-acne-sem-agredir-a-barreira-da-sua-pele\/\" target=\"_blank\" rel=\"noreferrer noopener\">acne <\/a>ou les\u00f5es na pele. Identificar corretamente o tipo de mancha \u00e9 essencial para direcionar o tratamento.<\/p>\n\n\n\n<p>Segundo&nbsp;<strong>Dra. Camila Nogueira<\/strong>, membro da <strong>Sociedade Brasileira de Dermatologia<\/strong>, distinguir as origens das manchas faz toda a diferen\u00e7a nos resultados dos tratamentos, por isso a avalia\u00e7\u00e3o personalizada \u00e9 fundamental.<\/p>\n\n\n\n<h2 class=\"wp-block-heading\">Saiba como as manchas de hiperpigmenta\u00e7\u00e3o podem impactar a autoestima<\/h2>\n\n\n\n<p>O surgimento de manchas escuras pode afetar a uniformidade da pele e abalar a autoconfian\u00e7a, levando \u00e0 diminui\u00e7\u00e3o da autoestima e altera\u00e7\u00f5es na rotina social.<\/p>\n\n\n\n<figure class=\"wp-block-image\"><img decoding=\"async\" src=\"https:\/\/www.em.com.br\/emfoco\/wp-content\/uploads\/2025\/09\/hidratante-pele-madura_1757956276364-1024x576.jpg\" alt=\"\"\/><figcaption class=\"wp-element-caption\">Cuidado com sua pele madura &#8211; Cr\u00e9ditos: depositphotos.com \/ IgorVetushko<\/figcaption><\/figure>\n\n\n\n<p>Al\u00e9m de fatores hormonais e exposi\u00e7\u00e3o solar, situa\u00e7\u00f5es de estresse tamb\u00e9m contribuem para a intensifica\u00e7\u00e3o das manchas. Assim, compreender a causa facilita a escolha das estrat\u00e9gias adequadas.<\/p>\n\n\n\n<h2 class=\"wp-block-heading\">Principais ingredientes clareadores eficazes contra a hiperpigmenta\u00e7\u00e3o<\/h2>\n\n\n\n<p>Entre as op\u00e7\u00f5es para clarear manchas, os cremes com ingredientes espec\u00edficos s\u00e3o amplamente recomendados. Eles atuam inibindo a produ\u00e7\u00e3o de melanina, promovendo um tom de pele mais uniforme e contribuindo para a melhora da autoestima.<\/p>\n\n\n\n<p>Veja abaixo alguns dos principais ativos presentes em produtos clareadores, e seus benef\u00edcios:<\/p>\n\n\n\n<ul class=\"wp-block-list\">\n<li><strong>\u00c1cido k\u00f3jico<\/strong>: inibi\u00e7\u00e3o da enzima tirosinase, o que diminui o escurecimento da pele.<\/li>\n\n\n\n<li><strong>Vitamina C<\/strong>: antioxidante potente, clareia e protege contra danos de radicais livres.<\/li>\n\n\n\n<li><strong>Niacinamida: <\/strong>refor\u00e7a a barreira cut\u00e2nea e controla a oleosidade.<\/li>\n\n\n\n<li><strong>\u00c1cido f\u00edtico:<\/strong> favorece a renova\u00e7\u00e3o celular, colaborando para o clareamento.<\/li>\n<\/ul>\n\n\n\n<h2 class=\"wp-block-heading\">Confira como potencializar o uso de cremes clareadores na rotina<\/h2>\n\n\n\n<p>Para potencializar os resultados, recomenda-se aplicar os cremes clareadores uma ou duas vezes ao dia e sempre associar o uso de protetor solar. O acompanhamento dermatol\u00f3gico \u00e9 fundamental para personalizar o tratamento de acordo com cada necessidade.<\/p>\n\n\n\n<p>Em casos mais resistentes, terapias como laser ou <a href=\"https:\/\/drdanielstellin.com.br\/dermatologia-estetica\/peeling-quimico\/\" target=\"_blank\" rel=\"noreferrer noopener\">peelings qu\u00edmicos <\/a>podem ser indicados por um profissional qualificado. Conforme\u00a0<strong>Dra. Camila Nogueira<\/strong>\u00a0refor\u00e7a, a prote\u00e7\u00e3o solar rigorosa \u00e9 indispens\u00e1vel para evitar novas manchas e manter os avan\u00e7os alcan\u00e7ados.<\/p>\n\n\n\n<h2 class=\"wp-block-heading\">Cuidados di\u00e1rios que ajudam a manter a pele homog\u00eanea e saud\u00e1vel<\/h2>\n\n\n\n<p>Manter a pele protegida do sol \u00e9 indispens\u00e1vel para prevenir manchas e garantir os resultados dos tratamentos. A hidrata\u00e7\u00e3o tamb\u00e9m \u00e9 importante para fortalecer a barreira cut\u00e2nea e diminuir o risco de inflama\u00e7\u00f5es.<\/p>\n\n\n\n<p>Al\u00e9m disso, mudan\u00e7as simples na rotina podem contribuir para a sa\u00fade e uniformidade da pele, tornando o autocuidado mais efetivo. Veja algumas recomenda\u00e7\u00f5es valiosas:<\/p>\n\n\n\n<ul class=\"wp-block-list\">\n<li>Inclua alimentos ricos em antioxidantes na alimenta\u00e7\u00e3o.<\/li>\n\n\n\n<li>Evite o uso de produtos agressivos ou irritantes.<\/li>\n\n\n\n<li>Estabele\u00e7a uma rotina de limpeza suave e adequada para seu tipo de pele.<\/li>\n<\/ul>\n\n\n\n<p>Lembre-se, investir na sa\u00fade da pele \u00e9 uma forma de cuidar do bem-estar e da autoestima. Procure ajuda profissional para receber orienta\u00e7\u00f5es e adote h\u00e1bitos que valorizem sua autoconfian\u00e7a e promovam resultados duradouros.<\/p>\n","protected":false},"excerpt":{"rendered":"<p>Hiperpigmenta\u00e7\u00e3o&nbsp;\u00e9 uma condi\u00e7\u00e3o comum caracterizada por manchas escuras na pele, resultantes do excesso de produ\u00e7\u00e3o de melanina. Suas causas variam desde predisposi\u00e7\u00e3o gen\u00e9tica at\u00e9 fatores ambientais como exposi\u00e7\u00e3o solar, al\u00e9m de influ\u00eancia hormonal e processos inflamat\u00f3rios. Como diferenciar os principais tipos de hiperpigmenta\u00e7\u00e3o e suas causas Os tipos mais frequentes incluem o melasma, vinculado a [&hellip;]<\/p>\n","protected":false},"author":11,"featured_media":104410,"comment_status":"open","ping_status":"open","sticky":false,"template":"","format":"standard","meta":{"jnews-multi-image_gallery":[],"jnews_single_post":{"format":"standard"},"jnews_primary_category":[],"jnews_social_meta":[],"jnews_override_counter":[],"footnotes":""},"categories":[8819,1],"tags":[6139,2039,8128,12306],"class_list":["post-132562","post","type-post","status-publish","format-standard","has-post-thumbnail","hentry","category-curiosidades","category-noticias","tag-clareador","tag-manchas","tag-melasma","tag-pele-2"],"yoast_head":"<!-- This site is optimized with the Yoast SEO plugin v23.8 - https:\/\/yoast.com\/wordpress\/plugins\/seo\/ -->\n<title>Chega de manchas na pele com esses cremes clareadores que est\u00e3o a mudar a vida das mulheres com mais de 50 - Estado de Minas - Em foco<\/title>\n<meta name=\"description\" content=\"Para tratar a hiperpigmenta\u00e7\u00e3o, identificar o tipo de mancha \u00e9 essencial. Ativos corretos e cuidados di\u00e1rios ajudam a clarear e preservar a sa\u00fade da pele.\" \/>\n<meta name=\"robots\" content=\"index, follow, max-snippet:-1, max-image-preview:large, max-video-preview:-1\" \/>\n<link rel=\"canonical\" href=\"https:\/\/www.em.com.br\/emfoco\/2025\/11\/28\/chega-de-manchas-na-pele-com-esses-cremes-clareadores-que-estao-a-mudar-a-vida-das-mulheres-com-mais-de-50\/\" \/>\n<meta property=\"og:locale\" content=\"pt_BR\" \/>\n<meta property=\"og:type\" content=\"article\" \/>\n<meta property=\"og:title\" content=\"Chega de manchas na pele com esses cremes clareadores que est\u00e3o a mudar a vida das mulheres com mais de 50 - Estado de Minas - Em foco\" \/>\n<meta property=\"og:description\" content=\"Para tratar a hiperpigmenta\u00e7\u00e3o, identificar o tipo de mancha \u00e9 essencial. Ativos corretos e cuidados di\u00e1rios ajudam a clarear e preservar a sa\u00fade da pele.\" \/>\n<meta property=\"og:url\" content=\"https:\/\/www.em.com.br\/emfoco\/2025\/11\/28\/chega-de-manchas-na-pele-com-esses-cremes-clareadores-que-estao-a-mudar-a-vida-das-mulheres-com-mais-de-50\/\" \/>\n<meta property=\"og:site_name\" content=\"Estado de Minas - Em foco\" \/>\n<meta property=\"article:published_time\" content=\"2025-11-28T13:25:00+00:00\" \/>\n<meta property=\"article:modified_time\" content=\"2025-11-27T22:00:58+00:00\" \/>\n<meta property=\"og:image\" content=\"https:\/\/www.em.com.br\/emfoco\/wp-content\/uploads\/2025\/09\/hidratante-pele-madura_1757956322732.jpg\" \/>\n\t<meta property=\"og:image:width\" content=\"1280\" \/>\n\t<meta property=\"og:image:height\" content=\"720\" \/>\n\t<meta property=\"og:image:type\" content=\"image\/jpeg\" \/>\n<meta name=\"author\" content=\"Andre\u0301 Rangel\u00a0\" \/>\n<meta name=\"twitter:card\" content=\"summary_large_image\" \/>\n<meta name=\"twitter:label1\" content=\"Escrito por\" \/>\n\t<meta name=\"twitter:data1\" content=\"Andre\u0301 Rangel\u00a0\" \/>\n\t<meta name=\"twitter:label2\" content=\"Est. tempo de leitura\" \/>\n\t<meta name=\"twitter:data2\" content=\"4 minutos\" \/>\n<!-- \/ Yoast SEO plugin. -->","yoast_head_json":{"title":"Chega de manchas na pele com esses cremes clareadores que est\u00e3o a mudar a vida das mulheres com mais de 50 - Estado de Minas - Em foco","description":"Para tratar a hiperpigmenta\u00e7\u00e3o, identificar o tipo de mancha \u00e9 essencial. Ativos corretos e cuidados di\u00e1rios ajudam a clarear e preservar a sa\u00fade da pele.","robots":{"index":"index","follow":"follow","max-snippet":"max-snippet:-1","max-image-preview":"max-image-preview:large","max-video-preview":"max-video-preview:-1"},"canonical":"https:\/\/www.em.com.br\/emfoco\/2025\/11\/28\/chega-de-manchas-na-pele-com-esses-cremes-clareadores-que-estao-a-mudar-a-vida-das-mulheres-com-mais-de-50\/","og_locale":"pt_BR","og_type":"article","og_title":"Chega de manchas na pele com esses cremes clareadores que est\u00e3o a mudar a vida das mulheres com mais de 50 - Estado de Minas - Em foco","og_description":"Para tratar a hiperpigmenta\u00e7\u00e3o, identificar o tipo de mancha \u00e9 essencial. Ativos corretos e cuidados di\u00e1rios ajudam a clarear e preservar a sa\u00fade da pele.","og_url":"https:\/\/www.em.com.br\/emfoco\/2025\/11\/28\/chega-de-manchas-na-pele-com-esses-cremes-clareadores-que-estao-a-mudar-a-vida-das-mulheres-com-mais-de-50\/","og_site_name":"Estado de Minas - Em foco","article_published_time":"2025-11-28T13:25:00+00:00","article_modified_time":"2025-11-27T22:00:58+00:00","og_image":[{"width":1280,"height":720,"url":"https:\/\/www.em.com.br\/emfoco\/wp-content\/uploads\/2025\/09\/hidratante-pele-madura_1757956322732.jpg","type":"image\/jpeg"}],"author":"Andre\u0301 Rangel\u00a0","twitter_card":"summary_large_image","twitter_misc":{"Escrito por":"Andre\u0301 Rangel\u00a0","Est. tempo de leitura":"4 minutos"},"schema":{"@context":"https:\/\/schema.org","@graph":[{"@type":"WebPage","@id":"https:\/\/www.em.com.br\/emfoco\/2025\/11\/28\/chega-de-manchas-na-pele-com-esses-cremes-clareadores-que-estao-a-mudar-a-vida-das-mulheres-com-mais-de-50\/","url":"https:\/\/www.em.com.br\/emfoco\/2025\/11\/28\/chega-de-manchas-na-pele-com-esses-cremes-clareadores-que-estao-a-mudar-a-vida-das-mulheres-com-mais-de-50\/","name":"Chega de manchas na pele com esses cremes clareadores que est\u00e3o a mudar a vida das mulheres com mais de 50 - Estado de Minas - Em foco","isPartOf":{"@id":"https:\/\/www.em.com.br\/emfoco\/#website"},"primaryImageOfPage":{"@id":"https:\/\/www.em.com.br\/emfoco\/2025\/11\/28\/chega-de-manchas-na-pele-com-esses-cremes-clareadores-que-estao-a-mudar-a-vida-das-mulheres-com-mais-de-50\/#primaryimage"},"image":{"@id":"https:\/\/www.em.com.br\/emfoco\/2025\/11\/28\/chega-de-manchas-na-pele-com-esses-cremes-clareadores-que-estao-a-mudar-a-vida-das-mulheres-com-mais-de-50\/#primaryimage"},"thumbnailUrl":"https:\/\/www.em.com.br\/emfoco\/wp-content\/uploads\/2025\/09\/hidratante-pele-madura_1757956322732.jpg","datePublished":"2025-11-28T13:25:00+00:00","dateModified":"2025-11-27T22:00:58+00:00","author":{"@id":"https:\/\/www.em.com.br\/emfoco\/#\/schema\/person\/60eda09c1fedf0d6891f4cef4b60b8b8"},"description":"Para tratar a hiperpigmenta\u00e7\u00e3o, identificar o tipo de mancha \u00e9 essencial. Ativos corretos e cuidados di\u00e1rios ajudam a clarear e preservar a sa\u00fade da pele.","breadcrumb":{"@id":"https:\/\/www.em.com.br\/emfoco\/2025\/11\/28\/chega-de-manchas-na-pele-com-esses-cremes-clareadores-que-estao-a-mudar-a-vida-das-mulheres-com-mais-de-50\/#breadcrumb"},"inLanguage":"pt-BR","potentialAction":[{"@type":"ReadAction","target":["https:\/\/www.em.com.br\/emfoco\/2025\/11\/28\/chega-de-manchas-na-pele-com-esses-cremes-clareadores-que-estao-a-mudar-a-vida-das-mulheres-com-mais-de-50\/"]}]},{"@type":"ImageObject","inLanguage":"pt-BR","@id":"https:\/\/www.em.com.br\/emfoco\/2025\/11\/28\/chega-de-manchas-na-pele-com-esses-cremes-clareadores-que-estao-a-mudar-a-vida-das-mulheres-com-mais-de-50\/#primaryimage","url":"https:\/\/www.em.com.br\/emfoco\/wp-content\/uploads\/2025\/09\/hidratante-pele-madura_1757956322732.jpg","contentUrl":"https:\/\/www.em.com.br\/emfoco\/wp-content\/uploads\/2025\/09\/hidratante-pele-madura_1757956322732.jpg","width":1280,"height":720,"caption":"Hidratante para peles maduras - Cr\u00e9ditos: depositphotos.com \/ IgorVetushko"},{"@type":"BreadcrumbList","@id":"https:\/\/www.em.com.br\/emfoco\/2025\/11\/28\/chega-de-manchas-na-pele-com-esses-cremes-clareadores-que-estao-a-mudar-a-vida-das-mulheres-com-mais-de-50\/#breadcrumb","itemListElement":[{"@type":"ListItem","position":1,"name":"In\u00edcio","item":"https:\/\/www.em.com.br\/emfoco\/"},{"@type":"ListItem","position":2,"name":"Chega de manchas na pele com esses cremes clareadores que est\u00e3o a mudar a vida das mulheres com mais de 50"}]},{"@type":"WebSite","@id":"https:\/\/www.em.com.br\/emfoco\/#website","url":"https:\/\/www.em.com.br\/emfoco\/","name":"Estado de Minas - Em foco","description":"Acompanhe as \u00faltimas not\u00edcias e fique bem informado sobre tudo o que acontece em Minas Gerais, Brasil e no mundo.","potentialAction":[{"@type":"SearchAction","target":{"@type":"EntryPoint","urlTemplate":"https:\/\/www.em.com.br\/emfoco\/?s={search_term_string}"},"query-input":{"@type":"PropertyValueSpecification","valueRequired":true,"valueName":"search_term_string"}}],"inLanguage":"pt-BR"},{"@type":"Person","@id":"https:\/\/www.em.com.br\/emfoco\/#\/schema\/person\/60eda09c1fedf0d6891f4cef4b60b8b8","name":"Andre\u0301 Rangel\u00a0","image":{"@type":"ImageObject","inLanguage":"pt-BR","@id":"https:\/\/www.em.com.br\/emfoco\/#\/schema\/person\/image\/","url":"https:\/\/secure.gravatar.com\/avatar\/6234dc814c77c8ef6d8bba622c787efc?s=96&d=mm&r=g","contentUrl":"https:\/\/secure.gravatar.com\/avatar\/6234dc814c77c8ef6d8bba622c787efc?s=96&d=mm&r=g","caption":"Andre\u0301 Rangel\u00a0"},"url":"https:\/\/www.em.com.br\/emfoco\/author\/luizmyth\/"}]}},"_links":{"self":[{"href":"https:\/\/www.em.com.br\/emfoco\/wp-json\/wp\/v2\/posts\/132562","targetHints":{"allow":["GET"]}}],"collection":[{"href":"https:\/\/www.em.com.br\/emfoco\/wp-json\/wp\/v2\/posts"}],"about":[{"href":"https:\/\/www.em.com.br\/emfoco\/wp-json\/wp\/v2\/types\/post"}],"author":[{"embeddable":true,"href":"https:\/\/www.em.com.br\/emfoco\/wp-json\/wp\/v2\/users\/11"}],"replies":[{"embeddable":true,"href":"https:\/\/www.em.com.br\/emfoco\/wp-json\/wp\/v2\/comments?post=132562"}],"version-history":[{"count":3,"href":"https:\/\/www.em.com.br\/emfoco\/wp-json\/wp\/v2\/posts\/132562\/revisions"}],"predecessor-version":[{"id":132846,"href":"https:\/\/www.em.com.br\/emfoco\/wp-json\/wp\/v2\/posts\/132562\/revisions\/132846"}],"wp:featuredmedia":[{"embeddable":true,"href":"https:\/\/www.em.com.br\/emfoco\/wp-json\/wp\/v2\/media\/104410"}],"wp:attachment":[{"href":"https:\/\/www.em.com.br\/emfoco\/wp-json\/wp\/v2\/media?parent=132562"}],"wp:term":[{"taxonomy":"category","embeddable":true,"href":"https:\/\/www.em.com.br\/emfoco\/wp-json\/wp\/v2\/categories?post=132562"},{"taxonomy":"post_tag","embeddable":true,"href":"https:\/\/www.em.com.br\/emfoco\/wp-json\/wp\/v2\/tags?post=132562"}],"curies":[{"name":"wp","href":"https:\/\/api.w.org\/{rel}","templated":true}]}}