{"id":132546,"date":"2025-11-29T19:55:00","date_gmt":"2025-11-29T22:55:00","guid":{"rendered":"https:\/\/www.em.com.br\/emfoco\/?p=132546"},"modified":"2025-11-27T13:16:02","modified_gmt":"2025-11-27T16:16:02","slug":"a-cidade-mais-charmosa-do-nordeste-esta-de-cara-nova-e-vibrando-cultura","status":"publish","type":"post","link":"https:\/\/www.em.com.br\/emfoco\/2025\/11\/29\/a-cidade-mais-charmosa-do-nordeste-esta-de-cara-nova-e-vibrando-cultura\/","title":{"rendered":"A cidade mais charmosa do nordeste est\u00e1 de cara nova e vibrando cultura"},"content":{"rendered":"\n<p>A <strong>cidade de S\u00e3o Lu\u00eds<\/strong> vive um novo ciclo de valoriza\u00e7\u00e3o cultural ap\u00f3s revitalizar seu centro hist\u00f3rico, recuperando fachadas coloniais, ampliando a ilumina\u00e7\u00e3o e tornando suas ruas de azulejos ainda mais atrativas para moradores e visitantes.<\/p>\n\n\n\n<h2 class=\"wp-block-heading\">Como a revitaliza\u00e7\u00e3o recente transformou o centro hist\u00f3rico de S\u00e3o Lu\u00eds?<\/h2>\n\n\n\n<p>A capital maranhense investiu na <strong>recupera\u00e7\u00e3o urban\u00edstica<\/strong> de fachadas, ruas e pra\u00e7as tradicionais, devolvendo vitalidade aos espa\u00e7os marcados pela heran\u00e7a portuguesa. Esse processo ampliou a circula\u00e7\u00e3o e estimulou o retorno de atividades culturais no cora\u00e7\u00e3o da cidade.<\/p>\n\n\n\n<p>A moderniza\u00e7\u00e3o da <strong>ilumina\u00e7\u00e3o p\u00fablica<\/strong> deixou as noites mais seguras e movimentadas, refor\u00e7ando o sentimento de pertencimento entre moradores e turistas. Com isso, o centro voltou a ser frequentado diariamente, impulsionando o com\u00e9rcio e a vida noturna.<\/p>\n\n\n\n<figure class=\"wp-block-image size-large\"><img loading=\"lazy\" decoding=\"async\" width=\"1024\" height=\"576\" src=\"https:\/\/www.em.com.br\/emfoco\/wp-content\/uploads\/2025\/11\/IA-IMG-63-1024x576.jpg\" alt=\"A cidade mais charmosa do nordeste est\u00e1 de cara nova e vibrando cultura\" class=\"wp-image-132560\" srcset=\"https:\/\/www.em.com.br\/emfoco\/wp-content\/uploads\/2025\/11\/IA-IMG-63-1024x576.jpg 1024w, https:\/\/www.em.com.br\/emfoco\/wp-content\/uploads\/2025\/11\/IA-IMG-63-300x169.jpg 300w, https:\/\/www.em.com.br\/emfoco\/wp-content\/uploads\/2025\/11\/IA-IMG-63-768x432.jpg 768w, https:\/\/www.em.com.br\/emfoco\/wp-content\/uploads\/2025\/11\/IA-IMG-63-750x422.jpg 750w, https:\/\/www.em.com.br\/emfoco\/wp-content\/uploads\/2025\/11\/IA-IMG-63-1140x641.jpg 1140w, https:\/\/www.em.com.br\/emfoco\/wp-content\/uploads\/2025\/11\/IA-IMG-63.jpg 1280w\" sizes=\"auto, (max-width: 1024px) 100vw, 1024px\" \/><figcaption class=\"wp-element-caption\">Centro Hist\u00f3rico de S\u00e3o Lu\u00eds, Maranh\u00e3o &#8211; Cr\u00e9ditos: Wikimedia Commons<\/figcaption><\/figure>\n\n\n\n<p><em>Leia mais: <strong><a href=\"https:\/\/www.em.com.br\/emfoco\/2025\/11\/27\/o-destino-que-esta-viralizando-entre-viajantes-que-amam-natureza-e-sossego\/\" target=\"_blank\" rel=\"noreferrer noopener\">O destino que est\u00e1 viralizando entre viajantes que amam natureza e sossego<\/a><\/strong><\/em><\/p>\n\n\n\n<h2 class=\"wp-block-heading\">Quais a\u00e7\u00f5es impulsionaram o aumento de visitantes na cidade?<\/h2>\n\n\n\n<p>A revitaliza\u00e7\u00e3o incluiu interven\u00e7\u00f5es que estimularam a ocupa\u00e7\u00e3o sociocultural dos espa\u00e7os, trazendo mais movimento e refor\u00e7ando a identidade local. Para visualizar o impacto dessas melhorias, veja abaixo as principais iniciativas que transformaram a regi\u00e3o hist\u00f3rica.<\/p>\n\n\n\n<ul class=\"wp-block-list\">\n<li><strong>Restaura\u00e7\u00e3o completa das fachadas coloniais<\/strong>, devolvendo cor, textura e autenticidade \u00e0s constru\u00e7\u00f5es de influ\u00eancia portuguesa, o que tornou as ruas mais fotog\u00eanicas e valorizou o patrim\u00f4nio reconhecido pela UNESCO.<\/li>\n\n\n\n<li><strong>Reabertura de pr\u00e9dios hist\u00f3ricos<\/strong> que estavam fechados por d\u00e9cadas, permitindo que museus e centros culturais voltassem a receber visitantes e movimentassem oficinas, exposi\u00e7\u00f5es e programa\u00e7\u00e3o gratuita.<\/li>\n\n\n\n<li><strong>Novo sistema de ilumina\u00e7\u00e3o tur\u00edstica<\/strong>, com focos direcionados para casar\u00f5es, pra\u00e7as e corredores culturais, criando um ambiente seguro e convidativo para caminhadas noturnas.<\/li>\n\n\n\n<li><strong>Expans\u00e3o das feiras artesanais<\/strong>, fortalecendo a economia criativa e proporcionando contato direto com artistas locais que produzem cer\u00e2micas, rendas e esculturas t\u00edpicas maranhenses.<\/li>\n<\/ul>\n\n\n\n<h2 class=\"wp-block-heading\">Como pontos emblem\u00e1ticos ganharam nova vida ap\u00f3s as obras?<\/h2>\n\n\n\n<p>Lugares como a <strong>Pra\u00e7a Benedito Leite<\/strong>, a <strong>Rua Portugal<\/strong> e o <strong>Pal\u00e1cio dos Le\u00f5e<\/strong>s receberam aten\u00e7\u00e3o especial, tornando-se cen\u00e1rios vibrantes. Com apresenta\u00e7\u00f5es, feiras e atividades permanentes, essas \u00e1reas voltaram a concentrar grande circula\u00e7\u00e3o de visitantes.<\/p>\n\n\n\n<p>O <strong><a href=\"https:\/\/www.instagram.com\/teatroarthurazevedooficial\/?hl=pt\" target=\"_blank\" rel=\"noreferrer noopener\">Teatro Arthur Azevedo<\/a><\/strong> tamb\u00e9m ganhou destaque, impulsionado pela renova\u00e7\u00e3o do entorno e pelo crescimento da agenda cultural. Assim, o centro hist\u00f3rico consolidou-se como polo de eventos que valorizam a cultura afro-brasileira e o legado portugu\u00eas.<\/p>\n\n\n\n<p>Confira mais informa\u00e7\u00f5es sobre a cidade de S\u00e3o Lu\u00eds, compartilhadas pelo canal do YouTube<strong> @Coisas do Mundo:<\/strong><\/p>\n\n\n\n<figure class=\"wp-block-embed is-type-video is-provider-youtube wp-block-embed-youtube wp-embed-aspect-16-9 wp-has-aspect-ratio\"><div class=\"wp-block-embed__wrapper\">\n<div class=\"jeg_video_container jeg_video_content\"><iframe loading=\"lazy\" title=\"S\u00c3O LU\u00cdS (Maranh\u00e3o) - A p\u00e9rola do Nordeste!\" width=\"500\" height=\"281\" src=\"https:\/\/www.youtube.com\/embed\/ucfYoGHDV54?feature=oembed\" frameborder=\"0\" allow=\"accelerometer; autoplay; clipboard-write; encrypted-media; gyroscope; picture-in-picture; web-share\" referrerpolicy=\"strict-origin-when-cross-origin\" allowfullscreen><\/iframe><\/div>\n<\/div><\/figure>\n\n\n\n<h2 class=\"wp-block-heading\">Quais experi\u00eancias ficaram ainda melhores depois da revitaliza\u00e7\u00e3o?<\/h2>\n\n\n\n<p>A recupera\u00e7\u00e3o dos espa\u00e7os trouxe novas oportunidades para vivenciar o <strong>Reviver<\/strong>, caminhar por ruas de azulejos, ouvir reggae nas pra\u00e7as e visitar museus que refor\u00e7am a identidade maranhense. O ambiente ficou mais acolhedor e vibrante.<\/p>\n\n\n\n<p>O visitante pode explorar desde lojas de artesanato at\u00e9 \u00e1reas onde manifesta\u00e7\u00f5es populares ganharam for\u00e7a, criando uma atmosfera \u00fanica. Para organizar essas viv\u00eancias, veja abaixo as experi\u00eancias mais valorizadas ap\u00f3s as obras.<\/p>\n\n\n\n<ul class=\"wp-block-list\">\n<li><strong>Passeios aprofundados pelo Reviver<\/strong>, onde guias e artistas locais explicam a hist\u00f3ria dos azulejos portugueses, a ocupa\u00e7\u00e3o francesa e a influ\u00eancia africana nas tradi\u00e7\u00f5es maranhenses.<\/li>\n\n\n\n<li><strong>Visitas ao Centro de Cultura Popular Domingos Vieira Filho<\/strong>, que re\u00fane acervo riqu\u00edssimo sobre festas, brincadeiras, religiosidades e modos de vida do povo maranhense.<\/li>\n\n\n\n<li><strong>P\u00f4r do sol no Rio Anil<\/strong>, em \u00e1reas reurbanizadas que agora recebem m\u00fasica ao vivo, artesanato e rodas de reggae ao ar livre.<\/li>\n<\/ul>\n\n\n\n<h2 class=\"wp-block-heading\">Qual \u00e9 o melhor roteiro para aproveitar S\u00e3o Lu\u00eds ap\u00f3s o renascimento cultural?<\/h2>\n\n\n\n<p>Uma forma ideal de explorar esse novo momento \u00e9 come\u00e7ar pelas <strong>ruas de azulejos<\/strong> pela manh\u00e3, almo\u00e7ar na regi\u00e3o revitalizada do Reviver e seguir para museus que contam as m\u00faltiplas influ\u00eancias da capital<\/p>\n","protected":false},"excerpt":{"rendered":"<p>A cidade de S\u00e3o Lu\u00eds vive um novo ciclo de valoriza\u00e7\u00e3o cultural ap\u00f3s revitalizar seu centro hist\u00f3rico, recuperando fachadas coloniais, ampliando a ilumina\u00e7\u00e3o e tornando suas ruas de azulejos ainda mais atrativas para moradores e visitantes. Como a revitaliza\u00e7\u00e3o recente transformou o centro hist\u00f3rico de S\u00e3o Lu\u00eds? A capital maranhense investiu na recupera\u00e7\u00e3o urban\u00edstica de [&hellip;]<\/p>\n","protected":false},"author":13,"featured_media":132559,"comment_status":"open","ping_status":"open","sticky":false,"template":"","format":"standard","meta":{"jnews-multi-image_gallery":[],"jnews_single_post":{"format":"standard"},"jnews_primary_category":[],"jnews_social_meta":[],"jnews_override_counter":[],"footnotes":""},"categories":[26],"tags":[5732,19390,1188],"class_list":["post-132546","post","type-post","status-publish","format-standard","has-post-thumbnail","hentry","category-cidades","tag-centro-historico","tag-revitalizacao-do-centro-historico","tag-sao-luis"],"yoast_head":"<!-- This site is optimized with the Yoast SEO plugin v23.8 - https:\/\/yoast.com\/wordpress\/plugins\/seo\/ -->\n<title>A cidade mais charmosa do nordeste est\u00e1 de cara nova e vibrando cultura - Estado de Minas - Em foco<\/title>\n<meta name=\"description\" content=\"A capital maranhense se transformou e encanta com hist\u00f3ria viva, m\u00fasica nas ruas, museus reabertos e novas experi\u00eancias no cora\u00e7\u00e3o da cidade.\" \/>\n<meta name=\"robots\" content=\"index, follow, max-snippet:-1, max-image-preview:large, max-video-preview:-1\" \/>\n<link rel=\"canonical\" href=\"https:\/\/www.em.com.br\/emfoco\/2025\/11\/29\/a-cidade-mais-charmosa-do-nordeste-esta-de-cara-nova-e-vibrando-cultura\/\" \/>\n<meta property=\"og:locale\" content=\"pt_BR\" \/>\n<meta property=\"og:type\" content=\"article\" \/>\n<meta property=\"og:title\" content=\"A cidade mais charmosa do nordeste est\u00e1 de cara nova e vibrando cultura - Estado de Minas - Em foco\" \/>\n<meta property=\"og:description\" content=\"A capital maranhense se transformou e encanta com hist\u00f3ria viva, m\u00fasica nas ruas, museus reabertos e novas experi\u00eancias no cora\u00e7\u00e3o da cidade.\" \/>\n<meta property=\"og:url\" content=\"https:\/\/www.em.com.br\/emfoco\/2025\/11\/29\/a-cidade-mais-charmosa-do-nordeste-esta-de-cara-nova-e-vibrando-cultura\/\" \/>\n<meta property=\"og:site_name\" content=\"Estado de Minas - Em foco\" \/>\n<meta property=\"article:published_time\" content=\"2025-11-29T22:55:00+00:00\" \/>\n<meta property=\"article:modified_time\" content=\"2025-11-27T16:16:02+00:00\" \/>\n<meta property=\"og:image\" content=\"https:\/\/www.em.com.br\/emfoco\/wp-content\/uploads\/2025\/11\/sao-luis-maranhao_1764258343248.jpg\" \/>\n\t<meta property=\"og:image:width\" content=\"1280\" \/>\n\t<meta property=\"og:image:height\" content=\"720\" \/>\n\t<meta property=\"og:image:type\" content=\"image\/jpeg\" \/>\n<meta name=\"author\" content=\"Gabriel Martins\" \/>\n<meta name=\"twitter:card\" content=\"summary_large_image\" \/>\n<meta name=\"twitter:label1\" content=\"Escrito por\" \/>\n\t<meta name=\"twitter:data1\" content=\"Gabriel Martins\" \/>\n\t<meta name=\"twitter:label2\" content=\"Est. tempo de leitura\" \/>\n\t<meta name=\"twitter:data2\" content=\"4 minutos\" \/>\n<!-- \/ Yoast SEO plugin. -->","yoast_head_json":{"title":"A cidade mais charmosa do nordeste est\u00e1 de cara nova e vibrando cultura - Estado de Minas - Em foco","description":"A capital maranhense se transformou e encanta com hist\u00f3ria viva, m\u00fasica nas ruas, museus reabertos e novas experi\u00eancias no cora\u00e7\u00e3o da cidade.","robots":{"index":"index","follow":"follow","max-snippet":"max-snippet:-1","max-image-preview":"max-image-preview:large","max-video-preview":"max-video-preview:-1"},"canonical":"https:\/\/www.em.com.br\/emfoco\/2025\/11\/29\/a-cidade-mais-charmosa-do-nordeste-esta-de-cara-nova-e-vibrando-cultura\/","og_locale":"pt_BR","og_type":"article","og_title":"A cidade mais charmosa do nordeste est\u00e1 de cara nova e vibrando cultura - Estado de Minas - Em foco","og_description":"A capital maranhense se transformou e encanta com hist\u00f3ria viva, m\u00fasica nas ruas, museus reabertos e novas experi\u00eancias no cora\u00e7\u00e3o da cidade.","og_url":"https:\/\/www.em.com.br\/emfoco\/2025\/11\/29\/a-cidade-mais-charmosa-do-nordeste-esta-de-cara-nova-e-vibrando-cultura\/","og_site_name":"Estado de Minas - Em foco","article_published_time":"2025-11-29T22:55:00+00:00","article_modified_time":"2025-11-27T16:16:02+00:00","og_image":[{"width":1280,"height":720,"url":"https:\/\/www.em.com.br\/emfoco\/wp-content\/uploads\/2025\/11\/sao-luis-maranhao_1764258343248.jpg","type":"image\/jpeg"}],"author":"Gabriel Martins","twitter_card":"summary_large_image","twitter_misc":{"Escrito por":"Gabriel Martins","Est. tempo de leitura":"4 minutos"},"schema":{"@context":"https:\/\/schema.org","@graph":[{"@type":"WebPage","@id":"https:\/\/www.em.com.br\/emfoco\/2025\/11\/29\/a-cidade-mais-charmosa-do-nordeste-esta-de-cara-nova-e-vibrando-cultura\/","url":"https:\/\/www.em.com.br\/emfoco\/2025\/11\/29\/a-cidade-mais-charmosa-do-nordeste-esta-de-cara-nova-e-vibrando-cultura\/","name":"A cidade mais charmosa do nordeste est\u00e1 de cara nova e vibrando cultura - Estado de Minas - Em foco","isPartOf":{"@id":"https:\/\/www.em.com.br\/emfoco\/#website"},"primaryImageOfPage":{"@id":"https:\/\/www.em.com.br\/emfoco\/2025\/11\/29\/a-cidade-mais-charmosa-do-nordeste-esta-de-cara-nova-e-vibrando-cultura\/#primaryimage"},"image":{"@id":"https:\/\/www.em.com.br\/emfoco\/2025\/11\/29\/a-cidade-mais-charmosa-do-nordeste-esta-de-cara-nova-e-vibrando-cultura\/#primaryimage"},"thumbnailUrl":"https:\/\/www.em.com.br\/emfoco\/wp-content\/uploads\/2025\/11\/sao-luis-maranhao_1764258343248.jpg","datePublished":"2025-11-29T22:55:00+00:00","dateModified":"2025-11-27T16:16:02+00:00","author":{"@id":"https:\/\/www.em.com.br\/emfoco\/#\/schema\/person\/1c9ddeab18b98abeffef834667bcf08a"},"description":"A capital maranhense se transformou e encanta com hist\u00f3ria viva, m\u00fasica nas ruas, museus reabertos e novas experi\u00eancias no cora\u00e7\u00e3o da cidade.","breadcrumb":{"@id":"https:\/\/www.em.com.br\/emfoco\/2025\/11\/29\/a-cidade-mais-charmosa-do-nordeste-esta-de-cara-nova-e-vibrando-cultura\/#breadcrumb"},"inLanguage":"pt-BR","potentialAction":[{"@type":"ReadAction","target":["https:\/\/www.em.com.br\/emfoco\/2025\/11\/29\/a-cidade-mais-charmosa-do-nordeste-esta-de-cara-nova-e-vibrando-cultura\/"]}]},{"@type":"ImageObject","inLanguage":"pt-BR","@id":"https:\/\/www.em.com.br\/emfoco\/2025\/11\/29\/a-cidade-mais-charmosa-do-nordeste-esta-de-cara-nova-e-vibrando-cultura\/#primaryimage","url":"https:\/\/www.em.com.br\/emfoco\/wp-content\/uploads\/2025\/11\/sao-luis-maranhao_1764258343248.jpg","contentUrl":"https:\/\/www.em.com.br\/emfoco\/wp-content\/uploads\/2025\/11\/sao-luis-maranhao_1764258343248.jpg","width":1280,"height":720,"caption":"Cidade de S\u00e3o Lu\u00eds, Maranh\u00e3o - Cr\u00e9ditos: depositphotos.com \/ Elena Skalovskaia"},{"@type":"BreadcrumbList","@id":"https:\/\/www.em.com.br\/emfoco\/2025\/11\/29\/a-cidade-mais-charmosa-do-nordeste-esta-de-cara-nova-e-vibrando-cultura\/#breadcrumb","itemListElement":[{"@type":"ListItem","position":1,"name":"In\u00edcio","item":"https:\/\/www.em.com.br\/emfoco\/"},{"@type":"ListItem","position":2,"name":"A cidade mais charmosa do nordeste est\u00e1 de cara nova e vibrando cultura"}]},{"@type":"WebSite","@id":"https:\/\/www.em.com.br\/emfoco\/#website","url":"https:\/\/www.em.com.br\/emfoco\/","name":"Estado de Minas - Em foco","description":"Acompanhe as \u00faltimas not\u00edcias e fique bem informado sobre tudo o que acontece em Minas Gerais, Brasil e no mundo.","potentialAction":[{"@type":"SearchAction","target":{"@type":"EntryPoint","urlTemplate":"https:\/\/www.em.com.br\/emfoco\/?s={search_term_string}"},"query-input":{"@type":"PropertyValueSpecification","valueRequired":true,"valueName":"search_term_string"}}],"inLanguage":"pt-BR"},{"@type":"Person","@id":"https:\/\/www.em.com.br\/emfoco\/#\/schema\/person\/1c9ddeab18b98abeffef834667bcf08a","name":"Gabriel Martins","image":{"@type":"ImageObject","inLanguage":"pt-BR","@id":"https:\/\/www.em.com.br\/emfoco\/#\/schema\/person\/image\/","url":"https:\/\/secure.gravatar.com\/avatar\/f0f1e2efdfd88f1ad2cb08c5c2731e50?s=96&d=mm&r=g","contentUrl":"https:\/\/secure.gravatar.com\/avatar\/f0f1e2efdfd88f1ad2cb08c5c2731e50?s=96&d=mm&r=g","caption":"Gabriel Martins"},"sameAs":["https:\/\/www.em.com.br\/emfoco\/"],"url":"https:\/\/www.em.com.br\/emfoco\/author\/gabrielmartinsmyth\/"}]}},"_links":{"self":[{"href":"https:\/\/www.em.com.br\/emfoco\/wp-json\/wp\/v2\/posts\/132546","targetHints":{"allow":["GET"]}}],"collection":[{"href":"https:\/\/www.em.com.br\/emfoco\/wp-json\/wp\/v2\/posts"}],"about":[{"href":"https:\/\/www.em.com.br\/emfoco\/wp-json\/wp\/v2\/types\/post"}],"author":[{"embeddable":true,"href":"https:\/\/www.em.com.br\/emfoco\/wp-json\/wp\/v2\/users\/13"}],"replies":[{"embeddable":true,"href":"https:\/\/www.em.com.br\/emfoco\/wp-json\/wp\/v2\/comments?post=132546"}],"version-history":[{"count":1,"href":"https:\/\/www.em.com.br\/emfoco\/wp-json\/wp\/v2\/posts\/132546\/revisions"}],"predecessor-version":[{"id":132572,"href":"https:\/\/www.em.com.br\/emfoco\/wp-json\/wp\/v2\/posts\/132546\/revisions\/132572"}],"wp:featuredmedia":[{"embeddable":true,"href":"https:\/\/www.em.com.br\/emfoco\/wp-json\/wp\/v2\/media\/132559"}],"wp:attachment":[{"href":"https:\/\/www.em.com.br\/emfoco\/wp-json\/wp\/v2\/media?parent=132546"}],"wp:term":[{"taxonomy":"category","embeddable":true,"href":"https:\/\/www.em.com.br\/emfoco\/wp-json\/wp\/v2\/categories?post=132546"},{"taxonomy":"post_tag","embeddable":true,"href":"https:\/\/www.em.com.br\/emfoco\/wp-json\/wp\/v2\/tags?post=132546"}],"curies":[{"name":"wp","href":"https:\/\/api.w.org\/{rel}","templated":true}]}}