{"id":132545,"date":"2025-11-29T18:05:00","date_gmt":"2025-11-29T21:05:00","guid":{"rendered":"https:\/\/www.em.com.br\/emfoco\/?p=132545"},"modified":"2025-11-27T13:14:28","modified_gmt":"2025-11-27T16:14:28","slug":"a-cidade-mais-acolhedora-de-minas-tem-encantado-quem-quer-recomecar-em-paz","status":"publish","type":"post","link":"https:\/\/www.em.com.br\/emfoco\/2025\/11\/29\/a-cidade-mais-acolhedora-de-minas-tem-encantado-quem-quer-recomecar-em-paz\/","title":{"rendered":"A cidade mais acolhedora de Minas tem encantado quem quer recome\u00e7ar em paz"},"content":{"rendered":"\n<p>Moradores afirmam que <strong>Tiradentes<\/strong> \u00e9 o destino perfeito para iniciar 2026 com leveza. A cidade mineira une charme hist\u00f3rico, natureza preservada, gastronomia premiada e acolhimento que transforma o in\u00edcio do ano em uma experi\u00eancia tranquila e inspiradora.<\/p>\n\n\n\n<h2 class=\"wp-block-heading\">O que faz Tiradentes transmitir tanta paz logo no in\u00edcio do ano?<\/h2>\n\n\n\n<p>A sensa\u00e7\u00e3o de calma vem do <strong>centro hist\u00f3rico<\/strong> preservado, com ruas de pedra e casarios coloniais que criam um cen\u00e1rio vivo do Brasil antigo. Caminhar por ali ajuda a desacelerar e come\u00e7ar o ano com mais equil\u00edbrio emocional.<\/p>\n\n\n\n<p>Igrejas como a <strong><a href=\"https:\/\/www.instagram.com\/paroquiadetiradentesoficial\/\" target=\"_blank\" rel=\"noreferrer noopener\">Igreja Matriz de Santo Ant\u00f4nio<\/a><\/strong>, com interior dourado, e a Igreja do Ros\u00e1rio, silenciosa e imponente, refor\u00e7am esse clima espiritual e acolhedor valorizado pelos moradores desde sempre.<\/p>\n\n\n\n<h2 class=\"wp-block-heading\">Quais atra\u00e7\u00f5es mais encantam quem come\u00e7a o ano na cidade?<\/h2>\n\n\n\n<p>Para quem busca bem-estar, Tiradentes oferece lugares que unem hist\u00f3ria e <strong>lazer cultural<\/strong>. Segundo moradores, as experi\u00eancias abaixo s\u00e3o as que mais deixam o in\u00edcio do ano memor\u00e1vel:<\/p>\n\n\n\n<ul class=\"wp-block-list\">\n<li><strong>Largo das Forras<\/strong> com lojinhas de artesanato e clima descontra\u00eddo<\/li>\n\n\n\n<li><strong>Museu de Sant\u2019Ana<\/strong> com acervo art\u00edstico premiado nacionalmente<\/li>\n\n\n\n<li><strong>Esta\u00e7\u00e3o de Tiradentes <\/strong>e o passeio de<strong> Maria Fuma\u00e7a<\/strong> at\u00e9 <strong>S\u00e3o Jo\u00e3o del-Rei<\/strong><\/li>\n<\/ul>\n\n\n\n<figure class=\"wp-block-image size-large\"><img loading=\"lazy\" decoding=\"async\" width=\"1024\" height=\"576\" src=\"https:\/\/www.em.com.br\/emfoco\/wp-content\/uploads\/2025\/07\/ad-14-1024x576.jpg\" alt=\"O que torna esse destino mineiro uma das cidades mais preservadas do Brasil\" class=\"wp-image-71456\" srcset=\"https:\/\/www.em.com.br\/emfoco\/wp-content\/uploads\/2025\/07\/ad-14-1024x576.jpg 1024w, https:\/\/www.em.com.br\/emfoco\/wp-content\/uploads\/2025\/07\/ad-14-300x169.jpg 300w, https:\/\/www.em.com.br\/emfoco\/wp-content\/uploads\/2025\/07\/ad-14-768x432.jpg 768w, https:\/\/www.em.com.br\/emfoco\/wp-content\/uploads\/2025\/07\/ad-14-750x422.jpg 750w, https:\/\/www.em.com.br\/emfoco\/wp-content\/uploads\/2025\/07\/ad-14-1140x641.jpg 1140w, https:\/\/www.em.com.br\/emfoco\/wp-content\/uploads\/2025\/07\/ad-14.jpg 1280w\" sizes=\"auto, (max-width: 1024px) 100vw, 1024px\" \/><figcaption class=\"wp-element-caption\">Tiradentes, Minas Gerais &#8211; Cr\u00e9ditos: Wikimedia Commons<\/figcaption><\/figure>\n\n\n\n<p><em>Leia mais:<strong> <\/strong><a href=\"https:\/\/www.em.com.br\/emfoco\/2025\/11\/27\/o-destino-que-esta-viralizando-entre-viajantes-que-amam-natureza-e-sossego\/\" target=\"_blank\" rel=\"noreferrer noopener\"><strong>O destino que est\u00e1 viralizando entre viajantes que amam natureza e sossego<\/strong><\/a><\/em><\/p>\n\n\n\n<h2 class=\"wp-block-heading\">Como a vida desacelerada influencia o bem-estar de quem est\u00e1 l\u00e1?<\/h2>\n\n\n\n<p>A aus\u00eancia de tr\u00e2nsito pesado e o <strong>clima de interior<\/strong> facilitam uma rotina leve, onde o tempo parece correr mais devagar. Isso ajuda moradores e visitantes a come\u00e7arem o ano com mais tranquilidade mental.<\/p>\n\n\n\n<p>A hospitalidade mineira, conhecida pela <strong>simplicidade acolhedora<\/strong>, cria conex\u00f5es genu\u00ednas e faz qualquer pessoa se sentir parte da cidade, mesmo em uma viagem curta.<\/p>\n\n\n\n<h2 class=\"wp-block-heading\">Quais experi\u00eancias ajudam a renovar as energias no destino?<\/h2>\n\n\n\n<p>Al\u00e9m do centro hist\u00f3rico charmoso, o contato com a <strong>natureza<\/strong> da Serra de S\u00e3o Jos\u00e9 torna o in\u00edcio do ano ainda mais revigorante. Confira atividades que moradores sugerem para quem busca renovar o astral:<\/p>\n\n\n\n<ul class=\"wp-block-list\">\n<li>Trilhas com vistas espetaculares e sil\u00eancio absoluto<\/li>\n\n\n\n<li>Mirantes com ar puro e cen\u00e1rios de cart\u00e3o-postal<\/li>\n\n\n\n<li>Passeios ao entardecer com clima mais fresco e relaxante<\/li>\n<\/ul>\n\n\n\n<p>A seguir veja mais curiosidades sobre a cidade de Tiradentes, compartilhadas pelo canal do YouTube <strong>@De fora em Juiz de Fora:<\/strong><\/p>\n\n\n\n<figure class=\"wp-block-embed is-type-video is-provider-youtube wp-block-embed-youtube wp-embed-aspect-16-9 wp-has-aspect-ratio\"><div class=\"wp-block-embed__wrapper\">\n<div class=\"jeg_video_container jeg_video_content\"><iframe loading=\"lazy\" title=\"TIRADENTES MG: 10 CURIOSIDADES sobre essa charmosa cidade de Minas Gerais perto de S\u00e3o Jo\u00e3o del-Rei\" width=\"500\" height=\"281\" src=\"https:\/\/www.youtube.com\/embed\/hxOvp2HKmDg?feature=oembed\" frameborder=\"0\" allow=\"accelerometer; autoplay; clipboard-write; encrypted-media; gyroscope; picture-in-picture; web-share\" referrerpolicy=\"strict-origin-when-cross-origin\" allowfullscreen><\/iframe><\/div>\n<\/div><\/figure>\n\n\n\n<h2 class=\"wp-block-heading\">Qual \u00e9 o roteiro ideal para come\u00e7ar 2026 em Tiradentes?<\/h2>\n\n\n\n<p>A combina\u00e7\u00e3o de <strong>hist\u00f3ria e gastronomia<\/strong> ajuda a transformar cada momento da viagem em algo especial. Abaixo, um roteiro simples que os moradores adoram indicar para viver esse clima de renova\u00e7\u00e3o:<\/p>\n\n\n\n<ul class=\"wp-block-list\">\n<li>Manh\u00e3 no centro hist\u00f3rico explorando pontos culturais<\/li>\n\n\n\n<li>Tarde na Serra de S\u00e3o Jos\u00e9 para conex\u00e3o com a natureza<\/li>\n\n\n\n<li>Noite com jantar em restaurantes premiados e bistr\u00f4s intimistas<\/li>\n<\/ul>\n","protected":false},"excerpt":{"rendered":"<p>Moradores afirmam que Tiradentes \u00e9 o destino perfeito para iniciar 2026 com leveza. A cidade mineira une charme hist\u00f3rico, natureza preservada, gastronomia premiada e acolhimento que transforma o in\u00edcio do ano em uma experi\u00eancia tranquila e inspiradora. O que faz Tiradentes transmitir tanta paz logo no in\u00edcio do ano? A sensa\u00e7\u00e3o de calma vem do [&hellip;]<\/p>\n","protected":false},"author":13,"featured_media":132558,"comment_status":"open","ping_status":"open","sticky":false,"template":"","format":"standard","meta":{"jnews-multi-image_gallery":[],"jnews_single_post":{"format":"standard"},"jnews_primary_category":[],"jnews_social_meta":[],"jnews_override_counter":[],"footnotes":""},"categories":[26],"tags":[5732,19389,207,1054],"class_list":["post-132545","post","type-post","status-publish","format-standard","has-post-thumbnail","hentry","category-cidades","tag-centro-historico","tag-lazer-cultural","tag-minas-gerais","tag-tiradentes"],"yoast_head":"<!-- This site is optimized with the Yoast SEO plugin v23.8 - https:\/\/yoast.com\/wordpress\/plugins\/seo\/ -->\n<title>A cidade mais acolhedora de Minas tem encantado quem quer recome\u00e7ar em paz - Estado de Minas - Em foco<\/title>\n<meta name=\"description\" content=\"Comece o ano respirando fundo entre montanhas, igrejas coloniais e paisagens calmas. Tiradentes tem tudo para renovar suas energias em 2026.\" \/>\n<meta name=\"robots\" content=\"index, follow, max-snippet:-1, max-image-preview:large, max-video-preview:-1\" \/>\n<link rel=\"canonical\" href=\"https:\/\/www.em.com.br\/emfoco\/2025\/11\/29\/a-cidade-mais-acolhedora-de-minas-tem-encantado-quem-quer-recomecar-em-paz\/\" \/>\n<meta property=\"og:locale\" content=\"pt_BR\" \/>\n<meta property=\"og:type\" content=\"article\" \/>\n<meta property=\"og:title\" content=\"A cidade mais acolhedora de Minas tem encantado quem quer recome\u00e7ar em paz - Estado de Minas - Em foco\" \/>\n<meta property=\"og:description\" content=\"Comece o ano respirando fundo entre montanhas, igrejas coloniais e paisagens calmas. Tiradentes tem tudo para renovar suas energias em 2026.\" \/>\n<meta property=\"og:url\" content=\"https:\/\/www.em.com.br\/emfoco\/2025\/11\/29\/a-cidade-mais-acolhedora-de-minas-tem-encantado-quem-quer-recomecar-em-paz\/\" \/>\n<meta property=\"og:site_name\" content=\"Estado de Minas - Em foco\" \/>\n<meta property=\"article:published_time\" content=\"2025-11-29T21:05:00+00:00\" \/>\n<meta property=\"article:modified_time\" content=\"2025-11-27T16:14:28+00:00\" \/>\n<meta property=\"og:image\" content=\"https:\/\/www.em.com.br\/emfoco\/wp-content\/uploads\/2025\/11\/IA-IMG-2-22.jpg\" \/>\n\t<meta property=\"og:image:width\" content=\"1280\" \/>\n\t<meta property=\"og:image:height\" content=\"720\" \/>\n\t<meta property=\"og:image:type\" content=\"image\/jpeg\" \/>\n<meta name=\"author\" content=\"Gabriel Martins\" \/>\n<meta name=\"twitter:card\" content=\"summary_large_image\" \/>\n<meta name=\"twitter:label1\" content=\"Escrito por\" \/>\n\t<meta name=\"twitter:data1\" content=\"Gabriel Martins\" \/>\n\t<meta name=\"twitter:label2\" content=\"Est. tempo de leitura\" \/>\n\t<meta name=\"twitter:data2\" content=\"3 minutos\" \/>\n<!-- \/ Yoast SEO plugin. -->","yoast_head_json":{"title":"A cidade mais acolhedora de Minas tem encantado quem quer recome\u00e7ar em paz - Estado de Minas - Em foco","description":"Comece o ano respirando fundo entre montanhas, igrejas coloniais e paisagens calmas. Tiradentes tem tudo para renovar suas energias em 2026.","robots":{"index":"index","follow":"follow","max-snippet":"max-snippet:-1","max-image-preview":"max-image-preview:large","max-video-preview":"max-video-preview:-1"},"canonical":"https:\/\/www.em.com.br\/emfoco\/2025\/11\/29\/a-cidade-mais-acolhedora-de-minas-tem-encantado-quem-quer-recomecar-em-paz\/","og_locale":"pt_BR","og_type":"article","og_title":"A cidade mais acolhedora de Minas tem encantado quem quer recome\u00e7ar em paz - Estado de Minas - Em foco","og_description":"Comece o ano respirando fundo entre montanhas, igrejas coloniais e paisagens calmas. Tiradentes tem tudo para renovar suas energias em 2026.","og_url":"https:\/\/www.em.com.br\/emfoco\/2025\/11\/29\/a-cidade-mais-acolhedora-de-minas-tem-encantado-quem-quer-recomecar-em-paz\/","og_site_name":"Estado de Minas - Em foco","article_published_time":"2025-11-29T21:05:00+00:00","article_modified_time":"2025-11-27T16:14:28+00:00","og_image":[{"width":1280,"height":720,"url":"https:\/\/www.em.com.br\/emfoco\/wp-content\/uploads\/2025\/11\/IA-IMG-2-22.jpg","type":"image\/jpeg"}],"author":"Gabriel Martins","twitter_card":"summary_large_image","twitter_misc":{"Escrito por":"Gabriel Martins","Est. tempo de leitura":"3 minutos"},"schema":{"@context":"https:\/\/schema.org","@graph":[{"@type":"WebPage","@id":"https:\/\/www.em.com.br\/emfoco\/2025\/11\/29\/a-cidade-mais-acolhedora-de-minas-tem-encantado-quem-quer-recomecar-em-paz\/","url":"https:\/\/www.em.com.br\/emfoco\/2025\/11\/29\/a-cidade-mais-acolhedora-de-minas-tem-encantado-quem-quer-recomecar-em-paz\/","name":"A cidade mais acolhedora de Minas tem encantado quem quer recome\u00e7ar em paz - Estado de Minas - Em foco","isPartOf":{"@id":"https:\/\/www.em.com.br\/emfoco\/#website"},"primaryImageOfPage":{"@id":"https:\/\/www.em.com.br\/emfoco\/2025\/11\/29\/a-cidade-mais-acolhedora-de-minas-tem-encantado-quem-quer-recomecar-em-paz\/#primaryimage"},"image":{"@id":"https:\/\/www.em.com.br\/emfoco\/2025\/11\/29\/a-cidade-mais-acolhedora-de-minas-tem-encantado-quem-quer-recomecar-em-paz\/#primaryimage"},"thumbnailUrl":"https:\/\/www.em.com.br\/emfoco\/wp-content\/uploads\/2025\/11\/IA-IMG-2-22.jpg","datePublished":"2025-11-29T21:05:00+00:00","dateModified":"2025-11-27T16:14:28+00:00","author":{"@id":"https:\/\/www.em.com.br\/emfoco\/#\/schema\/person\/1c9ddeab18b98abeffef834667bcf08a"},"description":"Comece o ano respirando fundo entre montanhas, igrejas coloniais e paisagens calmas. Tiradentes tem tudo para renovar suas energias em 2026.","breadcrumb":{"@id":"https:\/\/www.em.com.br\/emfoco\/2025\/11\/29\/a-cidade-mais-acolhedora-de-minas-tem-encantado-quem-quer-recomecar-em-paz\/#breadcrumb"},"inLanguage":"pt-BR","potentialAction":[{"@type":"ReadAction","target":["https:\/\/www.em.com.br\/emfoco\/2025\/11\/29\/a-cidade-mais-acolhedora-de-minas-tem-encantado-quem-quer-recomecar-em-paz\/"]}]},{"@type":"ImageObject","inLanguage":"pt-BR","@id":"https:\/\/www.em.com.br\/emfoco\/2025\/11\/29\/a-cidade-mais-acolhedora-de-minas-tem-encantado-quem-quer-recomecar-em-paz\/#primaryimage","url":"https:\/\/www.em.com.br\/emfoco\/wp-content\/uploads\/2025\/11\/IA-IMG-2-22.jpg","contentUrl":"https:\/\/www.em.com.br\/emfoco\/wp-content\/uploads\/2025\/11\/IA-IMG-2-22.jpg","width":1280,"height":720,"caption":"Cidade hist\u00f3rica de Tiradentes, Minas Gerais - Cr\u00e9ditos: Wikimedia Commons"},{"@type":"BreadcrumbList","@id":"https:\/\/www.em.com.br\/emfoco\/2025\/11\/29\/a-cidade-mais-acolhedora-de-minas-tem-encantado-quem-quer-recomecar-em-paz\/#breadcrumb","itemListElement":[{"@type":"ListItem","position":1,"name":"In\u00edcio","item":"https:\/\/www.em.com.br\/emfoco\/"},{"@type":"ListItem","position":2,"name":"A cidade mais acolhedora de Minas tem encantado quem quer recome\u00e7ar em paz"}]},{"@type":"WebSite","@id":"https:\/\/www.em.com.br\/emfoco\/#website","url":"https:\/\/www.em.com.br\/emfoco\/","name":"Estado de Minas - Em foco","description":"Acompanhe as \u00faltimas not\u00edcias e fique bem informado sobre tudo o que acontece em Minas Gerais, Brasil e no mundo.","potentialAction":[{"@type":"SearchAction","target":{"@type":"EntryPoint","urlTemplate":"https:\/\/www.em.com.br\/emfoco\/?s={search_term_string}"},"query-input":{"@type":"PropertyValueSpecification","valueRequired":true,"valueName":"search_term_string"}}],"inLanguage":"pt-BR"},{"@type":"Person","@id":"https:\/\/www.em.com.br\/emfoco\/#\/schema\/person\/1c9ddeab18b98abeffef834667bcf08a","name":"Gabriel Martins","image":{"@type":"ImageObject","inLanguage":"pt-BR","@id":"https:\/\/www.em.com.br\/emfoco\/#\/schema\/person\/image\/","url":"https:\/\/secure.gravatar.com\/avatar\/f0f1e2efdfd88f1ad2cb08c5c2731e50?s=96&d=mm&r=g","contentUrl":"https:\/\/secure.gravatar.com\/avatar\/f0f1e2efdfd88f1ad2cb08c5c2731e50?s=96&d=mm&r=g","caption":"Gabriel Martins"},"sameAs":["https:\/\/www.em.com.br\/emfoco\/"],"url":"https:\/\/www.em.com.br\/emfoco\/author\/gabrielmartinsmyth\/"}]}},"_links":{"self":[{"href":"https:\/\/www.em.com.br\/emfoco\/wp-json\/wp\/v2\/posts\/132545","targetHints":{"allow":["GET"]}}],"collection":[{"href":"https:\/\/www.em.com.br\/emfoco\/wp-json\/wp\/v2\/posts"}],"about":[{"href":"https:\/\/www.em.com.br\/emfoco\/wp-json\/wp\/v2\/types\/post"}],"author":[{"embeddable":true,"href":"https:\/\/www.em.com.br\/emfoco\/wp-json\/wp\/v2\/users\/13"}],"replies":[{"embeddable":true,"href":"https:\/\/www.em.com.br\/emfoco\/wp-json\/wp\/v2\/comments?post=132545"}],"version-history":[{"count":1,"href":"https:\/\/www.em.com.br\/emfoco\/wp-json\/wp\/v2\/posts\/132545\/revisions"}],"predecessor-version":[{"id":132571,"href":"https:\/\/www.em.com.br\/emfoco\/wp-json\/wp\/v2\/posts\/132545\/revisions\/132571"}],"wp:featuredmedia":[{"embeddable":true,"href":"https:\/\/www.em.com.br\/emfoco\/wp-json\/wp\/v2\/media\/132558"}],"wp:attachment":[{"href":"https:\/\/www.em.com.br\/emfoco\/wp-json\/wp\/v2\/media?parent=132545"}],"wp:term":[{"taxonomy":"category","embeddable":true,"href":"https:\/\/www.em.com.br\/emfoco\/wp-json\/wp\/v2\/categories?post=132545"},{"taxonomy":"post_tag","embeddable":true,"href":"https:\/\/www.em.com.br\/emfoco\/wp-json\/wp\/v2\/tags?post=132545"}],"curies":[{"name":"wp","href":"https:\/\/api.w.org\/{rel}","templated":true}]}}