{"id":132498,"date":"2025-11-28T20:05:18","date_gmt":"2025-11-28T23:05:18","guid":{"rendered":"https:\/\/www.em.com.br\/emfoco\/?p=132498"},"modified":"2025-11-27T16:51:57","modified_gmt":"2025-11-27T19:51:57","slug":"o-suco-verde-que-acalma-o-estomago-e-ajuda-ate-quem-sofre-com-gastrite","status":"publish","type":"post","link":"https:\/\/www.em.com.br\/emfoco\/2025\/11\/28\/o-suco-verde-que-acalma-o-estomago-e-ajuda-ate-quem-sofre-com-gastrite\/","title":{"rendered":"O suco verde que acalma o est\u00f4mago e ajuda at\u00e9 quem sofre com gastrite"},"content":{"rendered":"\n<p>O <b>repolho<\/b>, conhecido por sua versatilidade na culin\u00e1ria e pertencente \u00e0 fam\u00edlia das <b>br\u00e1ssicas<\/b>, ganhou destaque por seus m\u00faltiplos benef\u00edcios \u00e0 sa\u00fade digestiva, sendo fonte de nutrientes valiosos para o bom funcionamento do est\u00f4mago e do intestino.<\/p>\n\n\n\n<h2 class=\"wp-block-heading\">Quais nutrientes do repolho ajudam na prote\u00e7\u00e3o do est\u00f4mago?<\/h2>\n\n\n\n<p>O consumo de repolho pode auxiliar na prote\u00e7\u00e3o do revestimento do est\u00f4mago devido \u00e0 presen\u00e7a dos compostos chamados <b>glucosinolatos<\/b>, reconhecidos por suas propriedades antioxidantes. Esses compostos ajudam a proteger as c\u00e9lulas estomacais, sobretudo para pessoas com maior risco de <b>\u00falceras g\u00e1stricas<\/b>.<\/p>\n\n\n\n<p>Al\u00e9m disso, o repolho oferece vitaminas e minerais que contribuem para a manuten\u00e7\u00e3o da <b>mucosa g\u00e1strica<\/b>, tornando-o um aliado importante, especialmente em dietas voltadas \u00e0 sa\u00fade do trato gastrointestinal.<\/p>\n\n\n\n<p>Leia tamb\u00e9m:&nbsp;<a href=\"https:\/\/www.em.com.br\/emfoco\/2025\/11\/19\/a-folha-verde-que-melhora-a-digestao-e-deixa-o-corpo-mais-leve\/\" target=\"_blank\" rel=\"noopener\">A folha verde que melhora a digest\u00e3o e deixa o corpo mais leve<\/a><\/p>\n\n\n<div class=\"wp-block-image\">\n<figure class=\"aligncenter size-large\"><img loading=\"lazy\" decoding=\"async\" width=\"1024\" height=\"576\" src=\"https:\/\/www.em.com.br\/emfoco\/wp-content\/uploads\/2025\/06\/repolho_1750354593815-1024x576.jpg\" alt=\"\" class=\"wp-image-64035\" srcset=\"https:\/\/www.em.com.br\/emfoco\/wp-content\/uploads\/2025\/06\/repolho_1750354593815-1024x576.jpg 1024w, https:\/\/www.em.com.br\/emfoco\/wp-content\/uploads\/2025\/06\/repolho_1750354593815-300x169.jpg 300w, https:\/\/www.em.com.br\/emfoco\/wp-content\/uploads\/2025\/06\/repolho_1750354593815-768x432.jpg 768w, https:\/\/www.em.com.br\/emfoco\/wp-content\/uploads\/2025\/06\/repolho_1750354593815-750x422.jpg 750w, https:\/\/www.em.com.br\/emfoco\/wp-content\/uploads\/2025\/06\/repolho_1750354593815-1140x641.jpg 1140w, https:\/\/www.em.com.br\/emfoco\/wp-content\/uploads\/2025\/06\/repolho_1750354593815.jpg 1280w\" sizes=\"auto, (max-width: 1024px) 100vw, 1024px\" \/><figcaption class=\"wp-element-caption\">O consumo de repolho pode auxiliar na prote\u00e7\u00e3o do revestimento do est\u00f4mago &#8211; Cr\u00e9ditos: depositphotos.com \/ serezniy<\/figcaption><\/figure><\/div>\n\n\n<h2 class=\"wp-block-heading\">De que forma o repolho favorece a digest\u00e3o intestinal?<\/h2>\n\n\n\n<p>O repolho \u00e9 um vegetal rico em <b>fibras<\/b>, fundamentais para a sa\u00fade intestinal, pois ajudam a manter o tr\u00e2nsito regular e evitam a constipa\u00e7\u00e3o. Ele tamb\u00e9m contribui para o equil\u00edbrio da <b>microbiota<\/b>, promovendo um ambiente intestinal saud\u00e1vel.<\/p>\n\n\n\n<p>Essas caracter\u00edsticas ainda resultam em melhor absor\u00e7\u00e3o dos nutrientes e preven\u00e7\u00e3o de dist\u00farbios digestivos comuns. Confira os principais benef\u00edcios das fibras presentes no repolho:<\/p>\n\n\n\n<ul class=\"wp-block-list\">\n<li>Favorecem o <b>movimento intestinal regular<\/b><\/li>\n\n\n\n<li>Colaboram para a sa\u00fade da <b>flora intestinal<\/b><\/li>\n\n\n\n<li>Auxiliam na preven\u00e7\u00e3o de problemas como constipa\u00e7\u00e3o<\/li>\n<\/ul>\n\n\n\n<h2 class=\"wp-block-heading\">Como o repolho contribui para o tratamento de \u00falceras g\u00e1stricas?<\/h2>\n\n\n\n<p>Um dos compostos mais estudados do repolho \u00e9 a <b>vitamina U<\/b> (Metilmetionina sulfonium), que apresenta forte potencial na cicatriza\u00e7\u00e3o de <b>\u00falceras g\u00e1stricas<\/b>. Pesquisas sugerem que o consumo de suco de repolho acelera esse processo devido \u00e0s propriedades anti-inflamat\u00f3rias do vegetal.<\/p>\n\n\n\n<p>Al\u00e9m de auxiliar na regenera\u00e7\u00e3o da mucosa, o repolho tamb\u00e9m pode reduzir a sensa\u00e7\u00e3o de desconforto g\u00e1strico, beneficiando pessoas que sofrem de doen\u00e7as estomacais.<\/p>\n\n\n<div class=\"wp-block-image\">\n<figure class=\"aligncenter size-large\"><img loading=\"lazy\" decoding=\"async\" width=\"1024\" height=\"576\" src=\"https:\/\/www.em.com.br\/emfoco\/wp-content\/uploads\/2025\/11\/suco-verde_1764272798260-1024x576.jpg\" alt=\"\" class=\"wp-image-132759\" srcset=\"https:\/\/www.em.com.br\/emfoco\/wp-content\/uploads\/2025\/11\/suco-verde_1764272798260-1024x576.jpg 1024w, https:\/\/www.em.com.br\/emfoco\/wp-content\/uploads\/2025\/11\/suco-verde_1764272798260-300x169.jpg 300w, https:\/\/www.em.com.br\/emfoco\/wp-content\/uploads\/2025\/11\/suco-verde_1764272798260-768x432.jpg 768w, https:\/\/www.em.com.br\/emfoco\/wp-content\/uploads\/2025\/11\/suco-verde_1764272798260-750x422.jpg 750w, https:\/\/www.em.com.br\/emfoco\/wp-content\/uploads\/2025\/11\/suco-verde_1764272798260-1140x641.jpg 1140w, https:\/\/www.em.com.br\/emfoco\/wp-content\/uploads\/2025\/11\/suco-verde_1764272798260.jpg 1280w\" sizes=\"auto, (max-width: 1024px) 100vw, 1024px\" \/><figcaption class=\"wp-element-caption\">O consumo de repolho pode auxiliar na prote\u00e7\u00e3o do revestimento do est\u00f4mago devido \u00e0 presen\u00e7a dos compostos chamados glucosinolatos &#8211; Cr\u00e9ditos: depositphotos.com \/ zstockphotos<\/figcaption><\/figure><\/div>\n\n\n<h2 class=\"wp-block-heading\">Quais outros benef\u00edcios do repolho s\u00e3o importantes para a digest\u00e3o?<\/h2>\n\n\n\n<p>Al\u00e9m dos benef\u00edcios j\u00e1 mencionados, o repolho apresenta uma combina\u00e7\u00e3o poderosa de nutrientes importantes para a digest\u00e3o eficiente, como <b>vitamina C<\/b>, vitamina K, pot\u00e1ssio e c\u00e1lcio. Esses elementos colaboram para o funcionamento equilibrado do sistema digestivo.<\/p>\n\n\n\n<p>O repolho ainda cont\u00e9m <b>fitonutrientes<\/b> com a\u00e7\u00e3o anti-inflamat\u00f3ria, especialmente \u00fateis para quem lida com condi\u00e7\u00f5es cr\u00f4nicas como a <b>s\u00edndrome do intestino irrit\u00e1vel<\/b>. Veja outros destaques deste alimento:<\/p>\n\n\n\n<ul class=\"wp-block-list\">\n<li>Contribui para a <b>hidrata\u00e7\u00e3o do organismo<\/b> devido ao alto teor de \u00e1gua<\/li>\n\n\n\n<li>Possui <b>baixo valor cal\u00f3rico<\/b>, \u00fatil para quem busca emagrecer sem comprometer a sa\u00fade<\/li>\n\n\n\n<li>Oferece propriedades antioxidantes que combatem o <b>estresse oxidativo gastrintestinal<\/b><\/li>\n<\/ul>\n\n\n\n<p>Veja um v\u00eddeo do canal da <a class=\"yt-simple-endpoint style-scope yt-formatted-string\" spellcheck=\"false\" href=\"https:\/\/www.youtube.com\/@NutricionistaPatriciaLeite\" target=\"_blank\" rel=\"noopener\">Nutricionista Patricia Leite<\/a> sobre os benef\u00edcios do repolho:<\/p>\n\n\n\n<figure class=\"wp-block-embed is-type-video is-provider-youtube wp-block-embed-youtube wp-embed-aspect-16-9 wp-has-aspect-ratio\"><div class=\"wp-block-embed__wrapper\">\n<div class=\"jeg_video_container jeg_video_content\"><iframe loading=\"lazy\" title=\"Benef\u00edcios do Repolho - Para Que Serve e Propriedades [RECEITAS LIGHT e DICAS]\" width=\"500\" height=\"281\" src=\"https:\/\/www.youtube.com\/embed\/sZQaEDzn_04?feature=oembed\" frameborder=\"0\" allow=\"accelerometer; autoplay; clipboard-write; encrypted-media; gyroscope; picture-in-picture; web-share\" referrerpolicy=\"strict-origin-when-cross-origin\" allowfullscreen><\/iframe><\/div>\n<\/div><\/figure>\n\n\n\n<h2 class=\"wp-block-heading\">Como incluir o repolho na alimenta\u00e7\u00e3o di\u00e1ria?<\/h2>\n\n\n\n<p>Existem v\u00e1rias formas pr\u00e1ticas de inserir o repolho na rotina alimentar, seja cru em <b>saladas<\/b>, fermentado em <b>chucrute<\/b> ou preparado em sopas, ensopados e refogados. \u00c9 uma op\u00e7\u00e3o saborosa e acess\u00edvel para quem deseja cuidar da sa\u00fade digestiva.<\/p>\n\n\n\n<p>Ao variar o modo de consumo e combinar o repolho com outros vegetais, \u00e9 poss\u00edvel potencializar seus benef\u00edcios e garantir uma alimenta\u00e7\u00e3o equilibrada e saud\u00e1vel. Vale lembrar que repolho roxo e branco podem ser utilizados em diversas receitas, agregando ainda mais valor nutritivo \u00e0 dieta.<\/p>\n","protected":false},"excerpt":{"rendered":"<p>O repolho, conhecido por sua versatilidade na culin\u00e1ria e pertencente \u00e0 fam\u00edlia das br\u00e1ssicas, ganhou destaque por seus m\u00faltiplos benef\u00edcios \u00e0 sa\u00fade digestiva, sendo fonte de nutrientes valiosos para o bom funcionamento do est\u00f4mago e do intestino. Quais nutrientes do repolho ajudam na prote\u00e7\u00e3o do est\u00f4mago? O consumo de repolho pode auxiliar na prote\u00e7\u00e3o do [&hellip;]<\/p>\n","protected":false},"author":9,"featured_media":132703,"comment_status":"open","ping_status":"open","sticky":false,"template":"","format":"standard","meta":{"jnews-multi-image_gallery":[],"jnews_single_post":{"format":"standard"},"jnews_primary_category":[],"jnews_social_meta":[],"jnews_override_counter":[],"footnotes":""},"categories":[8691,8819,1],"tags":[4701,4205,6694],"class_list":["post-132498","post","type-post","status-publish","format-standard","has-post-thumbnail","hentry","category-bem-estar","category-curiosidades","category-noticias","tag-alimento","tag-digestao","tag-repolho"],"yoast_head":"<!-- This site is optimized with the Yoast SEO plugin v23.8 - https:\/\/yoast.com\/wordpress\/plugins\/seo\/ -->\n<title>O suco verde que acalma o est\u00f4mago e ajuda at\u00e9 quem sofre com gastrite - Estado de Minas - Em foco<\/title>\n<meta name=\"description\" content=\"Rico em vitamina U o repolho cicatriza \u00falceras e protege o est\u00f4mago. Entenda como suas fibras regulam o intestino e aliviam a dor.\" \/>\n<meta name=\"robots\" content=\"index, follow, max-snippet:-1, max-image-preview:large, max-video-preview:-1\" \/>\n<link rel=\"canonical\" href=\"https:\/\/www.em.com.br\/emfoco\/2025\/11\/28\/o-suco-verde-que-acalma-o-estomago-e-ajuda-ate-quem-sofre-com-gastrite\/\" \/>\n<meta property=\"og:locale\" content=\"pt_BR\" \/>\n<meta property=\"og:type\" content=\"article\" \/>\n<meta property=\"og:title\" content=\"O suco verde que acalma o est\u00f4mago e ajuda at\u00e9 quem sofre com gastrite - Estado de Minas - Em foco\" \/>\n<meta property=\"og:description\" content=\"Rico em vitamina U o repolho cicatriza \u00falceras e protege o est\u00f4mago. Entenda como suas fibras regulam o intestino e aliviam a dor.\" \/>\n<meta property=\"og:url\" content=\"https:\/\/www.em.com.br\/emfoco\/2025\/11\/28\/o-suco-verde-que-acalma-o-estomago-e-ajuda-ate-quem-sofre-com-gastrite\/\" \/>\n<meta property=\"og:site_name\" content=\"Estado de Minas - Em foco\" \/>\n<meta property=\"article:published_time\" content=\"2025-11-28T23:05:18+00:00\" \/>\n<meta property=\"article:modified_time\" content=\"2025-11-27T19:51:57+00:00\" \/>\n<meta property=\"og:image\" content=\"https:\/\/www.em.com.br\/emfoco\/wp-content\/uploads\/2025\/11\/smoverde_1764268653191.jpg\" \/>\n\t<meta property=\"og:image:width\" content=\"1280\" \/>\n\t<meta property=\"og:image:height\" content=\"720\" \/>\n\t<meta property=\"og:image:type\" content=\"image\/jpeg\" \/>\n<meta name=\"author\" content=\"Daniely Cardoso\" \/>\n<meta name=\"twitter:card\" content=\"summary_large_image\" \/>\n<meta name=\"twitter:label1\" content=\"Escrito por\" \/>\n\t<meta name=\"twitter:data1\" content=\"Daniely Cardoso\" \/>\n\t<meta name=\"twitter:label2\" content=\"Est. tempo de leitura\" \/>\n\t<meta name=\"twitter:data2\" content=\"4 minutos\" \/>\n<!-- \/ Yoast SEO plugin. -->","yoast_head_json":{"title":"O suco verde que acalma o est\u00f4mago e ajuda at\u00e9 quem sofre com gastrite - Estado de Minas - Em foco","description":"Rico em vitamina U o repolho cicatriza \u00falceras e protege o est\u00f4mago. Entenda como suas fibras regulam o intestino e aliviam a dor.","robots":{"index":"index","follow":"follow","max-snippet":"max-snippet:-1","max-image-preview":"max-image-preview:large","max-video-preview":"max-video-preview:-1"},"canonical":"https:\/\/www.em.com.br\/emfoco\/2025\/11\/28\/o-suco-verde-que-acalma-o-estomago-e-ajuda-ate-quem-sofre-com-gastrite\/","og_locale":"pt_BR","og_type":"article","og_title":"O suco verde que acalma o est\u00f4mago e ajuda at\u00e9 quem sofre com gastrite - Estado de Minas - Em foco","og_description":"Rico em vitamina U o repolho cicatriza \u00falceras e protege o est\u00f4mago. Entenda como suas fibras regulam o intestino e aliviam a dor.","og_url":"https:\/\/www.em.com.br\/emfoco\/2025\/11\/28\/o-suco-verde-que-acalma-o-estomago-e-ajuda-ate-quem-sofre-com-gastrite\/","og_site_name":"Estado de Minas - Em foco","article_published_time":"2025-11-28T23:05:18+00:00","article_modified_time":"2025-11-27T19:51:57+00:00","og_image":[{"width":1280,"height":720,"url":"https:\/\/www.em.com.br\/emfoco\/wp-content\/uploads\/2025\/11\/smoverde_1764268653191.jpg","type":"image\/jpeg"}],"author":"Daniely Cardoso","twitter_card":"summary_large_image","twitter_misc":{"Escrito por":"Daniely Cardoso","Est. tempo de leitura":"4 minutos"},"schema":{"@context":"https:\/\/schema.org","@graph":[{"@type":"WebPage","@id":"https:\/\/www.em.com.br\/emfoco\/2025\/11\/28\/o-suco-verde-que-acalma-o-estomago-e-ajuda-ate-quem-sofre-com-gastrite\/","url":"https:\/\/www.em.com.br\/emfoco\/2025\/11\/28\/o-suco-verde-que-acalma-o-estomago-e-ajuda-ate-quem-sofre-com-gastrite\/","name":"O suco verde que acalma o est\u00f4mago e ajuda at\u00e9 quem sofre com gastrite - Estado de Minas - Em foco","isPartOf":{"@id":"https:\/\/www.em.com.br\/emfoco\/#website"},"primaryImageOfPage":{"@id":"https:\/\/www.em.com.br\/emfoco\/2025\/11\/28\/o-suco-verde-que-acalma-o-estomago-e-ajuda-ate-quem-sofre-com-gastrite\/#primaryimage"},"image":{"@id":"https:\/\/www.em.com.br\/emfoco\/2025\/11\/28\/o-suco-verde-que-acalma-o-estomago-e-ajuda-ate-quem-sofre-com-gastrite\/#primaryimage"},"thumbnailUrl":"https:\/\/www.em.com.br\/emfoco\/wp-content\/uploads\/2025\/11\/smoverde_1764268653191.jpg","datePublished":"2025-11-28T23:05:18+00:00","dateModified":"2025-11-27T19:51:57+00:00","author":{"@id":"https:\/\/www.em.com.br\/emfoco\/#\/schema\/person\/0a8186d72f2c3a5c6276d90b41f271a0"},"description":"Rico em vitamina U o repolho cicatriza \u00falceras e protege o est\u00f4mago. Entenda como suas fibras regulam o intestino e aliviam a dor.","breadcrumb":{"@id":"https:\/\/www.em.com.br\/emfoco\/2025\/11\/28\/o-suco-verde-que-acalma-o-estomago-e-ajuda-ate-quem-sofre-com-gastrite\/#breadcrumb"},"inLanguage":"pt-BR","potentialAction":[{"@type":"ReadAction","target":["https:\/\/www.em.com.br\/emfoco\/2025\/11\/28\/o-suco-verde-que-acalma-o-estomago-e-ajuda-ate-quem-sofre-com-gastrite\/"]}]},{"@type":"ImageObject","inLanguage":"pt-BR","@id":"https:\/\/www.em.com.br\/emfoco\/2025\/11\/28\/o-suco-verde-que-acalma-o-estomago-e-ajuda-ate-quem-sofre-com-gastrite\/#primaryimage","url":"https:\/\/www.em.com.br\/emfoco\/wp-content\/uploads\/2025\/11\/smoverde_1764268653191.jpg","contentUrl":"https:\/\/www.em.com.br\/emfoco\/wp-content\/uploads\/2025\/11\/smoverde_1764268653191.jpg","width":1280,"height":720,"caption":"O suco de repolho ajuda na dor e cicatriza\u00e7\u00e3o - Cr\u00e9ditos: depositphotos.com \/ lola19"},{"@type":"BreadcrumbList","@id":"https:\/\/www.em.com.br\/emfoco\/2025\/11\/28\/o-suco-verde-que-acalma-o-estomago-e-ajuda-ate-quem-sofre-com-gastrite\/#breadcrumb","itemListElement":[{"@type":"ListItem","position":1,"name":"In\u00edcio","item":"https:\/\/www.em.com.br\/emfoco\/"},{"@type":"ListItem","position":2,"name":"O suco verde que acalma o est\u00f4mago e ajuda at\u00e9 quem sofre com gastrite"}]},{"@type":"WebSite","@id":"https:\/\/www.em.com.br\/emfoco\/#website","url":"https:\/\/www.em.com.br\/emfoco\/","name":"Estado de Minas - Em foco","description":"Acompanhe as \u00faltimas not\u00edcias e fique bem informado sobre tudo o que acontece em Minas Gerais, Brasil e no mundo.","potentialAction":[{"@type":"SearchAction","target":{"@type":"EntryPoint","urlTemplate":"https:\/\/www.em.com.br\/emfoco\/?s={search_term_string}"},"query-input":{"@type":"PropertyValueSpecification","valueRequired":true,"valueName":"search_term_string"}}],"inLanguage":"pt-BR"},{"@type":"Person","@id":"https:\/\/www.em.com.br\/emfoco\/#\/schema\/person\/0a8186d72f2c3a5c6276d90b41f271a0","name":"Daniely Cardoso","image":{"@type":"ImageObject","inLanguage":"pt-BR","@id":"https:\/\/www.em.com.br\/emfoco\/#\/schema\/person\/image\/","url":"https:\/\/secure.gravatar.com\/avatar\/4b80ddbd124d1f071b626d52d62e5dff?s=96&d=mm&r=g","contentUrl":"https:\/\/secure.gravatar.com\/avatar\/4b80ddbd124d1f071b626d52d62e5dff?s=96&d=mm&r=g","caption":"Daniely Cardoso"},"url":"https:\/\/www.em.com.br\/emfoco\/author\/danielymyth\/"}]}},"_links":{"self":[{"href":"https:\/\/www.em.com.br\/emfoco\/wp-json\/wp\/v2\/posts\/132498","targetHints":{"allow":["GET"]}}],"collection":[{"href":"https:\/\/www.em.com.br\/emfoco\/wp-json\/wp\/v2\/posts"}],"about":[{"href":"https:\/\/www.em.com.br\/emfoco\/wp-json\/wp\/v2\/types\/post"}],"author":[{"embeddable":true,"href":"https:\/\/www.em.com.br\/emfoco\/wp-json\/wp\/v2\/users\/9"}],"replies":[{"embeddable":true,"href":"https:\/\/www.em.com.br\/emfoco\/wp-json\/wp\/v2\/comments?post=132498"}],"version-history":[{"count":3,"href":"https:\/\/www.em.com.br\/emfoco\/wp-json\/wp\/v2\/posts\/132498\/revisions"}],"predecessor-version":[{"id":132765,"href":"https:\/\/www.em.com.br\/emfoco\/wp-json\/wp\/v2\/posts\/132498\/revisions\/132765"}],"wp:featuredmedia":[{"embeddable":true,"href":"https:\/\/www.em.com.br\/emfoco\/wp-json\/wp\/v2\/media\/132703"}],"wp:attachment":[{"href":"https:\/\/www.em.com.br\/emfoco\/wp-json\/wp\/v2\/media?parent=132498"}],"wp:term":[{"taxonomy":"category","embeddable":true,"href":"https:\/\/www.em.com.br\/emfoco\/wp-json\/wp\/v2\/categories?post=132498"},{"taxonomy":"post_tag","embeddable":true,"href":"https:\/\/www.em.com.br\/emfoco\/wp-json\/wp\/v2\/tags?post=132498"}],"curies":[{"name":"wp","href":"https:\/\/api.w.org\/{rel}","templated":true}]}}