{"id":132497,"date":"2025-11-28T18:15:13","date_gmt":"2025-11-28T21:15:13","guid":{"rendered":"https:\/\/www.em.com.br\/emfoco\/?p=132497"},"modified":"2025-11-27T16:50:40","modified_gmt":"2025-11-27T19:50:40","slug":"o-desodorante-natural-que-esta-salvando-axilas-manchadas-e-sensiveis","status":"publish","type":"post","link":"https:\/\/www.em.com.br\/emfoco\/2025\/11\/28\/o-desodorante-natural-que-esta-salvando-axilas-manchadas-e-sensiveis\/","title":{"rendered":"O desodorante natural que est\u00e1 salvando axilas manchadas e sens\u00edveis"},"content":{"rendered":"\n<p>As&nbsp;<b>manchas escuras<\/b>&nbsp;nas axilas representam um desafio est\u00e9tico recorrente, frequentemente relacionado ao uso de produtos inadequados para cuidados pessoais ou ao atrito constante nessa regi\u00e3o. Pessoas com&nbsp;<b>pele sens\u00edvel<\/b>&nbsp;s\u00e3o ainda mais propensas a esse problema, especialmente se expostas a subst\u00e2ncias presentes em desodorantes convencionais ou \u00e0 depila\u00e7\u00e3o frequente.<\/p>\n\n\n\n<h2 class=\"wp-block-heading\">Quais s\u00e3o os benef\u00edcios do&nbsp;desodorante caseiro&nbsp;para a sa\u00fade da pele?<\/h2>\n\n\n\n<p>O uso de&nbsp;<b>desodorantes caseiros<\/b>&nbsp;oferece vantagens ao evitar ingredientes potencialmente irritantes ou alerg\u00eanicos dos produtos comerciais. Isso ajuda a manter as axilas livres de agress\u00f5es qu\u00edmicas e contribui para a redu\u00e7\u00e3o de&nbsp;<b>manchas<\/b>&nbsp;e desconfortos.<\/p>\n\n\n\n<p>Al\u00e9m da redu\u00e7\u00e3o de riscos, a escolha de&nbsp;<b>ingredientes naturais<\/b>&nbsp;proporciona maior controle sobre o que \u00e9 absorvido pela pele, tornando o cuidado mais seguro e acess\u00edvel, especialmente para quem tem pele sens\u00edvel.<\/p>\n\n\n<div class=\"wp-block-image\">\n<figure class=\"aligncenter size-large\"><img loading=\"lazy\" decoding=\"async\" width=\"1024\" height=\"576\" src=\"https:\/\/www.em.com.br\/emfoco\/wp-content\/uploads\/2025\/11\/axila-escura_1764272998115-1024x576.jpg\" alt=\"\" class=\"wp-image-132763\" srcset=\"https:\/\/www.em.com.br\/emfoco\/wp-content\/uploads\/2025\/11\/axila-escura_1764272998115-1024x576.jpg 1024w, https:\/\/www.em.com.br\/emfoco\/wp-content\/uploads\/2025\/11\/axila-escura_1764272998115-300x169.jpg 300w, https:\/\/www.em.com.br\/emfoco\/wp-content\/uploads\/2025\/11\/axila-escura_1764272998115-768x432.jpg 768w, https:\/\/www.em.com.br\/emfoco\/wp-content\/uploads\/2025\/11\/axila-escura_1764272998115-750x422.jpg 750w, https:\/\/www.em.com.br\/emfoco\/wp-content\/uploads\/2025\/11\/axila-escura_1764272998115-1140x641.jpg 1140w, https:\/\/www.em.com.br\/emfoco\/wp-content\/uploads\/2025\/11\/axila-escura_1764272998115.jpg 1280w\" sizes=\"auto, (max-width: 1024px) 100vw, 1024px\" \/><figcaption class=\"wp-element-caption\">O uso de\u00a0desodorantes caseiros\u00a0oferece vantagens ao evitar ingredientes potencialmente irritantes ou alerg\u00eanicos &#8211; Cr\u00e9ditos: depositphotos.com \/ VlaDee<\/figcaption><\/figure><\/div>\n\n\n<p>Leia tamb\u00e9m&nbsp;<a href=\"https:\/\/www.em.com.br\/emfoco\/2025\/11\/22\/a-misturinha-de-oleos-vegetais-que-substitui-hidratantes-caros-e-deixa-a-pele-perfumada\/\" target=\"_blank\" rel=\"noopener\">A misturinha de \u00f3leos vegetais que substitui hidratantes caros e deixa a pele perfumada<\/a><\/p>\n\n\n\n<h2 class=\"wp-block-heading\">Como preparar um&nbsp;desodorante caseiro&nbsp;eficaz para peles sens\u00edveis?<\/h2>\n\n\n\n<p>Fazer seu pr\u00f3prio&nbsp;<b>desodorante<\/b>&nbsp;\u00e9 simples e garante que apenas ingredientes naturais estejam em contato com a pele. Essa receita pode ser adaptada de acordo com prefer\u00eancias e necessidades pessoais.<\/p>\n\n\n\n<p>Ap\u00f3s separar os&nbsp;<b>ingredientes<\/b>, siga este passo a passo para garantir uma aplica\u00e7\u00e3o segura e eficaz:<\/p>\n\n\n\n<ul class=\"wp-block-list\">\n<li>Higienize um&nbsp;<b>recipiente<\/b>&nbsp;limpo para armazenar o desodorante.<\/li>\n\n\n\n<li>Misture tr\u00eas colheres de&nbsp;<b>maizena<\/b>&nbsp;e tr\u00eas colheres de bicarbonato de s\u00f3dio.<\/li>\n\n\n\n<li>Aque\u00e7a tr\u00eas colheres de&nbsp;<b>\u00f3leo de coco<\/b>&nbsp;at\u00e9 derreter e acrescente \u00e0 mistura seca.<\/li>\n\n\n\n<li>Adicione dez gotas de&nbsp;<b>\u00f3leo essencial<\/b>, como lavanda ou melaleuca.<\/li>\n\n\n\n<li>Transfira para o recipiente e leve \u00e0&nbsp;<b>geladeira<\/b>&nbsp;por trinta minutos antes do uso.<\/li>\n<\/ul>\n\n\n\n<h2 class=\"wp-block-heading\">Por que incluir&nbsp;bicarbonato de s\u00f3dio&nbsp;nos cuidados com as axilas?<\/h2>\n\n\n\n<p>O&nbsp;<b>bicarbonato de s\u00f3dio<\/b>&nbsp;\u00e9 reconhecido por neutralizar odores e regular o pH da pele, dificultando o crescimento bacteriano. Essa caracter\u00edstica o torna um ingrediente-chave em&nbsp;<b>desodorantes naturais<\/b>, especialmente para quem busca evitar produtos sint\u00e9ticos.<\/p>\n\n\n<div class=\"wp-block-image\">\n<figure class=\"aligncenter size-large\"><img loading=\"lazy\" decoding=\"async\" width=\"1024\" height=\"576\" src=\"https:\/\/www.em.com.br\/emfoco\/wp-content\/uploads\/2025\/11\/unnamed-6-2-1024x576.jpg\" alt=\"\" class=\"wp-image-132762\" srcset=\"https:\/\/www.em.com.br\/emfoco\/wp-content\/uploads\/2025\/11\/unnamed-6-2-1024x576.jpg 1024w, https:\/\/www.em.com.br\/emfoco\/wp-content\/uploads\/2025\/11\/unnamed-6-2-300x169.jpg 300w, https:\/\/www.em.com.br\/emfoco\/wp-content\/uploads\/2025\/11\/unnamed-6-2-768x432.jpg 768w, https:\/\/www.em.com.br\/emfoco\/wp-content\/uploads\/2025\/11\/unnamed-6-2-750x422.jpg 750w, https:\/\/www.em.com.br\/emfoco\/wp-content\/uploads\/2025\/11\/unnamed-6-2-1140x641.jpg 1140w, https:\/\/www.em.com.br\/emfoco\/wp-content\/uploads\/2025\/11\/unnamed-6-2.jpg 1280w\" sizes=\"auto, (max-width: 1024px) 100vw, 1024px\" \/><figcaption class=\"wp-element-caption\">O\u00a0bicarbonato de s\u00f3dio\u00a0\u00e9 reconhecido por neutralizar odores e regular o pH da pele<\/figcaption><\/figure><\/div>\n\n\n<p>No entanto, recomenda-se realizar um&nbsp;<b>teste<\/b>&nbsp;em pequena \u00e1rea antes do uso recorrente, sobretudo em peles delicadas, para evitar poss\u00edveis rea\u00e7\u00f5es al\u00e9rgicas ou irrita\u00e7\u00f5es cut\u00e2neas.<\/p>\n\n\n\n<h2 class=\"wp-block-heading\">Quais ingredientes evitar ao fabricar&nbsp;desodorante natural&nbsp;em casa?<\/h2>\n\n\n\n<p>Escolher corretamente os componentes de um&nbsp;<b>desodorante natural<\/b>&nbsp;\u00e9 fundamental para garantir sua seguran\u00e7a e efici\u00eancia. Certos ingredientes, apesar de populares em algumas receitas, podem prejudicar a pele sens\u00edvel das axilas e devem ser evitados.<\/p>\n\n\n\n<p>Veja abaixo&nbsp;<b>ingredientes<\/b>&nbsp;que n\u00e3o s\u00e3o recomendados ao preparar seu desodorante:<\/p>\n\n\n\n<ul class=\"wp-block-list\">\n<li>Vinagre, que pode acentuar odores ap\u00f3s um tempo de uso<\/li>\n\n\n\n<li><b>\u00c1lcool<\/b>, devido a seu potencial de ressecar e irritar<\/li>\n\n\n\n<li>Perfumes sint\u00e9ticos, por aumentarem riscos de&nbsp;<b>alergias<\/b><\/li>\n<\/ul>\n\n\n\n<p>Veja um v\u00eddeo abaixo do canal <a class=\"yt-simple-endpoint style-scope yt-formatted-string\" spellcheck=\"false\" href=\"https:\/\/www.youtube.com\/@pensandoaocontrario\" target=\"_blank\" rel=\"noopener\">pensandoaocontrario<\/a> sobre como fazer um desodorante caseiro:<\/p>\n\n\n\n<figure class=\"wp-block-embed is-type-video is-provider-youtube wp-block-embed-youtube wp-embed-aspect-16-9 wp-has-aspect-ratio\"><div class=\"wp-block-embed__wrapper\">\n<div class=\"jeg_video_container jeg_video_content\"><iframe loading=\"lazy\" title=\"DESODORANTE NATURAL com APENAS UM INGREDIENTE | Barato e FUNCIONA!\" width=\"500\" height=\"281\" src=\"https:\/\/www.youtube.com\/embed\/KJBRTNIOlPU?feature=oembed\" frameborder=\"0\" allow=\"accelerometer; autoplay; clipboard-write; encrypted-media; gyroscope; picture-in-picture; web-share\" referrerpolicy=\"strict-origin-when-cross-origin\" allowfullscreen><\/iframe><\/div>\n<\/div><\/figure>\n\n\n\n<h2 class=\"wp-block-heading\">O&nbsp;desodorante caseiro&nbsp;\u00e9 uma op\u00e7\u00e3o duradoura para a sa\u00fade da pele?<\/h2>\n\n\n\n<p>Adotar o&nbsp;<b>desodorante caseiro<\/b>&nbsp;como parte da rotina \u00e9 uma estrat\u00e9gia a longo prazo para quem deseja evitar agress\u00f5es di\u00e1rias da pele e promover uma recupera\u00e7\u00e3o gradual das manchas escuras. A consist\u00eancia no uso \u00e9&nbsp;<b>essencial<\/b>&nbsp;para observar resultados percept\u00edveis no aspecto e sa\u00fade das axilas.<\/p>\n\n\n\n<p>Al\u00e9m do benef\u00edcio \u00e0&nbsp;<b>pele<\/b>, a produ\u00e7\u00e3o caseira contribui para praticar a sustentabilidade, diminuindo o uso de pl\u00e1sticos e embalagens descart\u00e1veis, e tornando o autocuidado mais consciente e ecol\u00f3gico.<\/p>\n","protected":false},"excerpt":{"rendered":"<p>As&nbsp;manchas escuras&nbsp;nas axilas representam um desafio est\u00e9tico recorrente, frequentemente relacionado ao uso de produtos inadequados para cuidados pessoais ou ao atrito constante nessa regi\u00e3o. Pessoas com&nbsp;pele sens\u00edvel&nbsp;s\u00e3o ainda mais propensas a esse problema, especialmente se expostas a subst\u00e2ncias presentes em desodorantes convencionais ou \u00e0 depila\u00e7\u00e3o frequente. Quais s\u00e3o os benef\u00edcios do&nbsp;desodorante caseiro&nbsp;para a sa\u00fade da [&hellip;]<\/p>\n","protected":false},"author":9,"featured_media":99202,"comment_status":"open","ping_status":"open","sticky":false,"template":"","format":"standard","meta":{"jnews-multi-image_gallery":[],"jnews_single_post":{"format":"standard"},"jnews_primary_category":[],"jnews_social_meta":[],"jnews_override_counter":[],"footnotes":""},"categories":[8691,8819,1],"tags":[17672,5056,5657],"class_list":["post-132497","post","type-post","status-publish","format-standard","has-post-thumbnail","hentry","category-bem-estar","category-curiosidades","category-noticias","tag-caseiro","tag-desodorante","tag-perfume"],"yoast_head":"<!-- This site is optimized with the Yoast SEO plugin v23.8 - https:\/\/yoast.com\/wordpress\/plugins\/seo\/ -->\n<title>O desodorante natural que est\u00e1 salvando axilas manchadas e sens\u00edveis - Estado de Minas - Em foco<\/title>\n<meta name=\"description\" content=\"Ingredientes naturais criam um desodorante seguro que clareia manchas. Saiba como preparar e evitar irrita\u00e7\u00f5es na pele sens\u00edvel.\" \/>\n<meta name=\"robots\" content=\"index, follow, max-snippet:-1, max-image-preview:large, max-video-preview:-1\" \/>\n<link rel=\"canonical\" href=\"https:\/\/www.em.com.br\/emfoco\/2025\/11\/28\/o-desodorante-natural-que-esta-salvando-axilas-manchadas-e-sensiveis\/\" \/>\n<meta property=\"og:locale\" content=\"pt_BR\" \/>\n<meta property=\"og:type\" content=\"article\" \/>\n<meta property=\"og:title\" content=\"O desodorante natural que est\u00e1 salvando axilas manchadas e sens\u00edveis - Estado de Minas - Em foco\" \/>\n<meta property=\"og:description\" content=\"Ingredientes naturais criam um desodorante seguro que clareia manchas. Saiba como preparar e evitar irrita\u00e7\u00f5es na pele sens\u00edvel.\" \/>\n<meta property=\"og:url\" content=\"https:\/\/www.em.com.br\/emfoco\/2025\/11\/28\/o-desodorante-natural-que-esta-salvando-axilas-manchadas-e-sensiveis\/\" \/>\n<meta property=\"og:site_name\" content=\"Estado de Minas - Em foco\" \/>\n<meta property=\"article:published_time\" content=\"2025-11-28T21:15:13+00:00\" \/>\n<meta property=\"article:modified_time\" content=\"2025-11-27T19:50:40+00:00\" \/>\n<meta property=\"og:image\" content=\"https:\/\/www.em.com.br\/emfoco\/wp-content\/uploads\/2025\/09\/Desodorizantes-_1756739620628.jpg\" \/>\n\t<meta property=\"og:image:width\" content=\"1280\" \/>\n\t<meta property=\"og:image:height\" content=\"720\" \/>\n\t<meta property=\"og:image:type\" content=\"image\/jpeg\" \/>\n<meta name=\"author\" content=\"Daniely Cardoso\" \/>\n<meta name=\"twitter:card\" content=\"summary_large_image\" \/>\n<meta name=\"twitter:label1\" content=\"Escrito por\" \/>\n\t<meta name=\"twitter:data1\" content=\"Daniely Cardoso\" \/>\n\t<meta name=\"twitter:label2\" content=\"Est. tempo de leitura\" \/>\n\t<meta name=\"twitter:data2\" content=\"4 minutos\" \/>\n<!-- \/ Yoast SEO plugin. -->","yoast_head_json":{"title":"O desodorante natural que est\u00e1 salvando axilas manchadas e sens\u00edveis - Estado de Minas - Em foco","description":"Ingredientes naturais criam um desodorante seguro que clareia manchas. Saiba como preparar e evitar irrita\u00e7\u00f5es na pele sens\u00edvel.","robots":{"index":"index","follow":"follow","max-snippet":"max-snippet:-1","max-image-preview":"max-image-preview:large","max-video-preview":"max-video-preview:-1"},"canonical":"https:\/\/www.em.com.br\/emfoco\/2025\/11\/28\/o-desodorante-natural-que-esta-salvando-axilas-manchadas-e-sensiveis\/","og_locale":"pt_BR","og_type":"article","og_title":"O desodorante natural que est\u00e1 salvando axilas manchadas e sens\u00edveis - Estado de Minas - Em foco","og_description":"Ingredientes naturais criam um desodorante seguro que clareia manchas. Saiba como preparar e evitar irrita\u00e7\u00f5es na pele sens\u00edvel.","og_url":"https:\/\/www.em.com.br\/emfoco\/2025\/11\/28\/o-desodorante-natural-que-esta-salvando-axilas-manchadas-e-sensiveis\/","og_site_name":"Estado de Minas - Em foco","article_published_time":"2025-11-28T21:15:13+00:00","article_modified_time":"2025-11-27T19:50:40+00:00","og_image":[{"width":1280,"height":720,"url":"https:\/\/www.em.com.br\/emfoco\/wp-content\/uploads\/2025\/09\/Desodorizantes-_1756739620628.jpg","type":"image\/jpeg"}],"author":"Daniely Cardoso","twitter_card":"summary_large_image","twitter_misc":{"Escrito por":"Daniely Cardoso","Est. tempo de leitura":"4 minutos"},"schema":{"@context":"https:\/\/schema.org","@graph":[{"@type":"WebPage","@id":"https:\/\/www.em.com.br\/emfoco\/2025\/11\/28\/o-desodorante-natural-que-esta-salvando-axilas-manchadas-e-sensiveis\/","url":"https:\/\/www.em.com.br\/emfoco\/2025\/11\/28\/o-desodorante-natural-que-esta-salvando-axilas-manchadas-e-sensiveis\/","name":"O desodorante natural que est\u00e1 salvando axilas manchadas e sens\u00edveis - Estado de Minas - Em foco","isPartOf":{"@id":"https:\/\/www.em.com.br\/emfoco\/#website"},"primaryImageOfPage":{"@id":"https:\/\/www.em.com.br\/emfoco\/2025\/11\/28\/o-desodorante-natural-que-esta-salvando-axilas-manchadas-e-sensiveis\/#primaryimage"},"image":{"@id":"https:\/\/www.em.com.br\/emfoco\/2025\/11\/28\/o-desodorante-natural-que-esta-salvando-axilas-manchadas-e-sensiveis\/#primaryimage"},"thumbnailUrl":"https:\/\/www.em.com.br\/emfoco\/wp-content\/uploads\/2025\/09\/Desodorizantes-_1756739620628.jpg","datePublished":"2025-11-28T21:15:13+00:00","dateModified":"2025-11-27T19:50:40+00:00","author":{"@id":"https:\/\/www.em.com.br\/emfoco\/#\/schema\/person\/0a8186d72f2c3a5c6276d90b41f271a0"},"description":"Ingredientes naturais criam um desodorante seguro que clareia manchas. Saiba como preparar e evitar irrita\u00e7\u00f5es na pele sens\u00edvel.","breadcrumb":{"@id":"https:\/\/www.em.com.br\/emfoco\/2025\/11\/28\/o-desodorante-natural-que-esta-salvando-axilas-manchadas-e-sensiveis\/#breadcrumb"},"inLanguage":"pt-BR","potentialAction":[{"@type":"ReadAction","target":["https:\/\/www.em.com.br\/emfoco\/2025\/11\/28\/o-desodorante-natural-que-esta-salvando-axilas-manchadas-e-sensiveis\/"]}]},{"@type":"ImageObject","inLanguage":"pt-BR","@id":"https:\/\/www.em.com.br\/emfoco\/2025\/11\/28\/o-desodorante-natural-que-esta-salvando-axilas-manchadas-e-sensiveis\/#primaryimage","url":"https:\/\/www.em.com.br\/emfoco\/wp-content\/uploads\/2025\/09\/Desodorizantes-_1756739620628.jpg","contentUrl":"https:\/\/www.em.com.br\/emfoco\/wp-content\/uploads\/2025\/09\/Desodorizantes-_1756739620628.jpg","width":1280,"height":720,"caption":"Desodorante - Cr\u00e9ditos: depositphotos.com \/ artursfoto1"},{"@type":"BreadcrumbList","@id":"https:\/\/www.em.com.br\/emfoco\/2025\/11\/28\/o-desodorante-natural-que-esta-salvando-axilas-manchadas-e-sensiveis\/#breadcrumb","itemListElement":[{"@type":"ListItem","position":1,"name":"In\u00edcio","item":"https:\/\/www.em.com.br\/emfoco\/"},{"@type":"ListItem","position":2,"name":"O desodorante natural que est\u00e1 salvando axilas manchadas e sens\u00edveis"}]},{"@type":"WebSite","@id":"https:\/\/www.em.com.br\/emfoco\/#website","url":"https:\/\/www.em.com.br\/emfoco\/","name":"Estado de Minas - Em foco","description":"Acompanhe as \u00faltimas not\u00edcias e fique bem informado sobre tudo o que acontece em Minas Gerais, Brasil e no mundo.","potentialAction":[{"@type":"SearchAction","target":{"@type":"EntryPoint","urlTemplate":"https:\/\/www.em.com.br\/emfoco\/?s={search_term_string}"},"query-input":{"@type":"PropertyValueSpecification","valueRequired":true,"valueName":"search_term_string"}}],"inLanguage":"pt-BR"},{"@type":"Person","@id":"https:\/\/www.em.com.br\/emfoco\/#\/schema\/person\/0a8186d72f2c3a5c6276d90b41f271a0","name":"Daniely Cardoso","image":{"@type":"ImageObject","inLanguage":"pt-BR","@id":"https:\/\/www.em.com.br\/emfoco\/#\/schema\/person\/image\/","url":"https:\/\/secure.gravatar.com\/avatar\/4b80ddbd124d1f071b626d52d62e5dff?s=96&d=mm&r=g","contentUrl":"https:\/\/secure.gravatar.com\/avatar\/4b80ddbd124d1f071b626d52d62e5dff?s=96&d=mm&r=g","caption":"Daniely Cardoso"},"url":"https:\/\/www.em.com.br\/emfoco\/author\/danielymyth\/"}]}},"_links":{"self":[{"href":"https:\/\/www.em.com.br\/emfoco\/wp-json\/wp\/v2\/posts\/132497","targetHints":{"allow":["GET"]}}],"collection":[{"href":"https:\/\/www.em.com.br\/emfoco\/wp-json\/wp\/v2\/posts"}],"about":[{"href":"https:\/\/www.em.com.br\/emfoco\/wp-json\/wp\/v2\/types\/post"}],"author":[{"embeddable":true,"href":"https:\/\/www.em.com.br\/emfoco\/wp-json\/wp\/v2\/users\/9"}],"replies":[{"embeddable":true,"href":"https:\/\/www.em.com.br\/emfoco\/wp-json\/wp\/v2\/comments?post=132497"}],"version-history":[{"count":4,"href":"https:\/\/www.em.com.br\/emfoco\/wp-json\/wp\/v2\/posts\/132497\/revisions"}],"predecessor-version":[{"id":132764,"href":"https:\/\/www.em.com.br\/emfoco\/wp-json\/wp\/v2\/posts\/132497\/revisions\/132764"}],"wp:featuredmedia":[{"embeddable":true,"href":"https:\/\/www.em.com.br\/emfoco\/wp-json\/wp\/v2\/media\/99202"}],"wp:attachment":[{"href":"https:\/\/www.em.com.br\/emfoco\/wp-json\/wp\/v2\/media?parent=132497"}],"wp:term":[{"taxonomy":"category","embeddable":true,"href":"https:\/\/www.em.com.br\/emfoco\/wp-json\/wp\/v2\/categories?post=132497"},{"taxonomy":"post_tag","embeddable":true,"href":"https:\/\/www.em.com.br\/emfoco\/wp-json\/wp\/v2\/tags?post=132497"}],"curies":[{"name":"wp","href":"https:\/\/api.w.org\/{rel}","templated":true}]}}