{"id":132467,"date":"2025-11-28T09:55:38","date_gmt":"2025-11-28T12:55:38","guid":{"rendered":"https:\/\/www.em.com.br\/emfoco\/?p=132467"},"modified":"2025-11-27T16:00:42","modified_gmt":"2025-11-27T19:00:42","slug":"entenda-como-a-respiracao-destas-plantas-pode-salvar-sua-casa-do-excesso-de-agua","status":"publish","type":"post","link":"https:\/\/www.em.com.br\/emfoco\/2025\/11\/28\/entenda-como-a-respiracao-destas-plantas-pode-salvar-sua-casa-do-excesso-de-agua\/","title":{"rendered":"Entenda como a respira\u00e7\u00e3o destas plantas pode salvar sua casa do excesso de \u00e1gua"},"content":{"rendered":"\n<p>A&nbsp;<b>umidade<\/b>&nbsp;excessiva dentro das resid\u00eancias \u00e9 um problema comum que pode prejudicar tanto a sa\u00fade dos ocupantes quanto a estrutura do im\u00f3vel. Ambientes \u00famidos favorecem a prolifera\u00e7\u00e3o de&nbsp;<b>mofo<\/b>, bact\u00e9rias e \u00e1caros, aumentando riscos de alergias e doen\u00e7as respirat\u00f3rias. Al\u00e9m disso, paredes e m\u00f3veis podem se deteriorar mais r\u00e1pido, exigindo constantes manuten\u00e7\u00f5es e elevando os&nbsp;<b>custos<\/b>&nbsp;dom\u00e9sticos.<\/p>\n\n\n\n<h2 class=\"wp-block-heading\">De que maneira as&nbsp;plantas&nbsp;ajudam a controlar a umidade interna<\/h2>\n\n\n\n<p><b>Plantas<\/b>&nbsp;de interior s\u00e3o aliadas naturais no combate \u00e0 umidade por conseguirem regular o n\u00edvel de \u00e1gua no ar atrav\u00e9s da transpira\u00e7\u00e3o. Algumas esp\u00e9cies absorvem o excesso de vapor e ajudam a manter o equil\u00edbrio do ambiente, al\u00e9m de proporcionar uma melhora percept\u00edvel na qualidade do ar e no conforto do lar.<\/p>\n\n\n\n<p>Ter&nbsp;<b>plantas<\/b>&nbsp;dentro de casa tamb\u00e9m contribui para suavizar a decora\u00e7\u00e3o dos ambientes e traz sensa\u00e7\u00e3o de aconchego, tornando o espa\u00e7o mais agrad\u00e1vel no dia a dia.<\/p>\n\n\n<div class=\"wp-block-image\">\n<figure class=\"aligncenter size-large\"><img loading=\"lazy\" decoding=\"async\" width=\"1024\" height=\"576\" src=\"https:\/\/www.em.com.br\/emfoco\/wp-content\/uploads\/2025\/07\/Spathiphyllum_1752597005491-1024x576.jpg\" alt=\"\" class=\"wp-image-76361\" srcset=\"https:\/\/www.em.com.br\/emfoco\/wp-content\/uploads\/2025\/07\/Spathiphyllum_1752597005491-1024x576.jpg 1024w, https:\/\/www.em.com.br\/emfoco\/wp-content\/uploads\/2025\/07\/Spathiphyllum_1752597005491-300x169.jpg 300w, https:\/\/www.em.com.br\/emfoco\/wp-content\/uploads\/2025\/07\/Spathiphyllum_1752597005491-768x432.jpg 768w, https:\/\/www.em.com.br\/emfoco\/wp-content\/uploads\/2025\/07\/Spathiphyllum_1752597005491-750x422.jpg 750w, https:\/\/www.em.com.br\/emfoco\/wp-content\/uploads\/2025\/07\/Spathiphyllum_1752597005491-1140x641.jpg 1140w, https:\/\/www.em.com.br\/emfoco\/wp-content\/uploads\/2025\/07\/Spathiphyllum_1752597005491.jpg 1280w\" sizes=\"auto, (max-width: 1024px) 100vw, 1024px\" \/><figcaption class=\"wp-element-caption\">O&nbsp;l\u00edrio-verde, ou chlorophytum, destaca-se por capturar a umidade do ar &#8211; Cr\u00e9ditos: depositphotos.com \/ Ok<\/figcaption><\/figure><\/div>\n\n\n<p>Leia tamb\u00e9m:&nbsp;<a href=\"https:\/\/www.em.com.br\/emfoco\/2025\/11\/24\/os-beneficios-da-manga-no-controle-da-insulina\/\" target=\"_blank\" rel=\"noopener\">Os benef\u00edcios da manga no controle da insulina<\/a><\/p>\n\n\n\n<h2 class=\"wp-block-heading\">Quais os principais benef\u00edcios de utilizar&nbsp;hera&nbsp;para controlar umidade<\/h2>\n\n\n\n<p>A&nbsp;<b>hera<\/b>&nbsp;\u00e9 reconhecida por sua capacidade eficiente de absorver a umidade do ambiente, gra\u00e7as \u00e0 grande \u00e1rea de suas folhas e \u00e0 sua natureza resistente. Sua presen\u00e7a em locais \u00famidos reduz riscos de mofo, ajudando a manter ambientes internos mais secos e saud\u00e1veis.<\/p>\n\n\n\n<p>Por se adaptar bem a diferentes ilumina\u00e7\u00f5es e exigir poucos cuidados, a&nbsp;<b>hera<\/b>&nbsp;pode ser usada em diversos espa\u00e7os, prevenindo problemas estruturais e respirat\u00f3rios.<\/p>\n\n\n<div class=\"wp-block-image\">\n<figure class=\"aligncenter size-large\"><img loading=\"lazy\" decoding=\"async\" width=\"1024\" height=\"576\" src=\"https:\/\/www.em.com.br\/emfoco\/wp-content\/uploads\/2025\/11\/hera_1764264414847-1024x576.jpg\" alt=\"\" class=\"wp-image-132665\" srcset=\"https:\/\/www.em.com.br\/emfoco\/wp-content\/uploads\/2025\/11\/hera_1764264414847-1024x576.jpg 1024w, https:\/\/www.em.com.br\/emfoco\/wp-content\/uploads\/2025\/11\/hera_1764264414847-300x169.jpg 300w, https:\/\/www.em.com.br\/emfoco\/wp-content\/uploads\/2025\/11\/hera_1764264414847-768x432.jpg 768w, https:\/\/www.em.com.br\/emfoco\/wp-content\/uploads\/2025\/11\/hera_1764264414847-750x422.jpg 750w, https:\/\/www.em.com.br\/emfoco\/wp-content\/uploads\/2025\/11\/hera_1764264414847-1140x641.jpg 1140w, https:\/\/www.em.com.br\/emfoco\/wp-content\/uploads\/2025\/11\/hera_1764264414847.jpg 1280w\" sizes=\"auto, (max-width: 1024px) 100vw, 1024px\" \/><figcaption class=\"wp-element-caption\">A&nbsp;hera&nbsp;\u00e9 reconhecida por sua capacidade eficiente de absorver a umidade do ambient &#8211; Cr\u00e9ditos: depositphotos.com \/ Myimagine<\/figcaption><\/figure><\/div>\n\n\n<h2 class=\"wp-block-heading\">Entenda por que o&nbsp;l\u00edrio-verde&nbsp;\u00e9 eficaz contra a umidade<\/h2>\n\n\n\n<p>O&nbsp;<b>l\u00edrio-verde<\/b>, ou chlorophytum, destaca-se por capturar a umidade do ar e auxiliar na purifica\u00e7\u00e3o do ambiente. Suas folhas funcionam como filtros naturais, absorvendo a umidade em excesso enquanto eliminam part\u00edculas poluentes.<\/p>\n\n\n\n<p>Al\u00e9m disso, o&nbsp;<b>l\u00edrio-verde<\/b>&nbsp;libera oxig\u00eanio durante a noite, o que pode melhorar a qualidade do sono, sendo ideal para quartos e outros espa\u00e7os internos fechados.<\/p>\n\n\n\n<h2 class=\"wp-block-heading\">Veja pr\u00e1ticas importantes para potencializar o efeito das&nbsp;plantas desumidificadoras<\/h2>\n\n\n\n<p>Para obter os melhores resultados com plantas como&nbsp;<b>hera<\/b>&nbsp;e&nbsp;<b>l\u00edrio-verde<\/b>&nbsp;no controle da umidade, \u00e9 fundamental adot\u00e1-las de forma estrat\u00e9gica na decora\u00e7\u00e3o e manuten\u00e7\u00e3o dos ambientes. Coloc\u00e1-las nos locais certos e cuidar adequadamente ajuda a maximizar sua efici\u00eancia e promover ambientes mais secos.<\/p>\n\n\n\n<ul class=\"wp-block-list\">\n<li>Posicione as&nbsp;<b>plantas<\/b>&nbsp;em \u00e1reas prop\u00edcias ao ac\u00famulo de umidade, como banheiros e cozinhas.<\/li>\n\n\n\n<li>Utilize&nbsp;<b>vasos<\/b>&nbsp;com boa drenagem para evitar excesso de \u00e1gua nas ra\u00edzes.<\/li>\n\n\n\n<li>Regue somente quando necess\u00e1rio, evitando&nbsp;<b>encharcamento<\/b>&nbsp;do substrato.<\/li>\n\n\n\n<li>Mantenha as folhas&nbsp;<b>limpas<\/b>&nbsp;para garantir uma absor\u00e7\u00e3o eficiente da umidade.<\/li>\n<\/ul>\n\n\n\n<p>Veja um v\u00eddeo do canal <a class=\"yt-simple-endpoint style-scope yt-formatted-string\" spellcheck=\"false\" href=\"https:\/\/www.youtube.com\/@SpagnholPlantas1\" target=\"_blank\" rel=\"noopener\">Spagnhol Plantas<\/a> sobre dicas de como plantar o l\u00edrio-verde:<\/p>\n\n\n\n<figure class=\"wp-block-embed is-type-video is-provider-youtube wp-block-embed-youtube wp-embed-aspect-16-9 wp-has-aspect-ratio\"><div class=\"wp-block-embed__wrapper\">\n<div class=\"jeg_video_container jeg_video_content\"><iframe loading=\"lazy\" title=\"Dicas para o L\u00cdRIO-DA-PAZ FLORESCER | Descubra COMO CULTIVAR\" width=\"500\" height=\"281\" src=\"https:\/\/www.youtube.com\/embed\/YMLtA64EDVA?feature=oembed\" frameborder=\"0\" allow=\"accelerometer; autoplay; clipboard-write; encrypted-media; gyroscope; picture-in-picture; web-share\" referrerpolicy=\"strict-origin-when-cross-origin\" allowfullscreen><\/iframe><\/div>\n<\/div><\/figure>\n\n\n\n<h2 class=\"wp-block-heading\">Como a combina\u00e7\u00e3o entre&nbsp;hera&nbsp;e&nbsp;l\u00edrio-verde&nbsp;potencializa o combate \u00e0 umidade<\/h2>\n\n\n\n<p>Unir&nbsp;<b>hera<\/b>&nbsp;e&nbsp;<b>l\u00edrio-verde<\/b>&nbsp;no mesmo ambiente intensifica o controle da umidade e a purifica\u00e7\u00e3o do ar devido aos efeitos complementares das duas esp\u00e9cies. Enquanto a&nbsp;<b>hera<\/b>&nbsp;foca mais na absor\u00e7\u00e3o da umidade, o&nbsp;<b>l\u00edrio-verde<\/b>&nbsp;atua na purifica\u00e7\u00e3o e enriquecimento do ar com oxig\u00eanio.<\/p>\n\n\n\n<p>Essa combina\u00e7\u00e3o&nbsp;<b>sin\u00e9rgica<\/b>&nbsp;contribui para criar um ambiente interno mais saud\u00e1vel e visualmente agrad\u00e1vel, refor\u00e7ando a sa\u00fade e o bem-estar dos moradores.<\/p>\n\n\n\n<p>Optar por plantas desumidificadoras, como&nbsp;<b>hera<\/b>&nbsp;e&nbsp;<b>l\u00edrio-verde<\/b>, \u00e9 uma solu\u00e7\u00e3o sustent\u00e1vel para melhorar a qualidade do ar e o conforto dentro de casa. Elas promovem bem-estar, previnem&nbsp;<b>danos<\/b>&nbsp;estruturais e contribuem com um toque de&nbsp;<b>natureza<\/b>&nbsp;na decora\u00e7\u00e3o dos ambientes internos.<\/p>\n","protected":false},"excerpt":{"rendered":"<p>A&nbsp;umidade&nbsp;excessiva dentro das resid\u00eancias \u00e9 um problema comum que pode prejudicar tanto a sa\u00fade dos ocupantes quanto a estrutura do im\u00f3vel. Ambientes \u00famidos favorecem a prolifera\u00e7\u00e3o de&nbsp;mofo, bact\u00e9rias e \u00e1caros, aumentando riscos de alergias e doen\u00e7as respirat\u00f3rias. Al\u00e9m disso, paredes e m\u00f3veis podem se deteriorar mais r\u00e1pido, exigindo constantes manuten\u00e7\u00f5es e elevando os&nbsp;custos&nbsp;dom\u00e9sticos. De que [&hellip;]<\/p>\n","protected":false},"author":9,"featured_media":43770,"comment_status":"open","ping_status":"open","sticky":false,"template":"","format":"standard","meta":{"jnews-multi-image_gallery":[],"jnews_single_post":{"format":"standard"},"jnews_primary_category":[],"jnews_social_meta":[],"jnews_override_counter":[],"footnotes":""},"categories":[8691,8819,1],"tags":[4323,19380,2000],"class_list":["post-132467","post","type-post","status-publish","format-standard","has-post-thumbnail","hentry","category-bem-estar","category-curiosidades","category-noticias","tag-flor","tag-lirio-verde","tag-umidade"],"yoast_head":"<!-- This site is optimized with the Yoast SEO plugin v23.8 - https:\/\/yoast.com\/wordpress\/plugins\/seo\/ -->\n<title>Entenda como a respira\u00e7\u00e3o destas plantas pode salvar sua casa do excesso de \u00e1gua - Estado de Minas - Em foco<\/title>\n<meta name=\"description\" content=\"Use a hera e o l\u00edrio-verde para combater o mofo e a umidade excessiva. Essas plantas purificam o ar e protegem a sa\u00fade da sua fam\u00edlia.\" \/>\n<meta name=\"robots\" content=\"index, follow, max-snippet:-1, max-image-preview:large, max-video-preview:-1\" \/>\n<link rel=\"canonical\" href=\"https:\/\/www.em.com.br\/emfoco\/2025\/11\/28\/entenda-como-a-respiracao-destas-plantas-pode-salvar-sua-casa-do-excesso-de-agua\/\" \/>\n<meta property=\"og:locale\" content=\"pt_BR\" \/>\n<meta property=\"og:type\" content=\"article\" \/>\n<meta property=\"og:title\" content=\"Entenda como a respira\u00e7\u00e3o destas plantas pode salvar sua casa do excesso de \u00e1gua - Estado de Minas - Em foco\" \/>\n<meta property=\"og:description\" content=\"Use a hera e o l\u00edrio-verde para combater o mofo e a umidade excessiva. Essas plantas purificam o ar e protegem a sa\u00fade da sua fam\u00edlia.\" \/>\n<meta property=\"og:url\" content=\"https:\/\/www.em.com.br\/emfoco\/2025\/11\/28\/entenda-como-a-respiracao-destas-plantas-pode-salvar-sua-casa-do-excesso-de-agua\/\" \/>\n<meta property=\"og:site_name\" content=\"Estado de Minas - Em foco\" \/>\n<meta property=\"article:published_time\" content=\"2025-11-28T12:55:38+00:00\" \/>\n<meta property=\"article:modified_time\" content=\"2025-11-27T19:00:42+00:00\" \/>\n<meta property=\"og:image\" content=\"https:\/\/www.em.com.br\/emfoco\/wp-content\/uploads\/2025\/05\/lirio-da-paz_1746193931357.jpg\" \/>\n\t<meta property=\"og:image:width\" content=\"1280\" \/>\n\t<meta property=\"og:image:height\" content=\"720\" \/>\n\t<meta property=\"og:image:type\" content=\"image\/jpeg\" \/>\n<meta name=\"author\" content=\"Daniely Cardoso\" \/>\n<meta name=\"twitter:card\" content=\"summary_large_image\" \/>\n<meta name=\"twitter:label1\" content=\"Escrito por\" \/>\n\t<meta name=\"twitter:data1\" content=\"Daniely Cardoso\" \/>\n\t<meta name=\"twitter:label2\" content=\"Est. tempo de leitura\" \/>\n\t<meta name=\"twitter:data2\" content=\"4 minutos\" \/>\n<!-- \/ Yoast SEO plugin. -->","yoast_head_json":{"title":"Entenda como a respira\u00e7\u00e3o destas plantas pode salvar sua casa do excesso de \u00e1gua - Estado de Minas - Em foco","description":"Use a hera e o l\u00edrio-verde para combater o mofo e a umidade excessiva. Essas plantas purificam o ar e protegem a sa\u00fade da sua fam\u00edlia.","robots":{"index":"index","follow":"follow","max-snippet":"max-snippet:-1","max-image-preview":"max-image-preview:large","max-video-preview":"max-video-preview:-1"},"canonical":"https:\/\/www.em.com.br\/emfoco\/2025\/11\/28\/entenda-como-a-respiracao-destas-plantas-pode-salvar-sua-casa-do-excesso-de-agua\/","og_locale":"pt_BR","og_type":"article","og_title":"Entenda como a respira\u00e7\u00e3o destas plantas pode salvar sua casa do excesso de \u00e1gua - Estado de Minas - Em foco","og_description":"Use a hera e o l\u00edrio-verde para combater o mofo e a umidade excessiva. Essas plantas purificam o ar e protegem a sa\u00fade da sua fam\u00edlia.","og_url":"https:\/\/www.em.com.br\/emfoco\/2025\/11\/28\/entenda-como-a-respiracao-destas-plantas-pode-salvar-sua-casa-do-excesso-de-agua\/","og_site_name":"Estado de Minas - Em foco","article_published_time":"2025-11-28T12:55:38+00:00","article_modified_time":"2025-11-27T19:00:42+00:00","og_image":[{"width":1280,"height":720,"url":"https:\/\/www.em.com.br\/emfoco\/wp-content\/uploads\/2025\/05\/lirio-da-paz_1746193931357.jpg","type":"image\/jpeg"}],"author":"Daniely Cardoso","twitter_card":"summary_large_image","twitter_misc":{"Escrito por":"Daniely Cardoso","Est. tempo de leitura":"4 minutos"},"schema":{"@context":"https:\/\/schema.org","@graph":[{"@type":"WebPage","@id":"https:\/\/www.em.com.br\/emfoco\/2025\/11\/28\/entenda-como-a-respiracao-destas-plantas-pode-salvar-sua-casa-do-excesso-de-agua\/","url":"https:\/\/www.em.com.br\/emfoco\/2025\/11\/28\/entenda-como-a-respiracao-destas-plantas-pode-salvar-sua-casa-do-excesso-de-agua\/","name":"Entenda como a respira\u00e7\u00e3o destas plantas pode salvar sua casa do excesso de \u00e1gua - Estado de Minas - Em foco","isPartOf":{"@id":"https:\/\/www.em.com.br\/emfoco\/#website"},"primaryImageOfPage":{"@id":"https:\/\/www.em.com.br\/emfoco\/2025\/11\/28\/entenda-como-a-respiracao-destas-plantas-pode-salvar-sua-casa-do-excesso-de-agua\/#primaryimage"},"image":{"@id":"https:\/\/www.em.com.br\/emfoco\/2025\/11\/28\/entenda-como-a-respiracao-destas-plantas-pode-salvar-sua-casa-do-excesso-de-agua\/#primaryimage"},"thumbnailUrl":"https:\/\/www.em.com.br\/emfoco\/wp-content\/uploads\/2025\/05\/lirio-da-paz_1746193931357.jpg","datePublished":"2025-11-28T12:55:38+00:00","dateModified":"2025-11-27T19:00:42+00:00","author":{"@id":"https:\/\/www.em.com.br\/emfoco\/#\/schema\/person\/0a8186d72f2c3a5c6276d90b41f271a0"},"description":"Use a hera e o l\u00edrio-verde para combater o mofo e a umidade excessiva. Essas plantas purificam o ar e protegem a sa\u00fade da sua fam\u00edlia.","breadcrumb":{"@id":"https:\/\/www.em.com.br\/emfoco\/2025\/11\/28\/entenda-como-a-respiracao-destas-plantas-pode-salvar-sua-casa-do-excesso-de-agua\/#breadcrumb"},"inLanguage":"pt-BR","potentialAction":[{"@type":"ReadAction","target":["https:\/\/www.em.com.br\/emfoco\/2025\/11\/28\/entenda-como-a-respiracao-destas-plantas-pode-salvar-sua-casa-do-excesso-de-agua\/"]}]},{"@type":"ImageObject","inLanguage":"pt-BR","@id":"https:\/\/www.em.com.br\/emfoco\/2025\/11\/28\/entenda-como-a-respiracao-destas-plantas-pode-salvar-sua-casa-do-excesso-de-agua\/#primaryimage","url":"https:\/\/www.em.com.br\/emfoco\/wp-content\/uploads\/2025\/05\/lirio-da-paz_1746193931357.jpg","contentUrl":"https:\/\/www.em.com.br\/emfoco\/wp-content\/uploads\/2025\/05\/lirio-da-paz_1746193931357.jpg","width":1280,"height":720,"caption":"L\u00edrio da paz - Cr\u00e9ditos: depositphotos.com \/ Aisyaqilumar"},{"@type":"BreadcrumbList","@id":"https:\/\/www.em.com.br\/emfoco\/2025\/11\/28\/entenda-como-a-respiracao-destas-plantas-pode-salvar-sua-casa-do-excesso-de-agua\/#breadcrumb","itemListElement":[{"@type":"ListItem","position":1,"name":"In\u00edcio","item":"https:\/\/www.em.com.br\/emfoco\/"},{"@type":"ListItem","position":2,"name":"Entenda como a respira\u00e7\u00e3o destas plantas pode salvar sua casa do excesso de \u00e1gua"}]},{"@type":"WebSite","@id":"https:\/\/www.em.com.br\/emfoco\/#website","url":"https:\/\/www.em.com.br\/emfoco\/","name":"Estado de Minas - Em foco","description":"Acompanhe as \u00faltimas not\u00edcias e fique bem informado sobre tudo o que acontece em Minas Gerais, Brasil e no mundo.","potentialAction":[{"@type":"SearchAction","target":{"@type":"EntryPoint","urlTemplate":"https:\/\/www.em.com.br\/emfoco\/?s={search_term_string}"},"query-input":{"@type":"PropertyValueSpecification","valueRequired":true,"valueName":"search_term_string"}}],"inLanguage":"pt-BR"},{"@type":"Person","@id":"https:\/\/www.em.com.br\/emfoco\/#\/schema\/person\/0a8186d72f2c3a5c6276d90b41f271a0","name":"Daniely Cardoso","image":{"@type":"ImageObject","inLanguage":"pt-BR","@id":"https:\/\/www.em.com.br\/emfoco\/#\/schema\/person\/image\/","url":"https:\/\/secure.gravatar.com\/avatar\/4b80ddbd124d1f071b626d52d62e5dff?s=96&d=mm&r=g","contentUrl":"https:\/\/secure.gravatar.com\/avatar\/4b80ddbd124d1f071b626d52d62e5dff?s=96&d=mm&r=g","caption":"Daniely Cardoso"},"url":"https:\/\/www.em.com.br\/emfoco\/author\/danielymyth\/"}]}},"_links":{"self":[{"href":"https:\/\/www.em.com.br\/emfoco\/wp-json\/wp\/v2\/posts\/132467","targetHints":{"allow":["GET"]}}],"collection":[{"href":"https:\/\/www.em.com.br\/emfoco\/wp-json\/wp\/v2\/posts"}],"about":[{"href":"https:\/\/www.em.com.br\/emfoco\/wp-json\/wp\/v2\/types\/post"}],"author":[{"embeddable":true,"href":"https:\/\/www.em.com.br\/emfoco\/wp-json\/wp\/v2\/users\/9"}],"replies":[{"embeddable":true,"href":"https:\/\/www.em.com.br\/emfoco\/wp-json\/wp\/v2\/comments?post=132467"}],"version-history":[{"count":4,"href":"https:\/\/www.em.com.br\/emfoco\/wp-json\/wp\/v2\/posts\/132467\/revisions"}],"predecessor-version":[{"id":132723,"href":"https:\/\/www.em.com.br\/emfoco\/wp-json\/wp\/v2\/posts\/132467\/revisions\/132723"}],"wp:featuredmedia":[{"embeddable":true,"href":"https:\/\/www.em.com.br\/emfoco\/wp-json\/wp\/v2\/media\/43770"}],"wp:attachment":[{"href":"https:\/\/www.em.com.br\/emfoco\/wp-json\/wp\/v2\/media?parent=132467"}],"wp:term":[{"taxonomy":"category","embeddable":true,"href":"https:\/\/www.em.com.br\/emfoco\/wp-json\/wp\/v2\/categories?post=132467"},{"taxonomy":"post_tag","embeddable":true,"href":"https:\/\/www.em.com.br\/emfoco\/wp-json\/wp\/v2\/tags?post=132467"}],"curies":[{"name":"wp","href":"https:\/\/api.w.org\/{rel}","templated":true}]}}