{"id":132412,"date":"2025-11-29T11:25:00","date_gmt":"2025-11-29T14:25:00","guid":{"rendered":"https:\/\/www.em.com.br\/emfoco\/?p=132412"},"modified":"2025-11-26T20:57:21","modified_gmt":"2025-11-26T23:57:21","slug":"o-destino-urbano-mais-completo-do-brasil-esta-surpreendendo-turistas","status":"publish","type":"post","link":"https:\/\/www.em.com.br\/emfoco\/2025\/11\/29\/o-destino-urbano-mais-completo-do-brasil-esta-surpreendendo-turistas\/","title":{"rendered":"O destino urbano mais completo do Brasil est\u00e1 surpreendendo turistas"},"content":{"rendered":"\n<p><strong>Curitiba<\/strong> se tornou uma das cidades mais surpreendentes do Brasil ao reunir planejamento exemplar, \u00e1reas verdes impec\u00e1veis, arquitetura moderna e uma vida cultural intensa, criando um equil\u00edbrio raro entre natureza, hist\u00f3ria, inova\u00e7\u00e3o e gastronomia que conquista qualquer visitante.<\/p>\n\n\n\n<h2 class=\"wp-block-heading\">Por que Curitiba impressiona quem chega pela primeira vez?<\/h2>\n\n\n\n<p>A capital paranaense combina organiza\u00e7\u00e3o urbana, mobilidade eficiente e espa\u00e7os p\u00fablicos cuidados, oferecendo uma experi\u00eancia que une <a href=\"https:\/\/www.cartacapital.com.br\/sociedade\/as-10-cidades-brasileiras-com-a-melhor-e-a-pior-qualidade-de-vida-segundo-o-indice-de-progresso-social\/\" target=\"_blank\" rel=\"noreferrer noopener\"><strong>qualidade de vida<\/strong> <\/a>e atra\u00e7\u00f5es marcantes. Essa harmonia faz da cidade um destino completo em qualquer \u00e9poca do ano.<\/p>\n\n\n\n<p>A atmosfera europeia se mistura ao ritmo brasileiro em ruas floridas, parques amplos e bairros culturais que valorizam a <strong>vida ao ar livre<\/strong>. Por isso, quem visita Curitiba sempre se surpreende com o equil\u00edbrio entre beleza, modernidade e tranquilidade.<\/p>\n\n\n\n<h2 class=\"wp-block-heading\">Quais parques e espa\u00e7os naturais fazem Curitiba se destacar?<\/h2>\n\n\n\n<p>A cidade \u00e9 famosa pela quantidade de \u00e1reas verdes bem cuidadas, tornando o passeio leve e agrad\u00e1vel. Esses espa\u00e7os s\u00e3o ideais para quem gosta de caminhar, fotografar ou simplesmente relaxar em meio \u00e0 natureza.<\/p>\n\n\n\n<ul class=\"wp-block-list\">\n<li><strong>Jardim Bot\u00e2nico<\/strong>: cart\u00e3o-postal com estufa de vidro inspirada em pal\u00e1cios europeus.<\/li>\n\n\n\n<li><strong>Parque Barigui<\/strong>: \u00f3timo para ver capivaras e apreciar um p\u00f4r do sol impec\u00e1vel.<\/li>\n\n\n\n<li><strong>Bosque Alem\u00e3o<\/strong>: trilhas leves, mirantes e constru\u00e7\u00f5es tem\u00e1ticas encantadoras.<\/li>\n<\/ul>\n\n\n\n<figure class=\"wp-block-image size-large\"><img loading=\"lazy\" decoding=\"async\" width=\"1024\" height=\"576\" src=\"https:\/\/www.em.com.br\/emfoco\/wp-content\/uploads\/2025\/05\/Curitiba-Parana_1747399404624-1024x576.jpg\" alt=\"A cidade brasileira que virou refer\u00eancia mundial em qualidade de vida e urbanismo\" class=\"wp-image-47931\" srcset=\"https:\/\/www.em.com.br\/emfoco\/wp-content\/uploads\/2025\/05\/Curitiba-Parana_1747399404624-1024x576.jpg 1024w, https:\/\/www.em.com.br\/emfoco\/wp-content\/uploads\/2025\/05\/Curitiba-Parana_1747399404624-300x169.jpg 300w, https:\/\/www.em.com.br\/emfoco\/wp-content\/uploads\/2025\/05\/Curitiba-Parana_1747399404624-768x432.jpg 768w, https:\/\/www.em.com.br\/emfoco\/wp-content\/uploads\/2025\/05\/Curitiba-Parana_1747399404624-750x422.jpg 750w, https:\/\/www.em.com.br\/emfoco\/wp-content\/uploads\/2025\/05\/Curitiba-Parana_1747399404624-1140x642.jpg 1140w, https:\/\/www.em.com.br\/emfoco\/wp-content\/uploads\/2025\/05\/Curitiba-Parana_1747399404624.jpg 1279w\" sizes=\"auto, (max-width: 1024px) 100vw, 1024px\" \/><figcaption class=\"wp-element-caption\">Curitiba, Paran\u00e1 &#8211; Cr\u00e9ditos: depositphotos.com \/ pedromoraesphotos<\/figcaption><\/figure>\n\n\n\n<p><em>Leia mais: <strong><a href=\"https:\/\/www.em.com.br\/emfoco\/2025\/11\/26\/o-destino-capixaba-que-prova-que-da-pra-relaxar-sem-estourar-o-orcamento\/\" target=\"_blank\" rel=\"noreferrer noopener\">O destino capixaba que prova que d\u00e1 para relaxar sem estourar o or\u00e7amento<\/a><\/strong><\/em><\/p>\n\n\n\n<h2 class=\"wp-block-heading\">Como a cultura transforma a experi\u00eancia tur\u00edstica na cidade?<\/h2>\n\n\n\n<p>A for\u00e7a cultural de Curitiba aparece em museus, teatros e ruas hist\u00f3ricas que preservam o passado europeu. O <strong>Museu Oscar Niemeyer<\/strong>, conhecido como Museu do Olho, \u00e9 um dos mais importantes da Am\u00e9rica Latina e impressiona pelo acervo e pela arquitetura ic\u00f4nica.<\/p>\n\n\n\n<p>O Centro Hist\u00f3rico revela caf\u00e9s, feiras e constru\u00e7\u00f5es preservadas que mostram a origem multicultural da cidade. Caminhar por essas ruas \u00e9 vivenciar a <strong>vida curitibana<\/strong> em sua ess\u00eancia, entre arte, gastronomia e hist\u00f3ria.<\/p>\n\n\n\n<h2 class=\"wp-block-heading\">Quais experi\u00eancias n\u00e3o podem faltar no roteiro do visitante?<\/h2>\n\n\n\n<p>Curitiba oferece atra\u00e7\u00f5es emblem\u00e1ticas que ajudam o turista a entender a identidade moderna e criativa da cidade. Para aproveitar ao m\u00e1ximo, vale incluir no planejamento alguns lugares indispens\u00e1veis:<\/p>\n\n\n\n<ul class=\"wp-block-list\">\n<li><strong>\u00d3pera de Arame<\/strong>: estrutura met\u00e1lica sobre um lago, cen\u00e1rio \u00fanico para shows e eventos.<\/li>\n\n\n\n<li><strong>Parque Tangu\u00e1<\/strong>: famoso por um dos p\u00f4r do sol mais bonitos do pa\u00eds.<\/li>\n\n\n\n<li><strong>Linha Turismo<\/strong>: \u00f4nibus especial que percorre todos os principais pontos tur\u00edsticos.<\/li>\n<\/ul>\n\n\n\n<p>Confira mais dicas do que visitar em Curitiba, compartilhada pelo canal do YouTube <strong>@Sonhe Alto Viagens:<\/strong><\/p>\n\n\n\n<figure class=\"wp-block-embed is-type-video is-provider-youtube wp-block-embed-youtube wp-embed-aspect-16-9 wp-has-aspect-ratio\"><div class=\"wp-block-embed__wrapper\">\n<div class=\"jeg_video_container jeg_video_content\"><iframe loading=\"lazy\" title=\"O QUE FAZER EM CURITIBA - Roteiro 3 dias com todos os pre\u00e7os!\" width=\"500\" height=\"281\" src=\"https:\/\/www.youtube.com\/embed\/YcaO6Ay9Y_o?feature=oembed\" frameborder=\"0\" allow=\"accelerometer; autoplay; clipboard-write; encrypted-media; gyroscope; picture-in-picture; web-share\" referrerpolicy=\"strict-origin-when-cross-origin\" allowfullscreen><\/iframe><\/div>\n<\/div><\/figure>\n\n\n\n<h2 class=\"wp-block-heading\">Como montar um roteiro perfeito para conhecer Curitiba?<\/h2>\n\n\n\n<p>Com tantas atra\u00e7\u00f5es, organizar o dia ajuda a aproveitar melhor a cidade. Um roteiro cl\u00e1ssico come\u00e7a no <strong>Jardim Bot\u00e2nico<\/strong> pela manh\u00e3, segue para o MON, inclui um almo\u00e7o no centro e finaliza o dia na \u00d3pera de Arame ou no Parque Tangu\u00e1.<\/p>\n\n\n\n<ul class=\"wp-block-list\">\n<li><strong>Acesso facilitado<\/strong>: aeroporto pr\u00f3prio e chegada simples pela BR-101.<\/li>\n\n\n\n<li><strong>Hospedagens variadas<\/strong>: hot\u00e9is centrais modernos e pousadas pr\u00f3ximas \u00e0s \u00e1reas verdes.<\/li>\n\n\n\n<li><strong>Gastronomia regional<\/strong>: pratos t\u00edpicos paranaenses e culin\u00e1ria contempor\u00e2nea de alta qualidade.<\/li>\n<\/ul>\n\n\n\n<p>Curitiba \u00e9 o destino ideal para quem busca organiza\u00e7\u00e3o, natureza exuberante, cultura vibrante e experi\u00eancias urbanas completas. Uma cidade que surpreende, acolhe e encanta \u2014 e que deixa qualquer viagem mais especial.<\/p>\n","protected":false},"excerpt":{"rendered":"<p>Curitiba se tornou uma das cidades mais surpreendentes do Brasil ao reunir planejamento exemplar, \u00e1reas verdes impec\u00e1veis, arquitetura moderna e uma vida cultural intensa, criando um equil\u00edbrio raro entre natureza, hist\u00f3ria, inova\u00e7\u00e3o e gastronomia que conquista qualquer visitante. Por que Curitiba impressiona quem chega pela primeira vez? A capital paranaense combina organiza\u00e7\u00e3o urbana, mobilidade eficiente [&hellip;]<\/p>\n","protected":false},"author":13,"featured_media":67390,"comment_status":"open","ping_status":"open","sticky":false,"template":"","format":"standard","meta":{"jnews-multi-image_gallery":[],"jnews_single_post":{"format":"standard"},"jnews_primary_category":[],"jnews_social_meta":[],"jnews_override_counter":[],"footnotes":""},"categories":[26],"tags":[242,1209,325,157],"class_list":["post-132412","post","type-post","status-publish","format-standard","has-post-thumbnail","hentry","category-cidades","tag-curitiba","tag-parana","tag-sustentabilidade","tag-turismo"],"yoast_head":"<!-- This site is optimized with the Yoast SEO plugin v23.8 - https:\/\/yoast.com\/wordpress\/plugins\/seo\/ -->\n<title>O destino urbano mais completo do Brasil est\u00e1 surpreendendo turistas - Estado de Minas - Em foco<\/title>\n<meta name=\"description\" content=\"De p\u00f4r do sol a vida cultural intensa, essa cidade \u00e9 a escolha perfeita para quem quer viajar com qualidade e experi\u00eancias marcantes.\" \/>\n<meta name=\"robots\" content=\"index, follow, max-snippet:-1, max-image-preview:large, max-video-preview:-1\" \/>\n<link rel=\"canonical\" href=\"https:\/\/www.em.com.br\/emfoco\/2025\/11\/29\/o-destino-urbano-mais-completo-do-brasil-esta-surpreendendo-turistas\/\" \/>\n<meta property=\"og:locale\" content=\"pt_BR\" \/>\n<meta property=\"og:type\" content=\"article\" \/>\n<meta property=\"og:title\" content=\"O destino urbano mais completo do Brasil est\u00e1 surpreendendo turistas - Estado de Minas - Em foco\" \/>\n<meta property=\"og:description\" content=\"De p\u00f4r do sol a vida cultural intensa, essa cidade \u00e9 a escolha perfeita para quem quer viajar com qualidade e experi\u00eancias marcantes.\" \/>\n<meta property=\"og:url\" content=\"https:\/\/www.em.com.br\/emfoco\/2025\/11\/29\/o-destino-urbano-mais-completo-do-brasil-esta-surpreendendo-turistas\/\" \/>\n<meta property=\"og:site_name\" content=\"Estado de Minas - Em foco\" \/>\n<meta property=\"article:published_time\" content=\"2025-11-29T14:25:00+00:00\" \/>\n<meta property=\"article:modified_time\" content=\"2025-11-26T23:57:21+00:00\" \/>\n<meta property=\"og:image\" content=\"https:\/\/www.em.com.br\/emfoco\/wp-content\/uploads\/2025\/06\/Curitiba_1750949474670.jpg\" \/>\n\t<meta property=\"og:image:width\" content=\"1279\" \/>\n\t<meta property=\"og:image:height\" content=\"720\" \/>\n\t<meta property=\"og:image:type\" content=\"image\/jpeg\" \/>\n<meta name=\"author\" content=\"Gabriel Martins\" \/>\n<meta name=\"twitter:card\" content=\"summary_large_image\" \/>\n<meta name=\"twitter:label1\" content=\"Escrito por\" \/>\n\t<meta name=\"twitter:data1\" content=\"Gabriel Martins\" \/>\n\t<meta name=\"twitter:label2\" content=\"Est. tempo de leitura\" \/>\n\t<meta name=\"twitter:data2\" content=\"4 minutos\" \/>\n<!-- \/ Yoast SEO plugin. -->","yoast_head_json":{"title":"O destino urbano mais completo do Brasil est\u00e1 surpreendendo turistas - Estado de Minas - Em foco","description":"De p\u00f4r do sol a vida cultural intensa, essa cidade \u00e9 a escolha perfeita para quem quer viajar com qualidade e experi\u00eancias marcantes.","robots":{"index":"index","follow":"follow","max-snippet":"max-snippet:-1","max-image-preview":"max-image-preview:large","max-video-preview":"max-video-preview:-1"},"canonical":"https:\/\/www.em.com.br\/emfoco\/2025\/11\/29\/o-destino-urbano-mais-completo-do-brasil-esta-surpreendendo-turistas\/","og_locale":"pt_BR","og_type":"article","og_title":"O destino urbano mais completo do Brasil est\u00e1 surpreendendo turistas - Estado de Minas - Em foco","og_description":"De p\u00f4r do sol a vida cultural intensa, essa cidade \u00e9 a escolha perfeita para quem quer viajar com qualidade e experi\u00eancias marcantes.","og_url":"https:\/\/www.em.com.br\/emfoco\/2025\/11\/29\/o-destino-urbano-mais-completo-do-brasil-esta-surpreendendo-turistas\/","og_site_name":"Estado de Minas - Em foco","article_published_time":"2025-11-29T14:25:00+00:00","article_modified_time":"2025-11-26T23:57:21+00:00","og_image":[{"width":1279,"height":720,"url":"https:\/\/www.em.com.br\/emfoco\/wp-content\/uploads\/2025\/06\/Curitiba_1750949474670.jpg","type":"image\/jpeg"}],"author":"Gabriel Martins","twitter_card":"summary_large_image","twitter_misc":{"Escrito por":"Gabriel Martins","Est. tempo de leitura":"4 minutos"},"schema":{"@context":"https:\/\/schema.org","@graph":[{"@type":"WebPage","@id":"https:\/\/www.em.com.br\/emfoco\/2025\/11\/29\/o-destino-urbano-mais-completo-do-brasil-esta-surpreendendo-turistas\/","url":"https:\/\/www.em.com.br\/emfoco\/2025\/11\/29\/o-destino-urbano-mais-completo-do-brasil-esta-surpreendendo-turistas\/","name":"O destino urbano mais completo do Brasil est\u00e1 surpreendendo turistas - Estado de Minas - Em foco","isPartOf":{"@id":"https:\/\/www.em.com.br\/emfoco\/#website"},"primaryImageOfPage":{"@id":"https:\/\/www.em.com.br\/emfoco\/2025\/11\/29\/o-destino-urbano-mais-completo-do-brasil-esta-surpreendendo-turistas\/#primaryimage"},"image":{"@id":"https:\/\/www.em.com.br\/emfoco\/2025\/11\/29\/o-destino-urbano-mais-completo-do-brasil-esta-surpreendendo-turistas\/#primaryimage"},"thumbnailUrl":"https:\/\/www.em.com.br\/emfoco\/wp-content\/uploads\/2025\/06\/Curitiba_1750949474670.jpg","datePublished":"2025-11-29T14:25:00+00:00","dateModified":"2025-11-26T23:57:21+00:00","author":{"@id":"https:\/\/www.em.com.br\/emfoco\/#\/schema\/person\/1c9ddeab18b98abeffef834667bcf08a"},"description":"De p\u00f4r do sol a vida cultural intensa, essa cidade \u00e9 a escolha perfeita para quem quer viajar com qualidade e experi\u00eancias marcantes.","breadcrumb":{"@id":"https:\/\/www.em.com.br\/emfoco\/2025\/11\/29\/o-destino-urbano-mais-completo-do-brasil-esta-surpreendendo-turistas\/#breadcrumb"},"inLanguage":"pt-BR","potentialAction":[{"@type":"ReadAction","target":["https:\/\/www.em.com.br\/emfoco\/2025\/11\/29\/o-destino-urbano-mais-completo-do-brasil-esta-surpreendendo-turistas\/"]}]},{"@type":"ImageObject","inLanguage":"pt-BR","@id":"https:\/\/www.em.com.br\/emfoco\/2025\/11\/29\/o-destino-urbano-mais-completo-do-brasil-esta-surpreendendo-turistas\/#primaryimage","url":"https:\/\/www.em.com.br\/emfoco\/wp-content\/uploads\/2025\/06\/Curitiba_1750949474670.jpg","contentUrl":"https:\/\/www.em.com.br\/emfoco\/wp-content\/uploads\/2025\/06\/Curitiba_1750949474670.jpg","width":1279,"height":720,"caption":"Museu Oscar Niemeyer, Curitiba - Cr\u00e9ditos: depositphotos.com \/ detanan"},{"@type":"BreadcrumbList","@id":"https:\/\/www.em.com.br\/emfoco\/2025\/11\/29\/o-destino-urbano-mais-completo-do-brasil-esta-surpreendendo-turistas\/#breadcrumb","itemListElement":[{"@type":"ListItem","position":1,"name":"In\u00edcio","item":"https:\/\/www.em.com.br\/emfoco\/"},{"@type":"ListItem","position":2,"name":"O destino urbano mais completo do Brasil est\u00e1 surpreendendo turistas"}]},{"@type":"WebSite","@id":"https:\/\/www.em.com.br\/emfoco\/#website","url":"https:\/\/www.em.com.br\/emfoco\/","name":"Estado de Minas - Em foco","description":"Acompanhe as \u00faltimas not\u00edcias e fique bem informado sobre tudo o que acontece em Minas Gerais, Brasil e no mundo.","potentialAction":[{"@type":"SearchAction","target":{"@type":"EntryPoint","urlTemplate":"https:\/\/www.em.com.br\/emfoco\/?s={search_term_string}"},"query-input":{"@type":"PropertyValueSpecification","valueRequired":true,"valueName":"search_term_string"}}],"inLanguage":"pt-BR"},{"@type":"Person","@id":"https:\/\/www.em.com.br\/emfoco\/#\/schema\/person\/1c9ddeab18b98abeffef834667bcf08a","name":"Gabriel Martins","image":{"@type":"ImageObject","inLanguage":"pt-BR","@id":"https:\/\/www.em.com.br\/emfoco\/#\/schema\/person\/image\/","url":"https:\/\/secure.gravatar.com\/avatar\/f0f1e2efdfd88f1ad2cb08c5c2731e50?s=96&d=mm&r=g","contentUrl":"https:\/\/secure.gravatar.com\/avatar\/f0f1e2efdfd88f1ad2cb08c5c2731e50?s=96&d=mm&r=g","caption":"Gabriel Martins"},"sameAs":["https:\/\/www.em.com.br\/emfoco\/"],"url":"https:\/\/www.em.com.br\/emfoco\/author\/gabrielmartinsmyth\/"}]}},"_links":{"self":[{"href":"https:\/\/www.em.com.br\/emfoco\/wp-json\/wp\/v2\/posts\/132412","targetHints":{"allow":["GET"]}}],"collection":[{"href":"https:\/\/www.em.com.br\/emfoco\/wp-json\/wp\/v2\/posts"}],"about":[{"href":"https:\/\/www.em.com.br\/emfoco\/wp-json\/wp\/v2\/types\/post"}],"author":[{"embeddable":true,"href":"https:\/\/www.em.com.br\/emfoco\/wp-json\/wp\/v2\/users\/13"}],"replies":[{"embeddable":true,"href":"https:\/\/www.em.com.br\/emfoco\/wp-json\/wp\/v2\/comments?post=132412"}],"version-history":[{"count":1,"href":"https:\/\/www.em.com.br\/emfoco\/wp-json\/wp\/v2\/posts\/132412\/revisions"}],"predecessor-version":[{"id":132413,"href":"https:\/\/www.em.com.br\/emfoco\/wp-json\/wp\/v2\/posts\/132412\/revisions\/132413"}],"wp:featuredmedia":[{"embeddable":true,"href":"https:\/\/www.em.com.br\/emfoco\/wp-json\/wp\/v2\/media\/67390"}],"wp:attachment":[{"href":"https:\/\/www.em.com.br\/emfoco\/wp-json\/wp\/v2\/media?parent=132412"}],"wp:term":[{"taxonomy":"category","embeddable":true,"href":"https:\/\/www.em.com.br\/emfoco\/wp-json\/wp\/v2\/categories?post=132412"},{"taxonomy":"post_tag","embeddable":true,"href":"https:\/\/www.em.com.br\/emfoco\/wp-json\/wp\/v2\/tags?post=132412"}],"curies":[{"name":"wp","href":"https:\/\/api.w.org\/{rel}","templated":true}]}}