{"id":132332,"date":"2025-11-27T21:35:00","date_gmt":"2025-11-28T00:35:00","guid":{"rendered":"https:\/\/www.em.com.br\/emfoco\/?p=132332"},"modified":"2025-11-26T20:45:40","modified_gmt":"2025-11-26T23:45:40","slug":"clausula-abusiva-comum-em-contratos-de-aluguel-que-ninguem-percebe-e-e-muito-dificil-de-reverter-e-pode-tirar-o-imovel-de-voce","status":"publish","type":"post","link":"https:\/\/www.em.com.br\/emfoco\/2025\/11\/27\/clausula-abusiva-comum-em-contratos-de-aluguel-que-ninguem-percebe-e-e-muito-dificil-de-reverter-e-pode-tirar-o-imovel-de-voce\/","title":{"rendered":"Cl\u00e1usula abusiva comum em contratos de aluguel que ningu\u00e9m percebe e \u00e9 muito dif\u00edcil de reverter e pode tirar o im\u00f3vel de voc\u00ea"},"content":{"rendered":"\n<p>Nos contratos de loca\u00e7\u00e3o, cl\u00e1usulas abusivas s\u00e3o disposi\u00e7\u00f5es que colocam o inquilino em desvantagem em rela\u00e7\u00e3o ao propriet\u00e1rio e ferem a legisla\u00e7\u00e3o vigente. Essas condi\u00e7\u00f5es impostas podem transferir deveres que normalmente caberiam ao locador, ou estabelecer multas excessivas e injustificadas, dificultando a rescis\u00e3o contratual em bases justas.<\/p>\n\n\n\n<h2 class=\"wp-block-heading\">Como a cl\u00e1usula resolutiva expressa pode prejudicar o inquilino<\/h2>\n\n\n\n<p>A chamada cl\u00e1usula resolutiva expressa determina que o contrato pode ser encerrado automaticamente caso o inquilino descumpra alguma obriga\u00e7\u00e3o, como atrasar o pagamento do <a href=\"https:\/\/www.em.com.br\/emfoco\/2025\/11\/13\/novo-imposto-aumenta-a-conta-e-cobra-265-de-aluguel-em-2026\/\" target=\"_blank\" rel=\"noreferrer noopener\">aluguel<\/a>. Tal cl\u00e1usula muitas vezes confere ao locador a possibilidade de retomar rapidamente o im\u00f3vel, limitando significativamente o direito de defesa do locat\u00e1rio.<\/p>\n\n\n\n<p>Embora soe como algo neutro, essa cl\u00e1usula costuma ser elaborada com benef\u00edcio quase exclusivo para o propriet\u00e1rio, acelerando processos de despejo sem oportunidade clara de contesta\u00e7\u00e3o.<\/p>\n\n\n\n<h2 class=\"wp-block-heading\">Como a ren\u00fancia a benfeitorias impacta os direitos do inquilino<\/h2>\n\n\n\n<p>Muitos contratos estabelecem que o locat\u00e1rio renuncie \u00e0 indeniza\u00e7\u00e3o por benfeitorias realizadas, mesmo em casos de investimentos consider\u00e1veis no im\u00f3vel. Isso significa que o inquilino pode ser despejado sem ressarcimento pelas melhorias e reformas feitas.<\/p>\n\n\n\n<figure class=\"wp-block-image\"><img decoding=\"async\" src=\"https:\/\/www.em.com.br\/emfoco\/wp-content\/uploads\/2025\/11\/leilao-de-imovel_1762229123056-1024x576.jpg\" alt=\"\"\/><figcaption class=\"wp-element-caption\">Os direitos do inquilino que poucos conhecem e podem mudar tudo &#8211; Cr\u00e9ditos: depositphotos.com \/ AndrewLozovyi<\/figcaption><\/figure>\n\n\n\n<p>Al\u00e9m disso, a jurisprud\u00eancia aceita esse tipo de ren\u00fancia, tornando a revers\u00e3o judicial dessa perda uma tarefa dif\u00edcil e muitas vezes frustrante.<\/p>\n\n\n\n<h2 class=\"wp-block-heading\">Por que algumas cl\u00e1usulas abusivas podem passar despercebidas pelos inquilinos<\/h2>\n\n\n\n<p>Com frequ\u00eancia, essas cl\u00e1usulas aparecem camufladas em meio a termos legais complexos no contrato, dificultando a percep\u00e7\u00e3o de seus efeitos pelos locat\u00e1rios. O excesso de tecnicismos e a disposi\u00e7\u00e3o de informa\u00e7\u00f5es torna a compreens\u00e3o de direitos e deveres mais complicada.<\/p>\n\n\n\n<p>Consequentemente, muitos inquilinos s\u00f3 percebem que abriram m\u00e3o de direito relevante ap\u00f3s j\u00e1 terem assinado o contrato, enfrentando obst\u00e1culos para reverter a situa\u00e7\u00e3o posteriormente.<\/p>\n\n\n\n<h2 class=\"wp-block-heading\">O que fazer ao identificar cl\u00e1usulas abusivas em contratos j\u00e1 assinados<\/h2>\n\n\n\n<p>Documentar todos os casos de <a href=\"https:\/\/www.jusbrasil.com.br\/artigos\/voce-sabe-identificar-e-o-que-fazer-com-as-clausulas-abusivas-no-contrato\/1414357786\" target=\"_blank\" rel=\"noreferrer noopener\">aplica\u00e7\u00e3o de cl\u00e1usulas abusivas<\/a> \u00e9 fundamental para quem j\u00e1 assinou o contrato. Comprovantes de pagamento, registros de mensagens e notifica\u00e7\u00f5es do locador podem ser importantes em eventuais disputas judiciais ou administrativas. Veja algumas etapas recomendadas a seguir:<\/p>\n\n\n\n<ul class=\"wp-block-list\">\n<li>Notificar formalmente o locador, solicitando revis\u00e3o do contrato.<\/li>\n\n\n\n<li>Buscar aux\u00edlio junto ao&nbsp;<strong>Procon<\/strong>&nbsp;caso a negocia\u00e7\u00e3o direta n\u00e3o funcione.<\/li>\n\n\n\n<li>Procurar assist\u00eancia jur\u00eddica para pedir a anula\u00e7\u00e3o da cl\u00e1usula abusiva e buscar compensa\u00e7\u00e3o por danos.<\/li>\n<\/ul>\n\n\n\n<p>Contar com uma an\u00e1lise pr\u00e9via de um advogado pode evitar problemas mais s\u00e9rios no futuro. Conhecer e identificar cl\u00e1usulas abusivas \u00e9 essencial para garantir equil\u00edbrio nas rela\u00e7\u00f5es de aluguel, protegendo seus direitos diante de qualquer situa\u00e7\u00e3o imprevista.<\/p>\n\n\n\n<p><\/p>\n","protected":false},"excerpt":{"rendered":"<p>Nos contratos de loca\u00e7\u00e3o, cl\u00e1usulas abusivas s\u00e3o disposi\u00e7\u00f5es que colocam o inquilino em desvantagem em rela\u00e7\u00e3o ao propriet\u00e1rio e ferem a legisla\u00e7\u00e3o vigente. Essas condi\u00e7\u00f5es impostas podem transferir deveres que normalmente caberiam ao locador, ou estabelecer multas excessivas e injustificadas, dificultando a rescis\u00e3o contratual em bases justas. Como a cl\u00e1usula resolutiva expressa pode prejudicar o [&hellip;]<\/p>\n","protected":false},"author":11,"featured_media":132408,"comment_status":"open","ping_status":"open","sticky":false,"template":"","format":"standard","meta":{"jnews-multi-image_gallery":[],"jnews_single_post":{"format":"standard"},"jnews_primary_category":[],"jnews_social_meta":[],"jnews_override_counter":[],"footnotes":""},"categories":[28,1],"tags":[1526,14807,1342,16600],"class_list":["post-132332","post","type-post","status-publish","format-standard","has-post-thumbnail","hentry","category-economia","category-noticias","tag-aluguel","tag-contrato","tag-direitos","tag-inquilino"],"yoast_head":"<!-- This site is optimized with the Yoast SEO plugin v23.8 - https:\/\/yoast.com\/wordpress\/plugins\/seo\/ -->\n<title>Cl\u00e1usula abusiva comum em contratos de aluguel que ningu\u00e9m percebe e \u00e9 muito dif\u00edcil de reverter e pode tirar o im\u00f3vel de voc\u00ea - Estado de Minas - Em foco<\/title>\n<meta name=\"description\" content=\"Veja os principais tipos de cl\u00e1usulas abusivas em contratos de loca\u00e7\u00e3o, como elas afetam o inquilino e os passos para contestar termos injustos.\" \/>\n<meta name=\"robots\" content=\"index, follow, max-snippet:-1, max-image-preview:large, max-video-preview:-1\" \/>\n<link rel=\"canonical\" href=\"https:\/\/www.em.com.br\/emfoco\/2025\/11\/27\/clausula-abusiva-comum-em-contratos-de-aluguel-que-ninguem-percebe-e-e-muito-dificil-de-reverter-e-pode-tirar-o-imovel-de-voce\/\" \/>\n<meta property=\"og:locale\" content=\"pt_BR\" \/>\n<meta property=\"og:type\" content=\"article\" \/>\n<meta property=\"og:title\" content=\"Cl\u00e1usula abusiva comum em contratos de aluguel que ningu\u00e9m percebe e \u00e9 muito dif\u00edcil de reverter e pode tirar o im\u00f3vel de voc\u00ea - Estado de Minas - Em foco\" \/>\n<meta property=\"og:description\" content=\"Veja os principais tipos de cl\u00e1usulas abusivas em contratos de loca\u00e7\u00e3o, como elas afetam o inquilino e os passos para contestar termos injustos.\" \/>\n<meta property=\"og:url\" content=\"https:\/\/www.em.com.br\/emfoco\/2025\/11\/27\/clausula-abusiva-comum-em-contratos-de-aluguel-que-ninguem-percebe-e-e-muito-dificil-de-reverter-e-pode-tirar-o-imovel-de-voce\/\" \/>\n<meta property=\"og:site_name\" content=\"Estado de Minas - Em foco\" \/>\n<meta property=\"article:published_time\" content=\"2025-11-28T00:35:00+00:00\" \/>\n<meta property=\"article:modified_time\" content=\"2025-11-26T23:45:40+00:00\" \/>\n<meta property=\"og:image\" content=\"https:\/\/www.em.com.br\/emfoco\/wp-content\/uploads\/2025\/11\/Gemini_Generated_Image_7wfnyk7wfnyk7wfn-1.png\" \/>\n\t<meta property=\"og:image:width\" content=\"1280\" \/>\n\t<meta property=\"og:image:height\" content=\"720\" \/>\n\t<meta property=\"og:image:type\" content=\"image\/png\" \/>\n<meta name=\"author\" content=\"Andre\u0301 Rangel\u00a0\" \/>\n<meta name=\"twitter:card\" content=\"summary_large_image\" \/>\n<meta name=\"twitter:label1\" content=\"Escrito por\" \/>\n\t<meta name=\"twitter:data1\" content=\"Andre\u0301 Rangel\u00a0\" \/>\n\t<meta name=\"twitter:label2\" content=\"Est. tempo de leitura\" \/>\n\t<meta name=\"twitter:data2\" content=\"3 minutos\" \/>\n<!-- \/ Yoast SEO plugin. -->","yoast_head_json":{"title":"Cl\u00e1usula abusiva comum em contratos de aluguel que ningu\u00e9m percebe e \u00e9 muito dif\u00edcil de reverter e pode tirar o im\u00f3vel de voc\u00ea - Estado de Minas - Em foco","description":"Veja os principais tipos de cl\u00e1usulas abusivas em contratos de loca\u00e7\u00e3o, como elas afetam o inquilino e os passos para contestar termos injustos.","robots":{"index":"index","follow":"follow","max-snippet":"max-snippet:-1","max-image-preview":"max-image-preview:large","max-video-preview":"max-video-preview:-1"},"canonical":"https:\/\/www.em.com.br\/emfoco\/2025\/11\/27\/clausula-abusiva-comum-em-contratos-de-aluguel-que-ninguem-percebe-e-e-muito-dificil-de-reverter-e-pode-tirar-o-imovel-de-voce\/","og_locale":"pt_BR","og_type":"article","og_title":"Cl\u00e1usula abusiva comum em contratos de aluguel que ningu\u00e9m percebe e \u00e9 muito dif\u00edcil de reverter e pode tirar o im\u00f3vel de voc\u00ea - Estado de Minas - Em foco","og_description":"Veja os principais tipos de cl\u00e1usulas abusivas em contratos de loca\u00e7\u00e3o, como elas afetam o inquilino e os passos para contestar termos injustos.","og_url":"https:\/\/www.em.com.br\/emfoco\/2025\/11\/27\/clausula-abusiva-comum-em-contratos-de-aluguel-que-ninguem-percebe-e-e-muito-dificil-de-reverter-e-pode-tirar-o-imovel-de-voce\/","og_site_name":"Estado de Minas - Em foco","article_published_time":"2025-11-28T00:35:00+00:00","article_modified_time":"2025-11-26T23:45:40+00:00","og_image":[{"width":1280,"height":720,"url":"https:\/\/www.em.com.br\/emfoco\/wp-content\/uploads\/2025\/11\/Gemini_Generated_Image_7wfnyk7wfnyk7wfn-1.png","type":"image\/png"}],"author":"Andre\u0301 Rangel\u00a0","twitter_card":"summary_large_image","twitter_misc":{"Escrito por":"Andre\u0301 Rangel\u00a0","Est. tempo de leitura":"3 minutos"},"schema":{"@context":"https:\/\/schema.org","@graph":[{"@type":"WebPage","@id":"https:\/\/www.em.com.br\/emfoco\/2025\/11\/27\/clausula-abusiva-comum-em-contratos-de-aluguel-que-ninguem-percebe-e-e-muito-dificil-de-reverter-e-pode-tirar-o-imovel-de-voce\/","url":"https:\/\/www.em.com.br\/emfoco\/2025\/11\/27\/clausula-abusiva-comum-em-contratos-de-aluguel-que-ninguem-percebe-e-e-muito-dificil-de-reverter-e-pode-tirar-o-imovel-de-voce\/","name":"Cl\u00e1usula abusiva comum em contratos de aluguel que ningu\u00e9m percebe e \u00e9 muito dif\u00edcil de reverter e pode tirar o im\u00f3vel de voc\u00ea - Estado de Minas - Em foco","isPartOf":{"@id":"https:\/\/www.em.com.br\/emfoco\/#website"},"primaryImageOfPage":{"@id":"https:\/\/www.em.com.br\/emfoco\/2025\/11\/27\/clausula-abusiva-comum-em-contratos-de-aluguel-que-ninguem-percebe-e-e-muito-dificil-de-reverter-e-pode-tirar-o-imovel-de-voce\/#primaryimage"},"image":{"@id":"https:\/\/www.em.com.br\/emfoco\/2025\/11\/27\/clausula-abusiva-comum-em-contratos-de-aluguel-que-ninguem-percebe-e-e-muito-dificil-de-reverter-e-pode-tirar-o-imovel-de-voce\/#primaryimage"},"thumbnailUrl":"https:\/\/www.em.com.br\/emfoco\/wp-content\/uploads\/2025\/11\/Gemini_Generated_Image_7wfnyk7wfnyk7wfn-1.png","datePublished":"2025-11-28T00:35:00+00:00","dateModified":"2025-11-26T23:45:40+00:00","author":{"@id":"https:\/\/www.em.com.br\/emfoco\/#\/schema\/person\/60eda09c1fedf0d6891f4cef4b60b8b8"},"description":"Veja os principais tipos de cl\u00e1usulas abusivas em contratos de loca\u00e7\u00e3o, como elas afetam o inquilino e os passos para contestar termos injustos.","breadcrumb":{"@id":"https:\/\/www.em.com.br\/emfoco\/2025\/11\/27\/clausula-abusiva-comum-em-contratos-de-aluguel-que-ninguem-percebe-e-e-muito-dificil-de-reverter-e-pode-tirar-o-imovel-de-voce\/#breadcrumb"},"inLanguage":"pt-BR","potentialAction":[{"@type":"ReadAction","target":["https:\/\/www.em.com.br\/emfoco\/2025\/11\/27\/clausula-abusiva-comum-em-contratos-de-aluguel-que-ninguem-percebe-e-e-muito-dificil-de-reverter-e-pode-tirar-o-imovel-de-voce\/"]}]},{"@type":"ImageObject","inLanguage":"pt-BR","@id":"https:\/\/www.em.com.br\/emfoco\/2025\/11\/27\/clausula-abusiva-comum-em-contratos-de-aluguel-que-ninguem-percebe-e-e-muito-dificil-de-reverter-e-pode-tirar-o-imovel-de-voce\/#primaryimage","url":"https:\/\/www.em.com.br\/emfoco\/wp-content\/uploads\/2025\/11\/Gemini_Generated_Image_7wfnyk7wfnyk7wfn-1.png","contentUrl":"https:\/\/www.em.com.br\/emfoco\/wp-content\/uploads\/2025\/11\/Gemini_Generated_Image_7wfnyk7wfnyk7wfn-1.png","width":1280,"height":720,"caption":"Cl\u00e1usulas abusivas podem prejudicar o inquilino e acelerar despejos"},{"@type":"BreadcrumbList","@id":"https:\/\/www.em.com.br\/emfoco\/2025\/11\/27\/clausula-abusiva-comum-em-contratos-de-aluguel-que-ninguem-percebe-e-e-muito-dificil-de-reverter-e-pode-tirar-o-imovel-de-voce\/#breadcrumb","itemListElement":[{"@type":"ListItem","position":1,"name":"In\u00edcio","item":"https:\/\/www.em.com.br\/emfoco\/"},{"@type":"ListItem","position":2,"name":"Cl\u00e1usula abusiva comum em contratos de aluguel que ningu\u00e9m percebe e \u00e9 muito dif\u00edcil de reverter e pode tirar o im\u00f3vel de voc\u00ea"}]},{"@type":"WebSite","@id":"https:\/\/www.em.com.br\/emfoco\/#website","url":"https:\/\/www.em.com.br\/emfoco\/","name":"Estado de Minas - Em foco","description":"Acompanhe as \u00faltimas not\u00edcias e fique bem informado sobre tudo o que acontece em Minas Gerais, Brasil e no mundo.","potentialAction":[{"@type":"SearchAction","target":{"@type":"EntryPoint","urlTemplate":"https:\/\/www.em.com.br\/emfoco\/?s={search_term_string}"},"query-input":{"@type":"PropertyValueSpecification","valueRequired":true,"valueName":"search_term_string"}}],"inLanguage":"pt-BR"},{"@type":"Person","@id":"https:\/\/www.em.com.br\/emfoco\/#\/schema\/person\/60eda09c1fedf0d6891f4cef4b60b8b8","name":"Andre\u0301 Rangel\u00a0","image":{"@type":"ImageObject","inLanguage":"pt-BR","@id":"https:\/\/www.em.com.br\/emfoco\/#\/schema\/person\/image\/","url":"https:\/\/secure.gravatar.com\/avatar\/6234dc814c77c8ef6d8bba622c787efc?s=96&d=mm&r=g","contentUrl":"https:\/\/secure.gravatar.com\/avatar\/6234dc814c77c8ef6d8bba622c787efc?s=96&d=mm&r=g","caption":"Andre\u0301 Rangel\u00a0"},"url":"https:\/\/www.em.com.br\/emfoco\/author\/luizmyth\/"}]}},"_links":{"self":[{"href":"https:\/\/www.em.com.br\/emfoco\/wp-json\/wp\/v2\/posts\/132332","targetHints":{"allow":["GET"]}}],"collection":[{"href":"https:\/\/www.em.com.br\/emfoco\/wp-json\/wp\/v2\/posts"}],"about":[{"href":"https:\/\/www.em.com.br\/emfoco\/wp-json\/wp\/v2\/types\/post"}],"author":[{"embeddable":true,"href":"https:\/\/www.em.com.br\/emfoco\/wp-json\/wp\/v2\/users\/11"}],"replies":[{"embeddable":true,"href":"https:\/\/www.em.com.br\/emfoco\/wp-json\/wp\/v2\/comments?post=132332"}],"version-history":[{"count":3,"href":"https:\/\/www.em.com.br\/emfoco\/wp-json\/wp\/v2\/posts\/132332\/revisions"}],"predecessor-version":[{"id":132409,"href":"https:\/\/www.em.com.br\/emfoco\/wp-json\/wp\/v2\/posts\/132332\/revisions\/132409"}],"wp:featuredmedia":[{"embeddable":true,"href":"https:\/\/www.em.com.br\/emfoco\/wp-json\/wp\/v2\/media\/132408"}],"wp:attachment":[{"href":"https:\/\/www.em.com.br\/emfoco\/wp-json\/wp\/v2\/media?parent=132332"}],"wp:term":[{"taxonomy":"category","embeddable":true,"href":"https:\/\/www.em.com.br\/emfoco\/wp-json\/wp\/v2\/categories?post=132332"},{"taxonomy":"post_tag","embeddable":true,"href":"https:\/\/www.em.com.br\/emfoco\/wp-json\/wp\/v2\/tags?post=132332"}],"curies":[{"name":"wp","href":"https:\/\/api.w.org\/{rel}","templated":true}]}}