{"id":132261,"date":"2025-11-27T12:15:00","date_gmt":"2025-11-27T15:15:00","guid":{"rendered":"https:\/\/www.em.com.br\/emfoco\/?p=132261"},"modified":"2025-11-26T19:38:35","modified_gmt":"2025-11-26T22:38:35","slug":"apenda-a-fazer-uma-deliciosa-sobremesa-gelada-o-pudim-de-acai-com-guarana","status":"publish","type":"post","link":"https:\/\/www.em.com.br\/emfoco\/2025\/11\/27\/apenda-a-fazer-uma-deliciosa-sobremesa-gelada-o-pudim-de-acai-com-guarana\/","title":{"rendered":"Apenda a fazer uma deliciosa sobremesa gelada, o pudim de a\u00e7a\u00ed com guaran\u00e1"},"content":{"rendered":"\n<p>O&nbsp;<strong>a\u00e7a\u00ed<\/strong>&nbsp;\u00e9 um fruto nativo da regi\u00e3o amaz\u00f4nica que conquistou o paladar em diversas partes do Brasil, sendo apreciado tanto em receitas doces quanto salgadas. Sua versatilidade permite a presen\u00e7a em tigelas com frutas e granola, al\u00e9m de pratos t\u00edpicos com peixes, tornando-se um elemento aut\u00eantico da cultura culin\u00e1ria nacional.<\/p>\n\n\n\n<h2 class=\"wp-block-heading\">Receita inovadora de pudim de a\u00e7a\u00ed com guaran\u00e1<\/h2>\n\n\n\n<p>Uma maneira diferente de consumir o\u00a0<a href=\"https:\/\/www.tuasaude.com\/acai\/\" target=\"_blank\" rel=\"noreferrer noopener\"><strong>a\u00e7a\u00ed<\/strong>\u00a0<\/a>\u00e9 preparando o pudim com calda de guaran\u00e1. Essa sobremesa celebra sabores e tradi\u00e7\u00f5es da gastronomia amaz\u00f4nica, harmonizando o toque doce do\u00a0<strong>guaran\u00e1<\/strong>\u00a0com o sabor inconfund\u00edvel do fruto amaz\u00f4nico.<\/p>\n\n\n\n<p>A praticidade do preparo e o rendimento generoso tornam essa sobremesa um destaque especial para qualquer ocasi\u00e3o, envolvendo quem prova em uma experi\u00eancia sensorial marcante e inesquec\u00edvel.<\/p>\n\n\n\n<h2 class=\"wp-block-heading\">Quais ingredientes usar para o pudim de a\u00e7a\u00ed com guaran\u00e1<\/h2>\n\n\n\n<p>Para garantir o sabor caracter\u00edstico dessa sobremesa, \u00e9 essencial utilizar ingredientes t\u00edpicos que capturam a ess\u00eancia amaz\u00f4nica. Conhe\u00e7a os elementos principais necess\u00e1rios para compor o preparo:<\/p>\n\n\n\n<ul class=\"wp-block-list\">\n<li>1 x\u00edcara (ch\u00e1) de a\u00e7\u00facar<\/li>\n\n\n\n<li>2 colheres (sopa) de xarope de guaran\u00e1<\/li>\n\n\n\n<li>4 ovos<\/li>\n\n\n\n<li>1 lata de leite condensado<\/li>\n\n\n\n<li>1 medida (lata) de polpa de a\u00e7a\u00ed<\/li>\n<\/ul>\n\n\n\n<figure class=\"wp-block-image size-large\"><img loading=\"lazy\" decoding=\"async\" width=\"1024\" height=\"576\" src=\"https:\/\/www.em.com.br\/emfoco\/wp-content\/uploads\/2025\/11\/Gemini_Generated_Image_881xf3881xf3881x-1-1024x576.png\" alt=\"\" class=\"wp-image-132372\" srcset=\"https:\/\/www.em.com.br\/emfoco\/wp-content\/uploads\/2025\/11\/Gemini_Generated_Image_881xf3881xf3881x-1-1024x576.png 1024w, https:\/\/www.em.com.br\/emfoco\/wp-content\/uploads\/2025\/11\/Gemini_Generated_Image_881xf3881xf3881x-1-300x169.png 300w, https:\/\/www.em.com.br\/emfoco\/wp-content\/uploads\/2025\/11\/Gemini_Generated_Image_881xf3881xf3881x-1-768x432.png 768w, https:\/\/www.em.com.br\/emfoco\/wp-content\/uploads\/2025\/11\/Gemini_Generated_Image_881xf3881xf3881x-1-750x422.png 750w, https:\/\/www.em.com.br\/emfoco\/wp-content\/uploads\/2025\/11\/Gemini_Generated_Image_881xf3881xf3881x-1-1140x641.png 1140w, https:\/\/www.em.com.br\/emfoco\/wp-content\/uploads\/2025\/11\/Gemini_Generated_Image_881xf3881xf3881x-1.png 1280w\" sizes=\"auto, (max-width: 1024px) 100vw, 1024px\" \/><figcaption class=\"wp-element-caption\">A\u00e7a\u00ed com guaran\u00e1 vira pudim irresist\u00edvel<\/figcaption><\/figure>\n\n\n\n<p>Esses itens s\u00e3o respons\u00e1veis tanto pelo sabor quanto pela textura marcante do pudim, entregando um resultado final refinado e intenso.<\/p>\n\n\n\n<h2 class=\"wp-block-heading\">Como preparar corretamente o pudim de a\u00e7a\u00ed<\/h2>\n\n\n\n<p>O modo de preparo desse <a href=\"https:\/\/www.em.com.br\/emfoco\/2025\/11\/25\/como-fazer-um-pudim-de-limao-sem-gluten-leve-e-super-saudavel\/\" target=\"_blank\" rel=\"noreferrer noopener\">pudim <\/a>\u00e9 pr\u00e1tico incluso para quem n\u00e3o possui muita experi\u00eancia na cozinha. Seguindo as etapas indicadas, voc\u00ea garante uma sobremesa firme, saborosa e visualmente convidativa.<\/p>\n\n\n\n<ol class=\"wp-block-list\">\n<li>Em uma panela, misture o a\u00e7\u00facar com o xarope de guaran\u00e1;<\/li>\n\n\n\n<li>Leve ao fogo baixo, sem mexer, at\u00e9 encorpar e formar uma calda;<\/li>\n\n\n\n<li>Caramelize uma forma de pudim com cone central e reserve;<\/li>\n\n\n\n<li>No liquidificador, bata os ovos, o leite condensado e a polpa de a\u00e7a\u00ed at\u00e9 obter uma mistura homog\u00eanea (cerca de 3 minutos);<\/li>\n\n\n\n<li>Despeje na forma e leve ao forno preaquecido a 250 \u00baC, em banho-maria com \u00e1gua quente, por aproximadamente 50 minutos, ou at\u00e9 firmar (fa\u00e7a o teste do palito);<\/li>\n\n\n\n<li>Deixe esfriar em temperatura ambiente, leve para gelar e desenforme antes de servir.<\/li>\n<\/ol>\n\n\n\n<p>A etapa do banho-maria \u00e9 indispens\u00e1vel, pois proporciona um cozimento lento e homog\u00eaneo, evitando rachaduras ou textura granulada.<\/p>\n\n\n\n<h2 class=\"wp-block-heading\">Por que resfriar o pudim antes de servir?<\/h2>\n\n\n\n<p>Servir o pudim de a\u00e7a\u00ed gelado potencializa os sabores e aprimora a textura da sobremesa. O&nbsp;<strong>a\u00e7a\u00ed<\/strong>&nbsp;mant\u00e9m sua identidade gustativa, enquanto a calda de&nbsp;<strong>guaran\u00e1<\/strong>&nbsp;destaca o contraste entre o doce e o toque \u00e1cido.<\/p>\n\n\n\n<p>A temperatura fria tamb\u00e9m confere maior firmeza ao pudim, tornando cada fatia refrescante e agrad\u00e1vel \u2013 ideal para climas quentes ou para surpreender em momentos especiais.<\/p>\n\n\n\n<p>Dessa forma, a receita une o melhor dos ingredientes amaz\u00f4nicos e valoriza a riqueza cultural do Brasil em uma sobremesa pr\u00e1tica, saborosa e decorativa. O pudim de a\u00e7a\u00ed com guaran\u00e1 \u00e9 uma homenagem aos sabores aut\u00eanticos do pa\u00eds, proporcionando prazer e encanto a cada peda\u00e7o.<\/p>\n","protected":false},"excerpt":{"rendered":"<p>O&nbsp;a\u00e7a\u00ed&nbsp;\u00e9 um fruto nativo da regi\u00e3o amaz\u00f4nica que conquistou o paladar em diversas partes do Brasil, sendo apreciado tanto em receitas doces quanto salgadas. Sua versatilidade permite a presen\u00e7a em tigelas com frutas e granola, al\u00e9m de pratos t\u00edpicos com peixes, tornando-se um elemento aut\u00eantico da cultura culin\u00e1ria nacional. Receita inovadora de pudim de a\u00e7a\u00ed [&hellip;]<\/p>\n","protected":false},"author":11,"featured_media":132371,"comment_status":"open","ping_status":"open","sticky":false,"template":"","format":"standard","meta":{"jnews-multi-image_gallery":[],"jnews_single_post":{"format":"standard"},"jnews_primary_category":[],"jnews_social_meta":[],"jnews_override_counter":[],"footnotes":""},"categories":[8819,1],"tags":[5610,14641,8072,3441],"class_list":["post-132261","post","type-post","status-publish","format-standard","has-post-thumbnail","hentry","category-curiosidades","category-noticias","tag-acai","tag-guarana","tag-pudim","tag-sobremesa"],"yoast_head":"<!-- This site is optimized with the Yoast SEO plugin v23.8 - https:\/\/yoast.com\/wordpress\/plugins\/seo\/ -->\n<title>Apenda a fazer uma deliciosa sobremesa gelada, o pudim de a\u00e7a\u00ed com guaran\u00e1 - Estado de Minas - Em foco<\/title>\n<meta name=\"description\" content=\"O pudim de a\u00e7a\u00ed combina sabores da Amaz\u00f4nia em uma sobremesa marcante. Veja ingredientes, preparo e dicas para obter textura perfeita.\" \/>\n<meta name=\"robots\" content=\"index, follow, max-snippet:-1, max-image-preview:large, max-video-preview:-1\" \/>\n<link rel=\"canonical\" href=\"https:\/\/www.em.com.br\/emfoco\/2025\/11\/27\/apenda-a-fazer-uma-deliciosa-sobremesa-gelada-o-pudim-de-acai-com-guarana\/\" \/>\n<meta property=\"og:locale\" content=\"pt_BR\" \/>\n<meta property=\"og:type\" content=\"article\" \/>\n<meta property=\"og:title\" content=\"Apenda a fazer uma deliciosa sobremesa gelada, o pudim de a\u00e7a\u00ed com guaran\u00e1 - Estado de Minas - Em foco\" \/>\n<meta property=\"og:description\" content=\"O pudim de a\u00e7a\u00ed combina sabores da Amaz\u00f4nia em uma sobremesa marcante. Veja ingredientes, preparo e dicas para obter textura perfeita.\" \/>\n<meta property=\"og:url\" content=\"https:\/\/www.em.com.br\/emfoco\/2025\/11\/27\/apenda-a-fazer-uma-deliciosa-sobremesa-gelada-o-pudim-de-acai-com-guarana\/\" \/>\n<meta property=\"og:site_name\" content=\"Estado de Minas - Em foco\" \/>\n<meta property=\"article:published_time\" content=\"2025-11-27T15:15:00+00:00\" \/>\n<meta property=\"article:modified_time\" content=\"2025-11-26T22:38:35+00:00\" \/>\n<meta property=\"og:image\" content=\"https:\/\/www.em.com.br\/emfoco\/wp-content\/uploads\/2025\/11\/Gemini_Generated_Image_3ppsos3ppsos3pps-1.png\" \/>\n\t<meta property=\"og:image:width\" content=\"1280\" \/>\n\t<meta property=\"og:image:height\" content=\"720\" \/>\n\t<meta property=\"og:image:type\" content=\"image\/png\" \/>\n<meta name=\"author\" content=\"Andre\u0301 Rangel\u00a0\" \/>\n<meta name=\"twitter:card\" content=\"summary_large_image\" \/>\n<meta name=\"twitter:label1\" content=\"Escrito por\" \/>\n\t<meta name=\"twitter:data1\" content=\"Andre\u0301 Rangel\u00a0\" \/>\n\t<meta name=\"twitter:label2\" content=\"Est. tempo de leitura\" \/>\n\t<meta name=\"twitter:data2\" content=\"4 minutos\" \/>\n<!-- \/ Yoast SEO plugin. -->","yoast_head_json":{"title":"Apenda a fazer uma deliciosa sobremesa gelada, o pudim de a\u00e7a\u00ed com guaran\u00e1 - Estado de Minas - Em foco","description":"O pudim de a\u00e7a\u00ed combina sabores da Amaz\u00f4nia em uma sobremesa marcante. Veja ingredientes, preparo e dicas para obter textura perfeita.","robots":{"index":"index","follow":"follow","max-snippet":"max-snippet:-1","max-image-preview":"max-image-preview:large","max-video-preview":"max-video-preview:-1"},"canonical":"https:\/\/www.em.com.br\/emfoco\/2025\/11\/27\/apenda-a-fazer-uma-deliciosa-sobremesa-gelada-o-pudim-de-acai-com-guarana\/","og_locale":"pt_BR","og_type":"article","og_title":"Apenda a fazer uma deliciosa sobremesa gelada, o pudim de a\u00e7a\u00ed com guaran\u00e1 - Estado de Minas - Em foco","og_description":"O pudim de a\u00e7a\u00ed combina sabores da Amaz\u00f4nia em uma sobremesa marcante. Veja ingredientes, preparo e dicas para obter textura perfeita.","og_url":"https:\/\/www.em.com.br\/emfoco\/2025\/11\/27\/apenda-a-fazer-uma-deliciosa-sobremesa-gelada-o-pudim-de-acai-com-guarana\/","og_site_name":"Estado de Minas - Em foco","article_published_time":"2025-11-27T15:15:00+00:00","article_modified_time":"2025-11-26T22:38:35+00:00","og_image":[{"width":1280,"height":720,"url":"https:\/\/www.em.com.br\/emfoco\/wp-content\/uploads\/2025\/11\/Gemini_Generated_Image_3ppsos3ppsos3pps-1.png","type":"image\/png"}],"author":"Andre\u0301 Rangel\u00a0","twitter_card":"summary_large_image","twitter_misc":{"Escrito por":"Andre\u0301 Rangel\u00a0","Est. tempo de leitura":"4 minutos"},"schema":{"@context":"https:\/\/schema.org","@graph":[{"@type":"WebPage","@id":"https:\/\/www.em.com.br\/emfoco\/2025\/11\/27\/apenda-a-fazer-uma-deliciosa-sobremesa-gelada-o-pudim-de-acai-com-guarana\/","url":"https:\/\/www.em.com.br\/emfoco\/2025\/11\/27\/apenda-a-fazer-uma-deliciosa-sobremesa-gelada-o-pudim-de-acai-com-guarana\/","name":"Apenda a fazer uma deliciosa sobremesa gelada, o pudim de a\u00e7a\u00ed com guaran\u00e1 - Estado de Minas - Em foco","isPartOf":{"@id":"https:\/\/www.em.com.br\/emfoco\/#website"},"primaryImageOfPage":{"@id":"https:\/\/www.em.com.br\/emfoco\/2025\/11\/27\/apenda-a-fazer-uma-deliciosa-sobremesa-gelada-o-pudim-de-acai-com-guarana\/#primaryimage"},"image":{"@id":"https:\/\/www.em.com.br\/emfoco\/2025\/11\/27\/apenda-a-fazer-uma-deliciosa-sobremesa-gelada-o-pudim-de-acai-com-guarana\/#primaryimage"},"thumbnailUrl":"https:\/\/www.em.com.br\/emfoco\/wp-content\/uploads\/2025\/11\/Gemini_Generated_Image_3ppsos3ppsos3pps-1.png","datePublished":"2025-11-27T15:15:00+00:00","dateModified":"2025-11-26T22:38:35+00:00","author":{"@id":"https:\/\/www.em.com.br\/emfoco\/#\/schema\/person\/60eda09c1fedf0d6891f4cef4b60b8b8"},"description":"O pudim de a\u00e7a\u00ed combina sabores da Amaz\u00f4nia em uma sobremesa marcante. Veja ingredientes, preparo e dicas para obter textura perfeita.","breadcrumb":{"@id":"https:\/\/www.em.com.br\/emfoco\/2025\/11\/27\/apenda-a-fazer-uma-deliciosa-sobremesa-gelada-o-pudim-de-acai-com-guarana\/#breadcrumb"},"inLanguage":"pt-BR","potentialAction":[{"@type":"ReadAction","target":["https:\/\/www.em.com.br\/emfoco\/2025\/11\/27\/apenda-a-fazer-uma-deliciosa-sobremesa-gelada-o-pudim-de-acai-com-guarana\/"]}]},{"@type":"ImageObject","inLanguage":"pt-BR","@id":"https:\/\/www.em.com.br\/emfoco\/2025\/11\/27\/apenda-a-fazer-uma-deliciosa-sobremesa-gelada-o-pudim-de-acai-com-guarana\/#primaryimage","url":"https:\/\/www.em.com.br\/emfoco\/wp-content\/uploads\/2025\/11\/Gemini_Generated_Image_3ppsos3ppsos3pps-1.png","contentUrl":"https:\/\/www.em.com.br\/emfoco\/wp-content\/uploads\/2025\/11\/Gemini_Generated_Image_3ppsos3ppsos3pps-1.png","width":1280,"height":720,"caption":"Receita f\u00e1cil de pudim de a\u00e7a\u00ed com calda de guaran\u00e1"},{"@type":"BreadcrumbList","@id":"https:\/\/www.em.com.br\/emfoco\/2025\/11\/27\/apenda-a-fazer-uma-deliciosa-sobremesa-gelada-o-pudim-de-acai-com-guarana\/#breadcrumb","itemListElement":[{"@type":"ListItem","position":1,"name":"In\u00edcio","item":"https:\/\/www.em.com.br\/emfoco\/"},{"@type":"ListItem","position":2,"name":"Apenda a fazer uma deliciosa sobremesa gelada, o pudim de a\u00e7a\u00ed com guaran\u00e1"}]},{"@type":"WebSite","@id":"https:\/\/www.em.com.br\/emfoco\/#website","url":"https:\/\/www.em.com.br\/emfoco\/","name":"Estado de Minas - Em foco","description":"Acompanhe as \u00faltimas not\u00edcias e fique bem informado sobre tudo o que acontece em Minas Gerais, Brasil e no mundo.","potentialAction":[{"@type":"SearchAction","target":{"@type":"EntryPoint","urlTemplate":"https:\/\/www.em.com.br\/emfoco\/?s={search_term_string}"},"query-input":{"@type":"PropertyValueSpecification","valueRequired":true,"valueName":"search_term_string"}}],"inLanguage":"pt-BR"},{"@type":"Person","@id":"https:\/\/www.em.com.br\/emfoco\/#\/schema\/person\/60eda09c1fedf0d6891f4cef4b60b8b8","name":"Andre\u0301 Rangel\u00a0","image":{"@type":"ImageObject","inLanguage":"pt-BR","@id":"https:\/\/www.em.com.br\/emfoco\/#\/schema\/person\/image\/","url":"https:\/\/secure.gravatar.com\/avatar\/6234dc814c77c8ef6d8bba622c787efc?s=96&d=mm&r=g","contentUrl":"https:\/\/secure.gravatar.com\/avatar\/6234dc814c77c8ef6d8bba622c787efc?s=96&d=mm&r=g","caption":"Andre\u0301 Rangel\u00a0"},"url":"https:\/\/www.em.com.br\/emfoco\/author\/luizmyth\/"}]}},"_links":{"self":[{"href":"https:\/\/www.em.com.br\/emfoco\/wp-json\/wp\/v2\/posts\/132261","targetHints":{"allow":["GET"]}}],"collection":[{"href":"https:\/\/www.em.com.br\/emfoco\/wp-json\/wp\/v2\/posts"}],"about":[{"href":"https:\/\/www.em.com.br\/emfoco\/wp-json\/wp\/v2\/types\/post"}],"author":[{"embeddable":true,"href":"https:\/\/www.em.com.br\/emfoco\/wp-json\/wp\/v2\/users\/11"}],"replies":[{"embeddable":true,"href":"https:\/\/www.em.com.br\/emfoco\/wp-json\/wp\/v2\/comments?post=132261"}],"version-history":[{"count":3,"href":"https:\/\/www.em.com.br\/emfoco\/wp-json\/wp\/v2\/posts\/132261\/revisions"}],"predecessor-version":[{"id":132377,"href":"https:\/\/www.em.com.br\/emfoco\/wp-json\/wp\/v2\/posts\/132261\/revisions\/132377"}],"wp:featuredmedia":[{"embeddable":true,"href":"https:\/\/www.em.com.br\/emfoco\/wp-json\/wp\/v2\/media\/132371"}],"wp:attachment":[{"href":"https:\/\/www.em.com.br\/emfoco\/wp-json\/wp\/v2\/media?parent=132261"}],"wp:term":[{"taxonomy":"category","embeddable":true,"href":"https:\/\/www.em.com.br\/emfoco\/wp-json\/wp\/v2\/categories?post=132261"},{"taxonomy":"post_tag","embeddable":true,"href":"https:\/\/www.em.com.br\/emfoco\/wp-json\/wp\/v2\/tags?post=132261"}],"curies":[{"name":"wp","href":"https:\/\/api.w.org\/{rel}","templated":true}]}}